









{"id":18281,"date":"2025-10-05T11:25:37","date_gmt":"2025-10-05T09:25:37","guid":{"rendered":"https:\/\/peoplesphere.be\/fr\/?p=18281"},"modified":"2025-10-05T11:26:00","modified_gmt":"2025-10-05T09:26:00","slug":"generalisation-des-flex-jobs-a-tous-les-secteurs-une-avancee-soutenue-par-le-patronat-malgre-quelques-reserves","status":"publish","type":"post","link":"https:\/\/peoplesphere.be\/fr\/generalisation-des-flex-jobs-a-tous-les-secteurs-une-avancee-soutenue-par-le-patronat-malgre-quelques-reserves\/","title":{"rendered":"G\u00e9n\u00e9ralisation des flexi-jobs \u00e0 tous les secteurs: une avanc\u00e9e soutenue par le patronat malgr\u00e9 quelques r\u00e9serves&#8230;"},"content":{"rendered":"<p>Les ministres de l\u2019Emploi et des Affaires sociales ont r\u00e9cemment soumis au Conseil National du Travail (CNT) un avant-projet de loi relatif aux flexi-jobs, visant \u00e0 g\u00e9n\u00e9ralise ce r\u00e9gime \u00e0 tous les secteurs d&rsquo;activit\u00e9s. Les organisations patronales soutiennent ce projet de texte.<!--more--><\/p>\n<p>A l\u2019heure actuelle, ce r\u00e9gime est limit\u00e9 \u00e0 certains secteurs, les autres secteurs ne pouvant y recourir que s\u2019il existe un accord sectoriel unanime. La nouvelle r\u00e9glementation permettra donc \u00e0 toutes les entreprises de tous les secteurs de recourir au r\u00e9gime des flexi-jobs sans distinction.<\/p>\n<p>Les secteurs restent toutefois toujours libres de sortir totalement ou partiellement du r\u00e9gime, ou de l\u2019encadrer selon leurs besoins sp\u00e9cifiques.<\/p>\n<p>D\u2019autre part, le projet pr\u00e9voit de corriger certains exc\u00e8s de la r\u00e9glementation actuelle, dont le fait qu\u2019un travailleur ne puisse travailler en tant que flexi-job dans une entreprise li\u00e9e (au sens du Code des soci\u00e9t\u00e9s) \u00e0 celle o\u00f9 il est sous contrat de travail. Le projet de texte pr\u00e9voit maintenant un assouplissement pour les seuls travailleurs \u00e0 temps plein. La FEB regrette toutefois que cette restriction n\u2019ait pas \u00e9t\u00e9 purement et simplement supprim\u00e9e et qu\u2019il ne soit donc pas possible de travailler en tant que flexi-job dans une entreprise li\u00e9e sans restriction. Nous insistons \u00e9galement pour que le texte clarifie l\u2019application de cet assouplissement pour le secteur de l\u2019int\u00e9rim.<\/p>\n<p>Les organisations patronales demandent \u00e9galement que le plafond de 150% ne soit appliqu\u00e9 qu\u2019au seul salaire de base et ne soit plus calcul\u00e9 sur les primes, indemnit\u00e9s et allocations.<\/p>\n<p>Il est \u00e9galement tr\u00e8s important que les employeurs puissent consulter toutes les donn\u00e9es pr\u00e9contractuelles n\u00e9cessaires dans le service en ligne \u00ab Consultation des donn\u00e9es du citoyen \u00bb afin de pouvoir d\u00e9terminer si un candidat-travailleur est effectivement dans les conditions pour \u00eatre occup\u00e9 en tant que flexi-job.<\/p>\n<p>Les partenaires sociaux demandent, de fa\u00e7on unanime, que l\u2019autonomie des partenaires sociaux sectoriels soit respect\u00e9e (tant pour les secteurs ayant d\u00e9j\u00e0 choisi de faire un opt-out que pour \u00e9viter que les secteurs ne soient mis sous pression pour sortir du r\u00e9gime des flexi-jobs) et demandent que le CNT soit impliqu\u00e9 si une \u00e9valuation du r\u00e9gime devait avoir lieu. Elles demandent, enfin, au gouvernement, que ce projet puisse \u00eatre mis rapidement en \u0153uvre et garantir son entr\u00e9e en vigueur pour le 1er janvier 2026 au plus tard.<\/p>\n<p>&nbsp;<\/p>\n<p><em>Source: FEB<\/em><\/p>\n","protected":false},"excerpt":{"rendered":"<p>Les ministres de l\u2019Emploi et des Affaires sociales ont r\u00e9cemment soumis au Conseil National du Travail (CNT) un avant-projet de loi relatif aux flexi-jobs, visant \u00e0 g\u00e9n\u00e9ralise ce r\u00e9gime \u00e0 tous les secteurs d&rsquo;activit\u00e9s. Les organisations patronales soutiennent ce projet [&hellip;]<\/p>\n","protected":false},"author":2,"featured_media":0,"comment_status":"closed","ping_status":"open","sticky":false,"template":"","format":"standard","meta":[],"categories":[65,10],"tags":[1132,336,220,157],"yoast_head":"<!-- This site is optimized with the Yoast SEO plugin v21.0 - https:\/\/yoast.com\/wordpress\/plugins\/seo\/ -->\n<title>G\u00e9n\u00e9ralisation des flexi-jobs \u00e0 tous les secteurs: une avanc\u00e9e soutenue par le patronat malgr\u00e9 quelques r\u00e9serves... - Peoplesphere<\/title>\n<meta name=\"robots\" content=\"index, follow, max-snippet:-1, max-image-preview:large, max-video-preview:-1\" \/>\n<link rel=\"canonical\" href=\"https:\/\/peoplesphere.be\/fr\/generalisation-des-flex-jobs-a-tous-les-secteurs-une-avancee-soutenue-par-le-patronat-malgre-quelques-reserves\/\" \/>\n<meta property=\"og:locale\" content=\"fr_FR\" \/>\n<meta property=\"og:type\" content=\"article\" \/>\n<meta property=\"og:title\" content=\"G\u00e9n\u00e9ralisation des flexi-jobs \u00e0 tous les secteurs: une avanc\u00e9e soutenue par le patronat malgr\u00e9 quelques r\u00e9serves... - Peoplesphere\" \/>\n<meta property=\"og:description\" content=\"Les ministres de l\u2019Emploi et des Affaires sociales ont r\u00e9cemment soumis au Conseil National du Travail (CNT) un avant-projet de loi relatif aux flexi-jobs, visant \u00e0 g\u00e9n\u00e9ralise ce r\u00e9gime \u00e0 tous les secteurs d&rsquo;activit\u00e9s. Les organisations patronales soutiennent ce projet [&hellip;]\" \/>\n<meta property=\"og:url\" content=\"https:\/\/peoplesphere.be\/fr\/generalisation-des-flex-jobs-a-tous-les-secteurs-une-avancee-soutenue-par-le-patronat-malgre-quelques-reserves\/\" \/>\n<meta property=\"og:site_name\" content=\"Peoplesphere\" \/>\n<meta property=\"article:publisher\" content=\"https:\/\/www.facebook.com\/peoplesphere\" \/>\n<meta property=\"article:published_time\" content=\"2025-10-05T09:25:37+00:00\" \/>\n<meta property=\"article:modified_time\" content=\"2025-10-05T09:26:00+00:00\" \/>\n<meta property=\"og:image\" content=\"http:\/\/www.peoplesphere.be\/fr\/wp-content\/uploads\/2016\/07\/facebook-default-posting-1200x628px.jpg\" \/>\n<meta name=\"author\" content=\"Jean-Paul Erhard\" \/>\n<meta name=\"twitter:card\" content=\"summary_large_image\" \/>\n<meta name=\"twitter:creator\" content=\"@PeoplesphereMag\" \/>\n<meta name=\"twitter:site\" content=\"@PeoplesphereMag\" \/>\n<meta name=\"twitter:label1\" content=\"\u00c9crit par\" \/>\n\t<meta name=\"twitter:data1\" content=\"Jean-Paul Erhard\" \/>\n\t<meta name=\"twitter:label2\" content=\"Dur\u00e9e de lecture estim\u00e9e\" \/>\n\t<meta name=\"twitter:data2\" content=\"2 minutes\" \/>\n<script type=\"application\/ld+json\" class=\"yoast-schema-graph\">{\"@context\":\"https:\/\/schema.org\",\"@graph\":[{\"@type\":\"Article\",\"@id\":\"https:\/\/peoplesphere.be\/fr\/generalisation-des-flex-jobs-a-tous-les-secteurs-une-avancee-soutenue-par-le-patronat-malgre-quelques-reserves\/#article\",\"isPartOf\":{\"@id\":\"https:\/\/peoplesphere.be\/fr\/generalisation-des-flex-jobs-a-tous-les-secteurs-une-avancee-soutenue-par-le-patronat-malgre-quelques-reserves\/\"},\"author\":{\"name\":\"Jean-Paul Erhard\",\"@id\":\"https:\/\/peoplesphere.be\/fr\/#\/schema\/person\/7976225ff17988604334abb7b3536a7e\"},\"headline\":\"G\u00e9n\u00e9ralisation des flexi-jobs \u00e0 tous les secteurs: une avanc\u00e9e soutenue par le patronat malgr\u00e9 quelques r\u00e9serves&#8230;\",\"datePublished\":\"2025-10-05T09:25:37+00:00\",\"dateModified\":\"2025-10-05T09:26:00+00:00\",\"mainEntityOfPage\":{\"@id\":\"https:\/\/peoplesphere.be\/fr\/generalisation-des-flex-jobs-a-tous-les-secteurs-une-avancee-soutenue-par-le-patronat-malgre-quelques-reserves\/\"},\"wordCount\":434,\"publisher\":{\"@id\":\"https:\/\/peoplesphere.be\/fr\/#organization\"},\"keywords\":[\"CNT\",\"flexi-jobs\",\"flexibilit\u00e9\",\"partenaires sociaux\"],\"articleSection\":[\"Actualit\u00e9s\",\"Digital\"],\"inLanguage\":\"fr-FR\"},{\"@type\":\"WebPage\",\"@id\":\"https:\/\/peoplesphere.be\/fr\/generalisation-des-flex-jobs-a-tous-les-secteurs-une-avancee-soutenue-par-le-patronat-malgre-quelques-reserves\/\",\"url\":\"https:\/\/peoplesphere.be\/fr\/generalisation-des-flex-jobs-a-tous-les-secteurs-une-avancee-soutenue-par-le-patronat-malgre-quelques-reserves\/\",\"name\":\"G\u00e9n\u00e9ralisation des flexi-jobs \u00e0 tous les secteurs: une avanc\u00e9e soutenue par le patronat malgr\u00e9 quelques r\u00e9serves... - Peoplesphere\",\"isPartOf\":{\"@id\":\"https:\/\/peoplesphere.be\/fr\/#website\"},\"datePublished\":\"2025-10-05T09:25:37+00:00\",\"dateModified\":\"2025-10-05T09:26:00+00:00\",\"breadcrumb\":{\"@id\":\"https:\/\/peoplesphere.be\/fr\/generalisation-des-flex-jobs-a-tous-les-secteurs-une-avancee-soutenue-par-le-patronat-malgre-quelques-reserves\/#breadcrumb\"},\"inLanguage\":\"fr-FR\",\"potentialAction\":[{\"@type\":\"ReadAction\",\"target\":[\"https:\/\/peoplesphere.be\/fr\/generalisation-des-flex-jobs-a-tous-les-secteurs-une-avancee-soutenue-par-le-patronat-malgre-quelques-reserves\/\"]}]},{\"@type\":\"BreadcrumbList\",\"@id\":\"https:\/\/peoplesphere.be\/fr\/generalisation-des-flex-jobs-a-tous-les-secteurs-une-avancee-soutenue-par-le-patronat-malgre-quelques-reserves\/#breadcrumb\",\"itemListElement\":[{\"@type\":\"ListItem\",\"position\":1,\"name\":\"Accueil\",\"item\":\"https:\/\/peoplesphere.be\/fr\/\"},{\"@type\":\"ListItem\",\"position\":2,\"name\":\"G\u00e9n\u00e9ralisation des flexi-jobs \u00e0 tous les secteurs: une avanc\u00e9e soutenue par le patronat malgr\u00e9 quelques r\u00e9serves&#8230;\"}]},{\"@type\":\"WebSite\",\"@id\":\"https:\/\/peoplesphere.be\/fr\/#website\",\"url\":\"https:\/\/peoplesphere.be\/fr\/\",\"name\":\"Peoplesphere\",\"description\":\"The People Managers Magazine\",\"publisher\":{\"@id\":\"https:\/\/peoplesphere.be\/fr\/#organization\"},\"potentialAction\":[{\"@type\":\"SearchAction\",\"target\":{\"@type\":\"EntryPoint\",\"urlTemplate\":\"https:\/\/peoplesphere.be\/fr\/?s={search_term_string}\"},\"query-input\":\"required name=search_term_string\"}],\"inLanguage\":\"fr-FR\"},{\"@type\":\"Organization\",\"@id\":\"https:\/\/peoplesphere.be\/fr\/#organization\",\"name\":\"Peoplesphere Company srl\",\"url\":\"https:\/\/peoplesphere.be\/fr\/\",\"logo\":{\"@type\":\"ImageObject\",\"inLanguage\":\"fr-FR\",\"@id\":\"https:\/\/peoplesphere.be\/fr\/#\/schema\/logo\/image\/\",\"url\":\"https:\/\/peoplesphere.be\/fr\/wp-content\/uploads\/2023\/07\/peoplesphere-lgo-new-generik.jpg\",\"contentUrl\":\"https:\/\/peoplesphere.be\/fr\/wp-content\/uploads\/2023\/07\/peoplesphere-lgo-new-generik.jpg\",\"width\":1031,\"height\":1479,\"caption\":\"Peoplesphere Company srl\"},\"image\":{\"@id\":\"https:\/\/peoplesphere.be\/fr\/#\/schema\/logo\/image\/\"},\"sameAs\":[\"https:\/\/www.facebook.com\/peoplesphere\",\"https:\/\/twitter.com\/PeoplesphereMag\",\"https:\/\/www.linkedin.com\/company\/7587361?trk\",\"http:\/\/youtube.com\/peoplesphere\"]},{\"@type\":\"Person\",\"@id\":\"https:\/\/peoplesphere.be\/fr\/#\/schema\/person\/7976225ff17988604334abb7b3536a7e\",\"name\":\"Jean-Paul Erhard\",\"image\":{\"@type\":\"ImageObject\",\"inLanguage\":\"fr-FR\",\"@id\":\"https:\/\/peoplesphere.be\/fr\/#\/schema\/person\/image\/\",\"url\":\"https:\/\/secure.gravatar.com\/avatar\/f941e681460179738071629a51574930?s=96&d=mm&r=g\",\"contentUrl\":\"https:\/\/secure.gravatar.com\/avatar\/f941e681460179738071629a51574930?s=96&d=mm&r=g\",\"caption\":\"Jean-Paul Erhard\"},\"url\":\"https:\/\/peoplesphere.be\/fr\/author\/jpe\/\"}]}<\/script>\n<!-- \/ Yoast SEO plugin. -->","yoast_head_json":{"title":"G\u00e9n\u00e9ralisation des flexi-jobs \u00e0 tous les secteurs: une avanc\u00e9e soutenue par le patronat malgr\u00e9 quelques r\u00e9serves... - Peoplesphere","robots":{"index":"index","follow":"follow","max-snippet":"max-snippet:-1","max-image-preview":"max-image-preview:large","max-video-preview":"max-video-preview:-1"},"canonical":"https:\/\/peoplesphere.be\/fr\/generalisation-des-flex-jobs-a-tous-les-secteurs-une-avancee-soutenue-par-le-patronat-malgre-quelques-reserves\/","og_locale":"fr_FR","og_type":"article","og_title":"G\u00e9n\u00e9ralisation des flexi-jobs \u00e0 tous les secteurs: une avanc\u00e9e soutenue par le patronat malgr\u00e9 quelques r\u00e9serves... - Peoplesphere","og_description":"Les ministres de l\u2019Emploi et des Affaires sociales ont r\u00e9cemment soumis au Conseil National du Travail (CNT) un avant-projet de loi relatif aux flexi-jobs, visant \u00e0 g\u00e9n\u00e9ralise ce r\u00e9gime \u00e0 tous les secteurs d&rsquo;activit\u00e9s. Les organisations patronales soutiennent ce projet [&hellip;]","og_url":"https:\/\/peoplesphere.be\/fr\/generalisation-des-flex-jobs-a-tous-les-secteurs-une-avancee-soutenue-par-le-patronat-malgre-quelques-reserves\/","og_site_name":"Peoplesphere","article_publisher":"https:\/\/www.facebook.com\/peoplesphere","article_published_time":"2025-10-05T09:25:37+00:00","article_modified_time":"2025-10-05T09:26:00+00:00","og_image":[{"url":"http:\/\/www.peoplesphere.be\/fr\/wp-content\/uploads\/2016\/07\/facebook-default-posting-1200x628px.jpg"}],"author":"Jean-Paul Erhard","twitter_card":"summary_large_image","twitter_creator":"@PeoplesphereMag","twitter_site":"@PeoplesphereMag","twitter_misc":{"\u00c9crit par":"Jean-Paul Erhard","Dur\u00e9e de lecture estim\u00e9e":"2 minutes"},"schema":{"@context":"https:\/\/schema.org","@graph":[{"@type":"Article","@id":"https:\/\/peoplesphere.be\/fr\/generalisation-des-flex-jobs-a-tous-les-secteurs-une-avancee-soutenue-par-le-patronat-malgre-quelques-reserves\/#article","isPartOf":{"@id":"https:\/\/peoplesphere.be\/fr\/generalisation-des-flex-jobs-a-tous-les-secteurs-une-avancee-soutenue-par-le-patronat-malgre-quelques-reserves\/"},"author":{"name":"Jean-Paul Erhard","@id":"https:\/\/peoplesphere.be\/fr\/#\/schema\/person\/7976225ff17988604334abb7b3536a7e"},"headline":"G\u00e9n\u00e9ralisation des flexi-jobs \u00e0 tous les secteurs: une avanc\u00e9e soutenue par le patronat malgr\u00e9 quelques r\u00e9serves&#8230;","datePublished":"2025-10-05T09:25:37+00:00","dateModified":"2025-10-05T09:26:00+00:00","mainEntityOfPage":{"@id":"https:\/\/peoplesphere.be\/fr\/generalisation-des-flex-jobs-a-tous-les-secteurs-une-avancee-soutenue-par-le-patronat-malgre-quelques-reserves\/"},"wordCount":434,"publisher":{"@id":"https:\/\/peoplesphere.be\/fr\/#organization"},"keywords":["CNT","flexi-jobs","flexibilit\u00e9","partenaires sociaux"],"articleSection":["Actualit\u00e9s","Digital"],"inLanguage":"fr-FR"},{"@type":"WebPage","@id":"https:\/\/peoplesphere.be\/fr\/generalisation-des-flex-jobs-a-tous-les-secteurs-une-avancee-soutenue-par-le-patronat-malgre-quelques-reserves\/","url":"https:\/\/peoplesphere.be\/fr\/generalisation-des-flex-jobs-a-tous-les-secteurs-une-avancee-soutenue-par-le-patronat-malgre-quelques-reserves\/","name":"G\u00e9n\u00e9ralisation des flexi-jobs \u00e0 tous les secteurs: une avanc\u00e9e soutenue par le patronat malgr\u00e9 quelques r\u00e9serves... - Peoplesphere","isPartOf":{"@id":"https:\/\/peoplesphere.be\/fr\/#website"},"datePublished":"2025-10-05T09:25:37+00:00","dateModified":"2025-10-05T09:26:00+00:00","breadcrumb":{"@id":"https:\/\/peoplesphere.be\/fr\/generalisation-des-flex-jobs-a-tous-les-secteurs-une-avancee-soutenue-par-le-patronat-malgre-quelques-reserves\/#breadcrumb"},"inLanguage":"fr-FR","potentialAction":[{"@type":"ReadAction","target":["https:\/\/peoplesphere.be\/fr\/generalisation-des-flex-jobs-a-tous-les-secteurs-une-avancee-soutenue-par-le-patronat-malgre-quelques-reserves\/"]}]},{"@type":"BreadcrumbList","@id":"https:\/\/peoplesphere.be\/fr\/generalisation-des-flex-jobs-a-tous-les-secteurs-une-avancee-soutenue-par-le-patronat-malgre-quelques-reserves\/#breadcrumb","itemListElement":[{"@type":"ListItem","position":1,"name":"Accueil","item":"https:\/\/peoplesphere.be\/fr\/"},{"@type":"ListItem","position":2,"name":"G\u00e9n\u00e9ralisation des flexi-jobs \u00e0 tous les secteurs: une avanc\u00e9e soutenue par le patronat malgr\u00e9 quelques r\u00e9serves&#8230;"}]},{"@type":"WebSite","@id":"https:\/\/peoplesphere.be\/fr\/#website","url":"https:\/\/peoplesphere.be\/fr\/","name":"Peoplesphere","description":"The People Managers Magazine","publisher":{"@id":"https:\/\/peoplesphere.be\/fr\/#organization"},"potentialAction":[{"@type":"SearchAction","target":{"@type":"EntryPoint","urlTemplate":"https:\/\/peoplesphere.be\/fr\/?s={search_term_string}"},"query-input":"required name=search_term_string"}],"inLanguage":"fr-FR"},{"@type":"Organization","@id":"https:\/\/peoplesphere.be\/fr\/#organization","name":"Peoplesphere Company srl","url":"https:\/\/peoplesphere.be\/fr\/","logo":{"@type":"ImageObject","inLanguage":"fr-FR","@id":"https:\/\/peoplesphere.be\/fr\/#\/schema\/logo\/image\/","url":"https:\/\/peoplesphere.be\/fr\/wp-content\/uploads\/2023\/07\/peoplesphere-lgo-new-generik.jpg","contentUrl":"https:\/\/peoplesphere.be\/fr\/wp-content\/uploads\/2023\/07\/peoplesphere-lgo-new-generik.jpg","width":1031,"height":1479,"caption":"Peoplesphere Company srl"},"image":{"@id":"https:\/\/peoplesphere.be\/fr\/#\/schema\/logo\/image\/"},"sameAs":["https:\/\/www.facebook.com\/peoplesphere","https:\/\/twitter.com\/PeoplesphereMag","https:\/\/www.linkedin.com\/company\/7587361?trk","http:\/\/youtube.com\/peoplesphere"]},{"@type":"Person","@id":"https:\/\/peoplesphere.be\/fr\/#\/schema\/person\/7976225ff17988604334abb7b3536a7e","name":"Jean-Paul Erhard","image":{"@type":"ImageObject","inLanguage":"fr-FR","@id":"https:\/\/peoplesphere.be\/fr\/#\/schema\/person\/image\/","url":"https:\/\/secure.gravatar.com\/avatar\/f941e681460179738071629a51574930?s=96&d=mm&r=g","contentUrl":"https:\/\/secure.gravatar.com\/avatar\/f941e681460179738071629a51574930?s=96&d=mm&r=g","caption":"Jean-Paul Erhard"},"url":"https:\/\/peoplesphere.be\/fr\/author\/jpe\/"}]}},"_links":{"self":[{"href":"https:\/\/peoplesphere.be\/fr\/wp-json\/wp\/v2\/posts\/18281"}],"collection":[{"href":"https:\/\/peoplesphere.be\/fr\/wp-json\/wp\/v2\/posts"}],"about":[{"href":"https:\/\/peoplesphere.be\/fr\/wp-json\/wp\/v2\/types\/post"}],"author":[{"embeddable":true,"href":"https:\/\/peoplesphere.be\/fr\/wp-json\/wp\/v2\/users\/2"}],"replies":[{"embeddable":true,"href":"https:\/\/peoplesphere.be\/fr\/wp-json\/wp\/v2\/comments?post=18281"}],"version-history":[{"count":2,"href":"https:\/\/peoplesphere.be\/fr\/wp-json\/wp\/v2\/posts\/18281\/revisions"}],"predecessor-version":[{"id":18283,"href":"https:\/\/peoplesphere.be\/fr\/wp-json\/wp\/v2\/posts\/18281\/revisions\/18283"}],"wp:attachment":[{"href":"https:\/\/peoplesphere.be\/fr\/wp-json\/wp\/v2\/media?parent=18281"}],"wp:term":[{"taxonomy":"category","embeddable":true,"href":"https:\/\/peoplesphere.be\/fr\/wp-json\/wp\/v2\/categories?post=18281"},{"taxonomy":"post_tag","embeddable":true,"href":"https:\/\/peoplesphere.be\/fr\/wp-json\/wp\/v2\/tags?post=18281"}],"curies":[{"name":"wp","href":"https:\/\/api.w.org\/{rel}","templated":true}]}}