









{"id":18286,"date":"2025-10-06T08:52:17","date_gmt":"2025-10-06T06:52:17","guid":{"rendered":"https:\/\/peoplesphere.be\/fr\/?p=18286"},"modified":"2025-10-06T08:52:17","modified_gmt":"2025-10-06T06:52:17","slug":"intentions-de-recrutement-en-baisse-nombre-de-pme-prevoient-meme-des-licenciements-avant-la-fin-de-lannee","status":"publish","type":"post","link":"https:\/\/peoplesphere.be\/fr\/intentions-de-recrutement-en-baisse-nombre-de-pme-prevoient-meme-des-licenciements-avant-la-fin-de-lannee\/","title":{"rendered":"Intentions de recrutement en baisse&#8230; Nombre de PME pr\u00e9voient m\u00eame des licenciements avant la fin de l&rsquo;ann\u00e9e."},"content":{"rendered":"<p>Le secr\u00e9tariat social SD Worx met en garde contre une hausse notable des projets de licenciement au sein des PME belges (entreprises jusqu&rsquo;\u00e0 250 travailleurs) au quatri\u00e8me trimestre 2025. Selon l&rsquo;enqu\u00eate trimestrielle men\u00e9e aupr\u00e8s de 523 PME en septembre, 17% d&rsquo;entre elles pr\u00e9voient licencier des travailleurs avant fin d\u00e9cembre, contre 11% au trimestre pr\u00e9c\u00e9dent.<!--more--><\/p>\n<p>Il est \u00e9galement frappant de constater que les intentions d&#8217;embauche \u00e0 Bruxelles ont chut\u00e9 au niveau le plus bas depuis dix ans, tandis que les PME en Flandre et en Wallonie maintiennent des ambitions de recrutement \u00e9lev\u00e9es, notamment en raison des difficult\u00e9s persistantes \u00e0 pourvoir les postes vacants pour les professions en p\u00e9nurie.<\/p>\n<h3><strong><em>Les projets de licenciement dans les PME augmentent<\/em><\/strong><\/h3>\n<p>Des diff\u00e9rences r\u00e9gionales sont observ\u00e9es : les projets de licenciement sont les plus \u00e9lev\u00e9s en Flandre (18%), suivis des PME \u00e0 Bruxelles (16%) et en Wallonie (14%). Les PME bruxelloises affichent des intentions de licenciement plus \u00e9lev\u00e9es depuis d\u00e9cembre 2024. En Wallonie, les projets de licenciement dans les PME sont remarquablement faibles depuis juin 2024, mais ce trimestre fait exception, tout comme mars 2025. Par rapport au trimestre pr\u00e9c\u00e9dent, la Wallonie conna\u00eet une forte augmentation du nombre de PME pr\u00e9voyant des licenciements : la proportion est pass\u00e9e de 6% au m\u00eame trimestre l&rsquo;ann\u00e9e derni\u00e8re \u00e0 8% au trimestre pr\u00e9c\u00e9dent, pour atteindre environ 14% des PME wallonnes au dernier trimestre.<\/p>\n<p>Vassilios Skarlidis, directeur des PME chez SD Worx, explique : \u00ab\u00a0<em>La forte hausse des projets de licenciement est un signal clair que les PME rencontrent des difficult\u00e9s. Aucun employeur ne prend la d\u00e9cision de licencier \u00e0 la l\u00e9g\u00e8re. Nous recevons de plus en plus de questions sur la budg\u00e9tisation des licenciements et sur la mani\u00e8re de les g\u00e9rer juridiquement et humainement. Moins de la moiti\u00e9 des PME qui licencient envisagent un remplacement. \u00c0 Bruxelles, seulement 25% pr\u00e9voient un remplacement. Trois quarts de ces emplois seront alors perdus.\u00a0\u00bb<\/em><\/p>\n<p><em>\u00ab\u00a0Les fluctuations des intentions d&#8217;embauche sont normales\u00a0\u00bb,<\/em> continue Vassilios Skarlidis, de chez SD Worx, <em>\u00ab\u00a0Cependant, \u00e0 Bruxelles, elles sont, ce trimestre, au m\u00eame niveau qu&rsquo;en avril 2020 : c&rsquo;est le plus bas des dix derni\u00e8res ann\u00e9es. En Flandre et en Wallonie, les ambitions restent \u00e9lev\u00e9es, m\u00eame si la recherche des bons talents demeure difficile. En effet, l&#8217;employeur investit \u00e9galement dans la formation et souhaite donc un match optimal entre la personne, le poste et l&rsquo;entreprise\u00a0\u00bb<\/em>, conclut-il.<\/p>\n<h3><strong><em>Les projets de recrutement restent stables hors Bruxelles<\/em><\/strong><\/h3>\n<p>En Flandre et en Wallonie, l&rsquo;esprit de recrutement reste intact : 40% des PME flamandes et 39% des PME wallonnes souhaitent embaucher du personnel cette ann\u00e9e. Les intentions d&#8217;embauche les plus fortes se trouvent dans l&rsquo;industrie et la construction, o\u00f9 il est le plus difficile de pourvoir les postes vacants.<\/p>\n<p>\u00c0 Bruxelles, en revanche, la baisse est nette : seules 17% des PME souhaitent encore recruter, contre 38% au trimestre pr\u00e9c\u00e9dent.<\/p>\n<p>&nbsp;<\/p>\n<p><em>Source: SD Worx<\/em><\/p>\n","protected":false},"excerpt":{"rendered":"<p>Le secr\u00e9tariat social SD Worx met en garde contre une hausse notable des projets de licenciement au sein des PME belges (entreprises jusqu&rsquo;\u00e0 250 travailleurs) au quatri\u00e8me trimestre 2025. Selon l&rsquo;enqu\u00eate trimestrielle men\u00e9e aupr\u00e8s de 523 PME en septembre, 17% [&hellip;]<\/p>\n","protected":false},"author":2,"featured_media":18287,"comment_status":"closed","ping_status":"open","sticky":false,"template":"","format":"standard","meta":[],"categories":[65,10],"tags":[263,3266,134,72],"yoast_head":"<!-- This site is optimized with the Yoast SEO plugin v21.0 - https:\/\/yoast.com\/wordpress\/plugins\/seo\/ -->\n<title>Intentions de recrutement en baisse... Nombre de PME pr\u00e9voient m\u00eame des licenciements avant la fin de l&#039;ann\u00e9e. - Peoplesphere<\/title>\n<meta name=\"robots\" content=\"index, follow, max-snippet:-1, max-image-preview:large, max-video-preview:-1\" \/>\n<link rel=\"canonical\" href=\"https:\/\/peoplesphere.be\/fr\/intentions-de-recrutement-en-baisse-nombre-de-pme-prevoient-meme-des-licenciements-avant-la-fin-de-lannee\/\" \/>\n<meta property=\"og:locale\" content=\"fr_FR\" \/>\n<meta property=\"og:type\" content=\"article\" \/>\n<meta property=\"og:title\" content=\"Intentions de recrutement en baisse... Nombre de PME pr\u00e9voient m\u00eame des licenciements avant la fin de l&#039;ann\u00e9e. - Peoplesphere\" \/>\n<meta property=\"og:description\" content=\"Le secr\u00e9tariat social SD Worx met en garde contre une hausse notable des projets de licenciement au sein des PME belges (entreprises jusqu&rsquo;\u00e0 250 travailleurs) au quatri\u00e8me trimestre 2025. Selon l&rsquo;enqu\u00eate trimestrielle men\u00e9e aupr\u00e8s de 523 PME en septembre, 17% [&hellip;]\" \/>\n<meta property=\"og:url\" content=\"https:\/\/peoplesphere.be\/fr\/intentions-de-recrutement-en-baisse-nombre-de-pme-prevoient-meme-des-licenciements-avant-la-fin-de-lannee\/\" \/>\n<meta property=\"og:site_name\" content=\"Peoplesphere\" \/>\n<meta property=\"article:publisher\" content=\"https:\/\/www.facebook.com\/peoplesphere\" \/>\n<meta property=\"article:published_time\" content=\"2025-10-06T06:52:17+00:00\" \/>\n<meta property=\"og:image\" content=\"https:\/\/peoplesphere.be\/fr\/wp-content\/uploads\/2025\/10\/20241128firedintech.jpg\" \/>\n\t<meta property=\"og:image:width\" content=\"1024\" \/>\n\t<meta property=\"og:image:height\" content=\"408\" \/>\n\t<meta property=\"og:image:type\" content=\"image\/jpeg\" \/>\n<meta name=\"author\" content=\"Jean-Paul Erhard\" \/>\n<meta name=\"twitter:card\" content=\"summary_large_image\" \/>\n<meta name=\"twitter:creator\" content=\"@PeoplesphereMag\" \/>\n<meta name=\"twitter:site\" content=\"@PeoplesphereMag\" \/>\n<meta name=\"twitter:label1\" content=\"\u00c9crit par\" \/>\n\t<meta name=\"twitter:data1\" content=\"Jean-Paul Erhard\" \/>\n\t<meta name=\"twitter:label2\" content=\"Dur\u00e9e de lecture estim\u00e9e\" \/>\n\t<meta name=\"twitter:data2\" content=\"3 minutes\" \/>\n<script type=\"application\/ld+json\" class=\"yoast-schema-graph\">{\"@context\":\"https:\/\/schema.org\",\"@graph\":[{\"@type\":\"Article\",\"@id\":\"https:\/\/peoplesphere.be\/fr\/intentions-de-recrutement-en-baisse-nombre-de-pme-prevoient-meme-des-licenciements-avant-la-fin-de-lannee\/#article\",\"isPartOf\":{\"@id\":\"https:\/\/peoplesphere.be\/fr\/intentions-de-recrutement-en-baisse-nombre-de-pme-prevoient-meme-des-licenciements-avant-la-fin-de-lannee\/\"},\"author\":{\"name\":\"Jean-Paul Erhard\",\"@id\":\"https:\/\/peoplesphere.be\/fr\/#\/schema\/person\/7976225ff17988604334abb7b3536a7e\"},\"headline\":\"Intentions de recrutement en baisse&#8230; Nombre de PME pr\u00e9voient m\u00eame des licenciements avant la fin de l&rsquo;ann\u00e9e.\",\"datePublished\":\"2025-10-06T06:52:17+00:00\",\"dateModified\":\"2025-10-06T06:52:17+00:00\",\"mainEntityOfPage\":{\"@id\":\"https:\/\/peoplesphere.be\/fr\/intentions-de-recrutement-en-baisse-nombre-de-pme-prevoient-meme-des-licenciements-avant-la-fin-de-lannee\/\"},\"wordCount\":500,\"publisher\":{\"@id\":\"https:\/\/peoplesphere.be\/fr\/#organization\"},\"keywords\":[\"embauche\",\"incertitude\",\"licenciement\",\"recrutement\"],\"articleSection\":[\"Actualit\u00e9s\",\"Digital\"],\"inLanguage\":\"fr-FR\"},{\"@type\":\"WebPage\",\"@id\":\"https:\/\/peoplesphere.be\/fr\/intentions-de-recrutement-en-baisse-nombre-de-pme-prevoient-meme-des-licenciements-avant-la-fin-de-lannee\/\",\"url\":\"https:\/\/peoplesphere.be\/fr\/intentions-de-recrutement-en-baisse-nombre-de-pme-prevoient-meme-des-licenciements-avant-la-fin-de-lannee\/\",\"name\":\"Intentions de recrutement en baisse... Nombre de PME pr\u00e9voient m\u00eame des licenciements avant la fin de l'ann\u00e9e. - Peoplesphere\",\"isPartOf\":{\"@id\":\"https:\/\/peoplesphere.be\/fr\/#website\"},\"datePublished\":\"2025-10-06T06:52:17+00:00\",\"dateModified\":\"2025-10-06T06:52:17+00:00\",\"breadcrumb\":{\"@id\":\"https:\/\/peoplesphere.be\/fr\/intentions-de-recrutement-en-baisse-nombre-de-pme-prevoient-meme-des-licenciements-avant-la-fin-de-lannee\/#breadcrumb\"},\"inLanguage\":\"fr-FR\",\"potentialAction\":[{\"@type\":\"ReadAction\",\"target\":[\"https:\/\/peoplesphere.be\/fr\/intentions-de-recrutement-en-baisse-nombre-de-pme-prevoient-meme-des-licenciements-avant-la-fin-de-lannee\/\"]}]},{\"@type\":\"BreadcrumbList\",\"@id\":\"https:\/\/peoplesphere.be\/fr\/intentions-de-recrutement-en-baisse-nombre-de-pme-prevoient-meme-des-licenciements-avant-la-fin-de-lannee\/#breadcrumb\",\"itemListElement\":[{\"@type\":\"ListItem\",\"position\":1,\"name\":\"Accueil\",\"item\":\"https:\/\/peoplesphere.be\/fr\/\"},{\"@type\":\"ListItem\",\"position\":2,\"name\":\"Intentions de recrutement en baisse&#8230; Nombre de PME pr\u00e9voient m\u00eame des licenciements avant la fin de l&rsquo;ann\u00e9e.\"}]},{\"@type\":\"WebSite\",\"@id\":\"https:\/\/peoplesphere.be\/fr\/#website\",\"url\":\"https:\/\/peoplesphere.be\/fr\/\",\"name\":\"Peoplesphere\",\"description\":\"The People Managers Magazine\",\"publisher\":{\"@id\":\"https:\/\/peoplesphere.be\/fr\/#organization\"},\"potentialAction\":[{\"@type\":\"SearchAction\",\"target\":{\"@type\":\"EntryPoint\",\"urlTemplate\":\"https:\/\/peoplesphere.be\/fr\/?s={search_term_string}\"},\"query-input\":\"required name=search_term_string\"}],\"inLanguage\":\"fr-FR\"},{\"@type\":\"Organization\",\"@id\":\"https:\/\/peoplesphere.be\/fr\/#organization\",\"name\":\"Peoplesphere Company srl\",\"url\":\"https:\/\/peoplesphere.be\/fr\/\",\"logo\":{\"@type\":\"ImageObject\",\"inLanguage\":\"fr-FR\",\"@id\":\"https:\/\/peoplesphere.be\/fr\/#\/schema\/logo\/image\/\",\"url\":\"https:\/\/peoplesphere.be\/fr\/wp-content\/uploads\/2023\/07\/peoplesphere-lgo-new-generik.jpg\",\"contentUrl\":\"https:\/\/peoplesphere.be\/fr\/wp-content\/uploads\/2023\/07\/peoplesphere-lgo-new-generik.jpg\",\"width\":1031,\"height\":1479,\"caption\":\"Peoplesphere Company srl\"},\"image\":{\"@id\":\"https:\/\/peoplesphere.be\/fr\/#\/schema\/logo\/image\/\"},\"sameAs\":[\"https:\/\/www.facebook.com\/peoplesphere\",\"https:\/\/twitter.com\/PeoplesphereMag\",\"https:\/\/www.linkedin.com\/company\/7587361?trk\",\"http:\/\/youtube.com\/peoplesphere\"]},{\"@type\":\"Person\",\"@id\":\"https:\/\/peoplesphere.be\/fr\/#\/schema\/person\/7976225ff17988604334abb7b3536a7e\",\"name\":\"Jean-Paul Erhard\",\"image\":{\"@type\":\"ImageObject\",\"inLanguage\":\"fr-FR\",\"@id\":\"https:\/\/peoplesphere.be\/fr\/#\/schema\/person\/image\/\",\"url\":\"https:\/\/secure.gravatar.com\/avatar\/f941e681460179738071629a51574930?s=96&d=mm&r=g\",\"contentUrl\":\"https:\/\/secure.gravatar.com\/avatar\/f941e681460179738071629a51574930?s=96&d=mm&r=g\",\"caption\":\"Jean-Paul Erhard\"},\"url\":\"https:\/\/peoplesphere.be\/fr\/author\/jpe\/\"}]}<\/script>\n<!-- \/ Yoast SEO plugin. -->","yoast_head_json":{"title":"Intentions de recrutement en baisse... Nombre de PME pr\u00e9voient m\u00eame des licenciements avant la fin de l'ann\u00e9e. - Peoplesphere","robots":{"index":"index","follow":"follow","max-snippet":"max-snippet:-1","max-image-preview":"max-image-preview:large","max-video-preview":"max-video-preview:-1"},"canonical":"https:\/\/peoplesphere.be\/fr\/intentions-de-recrutement-en-baisse-nombre-de-pme-prevoient-meme-des-licenciements-avant-la-fin-de-lannee\/","og_locale":"fr_FR","og_type":"article","og_title":"Intentions de recrutement en baisse... Nombre de PME pr\u00e9voient m\u00eame des licenciements avant la fin de l'ann\u00e9e. - Peoplesphere","og_description":"Le secr\u00e9tariat social SD Worx met en garde contre une hausse notable des projets de licenciement au sein des PME belges (entreprises jusqu&rsquo;\u00e0 250 travailleurs) au quatri\u00e8me trimestre 2025. Selon l&rsquo;enqu\u00eate trimestrielle men\u00e9e aupr\u00e8s de 523 PME en septembre, 17% [&hellip;]","og_url":"https:\/\/peoplesphere.be\/fr\/intentions-de-recrutement-en-baisse-nombre-de-pme-prevoient-meme-des-licenciements-avant-la-fin-de-lannee\/","og_site_name":"Peoplesphere","article_publisher":"https:\/\/www.facebook.com\/peoplesphere","article_published_time":"2025-10-06T06:52:17+00:00","og_image":[{"width":1024,"height":408,"url":"https:\/\/peoplesphere.be\/fr\/wp-content\/uploads\/2025\/10\/20241128firedintech.jpg","type":"image\/jpeg"}],"author":"Jean-Paul Erhard","twitter_card":"summary_large_image","twitter_creator":"@PeoplesphereMag","twitter_site":"@PeoplesphereMag","twitter_misc":{"\u00c9crit par":"Jean-Paul Erhard","Dur\u00e9e de lecture estim\u00e9e":"3 minutes"},"schema":{"@context":"https:\/\/schema.org","@graph":[{"@type":"Article","@id":"https:\/\/peoplesphere.be\/fr\/intentions-de-recrutement-en-baisse-nombre-de-pme-prevoient-meme-des-licenciements-avant-la-fin-de-lannee\/#article","isPartOf":{"@id":"https:\/\/peoplesphere.be\/fr\/intentions-de-recrutement-en-baisse-nombre-de-pme-prevoient-meme-des-licenciements-avant-la-fin-de-lannee\/"},"author":{"name":"Jean-Paul Erhard","@id":"https:\/\/peoplesphere.be\/fr\/#\/schema\/person\/7976225ff17988604334abb7b3536a7e"},"headline":"Intentions de recrutement en baisse&#8230; Nombre de PME pr\u00e9voient m\u00eame des licenciements avant la fin de l&rsquo;ann\u00e9e.","datePublished":"2025-10-06T06:52:17+00:00","dateModified":"2025-10-06T06:52:17+00:00","mainEntityOfPage":{"@id":"https:\/\/peoplesphere.be\/fr\/intentions-de-recrutement-en-baisse-nombre-de-pme-prevoient-meme-des-licenciements-avant-la-fin-de-lannee\/"},"wordCount":500,"publisher":{"@id":"https:\/\/peoplesphere.be\/fr\/#organization"},"keywords":["embauche","incertitude","licenciement","recrutement"],"articleSection":["Actualit\u00e9s","Digital"],"inLanguage":"fr-FR"},{"@type":"WebPage","@id":"https:\/\/peoplesphere.be\/fr\/intentions-de-recrutement-en-baisse-nombre-de-pme-prevoient-meme-des-licenciements-avant-la-fin-de-lannee\/","url":"https:\/\/peoplesphere.be\/fr\/intentions-de-recrutement-en-baisse-nombre-de-pme-prevoient-meme-des-licenciements-avant-la-fin-de-lannee\/","name":"Intentions de recrutement en baisse... Nombre de PME pr\u00e9voient m\u00eame des licenciements avant la fin de l'ann\u00e9e. - Peoplesphere","isPartOf":{"@id":"https:\/\/peoplesphere.be\/fr\/#website"},"datePublished":"2025-10-06T06:52:17+00:00","dateModified":"2025-10-06T06:52:17+00:00","breadcrumb":{"@id":"https:\/\/peoplesphere.be\/fr\/intentions-de-recrutement-en-baisse-nombre-de-pme-prevoient-meme-des-licenciements-avant-la-fin-de-lannee\/#breadcrumb"},"inLanguage":"fr-FR","potentialAction":[{"@type":"ReadAction","target":["https:\/\/peoplesphere.be\/fr\/intentions-de-recrutement-en-baisse-nombre-de-pme-prevoient-meme-des-licenciements-avant-la-fin-de-lannee\/"]}]},{"@type":"BreadcrumbList","@id":"https:\/\/peoplesphere.be\/fr\/intentions-de-recrutement-en-baisse-nombre-de-pme-prevoient-meme-des-licenciements-avant-la-fin-de-lannee\/#breadcrumb","itemListElement":[{"@type":"ListItem","position":1,"name":"Accueil","item":"https:\/\/peoplesphere.be\/fr\/"},{"@type":"ListItem","position":2,"name":"Intentions de recrutement en baisse&#8230; Nombre de PME pr\u00e9voient m\u00eame des licenciements avant la fin de l&rsquo;ann\u00e9e."}]},{"@type":"WebSite","@id":"https:\/\/peoplesphere.be\/fr\/#website","url":"https:\/\/peoplesphere.be\/fr\/","name":"Peoplesphere","description":"The People Managers Magazine","publisher":{"@id":"https:\/\/peoplesphere.be\/fr\/#organization"},"potentialAction":[{"@type":"SearchAction","target":{"@type":"EntryPoint","urlTemplate":"https:\/\/peoplesphere.be\/fr\/?s={search_term_string}"},"query-input":"required name=search_term_string"}],"inLanguage":"fr-FR"},{"@type":"Organization","@id":"https:\/\/peoplesphere.be\/fr\/#organization","name":"Peoplesphere Company srl","url":"https:\/\/peoplesphere.be\/fr\/","logo":{"@type":"ImageObject","inLanguage":"fr-FR","@id":"https:\/\/peoplesphere.be\/fr\/#\/schema\/logo\/image\/","url":"https:\/\/peoplesphere.be\/fr\/wp-content\/uploads\/2023\/07\/peoplesphere-lgo-new-generik.jpg","contentUrl":"https:\/\/peoplesphere.be\/fr\/wp-content\/uploads\/2023\/07\/peoplesphere-lgo-new-generik.jpg","width":1031,"height":1479,"caption":"Peoplesphere Company srl"},"image":{"@id":"https:\/\/peoplesphere.be\/fr\/#\/schema\/logo\/image\/"},"sameAs":["https:\/\/www.facebook.com\/peoplesphere","https:\/\/twitter.com\/PeoplesphereMag","https:\/\/www.linkedin.com\/company\/7587361?trk","http:\/\/youtube.com\/peoplesphere"]},{"@type":"Person","@id":"https:\/\/peoplesphere.be\/fr\/#\/schema\/person\/7976225ff17988604334abb7b3536a7e","name":"Jean-Paul Erhard","image":{"@type":"ImageObject","inLanguage":"fr-FR","@id":"https:\/\/peoplesphere.be\/fr\/#\/schema\/person\/image\/","url":"https:\/\/secure.gravatar.com\/avatar\/f941e681460179738071629a51574930?s=96&d=mm&r=g","contentUrl":"https:\/\/secure.gravatar.com\/avatar\/f941e681460179738071629a51574930?s=96&d=mm&r=g","caption":"Jean-Paul Erhard"},"url":"https:\/\/peoplesphere.be\/fr\/author\/jpe\/"}]}},"_links":{"self":[{"href":"https:\/\/peoplesphere.be\/fr\/wp-json\/wp\/v2\/posts\/18286"}],"collection":[{"href":"https:\/\/peoplesphere.be\/fr\/wp-json\/wp\/v2\/posts"}],"about":[{"href":"https:\/\/peoplesphere.be\/fr\/wp-json\/wp\/v2\/types\/post"}],"author":[{"embeddable":true,"href":"https:\/\/peoplesphere.be\/fr\/wp-json\/wp\/v2\/users\/2"}],"replies":[{"embeddable":true,"href":"https:\/\/peoplesphere.be\/fr\/wp-json\/wp\/v2\/comments?post=18286"}],"version-history":[{"count":1,"href":"https:\/\/peoplesphere.be\/fr\/wp-json\/wp\/v2\/posts\/18286\/revisions"}],"predecessor-version":[{"id":18288,"href":"https:\/\/peoplesphere.be\/fr\/wp-json\/wp\/v2\/posts\/18286\/revisions\/18288"}],"wp:featuredmedia":[{"embeddable":true,"href":"https:\/\/peoplesphere.be\/fr\/wp-json\/wp\/v2\/media\/18287"}],"wp:attachment":[{"href":"https:\/\/peoplesphere.be\/fr\/wp-json\/wp\/v2\/media?parent=18286"}],"wp:term":[{"taxonomy":"category","embeddable":true,"href":"https:\/\/peoplesphere.be\/fr\/wp-json\/wp\/v2\/categories?post=18286"},{"taxonomy":"post_tag","embeddable":true,"href":"https:\/\/peoplesphere.be\/fr\/wp-json\/wp\/v2\/tags?post=18286"}],"curies":[{"name":"wp","href":"https:\/\/api.w.org\/{rel}","templated":true}]}}