









{"id":18300,"date":"2025-10-08T05:54:00","date_gmt":"2025-10-08T03:54:00","guid":{"rendered":"https:\/\/peoplesphere.be\/fr\/?p=18300"},"modified":"2025-10-08T05:54:00","modified_gmt":"2025-10-08T03:54:00","slug":"une-nouvelle-menace-silencieuse-pour-la-productivite-au-travail","status":"publish","type":"post","link":"https:\/\/peoplesphere.be\/fr\/une-nouvelle-menace-silencieuse-pour-la-productivite-au-travail\/","title":{"rendered":"Une nouvelle menace silencieuse pour la productivit\u00e9 au travail?"},"content":{"rendered":"<p>Apr\u00e8s le \u00ab\u00a0quiet quitting\u00a0\u00bb et une s\u00e9rie d&rsquo;autres termes qui tentent d&rsquo;expliquer la baisse de l&rsquo;engagement au travail, un nouveau ph\u00e9nom\u00e8ne fait son apparition : le \u00ab\u00a0quiet cracking\u00a0\u00bb. <em>\u00ab\u00a0Nous assistons \u00e0 une avalanche de nouveaux termes pour d\u00e9crire la productivit\u00e9 et l&rsquo;indiff\u00e9rence : quiet quitting, quiet firing, et maintenant quiet cracking. Cependant, tous ces mots \u00e0 la mode renvoient \u00e0 la m\u00eame r\u00e9alit\u00e9 : \u00e0 moins de comprendre la personnalit\u00e9, les valeurs et les risques de chaque individu, nous continuerons \u00e0 lutter contre les sympt\u00f4mes sans r\u00e9soudre la cause sous-jacente\u00a0\u00bb<\/em>, explique le Dr Ryne Sherman, directeur scientifique chez Hogan Assessments.<!--more--><\/p>\n<p>Le \u00ab\u00a0quiet cracking\u00a0\u00bb d\u00e9signe les employ\u00e9s qui continuent \u00e0 produire des r\u00e9sultats, mais qui souffrent en silence de stress, d&rsquo;indiff\u00e9rence et d&rsquo;\u00e9puisement professionnel. Selon une \u00e9tude r\u00e9alis\u00e9e par Gallup, pr\u00e8s de la moiti\u00e9 de la population active mondiale est aujourd&rsquo;hui touch\u00e9e par ce probl\u00e8me, qui entra\u00eene une perte de productivit\u00e9 estim\u00e9e \u00e0 438 milliards de dollars.<\/p>\n<p>L&rsquo;\u00e9conomie mondiale pourrait gagner 9.600 milliards de dollars en productivit\u00e9 si la population active mondiale se sentait pleinement impliqu\u00e9e.<\/p>\n<p>En Europe, seuls 14% des travailleurs europ\u00e9ens se sentent engag\u00e9s dans leur travail, ce qui est le r\u00e9sultat le plus bas de toutes les r\u00e9gions du monde. Contrairement au \u00ab\u00a0quiet quitting\u00a0\u00bb, qui consiste en une r\u00e9duction consciente de l&rsquo;effort, le \u00ab\u00a0quiet cracking\u00a0\u00bb permet de maintenir le niveau de performance, mais la sant\u00e9 mentale et l&rsquo;engagement sont gravement compromis.<\/p>\n<p>Pour les entreprises, cela signifie que des employ\u00e9s apparemment productifs peuvent \u00ab\u00a0craquer\u00a0\u00bb \u00e0 tout moment, ce qui entra\u00eene \u00e0 long terme des revers culturels et financiers \u2014 un risque que Hogan Assessments consid\u00e8re comme \u00e9vitable gr\u00e2ce \u00e0 cinq conseils pratiques pour lutter contre le \u00ab\u00a0quiet cracking\u00a0\u00bb :<\/p>\n<ol>\n<li><strong><em>Investissez dans le d\u00e9veloppement et l&rsquo;\u00e9volution de carri\u00e8re<\/em><\/strong> \u2013 les employ\u00e9s ont tendance \u00e0 \u00ab se d\u00e9motiver en silence \u00bb lorsqu&rsquo;ils ne voient pas d&rsquo;avenir dans leur fonction. En identifiant les talents et en clarifiant les parcours de croissance, vous pouvez r\u00e9tablir un sentiment d&rsquo;utilit\u00e9 et d&rsquo;appartenance.<\/li>\n<li><strong><em>D\u00e9veloppez des leaders empathiques<\/em> <\/strong>\u2013 dans de nombreux cas, ce n&rsquo;est pas la t\u00e2che qui motive un employ\u00e9, mais la mani\u00e8re dont son manager le dirige. Pour \u00e9viter les burn-outs silencieux, il est essentiel de former les leaders \u00e0 \u00e9couter, \u00e0 donner du feedback et \u00e0 offrir leur soutien dans les moments stressants.<\/li>\n<li><em><strong>Alignez les valeurs et les facteurs de motivation<\/strong><\/em> \u2013 l&rsquo;indiff\u00e9rence n&rsquo;est pas toujours le signe d&rsquo;une mauvaise performance ; elle refl\u00e8te souvent un manque d&rsquo;alignement entre ce qui motive l&#8217;employ\u00e9 et ce qui est important pour l&rsquo;entreprise. Pour maintenir l&rsquo;\u00e9nergie et la motivation \u00e0 long terme, il est essentiel de comprendre ce lien.<\/li>\n<li><em><strong>Continuez \u00e0 mesurer et \u00e0 agir<\/strong> <\/em>\u2013 le \u00ab quiet cracking \u00bb est invisible car il n&rsquo;appara\u00eet pas dans les rapports de productivit\u00e9. Des enqu\u00eates r\u00e9guli\u00e8res combin\u00e9es \u00e0 une analyse approfondie des comportements permettent d&rsquo;identifier les premiers signes d&rsquo;indiff\u00e9rence.<\/li>\n<li><strong><em>Cr\u00e9ez un environnement propice au dialogue<\/em><\/strong> \u2013 les employ\u00e9s savent souvent qu&rsquo;ils d\u00e9passent leurs limites, mais ne trouvent pas d&rsquo;espace pour en parler. En mettant en place des canaux de communication s\u00e9curis\u00e9s et en veillant \u00e0 ce que chacun soit \u00e9cout\u00e9 activement, vous \u00e9vitez que de petites pr\u00e9occupations ne se transforment en crises.<\/li>\n<\/ol>\n<p>Le plus grand d\u00e9fi li\u00e9 au \u00ab\u00a0quiet cracking\u00a0\u00bb est qu&rsquo;il n&rsquo;est pas visible dans les mesures de performance traditionnelles. <em>\u00ab\u00a0Pour les dirigeants, le d\u00e9fi consiste \u00e0 ne pas se laisser tromper par une productivit\u00e9 apparente. En effet, un employ\u00e9 peut continuer \u00e0 \u00eatre performant alors qu&rsquo;il est \u00e9motionnellement \u00e9puis\u00e9 et qu&rsquo;il a depuis longtemps perdu toute motivation. Il est essentiel de reconna\u00eetre ce d\u00e9s\u00e9quilibre afin de pouvoir agir avant qu&rsquo;il ne soit trop tard\u00a0\u00bb<\/em>, souligne Sherman.<\/p>\n<p>Les signaux d&rsquo;alerte auxquels les dirigeants doivent pr\u00eater attention sont une anxi\u00e9t\u00e9 croissante, un enthousiasme d\u00e9croissant, des troubles physiques r\u00e9currents (tels que l&rsquo;insomnie et la fatigue), une participation r\u00e9duite aux r\u00e9unions et une distanciation \u00e9motionnelle par rapport aux coll\u00e8gues ou aux projets. <em>\u00ab\u00a0Ce sont tous des signaux d&rsquo;alerte\u00a0\u00bb,<\/em> ajoute Sherman. <em>\u00ab\u00a0Ce n&rsquo;est qu&rsquo;en investissant dans le d\u00e9veloppement, l&#8217;empathie et l&rsquo;alignement des valeurs que les organisations peuvent \u00e9viter que leurs employ\u00e9s atteignent le point de rupture. Le bien-\u00eatre durable doit devenir un \u00e9l\u00e9ment essentiel de la strat\u00e9gie d&rsquo;entreprise.\u00a0\u00bb<\/em><\/p>\n<p>&nbsp;<\/p>\n<p><em>Source: Hogan Assessments<\/em><\/p>\n","protected":false},"excerpt":{"rendered":"<p>Apr\u00e8s le \u00ab\u00a0quiet quitting\u00a0\u00bb et une s\u00e9rie d&rsquo;autres termes qui tentent d&rsquo;expliquer la baisse de l&rsquo;engagement au travail, un nouveau ph\u00e9nom\u00e8ne fait son apparition : le \u00ab\u00a0quiet cracking\u00a0\u00bb. \u00ab\u00a0Nous assistons \u00e0 une avalanche de nouveaux termes pour d\u00e9crire la productivit\u00e9 [&hellip;]<\/p>\n","protected":false},"author":2,"featured_media":0,"comment_status":"closed","ping_status":"open","sticky":false,"template":"","format":"standard","meta":[],"categories":[65,10],"tags":[208,90,109,179,4344,838],"yoast_head":"<!-- This site is optimized with the Yoast SEO plugin v21.0 - https:\/\/yoast.com\/wordpress\/plugins\/seo\/ -->\n<title>Une nouvelle menace silencieuse pour la productivit\u00e9 au travail? - Peoplesphere<\/title>\n<meta name=\"robots\" content=\"index, follow, max-snippet:-1, max-image-preview:large, max-video-preview:-1\" \/>\n<link rel=\"canonical\" href=\"https:\/\/peoplesphere.be\/fr\/une-nouvelle-menace-silencieuse-pour-la-productivite-au-travail\/\" \/>\n<meta property=\"og:locale\" content=\"fr_FR\" \/>\n<meta property=\"og:type\" content=\"article\" \/>\n<meta property=\"og:title\" content=\"Une nouvelle menace silencieuse pour la productivit\u00e9 au travail? - Peoplesphere\" \/>\n<meta property=\"og:description\" content=\"Apr\u00e8s le \u00ab\u00a0quiet quitting\u00a0\u00bb et une s\u00e9rie d&rsquo;autres termes qui tentent d&rsquo;expliquer la baisse de l&rsquo;engagement au travail, un nouveau ph\u00e9nom\u00e8ne fait son apparition : le \u00ab\u00a0quiet cracking\u00a0\u00bb. \u00ab\u00a0Nous assistons \u00e0 une avalanche de nouveaux termes pour d\u00e9crire la productivit\u00e9 [&hellip;]\" \/>\n<meta property=\"og:url\" content=\"https:\/\/peoplesphere.be\/fr\/une-nouvelle-menace-silencieuse-pour-la-productivite-au-travail\/\" \/>\n<meta property=\"og:site_name\" content=\"Peoplesphere\" \/>\n<meta property=\"article:publisher\" content=\"https:\/\/www.facebook.com\/peoplesphere\" \/>\n<meta property=\"article:published_time\" content=\"2025-10-08T03:54:00+00:00\" \/>\n<meta property=\"og:image\" content=\"http:\/\/www.peoplesphere.be\/fr\/wp-content\/uploads\/2016\/07\/facebook-default-posting-1200x628px.jpg\" \/>\n<meta name=\"author\" content=\"Jean-Paul Erhard\" \/>\n<meta name=\"twitter:card\" content=\"summary_large_image\" \/>\n<meta name=\"twitter:creator\" content=\"@PeoplesphereMag\" \/>\n<meta name=\"twitter:site\" content=\"@PeoplesphereMag\" \/>\n<meta name=\"twitter:label1\" content=\"\u00c9crit par\" \/>\n\t<meta name=\"twitter:data1\" content=\"Jean-Paul Erhard\" \/>\n\t<meta name=\"twitter:label2\" content=\"Dur\u00e9e de lecture estim\u00e9e\" \/>\n\t<meta name=\"twitter:data2\" content=\"4 minutes\" \/>\n<script type=\"application\/ld+json\" class=\"yoast-schema-graph\">{\"@context\":\"https:\/\/schema.org\",\"@graph\":[{\"@type\":\"Article\",\"@id\":\"https:\/\/peoplesphere.be\/fr\/une-nouvelle-menace-silencieuse-pour-la-productivite-au-travail\/#article\",\"isPartOf\":{\"@id\":\"https:\/\/peoplesphere.be\/fr\/une-nouvelle-menace-silencieuse-pour-la-productivite-au-travail\/\"},\"author\":{\"name\":\"Jean-Paul Erhard\",\"@id\":\"https:\/\/peoplesphere.be\/fr\/#\/schema\/person\/7976225ff17988604334abb7b3536a7e\"},\"headline\":\"Une nouvelle menace silencieuse pour la productivit\u00e9 au travail?\",\"datePublished\":\"2025-10-08T03:54:00+00:00\",\"dateModified\":\"2025-10-08T03:54:00+00:00\",\"mainEntityOfPage\":{\"@id\":\"https:\/\/peoplesphere.be\/fr\/une-nouvelle-menace-silencieuse-pour-la-productivite-au-travail\/\"},\"wordCount\":736,\"publisher\":{\"@id\":\"https:\/\/peoplesphere.be\/fr\/#organization\"},\"keywords\":[\"engagement\",\"motivation\",\"performance\",\"productivit\u00e9\",\"quiet cracking\",\"sant\u00e9 mentale\"],\"articleSection\":[\"Actualit\u00e9s\",\"Digital\"],\"inLanguage\":\"fr-FR\"},{\"@type\":\"WebPage\",\"@id\":\"https:\/\/peoplesphere.be\/fr\/une-nouvelle-menace-silencieuse-pour-la-productivite-au-travail\/\",\"url\":\"https:\/\/peoplesphere.be\/fr\/une-nouvelle-menace-silencieuse-pour-la-productivite-au-travail\/\",\"name\":\"Une nouvelle menace silencieuse pour la productivit\u00e9 au travail? - Peoplesphere\",\"isPartOf\":{\"@id\":\"https:\/\/peoplesphere.be\/fr\/#website\"},\"datePublished\":\"2025-10-08T03:54:00+00:00\",\"dateModified\":\"2025-10-08T03:54:00+00:00\",\"breadcrumb\":{\"@id\":\"https:\/\/peoplesphere.be\/fr\/une-nouvelle-menace-silencieuse-pour-la-productivite-au-travail\/#breadcrumb\"},\"inLanguage\":\"fr-FR\",\"potentialAction\":[{\"@type\":\"ReadAction\",\"target\":[\"https:\/\/peoplesphere.be\/fr\/une-nouvelle-menace-silencieuse-pour-la-productivite-au-travail\/\"]}]},{\"@type\":\"BreadcrumbList\",\"@id\":\"https:\/\/peoplesphere.be\/fr\/une-nouvelle-menace-silencieuse-pour-la-productivite-au-travail\/#breadcrumb\",\"itemListElement\":[{\"@type\":\"ListItem\",\"position\":1,\"name\":\"Accueil\",\"item\":\"https:\/\/peoplesphere.be\/fr\/\"},{\"@type\":\"ListItem\",\"position\":2,\"name\":\"Une nouvelle menace silencieuse pour la productivit\u00e9 au travail?\"}]},{\"@type\":\"WebSite\",\"@id\":\"https:\/\/peoplesphere.be\/fr\/#website\",\"url\":\"https:\/\/peoplesphere.be\/fr\/\",\"name\":\"Peoplesphere\",\"description\":\"The People Managers Magazine\",\"publisher\":{\"@id\":\"https:\/\/peoplesphere.be\/fr\/#organization\"},\"potentialAction\":[{\"@type\":\"SearchAction\",\"target\":{\"@type\":\"EntryPoint\",\"urlTemplate\":\"https:\/\/peoplesphere.be\/fr\/?s={search_term_string}\"},\"query-input\":\"required name=search_term_string\"}],\"inLanguage\":\"fr-FR\"},{\"@type\":\"Organization\",\"@id\":\"https:\/\/peoplesphere.be\/fr\/#organization\",\"name\":\"Peoplesphere Company srl\",\"url\":\"https:\/\/peoplesphere.be\/fr\/\",\"logo\":{\"@type\":\"ImageObject\",\"inLanguage\":\"fr-FR\",\"@id\":\"https:\/\/peoplesphere.be\/fr\/#\/schema\/logo\/image\/\",\"url\":\"https:\/\/peoplesphere.be\/fr\/wp-content\/uploads\/2023\/07\/peoplesphere-lgo-new-generik.jpg\",\"contentUrl\":\"https:\/\/peoplesphere.be\/fr\/wp-content\/uploads\/2023\/07\/peoplesphere-lgo-new-generik.jpg\",\"width\":1031,\"height\":1479,\"caption\":\"Peoplesphere Company srl\"},\"image\":{\"@id\":\"https:\/\/peoplesphere.be\/fr\/#\/schema\/logo\/image\/\"},\"sameAs\":[\"https:\/\/www.facebook.com\/peoplesphere\",\"https:\/\/twitter.com\/PeoplesphereMag\",\"https:\/\/www.linkedin.com\/company\/7587361?trk\",\"http:\/\/youtube.com\/peoplesphere\"]},{\"@type\":\"Person\",\"@id\":\"https:\/\/peoplesphere.be\/fr\/#\/schema\/person\/7976225ff17988604334abb7b3536a7e\",\"name\":\"Jean-Paul Erhard\",\"image\":{\"@type\":\"ImageObject\",\"inLanguage\":\"fr-FR\",\"@id\":\"https:\/\/peoplesphere.be\/fr\/#\/schema\/person\/image\/\",\"url\":\"https:\/\/secure.gravatar.com\/avatar\/f941e681460179738071629a51574930?s=96&d=mm&r=g\",\"contentUrl\":\"https:\/\/secure.gravatar.com\/avatar\/f941e681460179738071629a51574930?s=96&d=mm&r=g\",\"caption\":\"Jean-Paul Erhard\"},\"url\":\"https:\/\/peoplesphere.be\/fr\/author\/jpe\/\"}]}<\/script>\n<!-- \/ Yoast SEO plugin. -->","yoast_head_json":{"title":"Une nouvelle menace silencieuse pour la productivit\u00e9 au travail? - Peoplesphere","robots":{"index":"index","follow":"follow","max-snippet":"max-snippet:-1","max-image-preview":"max-image-preview:large","max-video-preview":"max-video-preview:-1"},"canonical":"https:\/\/peoplesphere.be\/fr\/une-nouvelle-menace-silencieuse-pour-la-productivite-au-travail\/","og_locale":"fr_FR","og_type":"article","og_title":"Une nouvelle menace silencieuse pour la productivit\u00e9 au travail? - Peoplesphere","og_description":"Apr\u00e8s le \u00ab\u00a0quiet quitting\u00a0\u00bb et une s\u00e9rie d&rsquo;autres termes qui tentent d&rsquo;expliquer la baisse de l&rsquo;engagement au travail, un nouveau ph\u00e9nom\u00e8ne fait son apparition : le \u00ab\u00a0quiet cracking\u00a0\u00bb. \u00ab\u00a0Nous assistons \u00e0 une avalanche de nouveaux termes pour d\u00e9crire la productivit\u00e9 [&hellip;]","og_url":"https:\/\/peoplesphere.be\/fr\/une-nouvelle-menace-silencieuse-pour-la-productivite-au-travail\/","og_site_name":"Peoplesphere","article_publisher":"https:\/\/www.facebook.com\/peoplesphere","article_published_time":"2025-10-08T03:54:00+00:00","og_image":[{"url":"http:\/\/www.peoplesphere.be\/fr\/wp-content\/uploads\/2016\/07\/facebook-default-posting-1200x628px.jpg"}],"author":"Jean-Paul Erhard","twitter_card":"summary_large_image","twitter_creator":"@PeoplesphereMag","twitter_site":"@PeoplesphereMag","twitter_misc":{"\u00c9crit par":"Jean-Paul Erhard","Dur\u00e9e de lecture estim\u00e9e":"4 minutes"},"schema":{"@context":"https:\/\/schema.org","@graph":[{"@type":"Article","@id":"https:\/\/peoplesphere.be\/fr\/une-nouvelle-menace-silencieuse-pour-la-productivite-au-travail\/#article","isPartOf":{"@id":"https:\/\/peoplesphere.be\/fr\/une-nouvelle-menace-silencieuse-pour-la-productivite-au-travail\/"},"author":{"name":"Jean-Paul Erhard","@id":"https:\/\/peoplesphere.be\/fr\/#\/schema\/person\/7976225ff17988604334abb7b3536a7e"},"headline":"Une nouvelle menace silencieuse pour la productivit\u00e9 au travail?","datePublished":"2025-10-08T03:54:00+00:00","dateModified":"2025-10-08T03:54:00+00:00","mainEntityOfPage":{"@id":"https:\/\/peoplesphere.be\/fr\/une-nouvelle-menace-silencieuse-pour-la-productivite-au-travail\/"},"wordCount":736,"publisher":{"@id":"https:\/\/peoplesphere.be\/fr\/#organization"},"keywords":["engagement","motivation","performance","productivit\u00e9","quiet cracking","sant\u00e9 mentale"],"articleSection":["Actualit\u00e9s","Digital"],"inLanguage":"fr-FR"},{"@type":"WebPage","@id":"https:\/\/peoplesphere.be\/fr\/une-nouvelle-menace-silencieuse-pour-la-productivite-au-travail\/","url":"https:\/\/peoplesphere.be\/fr\/une-nouvelle-menace-silencieuse-pour-la-productivite-au-travail\/","name":"Une nouvelle menace silencieuse pour la productivit\u00e9 au travail? - Peoplesphere","isPartOf":{"@id":"https:\/\/peoplesphere.be\/fr\/#website"},"datePublished":"2025-10-08T03:54:00+00:00","dateModified":"2025-10-08T03:54:00+00:00","breadcrumb":{"@id":"https:\/\/peoplesphere.be\/fr\/une-nouvelle-menace-silencieuse-pour-la-productivite-au-travail\/#breadcrumb"},"inLanguage":"fr-FR","potentialAction":[{"@type":"ReadAction","target":["https:\/\/peoplesphere.be\/fr\/une-nouvelle-menace-silencieuse-pour-la-productivite-au-travail\/"]}]},{"@type":"BreadcrumbList","@id":"https:\/\/peoplesphere.be\/fr\/une-nouvelle-menace-silencieuse-pour-la-productivite-au-travail\/#breadcrumb","itemListElement":[{"@type":"ListItem","position":1,"name":"Accueil","item":"https:\/\/peoplesphere.be\/fr\/"},{"@type":"ListItem","position":2,"name":"Une nouvelle menace silencieuse pour la productivit\u00e9 au travail?"}]},{"@type":"WebSite","@id":"https:\/\/peoplesphere.be\/fr\/#website","url":"https:\/\/peoplesphere.be\/fr\/","name":"Peoplesphere","description":"The People Managers Magazine","publisher":{"@id":"https:\/\/peoplesphere.be\/fr\/#organization"},"potentialAction":[{"@type":"SearchAction","target":{"@type":"EntryPoint","urlTemplate":"https:\/\/peoplesphere.be\/fr\/?s={search_term_string}"},"query-input":"required name=search_term_string"}],"inLanguage":"fr-FR"},{"@type":"Organization","@id":"https:\/\/peoplesphere.be\/fr\/#organization","name":"Peoplesphere Company srl","url":"https:\/\/peoplesphere.be\/fr\/","logo":{"@type":"ImageObject","inLanguage":"fr-FR","@id":"https:\/\/peoplesphere.be\/fr\/#\/schema\/logo\/image\/","url":"https:\/\/peoplesphere.be\/fr\/wp-content\/uploads\/2023\/07\/peoplesphere-lgo-new-generik.jpg","contentUrl":"https:\/\/peoplesphere.be\/fr\/wp-content\/uploads\/2023\/07\/peoplesphere-lgo-new-generik.jpg","width":1031,"height":1479,"caption":"Peoplesphere Company srl"},"image":{"@id":"https:\/\/peoplesphere.be\/fr\/#\/schema\/logo\/image\/"},"sameAs":["https:\/\/www.facebook.com\/peoplesphere","https:\/\/twitter.com\/PeoplesphereMag","https:\/\/www.linkedin.com\/company\/7587361?trk","http:\/\/youtube.com\/peoplesphere"]},{"@type":"Person","@id":"https:\/\/peoplesphere.be\/fr\/#\/schema\/person\/7976225ff17988604334abb7b3536a7e","name":"Jean-Paul Erhard","image":{"@type":"ImageObject","inLanguage":"fr-FR","@id":"https:\/\/peoplesphere.be\/fr\/#\/schema\/person\/image\/","url":"https:\/\/secure.gravatar.com\/avatar\/f941e681460179738071629a51574930?s=96&d=mm&r=g","contentUrl":"https:\/\/secure.gravatar.com\/avatar\/f941e681460179738071629a51574930?s=96&d=mm&r=g","caption":"Jean-Paul Erhard"},"url":"https:\/\/peoplesphere.be\/fr\/author\/jpe\/"}]}},"_links":{"self":[{"href":"https:\/\/peoplesphere.be\/fr\/wp-json\/wp\/v2\/posts\/18300"}],"collection":[{"href":"https:\/\/peoplesphere.be\/fr\/wp-json\/wp\/v2\/posts"}],"about":[{"href":"https:\/\/peoplesphere.be\/fr\/wp-json\/wp\/v2\/types\/post"}],"author":[{"embeddable":true,"href":"https:\/\/peoplesphere.be\/fr\/wp-json\/wp\/v2\/users\/2"}],"replies":[{"embeddable":true,"href":"https:\/\/peoplesphere.be\/fr\/wp-json\/wp\/v2\/comments?post=18300"}],"version-history":[{"count":1,"href":"https:\/\/peoplesphere.be\/fr\/wp-json\/wp\/v2\/posts\/18300\/revisions"}],"predecessor-version":[{"id":18301,"href":"https:\/\/peoplesphere.be\/fr\/wp-json\/wp\/v2\/posts\/18300\/revisions\/18301"}],"wp:attachment":[{"href":"https:\/\/peoplesphere.be\/fr\/wp-json\/wp\/v2\/media?parent=18300"}],"wp:term":[{"taxonomy":"category","embeddable":true,"href":"https:\/\/peoplesphere.be\/fr\/wp-json\/wp\/v2\/categories?post=18300"},{"taxonomy":"post_tag","embeddable":true,"href":"https:\/\/peoplesphere.be\/fr\/wp-json\/wp\/v2\/tags?post=18300"}],"curies":[{"name":"wp","href":"https:\/\/api.w.org\/{rel}","templated":true}]}}