









{"id":18305,"date":"2025-10-09T08:51:55","date_gmt":"2025-10-09T06:51:55","guid":{"rendered":"https:\/\/peoplesphere.be\/fr\/?p=18305"},"modified":"2025-10-09T08:51:55","modified_gmt":"2025-10-09T06:51:55","slug":"loctroi-de-warrants-prend-une-place-importante-au-sein-des-plans-cafeteria-en-2025","status":"publish","type":"post","link":"https:\/\/peoplesphere.be\/fr\/loctroi-de-warrants-prend-une-place-importante-au-sein-des-plans-cafeteria-en-2025\/","title":{"rendered":"L&rsquo;octroi de warrants prend une place importante au sein des plans caf\u00e9t\u00e9ria en 2025."},"content":{"rendered":"<p>Le nombre de travailleurs optant pour des warrants dans le cadre d\u2019un plan caf\u00e9t\u00e9ria a augment\u00e9 de 20,8% cette ann\u00e9e : un travailleur sur 7 (14,5%) a recours \u00e0 ces options sur actions cot\u00e9es en bourse, qui permettent d\u2019acheter des actions \u00e0 un prix pr\u00e9d\u00e9termin\u00e9 pendant une certaine p\u00e9riode. De ce fait, parmi tous les \u00e9l\u00e9ments principaux propos\u00e9s dans un plan caf\u00e9t\u00e9ria, les warrants sont l\u2019option qui conna\u00eet la plus forte croissance.<!--more--><\/p>\n<p>Le top 3 des avantages les plus choisis ne change pas cette ann\u00e9e par rapport \u00e0 l\u2019ann\u00e9e derni\u00e8re : l\u2019\u00e9pargne-pension reste en t\u00eate avec un quart des choix (24,1%), suivie par les multim\u00e9dias comme un PC et un smartphone (21,9%) et des jours de vacances suppl\u00e9mentaires (18,1%). Les jeunes appr\u00e9cient particuli\u00e8rement ce dernier avantage extral\u00e9gal. En outre, les travailleurs \u00e2g\u00e9s choisissent bien plus l\u2019assurance hospitalisation et l\u2019\u00e9pargne-pension que leurs jeunes coll\u00e8gues.<\/p>\n<p>L&rsquo;analyse par Acerta des plans caf\u00e9t\u00e9ria 2025 de plus de 13.000 travailleurs livre le top 3 suivants des avantages pl\u00e9biscit\u00e9s :\u00a0\u00e9pargne-pension, multim\u00e9dia et jours de vacances suppl\u00e9mentaires.<br \/>\nL\u2019achat de jours de vacances (suppl\u00e9mentaires) a \u00e9t\u00e9 choisi par 20% des jeunes travailleurs (&lt;36 ans) ;<\/p>\n<h3><strong><em>Un travailleur sur 7 souscrit aux warrants dans son plan caf\u00e9t\u00e9ria.<\/em><\/strong><\/h3>\n<p>Le plan caf\u00e9t\u00e9ria d\u00e9signe un syst\u00e8me par lequel les employeurs permettent \u00e0 leurs collaborateurs de d\u00e9terminer comment ils utilisent une partie de leur r\u00e9mun\u00e9ration. L\u2019employeur cr\u00e9e le \u00ab\u00a0menu\u00a0\u00bb, et le budget \u00e0 d\u00e9penser correspond \u00e0 la prime de fin d\u2019ann\u00e9e, aux \u00e9ventuels bonus ou \u00e0 une partie du salaire brut. Pour les employeurs, le syst\u00e8me est int\u00e9ressant car les frais salariaux totaux ne changent pas ; les travailleurs, eux, profitent de l\u2019avantage de pouvoir adapter au mieux leur package salarial \u00e0 leurs besoins actuels. Le plan caf\u00e9t\u00e9ria constitue un outil pr\u00e9cieux qui permet aux employeurs d\u2019offrir tout de m\u00eame un package salarial plus attrayant aux travailleurs. D\u2019autant plus qu\u2019une augmentation l\u00e9gale ne sera pas possible l\u2019ann\u00e9e prochaine.<\/p>\n<p>L\u2019analyse annuelle de l\u2019expert en RH Acerta r\u00e9v\u00e8le que le top 3 des options les plus choisies n\u2019a pas chang\u00e9 cette ann\u00e9e par rapport \u00e0 l\u2019ann\u00e9e derni\u00e8re. L\u2019\u00e9pargne-pension \u2013 s\u00e9lectionn\u00e9e par plus de 24% des travailleurs dot\u00e9s d\u2019un plan caf\u00e9t\u00e9ria \u2013 reste le choix le plus populaire. En deuxi\u00e8me position, nous retrouvons tout ce qui rel\u00e8ve des multim\u00e9dias (PC, smartphone, abonnement Internet) \u2013 un peu moins de 22% des travailleurs choisissent ces avantages. Enfin, l\u2019achat de jours de vacances extral\u00e9gales \u2013 choisi par quelque 18% \u2013 vient compl\u00e9ter ce top 3.<\/p>\n<p>Catherine Langenaeken, experte en r\u00e9mun\u00e9ration chez Acerta : \u00ab\u00a0<em>La fluctuation de l\u2019option des multim\u00e9dias n\u2019est pas particuli\u00e8rement surprenante. Le nombre de travailleurs qui optent pour un PC ou un smartphone est par exemple le plus bas en 5 ans. En effet, l\u2019exp\u00e9rience nous apprend que les travailleurs ont tendance \u00e0 opter pour un mod\u00e8le de smartphone plus cher, qui dure donc un peu plus longtemps, dans le cadre d\u2019un plan caf\u00e9t\u00e9ria. Parall\u00e8lement, depuis le travail hybride, les employeurs investissent de plus en plus souvent en dehors du plan caf\u00e9t\u00e9ria dans les \u00e9quipements et la technologie pour que les collaborateurs soient facilement accessibles (par voie num\u00e9rique), m\u00eame en d\u00e9placement.\u00a0\u00bb<\/em><\/p>\n<h3><strong><em>Les warrants : la plus forte progression, en dehors du top 3<\/em><\/strong><\/h3>\n<p>Les warrants, ou options sur actions, ne figurent pas dans le top 3 des avantages extral\u00e9gaux cette ann\u00e9e, mais affichent une nette hausse dans les plans caf\u00e9t\u00e9ria. Leur popularit\u00e9 augmente pour la troisi\u00e8me ann\u00e9e cons\u00e9cutive. Entre-temps, ils concernent 14,5% en moyenne des participants \u00e0 un plan caf\u00e9t\u00e9ria.<\/p>\n<p>Catherine Langenaeken : \u00ab\u00a0<em>Auparavant m\u00e9connus et mal aim\u00e9s, les warrants ont r\u00e9ussi \u00e0 renverser la vapeur. Les employeurs, y compris les petites entreprises, sont d\u00e9sormais mieux inform\u00e9s sur les avantages du syst\u00e8me et cela porte ses fruits. \u200b \u200b Ces derni\u00e8res ann\u00e9es, la presse a aussi r\u00e9guli\u00e8rement abord\u00e9 les warrants, de sorte que le grand public les conna\u00eet mieux.\u00a0\u00bb<\/em><\/p>\n<h3><strong><em>L\u2019assurance et la pension pour les travailleurs \u00e2g\u00e9s<\/em><\/strong><\/h3>\n<p>Autre constat frappant observ\u00e9 dans les chiffres de cette ann\u00e9e : la diff\u00e9rence entre les choix op\u00e9r\u00e9s par les jeunes et les moins jeunes. Alors que les travailleurs d\u2019une tranche d\u2019\u00e2ge plus \u00e9lev\u00e9e souscrivent plus rapidement une assurance hospitalisation par l\u2019interm\u00e9diaire de leur employeur et une \u00e9pargne-pension, les jeunes travailleurs font plut\u00f4t des choix mat\u00e9riels et s\u2019int\u00e9ressent davantage \u00e0 leur \u00e9quilibre vie priv\u00e9e-vie professionnelle. L\u2019\u00e9pargne-pension et l\u2019assurance hospitalisation (25,1%) repr\u00e9sentent aussi les choix les plus populaires chez les plus jeunes (-25 ans), mais sont suivis de pr\u00e8s par les multim\u00e9dias (24,2%) et les jours de vacances suppl\u00e9mentaires (20,9%). Ces deux choix remportent moins de succ\u00e8s (respectivement 14,8% et 18%) chez les collaborateurs les plus \u00e2g\u00e9s (56-65 ans).<\/p>\n<p>Catherine Langenaeken : <em>\u00ab\u00a0On dit que les jeunes travailleurs investissent davantage dans un bon \u00e9quilibre vie priv\u00e9e-vie professionnelle que leurs coll\u00e8gues, et les cong\u00e9s suppl\u00e9mentaires s\u2019inscrivent \u00e9videmment dans cette tendance. Il peut s\u2019agir de prendre plus souvent un jour de vacances, mais aussi de pr\u00e9voir une p\u00e9riode de vacances plus longue, par exemple pour un voyage lointain. Le plan caf\u00e9t\u00e9ria peut r\u00e9pondre \u00e0 ce besoin.\u00a0\u00bb<\/em><\/p>\n<h3><strong><em>L\u2019impact de la voiture \u00e9lectrique sur la mobilit\u00e9 se fait attendre<\/em><\/strong><\/h3>\n<p>Enfin, avec la transition vers la conduite \u00e9lectrique, on pourrait s\u2019attendre \u00e0 ce que davantage de travailleurs investissent \u00e0 nouveau dans une voiture (\u00e9lectrique) dans le plan caf\u00e9t\u00e9ria, mais ce n\u2019est pas le cas (pour l\u2019instant). En effet, en 2025, seuls 2,8% des participants ont choisi cette option, et le taux stagne autour de ce niveau ces 3 derni\u00e8res ann\u00e9es. Par ailleurs, 0,4% des travailleurs ont d\u00e9cid\u00e9 d\u2019opter pour une borne de recharge. Un peu plus populaire, le v\u00e9lo est parvenu \u00e0 convaincre \u00e0 nouveau 5,4% des participants en 2025.<\/p>\n<p>&nbsp;<\/p>\n<p><em>Source: Acerta &#8211; les chiffres se basent sur les donn\u00e9es de les outils \u00ab\u00a0Benefit Motivation Plan\u00a0\u00bb et \u00ab\u00a0FlexPay\u00a0\u00bb d\u2019Acerta, dans lesquels plus de 13.000 travailleurs peuvent enregistrer leur choix dans le plan caf\u00e9t\u00e9ria de leur employeur.<\/em><\/p>\n","protected":false},"excerpt":{"rendered":"<p>Le nombre de travailleurs optant pour des warrants dans le cadre d\u2019un plan caf\u00e9t\u00e9ria a augment\u00e9 de 20,8% cette ann\u00e9e : un travailleur sur 7 (14,5%) a recours \u00e0 ces options sur actions cot\u00e9es en bourse, qui permettent d\u2019acheter des [&hellip;]<\/p>\n","protected":false},"author":2,"featured_media":0,"comment_status":"closed","ping_status":"open","sticky":false,"template":"","format":"standard","meta":[],"categories":[65,10],"tags":[273,374,108,283],"yoast_head":"<!-- This site is optimized with the Yoast SEO plugin v21.0 - https:\/\/yoast.com\/wordpress\/plugins\/seo\/ -->\n<title>L&#039;octroi de warrants prend une place importante au sein des plans caf\u00e9t\u00e9ria en 2025. - Peoplesphere<\/title>\n<meta name=\"robots\" content=\"index, follow, max-snippet:-1, max-image-preview:large, max-video-preview:-1\" \/>\n<link rel=\"canonical\" href=\"https:\/\/peoplesphere.be\/fr\/loctroi-de-warrants-prend-une-place-importante-au-sein-des-plans-cafeteria-en-2025\/\" \/>\n<meta property=\"og:locale\" content=\"fr_FR\" \/>\n<meta property=\"og:type\" content=\"article\" \/>\n<meta property=\"og:title\" content=\"L&#039;octroi de warrants prend une place importante au sein des plans caf\u00e9t\u00e9ria en 2025. - Peoplesphere\" \/>\n<meta property=\"og:description\" content=\"Le nombre de travailleurs optant pour des warrants dans le cadre d\u2019un plan caf\u00e9t\u00e9ria a augment\u00e9 de 20,8% cette ann\u00e9e : un travailleur sur 7 (14,5%) a recours \u00e0 ces options sur actions cot\u00e9es en bourse, qui permettent d\u2019acheter des [&hellip;]\" \/>\n<meta property=\"og:url\" content=\"https:\/\/peoplesphere.be\/fr\/loctroi-de-warrants-prend-une-place-importante-au-sein-des-plans-cafeteria-en-2025\/\" \/>\n<meta property=\"og:site_name\" content=\"Peoplesphere\" \/>\n<meta property=\"article:publisher\" content=\"https:\/\/www.facebook.com\/peoplesphere\" \/>\n<meta property=\"article:published_time\" content=\"2025-10-09T06:51:55+00:00\" \/>\n<meta property=\"og:image\" content=\"http:\/\/www.peoplesphere.be\/fr\/wp-content\/uploads\/2016\/07\/facebook-default-posting-1200x628px.jpg\" \/>\n<meta name=\"author\" content=\"Jean-Paul Erhard\" \/>\n<meta name=\"twitter:card\" content=\"summary_large_image\" \/>\n<meta name=\"twitter:creator\" content=\"@PeoplesphereMag\" \/>\n<meta name=\"twitter:site\" content=\"@PeoplesphereMag\" \/>\n<meta name=\"twitter:label1\" content=\"\u00c9crit par\" \/>\n\t<meta name=\"twitter:data1\" content=\"Jean-Paul Erhard\" \/>\n\t<meta name=\"twitter:label2\" content=\"Dur\u00e9e de lecture estim\u00e9e\" \/>\n\t<meta name=\"twitter:data2\" content=\"5 minutes\" \/>\n<script type=\"application\/ld+json\" class=\"yoast-schema-graph\">{\"@context\":\"https:\/\/schema.org\",\"@graph\":[{\"@type\":\"Article\",\"@id\":\"https:\/\/peoplesphere.be\/fr\/loctroi-de-warrants-prend-une-place-importante-au-sein-des-plans-cafeteria-en-2025\/#article\",\"isPartOf\":{\"@id\":\"https:\/\/peoplesphere.be\/fr\/loctroi-de-warrants-prend-une-place-importante-au-sein-des-plans-cafeteria-en-2025\/\"},\"author\":{\"name\":\"Jean-Paul Erhard\",\"@id\":\"https:\/\/peoplesphere.be\/fr\/#\/schema\/person\/7976225ff17988604334abb7b3536a7e\"},\"headline\":\"L&rsquo;octroi de warrants prend une place importante au sein des plans caf\u00e9t\u00e9ria en 2025.\",\"datePublished\":\"2025-10-09T06:51:55+00:00\",\"dateModified\":\"2025-10-09T06:51:55+00:00\",\"mainEntityOfPage\":{\"@id\":\"https:\/\/peoplesphere.be\/fr\/loctroi-de-warrants-prend-une-place-importante-au-sein-des-plans-cafeteria-en-2025\/\"},\"wordCount\":1083,\"publisher\":{\"@id\":\"https:\/\/peoplesphere.be\/fr\/#organization\"},\"keywords\":[\"plan caf\u00e9t\u00e9ria\",\"r\u00e9mun\u00e9rations\",\"salaires\",\"warrants\"],\"articleSection\":[\"Actualit\u00e9s\",\"Digital\"],\"inLanguage\":\"fr-FR\"},{\"@type\":\"WebPage\",\"@id\":\"https:\/\/peoplesphere.be\/fr\/loctroi-de-warrants-prend-une-place-importante-au-sein-des-plans-cafeteria-en-2025\/\",\"url\":\"https:\/\/peoplesphere.be\/fr\/loctroi-de-warrants-prend-une-place-importante-au-sein-des-plans-cafeteria-en-2025\/\",\"name\":\"L'octroi de warrants prend une place importante au sein des plans caf\u00e9t\u00e9ria en 2025. - Peoplesphere\",\"isPartOf\":{\"@id\":\"https:\/\/peoplesphere.be\/fr\/#website\"},\"datePublished\":\"2025-10-09T06:51:55+00:00\",\"dateModified\":\"2025-10-09T06:51:55+00:00\",\"breadcrumb\":{\"@id\":\"https:\/\/peoplesphere.be\/fr\/loctroi-de-warrants-prend-une-place-importante-au-sein-des-plans-cafeteria-en-2025\/#breadcrumb\"},\"inLanguage\":\"fr-FR\",\"potentialAction\":[{\"@type\":\"ReadAction\",\"target\":[\"https:\/\/peoplesphere.be\/fr\/loctroi-de-warrants-prend-une-place-importante-au-sein-des-plans-cafeteria-en-2025\/\"]}]},{\"@type\":\"BreadcrumbList\",\"@id\":\"https:\/\/peoplesphere.be\/fr\/loctroi-de-warrants-prend-une-place-importante-au-sein-des-plans-cafeteria-en-2025\/#breadcrumb\",\"itemListElement\":[{\"@type\":\"ListItem\",\"position\":1,\"name\":\"Accueil\",\"item\":\"https:\/\/peoplesphere.be\/fr\/\"},{\"@type\":\"ListItem\",\"position\":2,\"name\":\"L&rsquo;octroi de warrants prend une place importante au sein des plans caf\u00e9t\u00e9ria en 2025.\"}]},{\"@type\":\"WebSite\",\"@id\":\"https:\/\/peoplesphere.be\/fr\/#website\",\"url\":\"https:\/\/peoplesphere.be\/fr\/\",\"name\":\"Peoplesphere\",\"description\":\"The People Managers Magazine\",\"publisher\":{\"@id\":\"https:\/\/peoplesphere.be\/fr\/#organization\"},\"potentialAction\":[{\"@type\":\"SearchAction\",\"target\":{\"@type\":\"EntryPoint\",\"urlTemplate\":\"https:\/\/peoplesphere.be\/fr\/?s={search_term_string}\"},\"query-input\":\"required name=search_term_string\"}],\"inLanguage\":\"fr-FR\"},{\"@type\":\"Organization\",\"@id\":\"https:\/\/peoplesphere.be\/fr\/#organization\",\"name\":\"Peoplesphere Company srl\",\"url\":\"https:\/\/peoplesphere.be\/fr\/\",\"logo\":{\"@type\":\"ImageObject\",\"inLanguage\":\"fr-FR\",\"@id\":\"https:\/\/peoplesphere.be\/fr\/#\/schema\/logo\/image\/\",\"url\":\"https:\/\/peoplesphere.be\/fr\/wp-content\/uploads\/2023\/07\/peoplesphere-lgo-new-generik.jpg\",\"contentUrl\":\"https:\/\/peoplesphere.be\/fr\/wp-content\/uploads\/2023\/07\/peoplesphere-lgo-new-generik.jpg\",\"width\":1031,\"height\":1479,\"caption\":\"Peoplesphere Company srl\"},\"image\":{\"@id\":\"https:\/\/peoplesphere.be\/fr\/#\/schema\/logo\/image\/\"},\"sameAs\":[\"https:\/\/www.facebook.com\/peoplesphere\",\"https:\/\/twitter.com\/PeoplesphereMag\",\"https:\/\/www.linkedin.com\/company\/7587361?trk\",\"http:\/\/youtube.com\/peoplesphere\"]},{\"@type\":\"Person\",\"@id\":\"https:\/\/peoplesphere.be\/fr\/#\/schema\/person\/7976225ff17988604334abb7b3536a7e\",\"name\":\"Jean-Paul Erhard\",\"image\":{\"@type\":\"ImageObject\",\"inLanguage\":\"fr-FR\",\"@id\":\"https:\/\/peoplesphere.be\/fr\/#\/schema\/person\/image\/\",\"url\":\"https:\/\/secure.gravatar.com\/avatar\/f941e681460179738071629a51574930?s=96&d=mm&r=g\",\"contentUrl\":\"https:\/\/secure.gravatar.com\/avatar\/f941e681460179738071629a51574930?s=96&d=mm&r=g\",\"caption\":\"Jean-Paul Erhard\"},\"url\":\"https:\/\/peoplesphere.be\/fr\/author\/jpe\/\"}]}<\/script>\n<!-- \/ Yoast SEO plugin. -->","yoast_head_json":{"title":"L'octroi de warrants prend une place importante au sein des plans caf\u00e9t\u00e9ria en 2025. - Peoplesphere","robots":{"index":"index","follow":"follow","max-snippet":"max-snippet:-1","max-image-preview":"max-image-preview:large","max-video-preview":"max-video-preview:-1"},"canonical":"https:\/\/peoplesphere.be\/fr\/loctroi-de-warrants-prend-une-place-importante-au-sein-des-plans-cafeteria-en-2025\/","og_locale":"fr_FR","og_type":"article","og_title":"L'octroi de warrants prend une place importante au sein des plans caf\u00e9t\u00e9ria en 2025. - Peoplesphere","og_description":"Le nombre de travailleurs optant pour des warrants dans le cadre d\u2019un plan caf\u00e9t\u00e9ria a augment\u00e9 de 20,8% cette ann\u00e9e : un travailleur sur 7 (14,5%) a recours \u00e0 ces options sur actions cot\u00e9es en bourse, qui permettent d\u2019acheter des [&hellip;]","og_url":"https:\/\/peoplesphere.be\/fr\/loctroi-de-warrants-prend-une-place-importante-au-sein-des-plans-cafeteria-en-2025\/","og_site_name":"Peoplesphere","article_publisher":"https:\/\/www.facebook.com\/peoplesphere","article_published_time":"2025-10-09T06:51:55+00:00","og_image":[{"url":"http:\/\/www.peoplesphere.be\/fr\/wp-content\/uploads\/2016\/07\/facebook-default-posting-1200x628px.jpg"}],"author":"Jean-Paul Erhard","twitter_card":"summary_large_image","twitter_creator":"@PeoplesphereMag","twitter_site":"@PeoplesphereMag","twitter_misc":{"\u00c9crit par":"Jean-Paul Erhard","Dur\u00e9e de lecture estim\u00e9e":"5 minutes"},"schema":{"@context":"https:\/\/schema.org","@graph":[{"@type":"Article","@id":"https:\/\/peoplesphere.be\/fr\/loctroi-de-warrants-prend-une-place-importante-au-sein-des-plans-cafeteria-en-2025\/#article","isPartOf":{"@id":"https:\/\/peoplesphere.be\/fr\/loctroi-de-warrants-prend-une-place-importante-au-sein-des-plans-cafeteria-en-2025\/"},"author":{"name":"Jean-Paul Erhard","@id":"https:\/\/peoplesphere.be\/fr\/#\/schema\/person\/7976225ff17988604334abb7b3536a7e"},"headline":"L&rsquo;octroi de warrants prend une place importante au sein des plans caf\u00e9t\u00e9ria en 2025.","datePublished":"2025-10-09T06:51:55+00:00","dateModified":"2025-10-09T06:51:55+00:00","mainEntityOfPage":{"@id":"https:\/\/peoplesphere.be\/fr\/loctroi-de-warrants-prend-une-place-importante-au-sein-des-plans-cafeteria-en-2025\/"},"wordCount":1083,"publisher":{"@id":"https:\/\/peoplesphere.be\/fr\/#organization"},"keywords":["plan caf\u00e9t\u00e9ria","r\u00e9mun\u00e9rations","salaires","warrants"],"articleSection":["Actualit\u00e9s","Digital"],"inLanguage":"fr-FR"},{"@type":"WebPage","@id":"https:\/\/peoplesphere.be\/fr\/loctroi-de-warrants-prend-une-place-importante-au-sein-des-plans-cafeteria-en-2025\/","url":"https:\/\/peoplesphere.be\/fr\/loctroi-de-warrants-prend-une-place-importante-au-sein-des-plans-cafeteria-en-2025\/","name":"L'octroi de warrants prend une place importante au sein des plans caf\u00e9t\u00e9ria en 2025. - Peoplesphere","isPartOf":{"@id":"https:\/\/peoplesphere.be\/fr\/#website"},"datePublished":"2025-10-09T06:51:55+00:00","dateModified":"2025-10-09T06:51:55+00:00","breadcrumb":{"@id":"https:\/\/peoplesphere.be\/fr\/loctroi-de-warrants-prend-une-place-importante-au-sein-des-plans-cafeteria-en-2025\/#breadcrumb"},"inLanguage":"fr-FR","potentialAction":[{"@type":"ReadAction","target":["https:\/\/peoplesphere.be\/fr\/loctroi-de-warrants-prend-une-place-importante-au-sein-des-plans-cafeteria-en-2025\/"]}]},{"@type":"BreadcrumbList","@id":"https:\/\/peoplesphere.be\/fr\/loctroi-de-warrants-prend-une-place-importante-au-sein-des-plans-cafeteria-en-2025\/#breadcrumb","itemListElement":[{"@type":"ListItem","position":1,"name":"Accueil","item":"https:\/\/peoplesphere.be\/fr\/"},{"@type":"ListItem","position":2,"name":"L&rsquo;octroi de warrants prend une place importante au sein des plans caf\u00e9t\u00e9ria en 2025."}]},{"@type":"WebSite","@id":"https:\/\/peoplesphere.be\/fr\/#website","url":"https:\/\/peoplesphere.be\/fr\/","name":"Peoplesphere","description":"The People Managers Magazine","publisher":{"@id":"https:\/\/peoplesphere.be\/fr\/#organization"},"potentialAction":[{"@type":"SearchAction","target":{"@type":"EntryPoint","urlTemplate":"https:\/\/peoplesphere.be\/fr\/?s={search_term_string}"},"query-input":"required name=search_term_string"}],"inLanguage":"fr-FR"},{"@type":"Organization","@id":"https:\/\/peoplesphere.be\/fr\/#organization","name":"Peoplesphere Company srl","url":"https:\/\/peoplesphere.be\/fr\/","logo":{"@type":"ImageObject","inLanguage":"fr-FR","@id":"https:\/\/peoplesphere.be\/fr\/#\/schema\/logo\/image\/","url":"https:\/\/peoplesphere.be\/fr\/wp-content\/uploads\/2023\/07\/peoplesphere-lgo-new-generik.jpg","contentUrl":"https:\/\/peoplesphere.be\/fr\/wp-content\/uploads\/2023\/07\/peoplesphere-lgo-new-generik.jpg","width":1031,"height":1479,"caption":"Peoplesphere Company srl"},"image":{"@id":"https:\/\/peoplesphere.be\/fr\/#\/schema\/logo\/image\/"},"sameAs":["https:\/\/www.facebook.com\/peoplesphere","https:\/\/twitter.com\/PeoplesphereMag","https:\/\/www.linkedin.com\/company\/7587361?trk","http:\/\/youtube.com\/peoplesphere"]},{"@type":"Person","@id":"https:\/\/peoplesphere.be\/fr\/#\/schema\/person\/7976225ff17988604334abb7b3536a7e","name":"Jean-Paul Erhard","image":{"@type":"ImageObject","inLanguage":"fr-FR","@id":"https:\/\/peoplesphere.be\/fr\/#\/schema\/person\/image\/","url":"https:\/\/secure.gravatar.com\/avatar\/f941e681460179738071629a51574930?s=96&d=mm&r=g","contentUrl":"https:\/\/secure.gravatar.com\/avatar\/f941e681460179738071629a51574930?s=96&d=mm&r=g","caption":"Jean-Paul Erhard"},"url":"https:\/\/peoplesphere.be\/fr\/author\/jpe\/"}]}},"_links":{"self":[{"href":"https:\/\/peoplesphere.be\/fr\/wp-json\/wp\/v2\/posts\/18305"}],"collection":[{"href":"https:\/\/peoplesphere.be\/fr\/wp-json\/wp\/v2\/posts"}],"about":[{"href":"https:\/\/peoplesphere.be\/fr\/wp-json\/wp\/v2\/types\/post"}],"author":[{"embeddable":true,"href":"https:\/\/peoplesphere.be\/fr\/wp-json\/wp\/v2\/users\/2"}],"replies":[{"embeddable":true,"href":"https:\/\/peoplesphere.be\/fr\/wp-json\/wp\/v2\/comments?post=18305"}],"version-history":[{"count":1,"href":"https:\/\/peoplesphere.be\/fr\/wp-json\/wp\/v2\/posts\/18305\/revisions"}],"predecessor-version":[{"id":18306,"href":"https:\/\/peoplesphere.be\/fr\/wp-json\/wp\/v2\/posts\/18305\/revisions\/18306"}],"wp:attachment":[{"href":"https:\/\/peoplesphere.be\/fr\/wp-json\/wp\/v2\/media?parent=18305"}],"wp:term":[{"taxonomy":"category","embeddable":true,"href":"https:\/\/peoplesphere.be\/fr\/wp-json\/wp\/v2\/categories?post=18305"},{"taxonomy":"post_tag","embeddable":true,"href":"https:\/\/peoplesphere.be\/fr\/wp-json\/wp\/v2\/tags?post=18305"}],"curies":[{"name":"wp","href":"https:\/\/api.w.org\/{rel}","templated":true}]}}