









{"id":18309,"date":"2025-10-12T06:21:48","date_gmt":"2025-10-12T04:21:48","guid":{"rendered":"https:\/\/peoplesphere.be\/fr\/?p=18309"},"modified":"2025-10-13T06:24:10","modified_gmt":"2025-10-13T04:24:10","slug":"laugmentation-de-la-contribution-maximale-des-employeurs-pour-les-titres-repas-effective-a-partir-du-1er-janvier-prochain","status":"publish","type":"post","link":"https:\/\/peoplesphere.be\/fr\/laugmentation-de-la-contribution-maximale-des-employeurs-pour-les-titres-repas-effective-a-partir-du-1er-janvier-prochain\/","title":{"rendered":"L&rsquo;augmentation de la contribution maximale des employeurs pour les titres-repas effective \u00e0 partir du 1er janvier prochain."},"content":{"rendered":"<p>Sur proposition du ministre du Travail David Clarinval et du ministre des Affaires sociales Frank Vandenbroucke, le Conseil des ministres a approuv\u00e9 en deuxi\u00e8me lecture un projet d\u2019arr\u00eat\u00e9 royal qui augmente la contribution maximale de l\u2019employeur pour les titres-repas de 8 \u00e0 10 euros.<!--more--><\/p>\n<p>Le projet d\u2019arr\u00eat\u00e9 royal, adapt\u00e9 \u00e0 l&rsquo;avis du Conseil d&rsquo;Etat, pr\u00e9voit d\u2019augmenter de 2 euros (de 6,91 \u00e0 8,91 euros) l&rsquo;intervention maximale de l&#8217;employeur dans le montant du titre-repas qui est exon\u00e9r\u00e9 des cotisations ONSS.<\/p>\n<p>Cette augmentation entrera en vigueur le 1er janvier 2026. \u00c0 partir de cette date, des ch\u00e8ques-repas d&rsquo;une valeur maximale de 10 euros (au lieu de 8 euros) pourront donc \u00eatre attribu\u00e9s.<\/p>\n<p>Le projet est soumis \u00e0 la signature du Roi.<\/p>\n<p>&nbsp;<\/p>\n<p><em>Source : Cabinets des Ministres Clarinval et Vandenbroucke.<\/em><\/p>\n<p><em>Projet d\u2019arr\u00eat\u00e9 royal modifiant l\u2019article 19bis de l\u2019arr\u00eat\u00e9 royal du 28 novembre 1969 pris en ex\u00e9cution de la loi du 27 juin 1969 r\u00e9visant l\u2019arr\u00eat\u00e9-loi du 28 d\u00e9cembre 1944 concernant la s\u00e9curit\u00e9 sociale des travailleurs<\/em><\/p>\n","protected":false},"excerpt":{"rendered":"<p>Sur proposition du ministre du Travail David Clarinval et du ministre des Affaires sociales Frank Vandenbroucke, le Conseil des ministres a approuv\u00e9 en deuxi\u00e8me lecture un projet d\u2019arr\u00eat\u00e9 royal qui augmente la contribution maximale de l\u2019employeur pour les titres-repas de [&hellip;]<\/p>\n","protected":false},"author":2,"featured_media":0,"comment_status":"closed","ping_status":"open","sticky":false,"template":"","format":"standard","meta":[],"categories":[65,10],"tags":[148,358,582],"yoast_head":"<!-- This site is optimized with the Yoast SEO plugin v21.0 - https:\/\/yoast.com\/wordpress\/plugins\/seo\/ -->\n<title>L&#039;augmentation de la contribution maximale des employeurs pour les titres-repas effective \u00e0 partir du 1er janvier prochain. - Peoplesphere<\/title>\n<meta name=\"robots\" content=\"index, follow, max-snippet:-1, max-image-preview:large, max-video-preview:-1\" \/>\n<link rel=\"canonical\" href=\"https:\/\/peoplesphere.be\/fr\/laugmentation-de-la-contribution-maximale-des-employeurs-pour-les-titres-repas-effective-a-partir-du-1er-janvier-prochain\/\" \/>\n<meta property=\"og:locale\" content=\"fr_FR\" \/>\n<meta property=\"og:type\" content=\"article\" \/>\n<meta property=\"og:title\" content=\"L&#039;augmentation de la contribution maximale des employeurs pour les titres-repas effective \u00e0 partir du 1er janvier prochain. - Peoplesphere\" \/>\n<meta property=\"og:description\" content=\"Sur proposition du ministre du Travail David Clarinval et du ministre des Affaires sociales Frank Vandenbroucke, le Conseil des ministres a approuv\u00e9 en deuxi\u00e8me lecture un projet d\u2019arr\u00eat\u00e9 royal qui augmente la contribution maximale de l\u2019employeur pour les titres-repas de [&hellip;]\" \/>\n<meta property=\"og:url\" content=\"https:\/\/peoplesphere.be\/fr\/laugmentation-de-la-contribution-maximale-des-employeurs-pour-les-titres-repas-effective-a-partir-du-1er-janvier-prochain\/\" \/>\n<meta property=\"og:site_name\" content=\"Peoplesphere\" \/>\n<meta property=\"article:publisher\" content=\"https:\/\/www.facebook.com\/peoplesphere\" \/>\n<meta property=\"article:published_time\" content=\"2025-10-12T04:21:48+00:00\" \/>\n<meta property=\"article:modified_time\" content=\"2025-10-13T04:24:10+00:00\" \/>\n<meta property=\"og:image\" content=\"http:\/\/www.peoplesphere.be\/fr\/wp-content\/uploads\/2016\/07\/facebook-default-posting-1200x628px.jpg\" \/>\n<meta name=\"author\" content=\"Jean-Paul Erhard\" \/>\n<meta name=\"twitter:card\" content=\"summary_large_image\" \/>\n<meta name=\"twitter:creator\" content=\"@PeoplesphereMag\" \/>\n<meta name=\"twitter:site\" content=\"@PeoplesphereMag\" \/>\n<meta name=\"twitter:label1\" content=\"\u00c9crit par\" \/>\n\t<meta name=\"twitter:data1\" content=\"Jean-Paul Erhard\" \/>\n\t<meta name=\"twitter:label2\" content=\"Dur\u00e9e de lecture estim\u00e9e\" \/>\n\t<meta name=\"twitter:data2\" content=\"1 minute\" \/>\n<script type=\"application\/ld+json\" class=\"yoast-schema-graph\">{\"@context\":\"https:\/\/schema.org\",\"@graph\":[{\"@type\":\"Article\",\"@id\":\"https:\/\/peoplesphere.be\/fr\/laugmentation-de-la-contribution-maximale-des-employeurs-pour-les-titres-repas-effective-a-partir-du-1er-janvier-prochain\/#article\",\"isPartOf\":{\"@id\":\"https:\/\/peoplesphere.be\/fr\/laugmentation-de-la-contribution-maximale-des-employeurs-pour-les-titres-repas-effective-a-partir-du-1er-janvier-prochain\/\"},\"author\":{\"name\":\"Jean-Paul Erhard\",\"@id\":\"https:\/\/peoplesphere.be\/fr\/#\/schema\/person\/7976225ff17988604334abb7b3536a7e\"},\"headline\":\"L&rsquo;augmentation de la contribution maximale des employeurs pour les titres-repas effective \u00e0 partir du 1er janvier prochain.\",\"datePublished\":\"2025-10-12T04:21:48+00:00\",\"dateModified\":\"2025-10-13T04:24:10+00:00\",\"mainEntityOfPage\":{\"@id\":\"https:\/\/peoplesphere.be\/fr\/laugmentation-de-la-contribution-maximale-des-employeurs-pour-les-titres-repas-effective-a-partir-du-1er-janvier-prochain\/\"},\"wordCount\":182,\"publisher\":{\"@id\":\"https:\/\/peoplesphere.be\/fr\/#organization\"},\"keywords\":[\"pouvoir d'achat\",\"r\u00e9mun\u00e9rations alternatives\",\"titres-repas\"],\"articleSection\":[\"Actualit\u00e9s\",\"Digital\"],\"inLanguage\":\"fr-FR\"},{\"@type\":\"WebPage\",\"@id\":\"https:\/\/peoplesphere.be\/fr\/laugmentation-de-la-contribution-maximale-des-employeurs-pour-les-titres-repas-effective-a-partir-du-1er-janvier-prochain\/\",\"url\":\"https:\/\/peoplesphere.be\/fr\/laugmentation-de-la-contribution-maximale-des-employeurs-pour-les-titres-repas-effective-a-partir-du-1er-janvier-prochain\/\",\"name\":\"L'augmentation de la contribution maximale des employeurs pour les titres-repas effective \u00e0 partir du 1er janvier prochain. - Peoplesphere\",\"isPartOf\":{\"@id\":\"https:\/\/peoplesphere.be\/fr\/#website\"},\"datePublished\":\"2025-10-12T04:21:48+00:00\",\"dateModified\":\"2025-10-13T04:24:10+00:00\",\"breadcrumb\":{\"@id\":\"https:\/\/peoplesphere.be\/fr\/laugmentation-de-la-contribution-maximale-des-employeurs-pour-les-titres-repas-effective-a-partir-du-1er-janvier-prochain\/#breadcrumb\"},\"inLanguage\":\"fr-FR\",\"potentialAction\":[{\"@type\":\"ReadAction\",\"target\":[\"https:\/\/peoplesphere.be\/fr\/laugmentation-de-la-contribution-maximale-des-employeurs-pour-les-titres-repas-effective-a-partir-du-1er-janvier-prochain\/\"]}]},{\"@type\":\"BreadcrumbList\",\"@id\":\"https:\/\/peoplesphere.be\/fr\/laugmentation-de-la-contribution-maximale-des-employeurs-pour-les-titres-repas-effective-a-partir-du-1er-janvier-prochain\/#breadcrumb\",\"itemListElement\":[{\"@type\":\"ListItem\",\"position\":1,\"name\":\"Accueil\",\"item\":\"https:\/\/peoplesphere.be\/fr\/\"},{\"@type\":\"ListItem\",\"position\":2,\"name\":\"L&rsquo;augmentation de la contribution maximale des employeurs pour les titres-repas effective \u00e0 partir du 1er janvier prochain.\"}]},{\"@type\":\"WebSite\",\"@id\":\"https:\/\/peoplesphere.be\/fr\/#website\",\"url\":\"https:\/\/peoplesphere.be\/fr\/\",\"name\":\"Peoplesphere\",\"description\":\"The People Managers Magazine\",\"publisher\":{\"@id\":\"https:\/\/peoplesphere.be\/fr\/#organization\"},\"potentialAction\":[{\"@type\":\"SearchAction\",\"target\":{\"@type\":\"EntryPoint\",\"urlTemplate\":\"https:\/\/peoplesphere.be\/fr\/?s={search_term_string}\"},\"query-input\":\"required name=search_term_string\"}],\"inLanguage\":\"fr-FR\"},{\"@type\":\"Organization\",\"@id\":\"https:\/\/peoplesphere.be\/fr\/#organization\",\"name\":\"Peoplesphere Company srl\",\"url\":\"https:\/\/peoplesphere.be\/fr\/\",\"logo\":{\"@type\":\"ImageObject\",\"inLanguage\":\"fr-FR\",\"@id\":\"https:\/\/peoplesphere.be\/fr\/#\/schema\/logo\/image\/\",\"url\":\"https:\/\/peoplesphere.be\/fr\/wp-content\/uploads\/2023\/07\/peoplesphere-lgo-new-generik.jpg\",\"contentUrl\":\"https:\/\/peoplesphere.be\/fr\/wp-content\/uploads\/2023\/07\/peoplesphere-lgo-new-generik.jpg\",\"width\":1031,\"height\":1479,\"caption\":\"Peoplesphere Company srl\"},\"image\":{\"@id\":\"https:\/\/peoplesphere.be\/fr\/#\/schema\/logo\/image\/\"},\"sameAs\":[\"https:\/\/www.facebook.com\/peoplesphere\",\"https:\/\/twitter.com\/PeoplesphereMag\",\"https:\/\/www.linkedin.com\/company\/7587361?trk\",\"http:\/\/youtube.com\/peoplesphere\"]},{\"@type\":\"Person\",\"@id\":\"https:\/\/peoplesphere.be\/fr\/#\/schema\/person\/7976225ff17988604334abb7b3536a7e\",\"name\":\"Jean-Paul Erhard\",\"image\":{\"@type\":\"ImageObject\",\"inLanguage\":\"fr-FR\",\"@id\":\"https:\/\/peoplesphere.be\/fr\/#\/schema\/person\/image\/\",\"url\":\"https:\/\/secure.gravatar.com\/avatar\/f941e681460179738071629a51574930?s=96&d=mm&r=g\",\"contentUrl\":\"https:\/\/secure.gravatar.com\/avatar\/f941e681460179738071629a51574930?s=96&d=mm&r=g\",\"caption\":\"Jean-Paul Erhard\"},\"url\":\"https:\/\/peoplesphere.be\/fr\/author\/jpe\/\"}]}<\/script>\n<!-- \/ Yoast SEO plugin. -->","yoast_head_json":{"title":"L'augmentation de la contribution maximale des employeurs pour les titres-repas effective \u00e0 partir du 1er janvier prochain. - Peoplesphere","robots":{"index":"index","follow":"follow","max-snippet":"max-snippet:-1","max-image-preview":"max-image-preview:large","max-video-preview":"max-video-preview:-1"},"canonical":"https:\/\/peoplesphere.be\/fr\/laugmentation-de-la-contribution-maximale-des-employeurs-pour-les-titres-repas-effective-a-partir-du-1er-janvier-prochain\/","og_locale":"fr_FR","og_type":"article","og_title":"L'augmentation de la contribution maximale des employeurs pour les titres-repas effective \u00e0 partir du 1er janvier prochain. - Peoplesphere","og_description":"Sur proposition du ministre du Travail David Clarinval et du ministre des Affaires sociales Frank Vandenbroucke, le Conseil des ministres a approuv\u00e9 en deuxi\u00e8me lecture un projet d\u2019arr\u00eat\u00e9 royal qui augmente la contribution maximale de l\u2019employeur pour les titres-repas de [&hellip;]","og_url":"https:\/\/peoplesphere.be\/fr\/laugmentation-de-la-contribution-maximale-des-employeurs-pour-les-titres-repas-effective-a-partir-du-1er-janvier-prochain\/","og_site_name":"Peoplesphere","article_publisher":"https:\/\/www.facebook.com\/peoplesphere","article_published_time":"2025-10-12T04:21:48+00:00","article_modified_time":"2025-10-13T04:24:10+00:00","og_image":[{"url":"http:\/\/www.peoplesphere.be\/fr\/wp-content\/uploads\/2016\/07\/facebook-default-posting-1200x628px.jpg"}],"author":"Jean-Paul Erhard","twitter_card":"summary_large_image","twitter_creator":"@PeoplesphereMag","twitter_site":"@PeoplesphereMag","twitter_misc":{"\u00c9crit par":"Jean-Paul Erhard","Dur\u00e9e de lecture estim\u00e9e":"1 minute"},"schema":{"@context":"https:\/\/schema.org","@graph":[{"@type":"Article","@id":"https:\/\/peoplesphere.be\/fr\/laugmentation-de-la-contribution-maximale-des-employeurs-pour-les-titres-repas-effective-a-partir-du-1er-janvier-prochain\/#article","isPartOf":{"@id":"https:\/\/peoplesphere.be\/fr\/laugmentation-de-la-contribution-maximale-des-employeurs-pour-les-titres-repas-effective-a-partir-du-1er-janvier-prochain\/"},"author":{"name":"Jean-Paul Erhard","@id":"https:\/\/peoplesphere.be\/fr\/#\/schema\/person\/7976225ff17988604334abb7b3536a7e"},"headline":"L&rsquo;augmentation de la contribution maximale des employeurs pour les titres-repas effective \u00e0 partir du 1er janvier prochain.","datePublished":"2025-10-12T04:21:48+00:00","dateModified":"2025-10-13T04:24:10+00:00","mainEntityOfPage":{"@id":"https:\/\/peoplesphere.be\/fr\/laugmentation-de-la-contribution-maximale-des-employeurs-pour-les-titres-repas-effective-a-partir-du-1er-janvier-prochain\/"},"wordCount":182,"publisher":{"@id":"https:\/\/peoplesphere.be\/fr\/#organization"},"keywords":["pouvoir d'achat","r\u00e9mun\u00e9rations alternatives","titres-repas"],"articleSection":["Actualit\u00e9s","Digital"],"inLanguage":"fr-FR"},{"@type":"WebPage","@id":"https:\/\/peoplesphere.be\/fr\/laugmentation-de-la-contribution-maximale-des-employeurs-pour-les-titres-repas-effective-a-partir-du-1er-janvier-prochain\/","url":"https:\/\/peoplesphere.be\/fr\/laugmentation-de-la-contribution-maximale-des-employeurs-pour-les-titres-repas-effective-a-partir-du-1er-janvier-prochain\/","name":"L'augmentation de la contribution maximale des employeurs pour les titres-repas effective \u00e0 partir du 1er janvier prochain. - Peoplesphere","isPartOf":{"@id":"https:\/\/peoplesphere.be\/fr\/#website"},"datePublished":"2025-10-12T04:21:48+00:00","dateModified":"2025-10-13T04:24:10+00:00","breadcrumb":{"@id":"https:\/\/peoplesphere.be\/fr\/laugmentation-de-la-contribution-maximale-des-employeurs-pour-les-titres-repas-effective-a-partir-du-1er-janvier-prochain\/#breadcrumb"},"inLanguage":"fr-FR","potentialAction":[{"@type":"ReadAction","target":["https:\/\/peoplesphere.be\/fr\/laugmentation-de-la-contribution-maximale-des-employeurs-pour-les-titres-repas-effective-a-partir-du-1er-janvier-prochain\/"]}]},{"@type":"BreadcrumbList","@id":"https:\/\/peoplesphere.be\/fr\/laugmentation-de-la-contribution-maximale-des-employeurs-pour-les-titres-repas-effective-a-partir-du-1er-janvier-prochain\/#breadcrumb","itemListElement":[{"@type":"ListItem","position":1,"name":"Accueil","item":"https:\/\/peoplesphere.be\/fr\/"},{"@type":"ListItem","position":2,"name":"L&rsquo;augmentation de la contribution maximale des employeurs pour les titres-repas effective \u00e0 partir du 1er janvier prochain."}]},{"@type":"WebSite","@id":"https:\/\/peoplesphere.be\/fr\/#website","url":"https:\/\/peoplesphere.be\/fr\/","name":"Peoplesphere","description":"The People Managers Magazine","publisher":{"@id":"https:\/\/peoplesphere.be\/fr\/#organization"},"potentialAction":[{"@type":"SearchAction","target":{"@type":"EntryPoint","urlTemplate":"https:\/\/peoplesphere.be\/fr\/?s={search_term_string}"},"query-input":"required name=search_term_string"}],"inLanguage":"fr-FR"},{"@type":"Organization","@id":"https:\/\/peoplesphere.be\/fr\/#organization","name":"Peoplesphere Company srl","url":"https:\/\/peoplesphere.be\/fr\/","logo":{"@type":"ImageObject","inLanguage":"fr-FR","@id":"https:\/\/peoplesphere.be\/fr\/#\/schema\/logo\/image\/","url":"https:\/\/peoplesphere.be\/fr\/wp-content\/uploads\/2023\/07\/peoplesphere-lgo-new-generik.jpg","contentUrl":"https:\/\/peoplesphere.be\/fr\/wp-content\/uploads\/2023\/07\/peoplesphere-lgo-new-generik.jpg","width":1031,"height":1479,"caption":"Peoplesphere Company srl"},"image":{"@id":"https:\/\/peoplesphere.be\/fr\/#\/schema\/logo\/image\/"},"sameAs":["https:\/\/www.facebook.com\/peoplesphere","https:\/\/twitter.com\/PeoplesphereMag","https:\/\/www.linkedin.com\/company\/7587361?trk","http:\/\/youtube.com\/peoplesphere"]},{"@type":"Person","@id":"https:\/\/peoplesphere.be\/fr\/#\/schema\/person\/7976225ff17988604334abb7b3536a7e","name":"Jean-Paul Erhard","image":{"@type":"ImageObject","inLanguage":"fr-FR","@id":"https:\/\/peoplesphere.be\/fr\/#\/schema\/person\/image\/","url":"https:\/\/secure.gravatar.com\/avatar\/f941e681460179738071629a51574930?s=96&d=mm&r=g","contentUrl":"https:\/\/secure.gravatar.com\/avatar\/f941e681460179738071629a51574930?s=96&d=mm&r=g","caption":"Jean-Paul Erhard"},"url":"https:\/\/peoplesphere.be\/fr\/author\/jpe\/"}]}},"_links":{"self":[{"href":"https:\/\/peoplesphere.be\/fr\/wp-json\/wp\/v2\/posts\/18309"}],"collection":[{"href":"https:\/\/peoplesphere.be\/fr\/wp-json\/wp\/v2\/posts"}],"about":[{"href":"https:\/\/peoplesphere.be\/fr\/wp-json\/wp\/v2\/types\/post"}],"author":[{"embeddable":true,"href":"https:\/\/peoplesphere.be\/fr\/wp-json\/wp\/v2\/users\/2"}],"replies":[{"embeddable":true,"href":"https:\/\/peoplesphere.be\/fr\/wp-json\/wp\/v2\/comments?post=18309"}],"version-history":[{"count":1,"href":"https:\/\/peoplesphere.be\/fr\/wp-json\/wp\/v2\/posts\/18309\/revisions"}],"predecessor-version":[{"id":18310,"href":"https:\/\/peoplesphere.be\/fr\/wp-json\/wp\/v2\/posts\/18309\/revisions\/18310"}],"wp:attachment":[{"href":"https:\/\/peoplesphere.be\/fr\/wp-json\/wp\/v2\/media?parent=18309"}],"wp:term":[{"taxonomy":"category","embeddable":true,"href":"https:\/\/peoplesphere.be\/fr\/wp-json\/wp\/v2\/categories?post=18309"},{"taxonomy":"post_tag","embeddable":true,"href":"https:\/\/peoplesphere.be\/fr\/wp-json\/wp\/v2\/tags?post=18309"}],"curies":[{"name":"wp","href":"https:\/\/api.w.org\/{rel}","templated":true}]}}