









{"id":18322,"date":"2025-10-14T17:35:01","date_gmt":"2025-10-14T15:35:01","guid":{"rendered":"https:\/\/peoplesphere.be\/fr\/?p=18322"},"modified":"2025-10-14T17:35:01","modified_gmt":"2025-10-14T15:35:01","slug":"le-taux-de-syndicalisation-des-travailleurs-chute-en-europe-et-particulierement-en-belgique","status":"publish","type":"post","link":"https:\/\/peoplesphere.be\/fr\/le-taux-de-syndicalisation-des-travailleurs-chute-en-europe-et-particulierement-en-belgique\/","title":{"rendered":"Le taux de syndicalisation des travailleurs chute en Europe, et particuli\u00e8rement en Belgique."},"content":{"rendered":"<p>Le taux de syndicalisation a diminu\u00e9 dans la plupart des pays europ\u00e9ens entre 2016 et 2023. C\u2019est en Belgique que l\u2019on enregistre la plus forte baisse, ressort-il d\u2019une \u00e9tude de l\u2019Institut allemand d\u2019\u00e9tudes \u00e9conomiques IW (Institut der deutschen Wirtschaft, bas\u00e9 \u00e0 Cologne) reprise par la RTBF et Belga.<!--more--><\/p>\n<p>L\u2019Institut a examin\u00e9 le taux d\u2019adh\u00e9sion des travailleurs \u00e0 un syndicat (hors ch\u00f4meurs et pensionn\u00e9s) dans quatorze pays europ\u00e9ens. La RTBF pointe ce taux qui a diminu\u00e9 dans treize pays entre 2016 et 2023.<\/p>\n<p><em>\u00ab\u00a0Seule l\u2019Autriche enregistre une hausse, le taux y passant de 27,8% \u00e0 32,1%.<\/em><\/p>\n<p><em>Le rapport de l\u2019IW montre que les syndicats belges ont connu la plus forte diminution du nombre d\u2019adh\u00e9rents. Le taux de syndicalisation est pass\u00e9 en Belgique de 52,4% en 2016 \u00e0 39% en 2023. Ce taux est de 54,2% dans le secteur manufacturier et de 35% dans le secteur des services. La Belgique conserve toutefois sa quatri\u00e8me place sur les quatorze pays \u00e9tudi\u00e9s.<\/em><\/p>\n<p><em>En Belgique, 24,5% des salari\u00e9s \u00e2g\u00e9s de 16 \u00e0 30 ans \u00e9taient syndiqu\u00e9s en 2023, contre 39,8% chez les 31 \u00e0 50 ans et 47,4% pour les 51 \u00e0 65 ans.\u00a0\u00bb<\/em><\/p>\n<h3><strong><em>Difficult\u00e9 \u00e0 convaincre les jeunes&#8230;<\/em><\/strong><\/h3>\n<p><em>\u00ab\u00a0La Su\u00e8de est le pays le plus syndiqu\u00e9 (72,3% en 2023), devant la Finlande (67,8%), la Norv\u00e8ge (57,5%) et la Belgique (39%).<\/em><\/p>\n<p><em>En queue de classement, on trouve la France (9,1%), la Pologne (7,8%) et la Hongrie (5,6%). Selon l\u2019IW, La difficult\u00e9 des syndicats \u00e0 convaincre les jeunes est une des principales raisons du d\u00e9clin du taux de syndicalisation.\u00a0\u00bb<\/em><\/p>\n<p>&nbsp;<\/p>\n<p><em>Source: RTBF &#8211; Belga<\/em><\/p>\n","protected":false},"excerpt":{"rendered":"<p>Le taux de syndicalisation a diminu\u00e9 dans la plupart des pays europ\u00e9ens entre 2016 et 2023. C\u2019est en Belgique que l\u2019on enregistre la plus forte baisse, ressort-il d\u2019une \u00e9tude de l\u2019Institut allemand d\u2019\u00e9tudes \u00e9conomiques IW (Institut der deutschen Wirtschaft, bas\u00e9 [&hellip;]<\/p>\n","protected":false},"author":2,"featured_media":0,"comment_status":"closed","ping_status":"open","sticky":false,"template":"","format":"standard","meta":[],"categories":[65,10],"tags":[332,110],"yoast_head":"<!-- This site is optimized with the Yoast SEO plugin v21.0 - https:\/\/yoast.com\/wordpress\/plugins\/seo\/ -->\n<title>Le taux de syndicalisation des travailleurs chute en Europe, et particuli\u00e8rement en Belgique. - Peoplesphere<\/title>\n<meta name=\"robots\" content=\"index, follow, max-snippet:-1, max-image-preview:large, max-video-preview:-1\" \/>\n<link rel=\"canonical\" href=\"https:\/\/peoplesphere.be\/fr\/le-taux-de-syndicalisation-des-travailleurs-chute-en-europe-et-particulierement-en-belgique\/\" \/>\n<meta property=\"og:locale\" content=\"fr_FR\" \/>\n<meta property=\"og:type\" content=\"article\" \/>\n<meta property=\"og:title\" content=\"Le taux de syndicalisation des travailleurs chute en Europe, et particuli\u00e8rement en Belgique. - Peoplesphere\" \/>\n<meta property=\"og:description\" content=\"Le taux de syndicalisation a diminu\u00e9 dans la plupart des pays europ\u00e9ens entre 2016 et 2023. C\u2019est en Belgique que l\u2019on enregistre la plus forte baisse, ressort-il d\u2019une \u00e9tude de l\u2019Institut allemand d\u2019\u00e9tudes \u00e9conomiques IW (Institut der deutschen Wirtschaft, bas\u00e9 [&hellip;]\" \/>\n<meta property=\"og:url\" content=\"https:\/\/peoplesphere.be\/fr\/le-taux-de-syndicalisation-des-travailleurs-chute-en-europe-et-particulierement-en-belgique\/\" \/>\n<meta property=\"og:site_name\" content=\"Peoplesphere\" \/>\n<meta property=\"article:publisher\" content=\"https:\/\/www.facebook.com\/peoplesphere\" \/>\n<meta property=\"article:published_time\" content=\"2025-10-14T15:35:01+00:00\" \/>\n<meta property=\"og:image\" content=\"http:\/\/www.peoplesphere.be\/fr\/wp-content\/uploads\/2016\/07\/facebook-default-posting-1200x628px.jpg\" \/>\n<meta name=\"author\" content=\"Jean-Paul Erhard\" \/>\n<meta name=\"twitter:card\" content=\"summary_large_image\" \/>\n<meta name=\"twitter:creator\" content=\"@PeoplesphereMag\" \/>\n<meta name=\"twitter:site\" content=\"@PeoplesphereMag\" \/>\n<meta name=\"twitter:label1\" content=\"\u00c9crit par\" \/>\n\t<meta name=\"twitter:data1\" content=\"Jean-Paul Erhard\" \/>\n\t<meta name=\"twitter:label2\" content=\"Dur\u00e9e de lecture estim\u00e9e\" \/>\n\t<meta name=\"twitter:data2\" content=\"2 minutes\" \/>\n<script type=\"application\/ld+json\" class=\"yoast-schema-graph\">{\"@context\":\"https:\/\/schema.org\",\"@graph\":[{\"@type\":\"Article\",\"@id\":\"https:\/\/peoplesphere.be\/fr\/le-taux-de-syndicalisation-des-travailleurs-chute-en-europe-et-particulierement-en-belgique\/#article\",\"isPartOf\":{\"@id\":\"https:\/\/peoplesphere.be\/fr\/le-taux-de-syndicalisation-des-travailleurs-chute-en-europe-et-particulierement-en-belgique\/\"},\"author\":{\"name\":\"Jean-Paul Erhard\",\"@id\":\"https:\/\/peoplesphere.be\/fr\/#\/schema\/person\/7976225ff17988604334abb7b3536a7e\"},\"headline\":\"Le taux de syndicalisation des travailleurs chute en Europe, et particuli\u00e8rement en Belgique.\",\"datePublished\":\"2025-10-14T15:35:01+00:00\",\"dateModified\":\"2025-10-14T15:35:01+00:00\",\"mainEntityOfPage\":{\"@id\":\"https:\/\/peoplesphere.be\/fr\/le-taux-de-syndicalisation-des-travailleurs-chute-en-europe-et-particulierement-en-belgique\/\"},\"wordCount\":258,\"publisher\":{\"@id\":\"https:\/\/peoplesphere.be\/fr\/#organization\"},\"keywords\":[\"concertation sociale\",\"syndicats\"],\"articleSection\":[\"Actualit\u00e9s\",\"Digital\"],\"inLanguage\":\"fr-FR\"},{\"@type\":\"WebPage\",\"@id\":\"https:\/\/peoplesphere.be\/fr\/le-taux-de-syndicalisation-des-travailleurs-chute-en-europe-et-particulierement-en-belgique\/\",\"url\":\"https:\/\/peoplesphere.be\/fr\/le-taux-de-syndicalisation-des-travailleurs-chute-en-europe-et-particulierement-en-belgique\/\",\"name\":\"Le taux de syndicalisation des travailleurs chute en Europe, et particuli\u00e8rement en Belgique. - Peoplesphere\",\"isPartOf\":{\"@id\":\"https:\/\/peoplesphere.be\/fr\/#website\"},\"datePublished\":\"2025-10-14T15:35:01+00:00\",\"dateModified\":\"2025-10-14T15:35:01+00:00\",\"breadcrumb\":{\"@id\":\"https:\/\/peoplesphere.be\/fr\/le-taux-de-syndicalisation-des-travailleurs-chute-en-europe-et-particulierement-en-belgique\/#breadcrumb\"},\"inLanguage\":\"fr-FR\",\"potentialAction\":[{\"@type\":\"ReadAction\",\"target\":[\"https:\/\/peoplesphere.be\/fr\/le-taux-de-syndicalisation-des-travailleurs-chute-en-europe-et-particulierement-en-belgique\/\"]}]},{\"@type\":\"BreadcrumbList\",\"@id\":\"https:\/\/peoplesphere.be\/fr\/le-taux-de-syndicalisation-des-travailleurs-chute-en-europe-et-particulierement-en-belgique\/#breadcrumb\",\"itemListElement\":[{\"@type\":\"ListItem\",\"position\":1,\"name\":\"Accueil\",\"item\":\"https:\/\/peoplesphere.be\/fr\/\"},{\"@type\":\"ListItem\",\"position\":2,\"name\":\"Le taux de syndicalisation des travailleurs chute en Europe, et particuli\u00e8rement en Belgique.\"}]},{\"@type\":\"WebSite\",\"@id\":\"https:\/\/peoplesphere.be\/fr\/#website\",\"url\":\"https:\/\/peoplesphere.be\/fr\/\",\"name\":\"Peoplesphere\",\"description\":\"The People Managers Magazine\",\"publisher\":{\"@id\":\"https:\/\/peoplesphere.be\/fr\/#organization\"},\"potentialAction\":[{\"@type\":\"SearchAction\",\"target\":{\"@type\":\"EntryPoint\",\"urlTemplate\":\"https:\/\/peoplesphere.be\/fr\/?s={search_term_string}\"},\"query-input\":\"required name=search_term_string\"}],\"inLanguage\":\"fr-FR\"},{\"@type\":\"Organization\",\"@id\":\"https:\/\/peoplesphere.be\/fr\/#organization\",\"name\":\"Peoplesphere Company srl\",\"url\":\"https:\/\/peoplesphere.be\/fr\/\",\"logo\":{\"@type\":\"ImageObject\",\"inLanguage\":\"fr-FR\",\"@id\":\"https:\/\/peoplesphere.be\/fr\/#\/schema\/logo\/image\/\",\"url\":\"https:\/\/peoplesphere.be\/fr\/wp-content\/uploads\/2023\/07\/peoplesphere-lgo-new-generik.jpg\",\"contentUrl\":\"https:\/\/peoplesphere.be\/fr\/wp-content\/uploads\/2023\/07\/peoplesphere-lgo-new-generik.jpg\",\"width\":1031,\"height\":1479,\"caption\":\"Peoplesphere Company srl\"},\"image\":{\"@id\":\"https:\/\/peoplesphere.be\/fr\/#\/schema\/logo\/image\/\"},\"sameAs\":[\"https:\/\/www.facebook.com\/peoplesphere\",\"https:\/\/twitter.com\/PeoplesphereMag\",\"https:\/\/www.linkedin.com\/company\/7587361?trk\",\"http:\/\/youtube.com\/peoplesphere\"]},{\"@type\":\"Person\",\"@id\":\"https:\/\/peoplesphere.be\/fr\/#\/schema\/person\/7976225ff17988604334abb7b3536a7e\",\"name\":\"Jean-Paul Erhard\",\"image\":{\"@type\":\"ImageObject\",\"inLanguage\":\"fr-FR\",\"@id\":\"https:\/\/peoplesphere.be\/fr\/#\/schema\/person\/image\/\",\"url\":\"https:\/\/secure.gravatar.com\/avatar\/f941e681460179738071629a51574930?s=96&d=mm&r=g\",\"contentUrl\":\"https:\/\/secure.gravatar.com\/avatar\/f941e681460179738071629a51574930?s=96&d=mm&r=g\",\"caption\":\"Jean-Paul Erhard\"},\"url\":\"https:\/\/peoplesphere.be\/fr\/author\/jpe\/\"}]}<\/script>\n<!-- \/ Yoast SEO plugin. -->","yoast_head_json":{"title":"Le taux de syndicalisation des travailleurs chute en Europe, et particuli\u00e8rement en Belgique. - Peoplesphere","robots":{"index":"index","follow":"follow","max-snippet":"max-snippet:-1","max-image-preview":"max-image-preview:large","max-video-preview":"max-video-preview:-1"},"canonical":"https:\/\/peoplesphere.be\/fr\/le-taux-de-syndicalisation-des-travailleurs-chute-en-europe-et-particulierement-en-belgique\/","og_locale":"fr_FR","og_type":"article","og_title":"Le taux de syndicalisation des travailleurs chute en Europe, et particuli\u00e8rement en Belgique. - Peoplesphere","og_description":"Le taux de syndicalisation a diminu\u00e9 dans la plupart des pays europ\u00e9ens entre 2016 et 2023. C\u2019est en Belgique que l\u2019on enregistre la plus forte baisse, ressort-il d\u2019une \u00e9tude de l\u2019Institut allemand d\u2019\u00e9tudes \u00e9conomiques IW (Institut der deutschen Wirtschaft, bas\u00e9 [&hellip;]","og_url":"https:\/\/peoplesphere.be\/fr\/le-taux-de-syndicalisation-des-travailleurs-chute-en-europe-et-particulierement-en-belgique\/","og_site_name":"Peoplesphere","article_publisher":"https:\/\/www.facebook.com\/peoplesphere","article_published_time":"2025-10-14T15:35:01+00:00","og_image":[{"url":"http:\/\/www.peoplesphere.be\/fr\/wp-content\/uploads\/2016\/07\/facebook-default-posting-1200x628px.jpg"}],"author":"Jean-Paul Erhard","twitter_card":"summary_large_image","twitter_creator":"@PeoplesphereMag","twitter_site":"@PeoplesphereMag","twitter_misc":{"\u00c9crit par":"Jean-Paul Erhard","Dur\u00e9e de lecture estim\u00e9e":"2 minutes"},"schema":{"@context":"https:\/\/schema.org","@graph":[{"@type":"Article","@id":"https:\/\/peoplesphere.be\/fr\/le-taux-de-syndicalisation-des-travailleurs-chute-en-europe-et-particulierement-en-belgique\/#article","isPartOf":{"@id":"https:\/\/peoplesphere.be\/fr\/le-taux-de-syndicalisation-des-travailleurs-chute-en-europe-et-particulierement-en-belgique\/"},"author":{"name":"Jean-Paul Erhard","@id":"https:\/\/peoplesphere.be\/fr\/#\/schema\/person\/7976225ff17988604334abb7b3536a7e"},"headline":"Le taux de syndicalisation des travailleurs chute en Europe, et particuli\u00e8rement en Belgique.","datePublished":"2025-10-14T15:35:01+00:00","dateModified":"2025-10-14T15:35:01+00:00","mainEntityOfPage":{"@id":"https:\/\/peoplesphere.be\/fr\/le-taux-de-syndicalisation-des-travailleurs-chute-en-europe-et-particulierement-en-belgique\/"},"wordCount":258,"publisher":{"@id":"https:\/\/peoplesphere.be\/fr\/#organization"},"keywords":["concertation sociale","syndicats"],"articleSection":["Actualit\u00e9s","Digital"],"inLanguage":"fr-FR"},{"@type":"WebPage","@id":"https:\/\/peoplesphere.be\/fr\/le-taux-de-syndicalisation-des-travailleurs-chute-en-europe-et-particulierement-en-belgique\/","url":"https:\/\/peoplesphere.be\/fr\/le-taux-de-syndicalisation-des-travailleurs-chute-en-europe-et-particulierement-en-belgique\/","name":"Le taux de syndicalisation des travailleurs chute en Europe, et particuli\u00e8rement en Belgique. - Peoplesphere","isPartOf":{"@id":"https:\/\/peoplesphere.be\/fr\/#website"},"datePublished":"2025-10-14T15:35:01+00:00","dateModified":"2025-10-14T15:35:01+00:00","breadcrumb":{"@id":"https:\/\/peoplesphere.be\/fr\/le-taux-de-syndicalisation-des-travailleurs-chute-en-europe-et-particulierement-en-belgique\/#breadcrumb"},"inLanguage":"fr-FR","potentialAction":[{"@type":"ReadAction","target":["https:\/\/peoplesphere.be\/fr\/le-taux-de-syndicalisation-des-travailleurs-chute-en-europe-et-particulierement-en-belgique\/"]}]},{"@type":"BreadcrumbList","@id":"https:\/\/peoplesphere.be\/fr\/le-taux-de-syndicalisation-des-travailleurs-chute-en-europe-et-particulierement-en-belgique\/#breadcrumb","itemListElement":[{"@type":"ListItem","position":1,"name":"Accueil","item":"https:\/\/peoplesphere.be\/fr\/"},{"@type":"ListItem","position":2,"name":"Le taux de syndicalisation des travailleurs chute en Europe, et particuli\u00e8rement en Belgique."}]},{"@type":"WebSite","@id":"https:\/\/peoplesphere.be\/fr\/#website","url":"https:\/\/peoplesphere.be\/fr\/","name":"Peoplesphere","description":"The People Managers Magazine","publisher":{"@id":"https:\/\/peoplesphere.be\/fr\/#organization"},"potentialAction":[{"@type":"SearchAction","target":{"@type":"EntryPoint","urlTemplate":"https:\/\/peoplesphere.be\/fr\/?s={search_term_string}"},"query-input":"required name=search_term_string"}],"inLanguage":"fr-FR"},{"@type":"Organization","@id":"https:\/\/peoplesphere.be\/fr\/#organization","name":"Peoplesphere Company srl","url":"https:\/\/peoplesphere.be\/fr\/","logo":{"@type":"ImageObject","inLanguage":"fr-FR","@id":"https:\/\/peoplesphere.be\/fr\/#\/schema\/logo\/image\/","url":"https:\/\/peoplesphere.be\/fr\/wp-content\/uploads\/2023\/07\/peoplesphere-lgo-new-generik.jpg","contentUrl":"https:\/\/peoplesphere.be\/fr\/wp-content\/uploads\/2023\/07\/peoplesphere-lgo-new-generik.jpg","width":1031,"height":1479,"caption":"Peoplesphere Company srl"},"image":{"@id":"https:\/\/peoplesphere.be\/fr\/#\/schema\/logo\/image\/"},"sameAs":["https:\/\/www.facebook.com\/peoplesphere","https:\/\/twitter.com\/PeoplesphereMag","https:\/\/www.linkedin.com\/company\/7587361?trk","http:\/\/youtube.com\/peoplesphere"]},{"@type":"Person","@id":"https:\/\/peoplesphere.be\/fr\/#\/schema\/person\/7976225ff17988604334abb7b3536a7e","name":"Jean-Paul Erhard","image":{"@type":"ImageObject","inLanguage":"fr-FR","@id":"https:\/\/peoplesphere.be\/fr\/#\/schema\/person\/image\/","url":"https:\/\/secure.gravatar.com\/avatar\/f941e681460179738071629a51574930?s=96&d=mm&r=g","contentUrl":"https:\/\/secure.gravatar.com\/avatar\/f941e681460179738071629a51574930?s=96&d=mm&r=g","caption":"Jean-Paul Erhard"},"url":"https:\/\/peoplesphere.be\/fr\/author\/jpe\/"}]}},"_links":{"self":[{"href":"https:\/\/peoplesphere.be\/fr\/wp-json\/wp\/v2\/posts\/18322"}],"collection":[{"href":"https:\/\/peoplesphere.be\/fr\/wp-json\/wp\/v2\/posts"}],"about":[{"href":"https:\/\/peoplesphere.be\/fr\/wp-json\/wp\/v2\/types\/post"}],"author":[{"embeddable":true,"href":"https:\/\/peoplesphere.be\/fr\/wp-json\/wp\/v2\/users\/2"}],"replies":[{"embeddable":true,"href":"https:\/\/peoplesphere.be\/fr\/wp-json\/wp\/v2\/comments?post=18322"}],"version-history":[{"count":1,"href":"https:\/\/peoplesphere.be\/fr\/wp-json\/wp\/v2\/posts\/18322\/revisions"}],"predecessor-version":[{"id":18323,"href":"https:\/\/peoplesphere.be\/fr\/wp-json\/wp\/v2\/posts\/18322\/revisions\/18323"}],"wp:attachment":[{"href":"https:\/\/peoplesphere.be\/fr\/wp-json\/wp\/v2\/media?parent=18322"}],"wp:term":[{"taxonomy":"category","embeddable":true,"href":"https:\/\/peoplesphere.be\/fr\/wp-json\/wp\/v2\/categories?post=18322"},{"taxonomy":"post_tag","embeddable":true,"href":"https:\/\/peoplesphere.be\/fr\/wp-json\/wp\/v2\/tags?post=18322"}],"curies":[{"name":"wp","href":"https:\/\/api.w.org\/{rel}","templated":true}]}}