









{"id":18324,"date":"2025-10-15T07:17:37","date_gmt":"2025-10-15T05:17:37","guid":{"rendered":"https:\/\/peoplesphere.be\/fr\/?p=18324"},"modified":"2025-10-15T07:17:37","modified_gmt":"2025-10-15T05:17:37","slug":"global-pension-index-2025-la-belgique-perd-5-places-faute-de-pouvoir-garantir-la-durabilite-de-son-systeme-de-pension","status":"publish","type":"post","link":"https:\/\/peoplesphere.be\/fr\/global-pension-index-2025-la-belgique-perd-5-places-faute-de-pouvoir-garantir-la-durabilite-de-son-systeme-de-pension\/","title":{"rendered":"Global Pension Index 2025: La Belgique perd 5 places, faute de pouvoir garantir la durabilit\u00e9 de son syst\u00e8me de pension."},"content":{"rendered":"<p>Les Pays-Bas restent le leader avec le meilleur syst\u00e8me de pension au monde selon l&rsquo;Indice Mercer CFA Institute Global Pension Index 2025 qui d\u00e9taille les principes majeurs pour trouver le juste \u00e9quilibre entre les besoins des retrait\u00e9s et les int\u00e9r\u00eats nationaux. Le syst\u00e8me de pension belge, mal class\u00e9 en mati\u00e8re de durabilit\u00e9, est 20\u00e8me dans le ranking, entre le Mexique et la Croatie.<!--more--><\/p>\n<p>Mercer, filiale de Marsh McLennan, et CFA Institute, l&rsquo;association mondiale des professionnels de l&rsquo;investissement, ont aujourd&rsquo;hui publi\u00e9 leur 17e rapport annuel Mercer CFA Institute Global Pension Index (MCGPI). L&rsquo;analyse pour ce classement se base sur 3 crit\u00e8res : l&rsquo;efficacit\u00e9 (le syst\u00e8me remplit-il sa fonction?), l&rsquo;int\u00e9grit\u00e9 (s\u00e9curit\u00e9 juridique et fiabilit\u00e9) et la durabilit\u00e9 (dans quelle mesure le syst\u00e8me est-il durable et abordable \u00e0 long terme).<\/p>\n<p>Les syst\u00e8mes de revenus de retraite des Pays-Bas, de l\u2019Islande, du Danemark et d&rsquo;Isra\u00ebl ont conserv\u00e9 leur note A en 2025. Pour la premi\u00e8re fois, Singapour s\u2019est vu attribuer la note A, devenant le seul pays d&rsquo;Asie \u00e0 obtenir cette \u00e9valuation.<\/p>\n<p>La Belgique obtient de (tr\u00e8s) bons r\u00e9sultats en mati\u00e8re d&rsquo;efficacit\u00e9 et d&rsquo;int\u00e9grit\u00e9, mais de tr\u00e8s mauvais r\u00e9sultats en mati\u00e8re de durabilit\u00e9. Corinne Dedeurwaerder, experte en pensions chez Mercer, explique ce faible score en mati\u00e8re de durabilit\u00e9 : <em>\u00ab\u00a0Le principal probl\u00e8me du syst\u00e8me de retraite belge r\u00e9side dans sa durabilit\u00e9, sa viabilit\u00e9 \u00e0 long terme. Nous obtenons des r\u00e9sultats m\u00e9diocres dans ce domaine. Cela s&rsquo;explique par plusieurs raisons. Notre march\u00e9 du travail vieillit rapidement, ce qui r\u00e9duit le nombre de travailleurs par retrait\u00e9. En d&rsquo;autres termes, les cotisations que les travailleurs doivent verser pour financer les retraites diminuent. De plus, notre \u00e2ge l\u00e9gal de d\u00e9part \u00e0 la retraite est pratiquement le m\u00eame que celui qui a \u00e9t\u00e9 fix\u00e9 en 1953, alors que notre esp\u00e9rance de vie a consid\u00e9rablement augment\u00e9. Cela signifie que nous sommes \u00e0 la retraite plus longtemps et que nous devons donc nous contenter plus longtemps des montants que nous \u00e9pargnons en plus de la pension l\u00e9gale.\u00a0\u00bb<\/em><\/p>\n<p><em>\u00ab\u00a0Une autre cause est le choix d&rsquo;un syst\u00e8me dans lequel nous ne pr\u00e9finan\u00e7ons pas notre pension l\u00e9gale, mais dans lequel nous d\u00e9pendons des imp\u00f4ts et des cotisations sociales des travailleurs actuels. C&rsquo;est pr\u00e9cis\u00e9ment l\u00e0 une diff\u00e9rence fondamentale avec les Pays-Bas. Dans ce pays, ils peuvent compter sur des fonds de pension qui totalisent des centaines de milliards d&rsquo;euros. Le plus important, le fonds pour les fonctionnaires, s&rsquo;\u00e9l\u00e8ve \u00e0 plus de 522 milliards d&rsquo;euros. Vous disposez alors d&rsquo;un syst\u00e8me capable de financer les pensions pendant encore longtemps. Notre gouvernement a \u00e9galement tent\u00e9 de mettre en place un syst\u00e8me similaire avec la cr\u00e9ation du Fonds d&rsquo;argent. Mais notre gouvernement n&rsquo;est pas dou\u00e9 pour \u00e9pargner, tout le monde conna\u00eet les probl\u00e8mes budg\u00e9taires de notre pays. Et donc, moins de deux d\u00e9cennies apr\u00e8s sa cr\u00e9ation, le Fonds d&rsquo;argent a \u00e9t\u00e9 \u00ab\u00a0vid\u00e9\u00a0\u00bb pour combler le d\u00e9ficit budg\u00e9taire.\u00a0\u00bb<\/em><\/p>\n<p><em>\u00ab\u00a0Dans le m\u00eame temps, les deuxi\u00e8me et troisi\u00e8me piliers de notre syst\u00e8me de retraite \u2013 qui sont pr\u00e9financ\u00e9s \u2013 sont tout simplement insuffisants pour permettre \u00e0 la plupart des gens de maintenir, \u00e0 la retraite, le niveau de vie qu&rsquo;ils avaient lorsqu&rsquo;ils travaillaient. Depuis des ann\u00e9es, il est question de renforcer le deuxi\u00e8me pilier et de le porter \u00e0 3%, mais comme ce deuxi\u00e8me pilier est pris en compte dans la norme salariale, il n&rsquo;y a tout simplement pas de marge pour le faire. Il reste encore beaucoup \u00e0 faire pour atteindre les 3% pr\u00e9vus dans l&rsquo;accord de gouvernement. Et m\u00eame si cet objectif \u00e9tait atteint, cela ne suffirait pas \u00e0 la plupart des gens pour maintenir leur niveau de vie.\u00a0\u00bb<\/em><\/p>\n<p><em>\u00ab\u00a0Et puis, il y a le sujet br\u00fblant dans cette histoire : le rel\u00e8vement sensible de l&rsquo;\u00e2ge de la retraite. Une mesure peu populaire. Les partenaires sociaux ne sont pas enthousiastes. Il suffit de penser \u00e0 la nouvelle gr\u00e8ve nationale d&rsquo;hier (14\/10), et tout le monde se souvient encore des images des gr\u00e8ves et des manifestations d&rsquo;il y a quelques mois. Et pourtant, nous n&rsquo;avons pas d&rsquo;autre choix, surtout dans le contexte \u00e9conomique actuel. Peut-\u00eatre devrions-nous nous inspirer de nos voisins n\u00e9erlandais. Ceux-ci ont d\u00e9cid\u00e9 de faire d\u00e9pendre l&rsquo;\u00e2ge de la retraite de l&rsquo;esp\u00e9rance de vie \u00e0 partir de 2031. Cela apporterait en tout cas plus de confort et des perspectives (plus) durables au syst\u00e8me de retraite belge, et donc \u00e0 vous et moi.\u00a0\u00bb<\/em><\/p>\n<p>&nbsp;<\/p>\n<p><em>Source: Mercer CFA Institute Global Pension Index (MCGPI)<\/em><\/p>\n","protected":false},"excerpt":{"rendered":"<p>Les Pays-Bas restent le leader avec le meilleur syst\u00e8me de pension au monde selon l&rsquo;Indice Mercer CFA Institute Global Pension Index 2025 qui d\u00e9taille les principes majeurs pour trouver le juste \u00e9quilibre entre les besoins des retrait\u00e9s et les int\u00e9r\u00eats [&hellip;]<\/p>\n","protected":false},"author":2,"featured_media":0,"comment_status":"closed","ping_status":"open","sticky":false,"template":"","format":"standard","meta":[],"categories":[65,10],"tags":[2690,57,3223,53],"yoast_head":"<!-- This site is optimized with the Yoast SEO plugin v21.0 - https:\/\/yoast.com\/wordpress\/plugins\/seo\/ -->\n<title>Global Pension Index 2025: La Belgique perd 5 places, faute de pouvoir garantir la durabilit\u00e9 de son syst\u00e8me de pension. - Peoplesphere<\/title>\n<meta name=\"robots\" content=\"index, follow, max-snippet:-1, max-image-preview:large, max-video-preview:-1\" \/>\n<link rel=\"canonical\" href=\"https:\/\/peoplesphere.be\/fr\/global-pension-index-2025-la-belgique-perd-5-places-faute-de-pouvoir-garantir-la-durabilite-de-son-systeme-de-pension\/\" \/>\n<meta property=\"og:locale\" content=\"fr_FR\" \/>\n<meta property=\"og:type\" content=\"article\" \/>\n<meta property=\"og:title\" content=\"Global Pension Index 2025: La Belgique perd 5 places, faute de pouvoir garantir la durabilit\u00e9 de son syst\u00e8me de pension. - Peoplesphere\" \/>\n<meta property=\"og:description\" content=\"Les Pays-Bas restent le leader avec le meilleur syst\u00e8me de pension au monde selon l&rsquo;Indice Mercer CFA Institute Global Pension Index 2025 qui d\u00e9taille les principes majeurs pour trouver le juste \u00e9quilibre entre les besoins des retrait\u00e9s et les int\u00e9r\u00eats [&hellip;]\" \/>\n<meta property=\"og:url\" content=\"https:\/\/peoplesphere.be\/fr\/global-pension-index-2025-la-belgique-perd-5-places-faute-de-pouvoir-garantir-la-durabilite-de-son-systeme-de-pension\/\" \/>\n<meta property=\"og:site_name\" content=\"Peoplesphere\" \/>\n<meta property=\"article:publisher\" content=\"https:\/\/www.facebook.com\/peoplesphere\" \/>\n<meta property=\"article:published_time\" content=\"2025-10-15T05:17:37+00:00\" \/>\n<meta property=\"og:image\" content=\"http:\/\/www.peoplesphere.be\/fr\/wp-content\/uploads\/2016\/07\/facebook-default-posting-1200x628px.jpg\" \/>\n<meta name=\"author\" content=\"Jean-Paul Erhard\" \/>\n<meta name=\"twitter:card\" content=\"summary_large_image\" \/>\n<meta name=\"twitter:creator\" content=\"@PeoplesphereMag\" \/>\n<meta name=\"twitter:site\" content=\"@PeoplesphereMag\" \/>\n<meta name=\"twitter:label1\" content=\"\u00c9crit par\" \/>\n\t<meta name=\"twitter:data1\" content=\"Jean-Paul Erhard\" \/>\n\t<meta name=\"twitter:label2\" content=\"Dur\u00e9e de lecture estim\u00e9e\" \/>\n\t<meta name=\"twitter:data2\" content=\"4 minutes\" \/>\n<script type=\"application\/ld+json\" class=\"yoast-schema-graph\">{\"@context\":\"https:\/\/schema.org\",\"@graph\":[{\"@type\":\"Article\",\"@id\":\"https:\/\/peoplesphere.be\/fr\/global-pension-index-2025-la-belgique-perd-5-places-faute-de-pouvoir-garantir-la-durabilite-de-son-systeme-de-pension\/#article\",\"isPartOf\":{\"@id\":\"https:\/\/peoplesphere.be\/fr\/global-pension-index-2025-la-belgique-perd-5-places-faute-de-pouvoir-garantir-la-durabilite-de-son-systeme-de-pension\/\"},\"author\":{\"name\":\"Jean-Paul Erhard\",\"@id\":\"https:\/\/peoplesphere.be\/fr\/#\/schema\/person\/7976225ff17988604334abb7b3536a7e\"},\"headline\":\"Global Pension Index 2025: La Belgique perd 5 places, faute de pouvoir garantir la durabilit\u00e9 de son syst\u00e8me de pension.\",\"datePublished\":\"2025-10-15T05:17:37+00:00\",\"dateModified\":\"2025-10-15T05:17:37+00:00\",\"mainEntityOfPage\":{\"@id\":\"https:\/\/peoplesphere.be\/fr\/global-pension-index-2025-la-belgique-perd-5-places-faute-de-pouvoir-garantir-la-durabilite-de-son-systeme-de-pension\/\"},\"wordCount\":795,\"publisher\":{\"@id\":\"https:\/\/peoplesphere.be\/fr\/#organization\"},\"keywords\":[\"durabilit\u00e9\",\"pensions\",\"syst\u00e8me de retraite\",\"Vieillissement\"],\"articleSection\":[\"Actualit\u00e9s\",\"Digital\"],\"inLanguage\":\"fr-FR\"},{\"@type\":\"WebPage\",\"@id\":\"https:\/\/peoplesphere.be\/fr\/global-pension-index-2025-la-belgique-perd-5-places-faute-de-pouvoir-garantir-la-durabilite-de-son-systeme-de-pension\/\",\"url\":\"https:\/\/peoplesphere.be\/fr\/global-pension-index-2025-la-belgique-perd-5-places-faute-de-pouvoir-garantir-la-durabilite-de-son-systeme-de-pension\/\",\"name\":\"Global Pension Index 2025: La Belgique perd 5 places, faute de pouvoir garantir la durabilit\u00e9 de son syst\u00e8me de pension. - Peoplesphere\",\"isPartOf\":{\"@id\":\"https:\/\/peoplesphere.be\/fr\/#website\"},\"datePublished\":\"2025-10-15T05:17:37+00:00\",\"dateModified\":\"2025-10-15T05:17:37+00:00\",\"breadcrumb\":{\"@id\":\"https:\/\/peoplesphere.be\/fr\/global-pension-index-2025-la-belgique-perd-5-places-faute-de-pouvoir-garantir-la-durabilite-de-son-systeme-de-pension\/#breadcrumb\"},\"inLanguage\":\"fr-FR\",\"potentialAction\":[{\"@type\":\"ReadAction\",\"target\":[\"https:\/\/peoplesphere.be\/fr\/global-pension-index-2025-la-belgique-perd-5-places-faute-de-pouvoir-garantir-la-durabilite-de-son-systeme-de-pension\/\"]}]},{\"@type\":\"BreadcrumbList\",\"@id\":\"https:\/\/peoplesphere.be\/fr\/global-pension-index-2025-la-belgique-perd-5-places-faute-de-pouvoir-garantir-la-durabilite-de-son-systeme-de-pension\/#breadcrumb\",\"itemListElement\":[{\"@type\":\"ListItem\",\"position\":1,\"name\":\"Accueil\",\"item\":\"https:\/\/peoplesphere.be\/fr\/\"},{\"@type\":\"ListItem\",\"position\":2,\"name\":\"Global Pension Index 2025: La Belgique perd 5 places, faute de pouvoir garantir la durabilit\u00e9 de son syst\u00e8me de pension.\"}]},{\"@type\":\"WebSite\",\"@id\":\"https:\/\/peoplesphere.be\/fr\/#website\",\"url\":\"https:\/\/peoplesphere.be\/fr\/\",\"name\":\"Peoplesphere\",\"description\":\"The People Managers Magazine\",\"publisher\":{\"@id\":\"https:\/\/peoplesphere.be\/fr\/#organization\"},\"potentialAction\":[{\"@type\":\"SearchAction\",\"target\":{\"@type\":\"EntryPoint\",\"urlTemplate\":\"https:\/\/peoplesphere.be\/fr\/?s={search_term_string}\"},\"query-input\":\"required name=search_term_string\"}],\"inLanguage\":\"fr-FR\"},{\"@type\":\"Organization\",\"@id\":\"https:\/\/peoplesphere.be\/fr\/#organization\",\"name\":\"Peoplesphere Company srl\",\"url\":\"https:\/\/peoplesphere.be\/fr\/\",\"logo\":{\"@type\":\"ImageObject\",\"inLanguage\":\"fr-FR\",\"@id\":\"https:\/\/peoplesphere.be\/fr\/#\/schema\/logo\/image\/\",\"url\":\"https:\/\/peoplesphere.be\/fr\/wp-content\/uploads\/2023\/07\/peoplesphere-lgo-new-generik.jpg\",\"contentUrl\":\"https:\/\/peoplesphere.be\/fr\/wp-content\/uploads\/2023\/07\/peoplesphere-lgo-new-generik.jpg\",\"width\":1031,\"height\":1479,\"caption\":\"Peoplesphere Company srl\"},\"image\":{\"@id\":\"https:\/\/peoplesphere.be\/fr\/#\/schema\/logo\/image\/\"},\"sameAs\":[\"https:\/\/www.facebook.com\/peoplesphere\",\"https:\/\/twitter.com\/PeoplesphereMag\",\"https:\/\/www.linkedin.com\/company\/7587361?trk\",\"http:\/\/youtube.com\/peoplesphere\"]},{\"@type\":\"Person\",\"@id\":\"https:\/\/peoplesphere.be\/fr\/#\/schema\/person\/7976225ff17988604334abb7b3536a7e\",\"name\":\"Jean-Paul Erhard\",\"image\":{\"@type\":\"ImageObject\",\"inLanguage\":\"fr-FR\",\"@id\":\"https:\/\/peoplesphere.be\/fr\/#\/schema\/person\/image\/\",\"url\":\"https:\/\/secure.gravatar.com\/avatar\/f941e681460179738071629a51574930?s=96&d=mm&r=g\",\"contentUrl\":\"https:\/\/secure.gravatar.com\/avatar\/f941e681460179738071629a51574930?s=96&d=mm&r=g\",\"caption\":\"Jean-Paul Erhard\"},\"url\":\"https:\/\/peoplesphere.be\/fr\/author\/jpe\/\"}]}<\/script>\n<!-- \/ Yoast SEO plugin. -->","yoast_head_json":{"title":"Global Pension Index 2025: La Belgique perd 5 places, faute de pouvoir garantir la durabilit\u00e9 de son syst\u00e8me de pension. - Peoplesphere","robots":{"index":"index","follow":"follow","max-snippet":"max-snippet:-1","max-image-preview":"max-image-preview:large","max-video-preview":"max-video-preview:-1"},"canonical":"https:\/\/peoplesphere.be\/fr\/global-pension-index-2025-la-belgique-perd-5-places-faute-de-pouvoir-garantir-la-durabilite-de-son-systeme-de-pension\/","og_locale":"fr_FR","og_type":"article","og_title":"Global Pension Index 2025: La Belgique perd 5 places, faute de pouvoir garantir la durabilit\u00e9 de son syst\u00e8me de pension. - Peoplesphere","og_description":"Les Pays-Bas restent le leader avec le meilleur syst\u00e8me de pension au monde selon l&rsquo;Indice Mercer CFA Institute Global Pension Index 2025 qui d\u00e9taille les principes majeurs pour trouver le juste \u00e9quilibre entre les besoins des retrait\u00e9s et les int\u00e9r\u00eats [&hellip;]","og_url":"https:\/\/peoplesphere.be\/fr\/global-pension-index-2025-la-belgique-perd-5-places-faute-de-pouvoir-garantir-la-durabilite-de-son-systeme-de-pension\/","og_site_name":"Peoplesphere","article_publisher":"https:\/\/www.facebook.com\/peoplesphere","article_published_time":"2025-10-15T05:17:37+00:00","og_image":[{"url":"http:\/\/www.peoplesphere.be\/fr\/wp-content\/uploads\/2016\/07\/facebook-default-posting-1200x628px.jpg"}],"author":"Jean-Paul Erhard","twitter_card":"summary_large_image","twitter_creator":"@PeoplesphereMag","twitter_site":"@PeoplesphereMag","twitter_misc":{"\u00c9crit par":"Jean-Paul Erhard","Dur\u00e9e de lecture estim\u00e9e":"4 minutes"},"schema":{"@context":"https:\/\/schema.org","@graph":[{"@type":"Article","@id":"https:\/\/peoplesphere.be\/fr\/global-pension-index-2025-la-belgique-perd-5-places-faute-de-pouvoir-garantir-la-durabilite-de-son-systeme-de-pension\/#article","isPartOf":{"@id":"https:\/\/peoplesphere.be\/fr\/global-pension-index-2025-la-belgique-perd-5-places-faute-de-pouvoir-garantir-la-durabilite-de-son-systeme-de-pension\/"},"author":{"name":"Jean-Paul Erhard","@id":"https:\/\/peoplesphere.be\/fr\/#\/schema\/person\/7976225ff17988604334abb7b3536a7e"},"headline":"Global Pension Index 2025: La Belgique perd 5 places, faute de pouvoir garantir la durabilit\u00e9 de son syst\u00e8me de pension.","datePublished":"2025-10-15T05:17:37+00:00","dateModified":"2025-10-15T05:17:37+00:00","mainEntityOfPage":{"@id":"https:\/\/peoplesphere.be\/fr\/global-pension-index-2025-la-belgique-perd-5-places-faute-de-pouvoir-garantir-la-durabilite-de-son-systeme-de-pension\/"},"wordCount":795,"publisher":{"@id":"https:\/\/peoplesphere.be\/fr\/#organization"},"keywords":["durabilit\u00e9","pensions","syst\u00e8me de retraite","Vieillissement"],"articleSection":["Actualit\u00e9s","Digital"],"inLanguage":"fr-FR"},{"@type":"WebPage","@id":"https:\/\/peoplesphere.be\/fr\/global-pension-index-2025-la-belgique-perd-5-places-faute-de-pouvoir-garantir-la-durabilite-de-son-systeme-de-pension\/","url":"https:\/\/peoplesphere.be\/fr\/global-pension-index-2025-la-belgique-perd-5-places-faute-de-pouvoir-garantir-la-durabilite-de-son-systeme-de-pension\/","name":"Global Pension Index 2025: La Belgique perd 5 places, faute de pouvoir garantir la durabilit\u00e9 de son syst\u00e8me de pension. - Peoplesphere","isPartOf":{"@id":"https:\/\/peoplesphere.be\/fr\/#website"},"datePublished":"2025-10-15T05:17:37+00:00","dateModified":"2025-10-15T05:17:37+00:00","breadcrumb":{"@id":"https:\/\/peoplesphere.be\/fr\/global-pension-index-2025-la-belgique-perd-5-places-faute-de-pouvoir-garantir-la-durabilite-de-son-systeme-de-pension\/#breadcrumb"},"inLanguage":"fr-FR","potentialAction":[{"@type":"ReadAction","target":["https:\/\/peoplesphere.be\/fr\/global-pension-index-2025-la-belgique-perd-5-places-faute-de-pouvoir-garantir-la-durabilite-de-son-systeme-de-pension\/"]}]},{"@type":"BreadcrumbList","@id":"https:\/\/peoplesphere.be\/fr\/global-pension-index-2025-la-belgique-perd-5-places-faute-de-pouvoir-garantir-la-durabilite-de-son-systeme-de-pension\/#breadcrumb","itemListElement":[{"@type":"ListItem","position":1,"name":"Accueil","item":"https:\/\/peoplesphere.be\/fr\/"},{"@type":"ListItem","position":2,"name":"Global Pension Index 2025: La Belgique perd 5 places, faute de pouvoir garantir la durabilit\u00e9 de son syst\u00e8me de pension."}]},{"@type":"WebSite","@id":"https:\/\/peoplesphere.be\/fr\/#website","url":"https:\/\/peoplesphere.be\/fr\/","name":"Peoplesphere","description":"The People Managers Magazine","publisher":{"@id":"https:\/\/peoplesphere.be\/fr\/#organization"},"potentialAction":[{"@type":"SearchAction","target":{"@type":"EntryPoint","urlTemplate":"https:\/\/peoplesphere.be\/fr\/?s={search_term_string}"},"query-input":"required name=search_term_string"}],"inLanguage":"fr-FR"},{"@type":"Organization","@id":"https:\/\/peoplesphere.be\/fr\/#organization","name":"Peoplesphere Company srl","url":"https:\/\/peoplesphere.be\/fr\/","logo":{"@type":"ImageObject","inLanguage":"fr-FR","@id":"https:\/\/peoplesphere.be\/fr\/#\/schema\/logo\/image\/","url":"https:\/\/peoplesphere.be\/fr\/wp-content\/uploads\/2023\/07\/peoplesphere-lgo-new-generik.jpg","contentUrl":"https:\/\/peoplesphere.be\/fr\/wp-content\/uploads\/2023\/07\/peoplesphere-lgo-new-generik.jpg","width":1031,"height":1479,"caption":"Peoplesphere Company srl"},"image":{"@id":"https:\/\/peoplesphere.be\/fr\/#\/schema\/logo\/image\/"},"sameAs":["https:\/\/www.facebook.com\/peoplesphere","https:\/\/twitter.com\/PeoplesphereMag","https:\/\/www.linkedin.com\/company\/7587361?trk","http:\/\/youtube.com\/peoplesphere"]},{"@type":"Person","@id":"https:\/\/peoplesphere.be\/fr\/#\/schema\/person\/7976225ff17988604334abb7b3536a7e","name":"Jean-Paul Erhard","image":{"@type":"ImageObject","inLanguage":"fr-FR","@id":"https:\/\/peoplesphere.be\/fr\/#\/schema\/person\/image\/","url":"https:\/\/secure.gravatar.com\/avatar\/f941e681460179738071629a51574930?s=96&d=mm&r=g","contentUrl":"https:\/\/secure.gravatar.com\/avatar\/f941e681460179738071629a51574930?s=96&d=mm&r=g","caption":"Jean-Paul Erhard"},"url":"https:\/\/peoplesphere.be\/fr\/author\/jpe\/"}]}},"_links":{"self":[{"href":"https:\/\/peoplesphere.be\/fr\/wp-json\/wp\/v2\/posts\/18324"}],"collection":[{"href":"https:\/\/peoplesphere.be\/fr\/wp-json\/wp\/v2\/posts"}],"about":[{"href":"https:\/\/peoplesphere.be\/fr\/wp-json\/wp\/v2\/types\/post"}],"author":[{"embeddable":true,"href":"https:\/\/peoplesphere.be\/fr\/wp-json\/wp\/v2\/users\/2"}],"replies":[{"embeddable":true,"href":"https:\/\/peoplesphere.be\/fr\/wp-json\/wp\/v2\/comments?post=18324"}],"version-history":[{"count":1,"href":"https:\/\/peoplesphere.be\/fr\/wp-json\/wp\/v2\/posts\/18324\/revisions"}],"predecessor-version":[{"id":18325,"href":"https:\/\/peoplesphere.be\/fr\/wp-json\/wp\/v2\/posts\/18324\/revisions\/18325"}],"wp:attachment":[{"href":"https:\/\/peoplesphere.be\/fr\/wp-json\/wp\/v2\/media?parent=18324"}],"wp:term":[{"taxonomy":"category","embeddable":true,"href":"https:\/\/peoplesphere.be\/fr\/wp-json\/wp\/v2\/categories?post=18324"},{"taxonomy":"post_tag","embeddable":true,"href":"https:\/\/peoplesphere.be\/fr\/wp-json\/wp\/v2\/tags?post=18324"}],"curies":[{"name":"wp","href":"https:\/\/api.w.org\/{rel}","templated":true}]}}