









{"id":18326,"date":"2025-10-15T13:37:42","date_gmt":"2025-10-15T11:37:42","guid":{"rendered":"https:\/\/peoplesphere.be\/fr\/?p=18326"},"modified":"2025-10-15T13:37:42","modified_gmt":"2025-10-15T11:37:42","slug":"evolution-du-chomage-en-wallonie-163-de-la-population-active-est-en-demande-demploi","status":"publish","type":"post","link":"https:\/\/peoplesphere.be\/fr\/evolution-du-chomage-en-wallonie-163-de-la-population-active-est-en-demande-demploi\/","title":{"rendered":"Evolution du ch\u00f4mage en Wallonie: 16,3% de la population active est en demande d&#8217;emploi."},"content":{"rendered":"<p>Fin septembre 2025, la Wallonie comptabilisait 269.445 chercheurs d\u2019emploi. La demande d\u2019emploi est relativement stable par rapport \u00e0 fin ao\u00fbt dernier (+0,4%) mais a progress\u00e9 de 11,7% par rapport \u00e0 l\u2019ann\u00e9e pr\u00e9c\u00e9dente. Cela s\u2019explique notamment par le changement de m\u00e9thode de comptabilisation des chercheurs d\u2019emploi inscrits librement au FOREM, le contexte conjoncturel et, dans une moindre mesure, par le rel\u00e8vement de l\u2019\u00e2ge l\u00e9gal de la pension. Plus de 41.000 offres d\u2019emploi ont \u00e9t\u00e9 diffus\u00e9es par le Forem en septembre (hors offres des autres Services publics de l\u2019Emploi).<!--more--><\/p>\n<p>Fin du mois de septembre 2025, la Wallonie comptait 269.445 chercheurs d\u2019emploi inoccup\u00e9s, Communaut\u00e9 germanophone comprise. Ce volume est en hausse de 11,7% par rapport \u00e0 septembre 2024.<\/p>\n<p>Parmi ces personnes, 123.236 per\u00e7oivent une allocation de ch\u00f4mage ou d\u2019insertion de l\u2019ONEM, soit 46% de l\u2019ensemble des chercheurs d\u2019emploi. Les autres chercheurs d\u2019emploi obligatoirement inscrits comptent 34.787 jeunes en stage d\u2019insertion professionnelle, soit 13% du total, et 28.152 autres personnes (soit une sur dix), principalement b\u00e9n\u00e9ficiaires de l\u2019aide du CPAS.<\/p>\n<p>Enfin, pr\u00e8s d\u2019un tiers des chercheurs d\u2019emploi inoccup\u00e9s sont inscrits librement au Forem afin de b\u00e9n\u00e9ficier de l\u2019ensemble de ses services, soit 83.270 personnes (31%).<\/p>\n<p>Parmi les 269.445 chercheurs d\u2019emploi, 53% sont des hommes. 20 \u00a0ont moins de 25 ans et 24% ont 50 ans ou plus. 39% ne disposent pas d\u2019un dipl\u00f4me au-del\u00e0 du deuxi\u00e8me degr\u00e9 de l\u2019enseignement secondaire. Enfin, 23% sont inoccup\u00e9s depuis moins de six mois et 47% le sont depuis deux ans ou davantage.<\/p>\n<p>Le taux de demande d\u2019emploi s\u2019\u00e9l\u00e8ve \u00e0 16,3% de la population active wallonne.<\/p>\n<h3><strong><em>\u00c9volution \u00e0 un mois d\u2019\u00e9cart<\/em><\/strong><\/h3>\n<p>Le nombre de demandeurs d\u2019allocations diminue de 2,2 % (2.785 personnes de moins en un mois). Cette baisse habituelle en septembre est principalement li\u00e9e aux r\u00e9engagements du personnel nomm\u00e9 de l\u2019enseignement, \u00e0 l\u2019issue des vacances scolaires.<\/p>\n<p>Ce m\u00eame mois de septembre est, comme chaque ann\u00e9e, une p\u00e9riode de forte affluence de jeunes gens qui ont termin\u00e9 leurs \u00e9tudes et se pr\u00e9sentent sur le march\u00e9 du travail (+13,6% en un mois, soit 4.176 personnes suppl\u00e9mentaires).<\/p>\n<p>Les \u00e9volutions des autres cat\u00e9gories administratives qui composent la demande d\u2019emploi varient : d\u2019une part, le nombre de chercheurs d\u2019emploi inscrits obligatoirement est en baisse de 4,4%, soit -1.282 personnes et, d\u2019autre part, la demande d\u2019emploi int\u00e8gre 1,1% de chercheurs d\u2019emploi librement inscrits suppl\u00e9mentaires, soit 895 personnes de plus qu\u2019\u00e0 fin ao\u00fbt dernier.<\/p>\n<h3><strong><em>\u00c9volution \u00e0 un an d\u2019\u00e9cart<\/em><\/strong><\/h3>\n<p>En comparaison avec septembre 2024, la demande d\u2019emploi en Wallonie a progress\u00e9 de 11,7 %, soit 28.244 personnes de plus. La hausse est plus marqu\u00e9e chez les hommes que chez les femmes, avec respectivement +12,7% et +10,7%.<\/p>\n<p>Le nombre de jeunes en stage d\u2019insertion recule de 1,9% (-671 personnes), tandis que le nombre de chercheurs d\u2019emploi qui per\u00e7oivent des allocations augmente de 9,4% (+ 0.621 personnes). Les autres chercheurs d\u2019emploi qui sont inscrits obligatoirement progressent de 6,4% (+1.703 personnes). Les personnes inscrites librement sont en forte augmentation (+ 24,9%, soit +16.591 personnes). \u00c0 un an d\u2019\u00e9cart, le recul des JSI constitue la seule \u00e9volution \u00e0 la baisse.<\/p>\n<p>L\u2019\u00e9volution par \u00e2ge permet de mettre en \u00e9vidence la progression la plus mod\u00e9r\u00e9e de 9,1%, chez les moins de 25 ans. Au-del\u00e0 de cet \u00e2ge, les hausses sont de 14,1% chez les 25-29 ans, de 13,0% chez les 30-39 ans, de 11,3% chez les 40-49 ans et de 12,0% chez les 50 ans et plus. Le rel\u00e8vement de l\u2019\u00e2ge l\u00e9gal de la pension se refl\u00e8te d\u00e9sormais dans les statistiques : la Wallonie compte 3.207 chercheurs d\u2019emploi \u00e2g\u00e9s de 65 ans en septembre 2025, contre 833 un an plus t\u00f4t.<\/p>\n<p>En fonction de la dur\u00e9e d\u2019inoccupation, la hausse est de 8,7% pour les personnes inoccup\u00e9es depuis moins de six mois, de 3,5% pour celles entre six mois et un an, de 14,3% pour celles entre un et deux ans, et de 14,8% pour les personnes inoccup\u00e9es depuis deux ans ou plus.<\/p>\n<h3><strong><em>Diffusion d\u2019offres d\u2019emploi<\/em><\/strong><\/h3>\n<p>Au cours du mois de septembre 2025, le Forem a diffus\u00e9 41.034 offres d\u2019emploi. Ce volume est plus faible qu\u2019en septembre 2024 : &#8211; 9%, soit quelque 5.700 offres de moins que sur la m\u00eame p\u00e9riode il y a un an. A ces offres s\u2019ajoutent 8.153 autres opportunit\u00e9s d\u2019emploi \u00e9manant d\u2019un autre SPE et relay\u00e9es par le Forem, pour un total de 49.187 offres d\u2019emploi diffus\u00e9es en septembre 2025.<\/p>\n<p>Les m\u00e9tiers demand\u00e9s dans les offres d\u2019emploi diffus\u00e9es de juillet \u00e0 septembre (hors autres SPE) rel\u00e8vent principalement des domaines suivants :<\/p>\n<ul>\n<li>Conduite de transport de marchandises sur longue distance (permis C\/CE)<\/li>\n<li>M\u00e9canique automobile et entretien de v\u00e9hicules divers<\/li>\n<li>Installation et maintenance d&rsquo;\u00e9quipements industriels et d&rsquo;exploitation<\/li>\n<li>Magasinage et pr\u00e9paration de commandes<\/li>\n<li>Maintenance m\u00e9canique industrielle<\/li>\n<\/ul>\n<p>&nbsp;<\/p>\n<p><em>Source: Forem<\/em><\/p>\n","protected":false},"excerpt":{"rendered":"<p>Fin septembre 2025, la Wallonie comptabilisait 269.445 chercheurs d\u2019emploi. La demande d\u2019emploi est relativement stable par rapport \u00e0 fin ao\u00fbt dernier (+0,4%) mais a progress\u00e9 de 11,7% par rapport \u00e0 l\u2019ann\u00e9e pr\u00e9c\u00e9dente. Cela s\u2019explique notamment par le changement de m\u00e9thode [&hellip;]<\/p>\n","protected":false},"author":2,"featured_media":0,"comment_status":"closed","ping_status":"open","sticky":false,"template":"","format":"standard","meta":[],"categories":[65,10],"tags":[],"yoast_head":"<!-- This site is optimized with the Yoast SEO plugin v21.0 - https:\/\/yoast.com\/wordpress\/plugins\/seo\/ -->\n<title>Evolution du ch\u00f4mage en Wallonie: 16,3% de la population active est en demande d&#039;emploi. - Peoplesphere<\/title>\n<meta name=\"robots\" content=\"index, follow, max-snippet:-1, max-image-preview:large, max-video-preview:-1\" \/>\n<link rel=\"canonical\" href=\"https:\/\/peoplesphere.be\/fr\/evolution-du-chomage-en-wallonie-163-de-la-population-active-est-en-demande-demploi\/\" \/>\n<meta property=\"og:locale\" content=\"fr_FR\" \/>\n<meta property=\"og:type\" content=\"article\" \/>\n<meta property=\"og:title\" content=\"Evolution du ch\u00f4mage en Wallonie: 16,3% de la population active est en demande d&#039;emploi. - Peoplesphere\" \/>\n<meta property=\"og:description\" content=\"Fin septembre 2025, la Wallonie comptabilisait 269.445 chercheurs d\u2019emploi. La demande d\u2019emploi est relativement stable par rapport \u00e0 fin ao\u00fbt dernier (+0,4%) mais a progress\u00e9 de 11,7% par rapport \u00e0 l\u2019ann\u00e9e pr\u00e9c\u00e9dente. Cela s\u2019explique notamment par le changement de m\u00e9thode [&hellip;]\" \/>\n<meta property=\"og:url\" content=\"https:\/\/peoplesphere.be\/fr\/evolution-du-chomage-en-wallonie-163-de-la-population-active-est-en-demande-demploi\/\" \/>\n<meta property=\"og:site_name\" content=\"Peoplesphere\" \/>\n<meta property=\"article:publisher\" content=\"https:\/\/www.facebook.com\/peoplesphere\" \/>\n<meta property=\"article:published_time\" content=\"2025-10-15T11:37:42+00:00\" \/>\n<meta property=\"og:image\" content=\"http:\/\/www.peoplesphere.be\/fr\/wp-content\/uploads\/2016\/07\/facebook-default-posting-1200x628px.jpg\" \/>\n<meta name=\"author\" content=\"Jean-Paul Erhard\" \/>\n<meta name=\"twitter:card\" content=\"summary_large_image\" \/>\n<meta name=\"twitter:creator\" content=\"@PeoplesphereMag\" \/>\n<meta name=\"twitter:site\" content=\"@PeoplesphereMag\" \/>\n<meta name=\"twitter:label1\" content=\"\u00c9crit par\" \/>\n\t<meta name=\"twitter:data1\" content=\"Jean-Paul Erhard\" \/>\n\t<meta name=\"twitter:label2\" content=\"Dur\u00e9e de lecture estim\u00e9e\" \/>\n\t<meta name=\"twitter:data2\" content=\"4 minutes\" \/>\n<script type=\"application\/ld+json\" class=\"yoast-schema-graph\">{\"@context\":\"https:\/\/schema.org\",\"@graph\":[{\"@type\":\"Article\",\"@id\":\"https:\/\/peoplesphere.be\/fr\/evolution-du-chomage-en-wallonie-163-de-la-population-active-est-en-demande-demploi\/#article\",\"isPartOf\":{\"@id\":\"https:\/\/peoplesphere.be\/fr\/evolution-du-chomage-en-wallonie-163-de-la-population-active-est-en-demande-demploi\/\"},\"author\":{\"name\":\"Jean-Paul Erhard\",\"@id\":\"https:\/\/peoplesphere.be\/fr\/#\/schema\/person\/7976225ff17988604334abb7b3536a7e\"},\"headline\":\"Evolution du ch\u00f4mage en Wallonie: 16,3% de la population active est en demande d&#8217;emploi.\",\"datePublished\":\"2025-10-15T11:37:42+00:00\",\"dateModified\":\"2025-10-15T11:37:42+00:00\",\"mainEntityOfPage\":{\"@id\":\"https:\/\/peoplesphere.be\/fr\/evolution-du-chomage-en-wallonie-163-de-la-population-active-est-en-demande-demploi\/\"},\"wordCount\":810,\"publisher\":{\"@id\":\"https:\/\/peoplesphere.be\/fr\/#organization\"},\"articleSection\":[\"Actualit\u00e9s\",\"Digital\"],\"inLanguage\":\"fr-FR\"},{\"@type\":\"WebPage\",\"@id\":\"https:\/\/peoplesphere.be\/fr\/evolution-du-chomage-en-wallonie-163-de-la-population-active-est-en-demande-demploi\/\",\"url\":\"https:\/\/peoplesphere.be\/fr\/evolution-du-chomage-en-wallonie-163-de-la-population-active-est-en-demande-demploi\/\",\"name\":\"Evolution du ch\u00f4mage en Wallonie: 16,3% de la population active est en demande d'emploi. - Peoplesphere\",\"isPartOf\":{\"@id\":\"https:\/\/peoplesphere.be\/fr\/#website\"},\"datePublished\":\"2025-10-15T11:37:42+00:00\",\"dateModified\":\"2025-10-15T11:37:42+00:00\",\"breadcrumb\":{\"@id\":\"https:\/\/peoplesphere.be\/fr\/evolution-du-chomage-en-wallonie-163-de-la-population-active-est-en-demande-demploi\/#breadcrumb\"},\"inLanguage\":\"fr-FR\",\"potentialAction\":[{\"@type\":\"ReadAction\",\"target\":[\"https:\/\/peoplesphere.be\/fr\/evolution-du-chomage-en-wallonie-163-de-la-population-active-est-en-demande-demploi\/\"]}]},{\"@type\":\"BreadcrumbList\",\"@id\":\"https:\/\/peoplesphere.be\/fr\/evolution-du-chomage-en-wallonie-163-de-la-population-active-est-en-demande-demploi\/#breadcrumb\",\"itemListElement\":[{\"@type\":\"ListItem\",\"position\":1,\"name\":\"Accueil\",\"item\":\"https:\/\/peoplesphere.be\/fr\/\"},{\"@type\":\"ListItem\",\"position\":2,\"name\":\"Evolution du ch\u00f4mage en Wallonie: 16,3% de la population active est en demande d&#8217;emploi.\"}]},{\"@type\":\"WebSite\",\"@id\":\"https:\/\/peoplesphere.be\/fr\/#website\",\"url\":\"https:\/\/peoplesphere.be\/fr\/\",\"name\":\"Peoplesphere\",\"description\":\"The People Managers Magazine\",\"publisher\":{\"@id\":\"https:\/\/peoplesphere.be\/fr\/#organization\"},\"potentialAction\":[{\"@type\":\"SearchAction\",\"target\":{\"@type\":\"EntryPoint\",\"urlTemplate\":\"https:\/\/peoplesphere.be\/fr\/?s={search_term_string}\"},\"query-input\":\"required name=search_term_string\"}],\"inLanguage\":\"fr-FR\"},{\"@type\":\"Organization\",\"@id\":\"https:\/\/peoplesphere.be\/fr\/#organization\",\"name\":\"Peoplesphere Company srl\",\"url\":\"https:\/\/peoplesphere.be\/fr\/\",\"logo\":{\"@type\":\"ImageObject\",\"inLanguage\":\"fr-FR\",\"@id\":\"https:\/\/peoplesphere.be\/fr\/#\/schema\/logo\/image\/\",\"url\":\"https:\/\/peoplesphere.be\/fr\/wp-content\/uploads\/2023\/07\/peoplesphere-lgo-new-generik.jpg\",\"contentUrl\":\"https:\/\/peoplesphere.be\/fr\/wp-content\/uploads\/2023\/07\/peoplesphere-lgo-new-generik.jpg\",\"width\":1031,\"height\":1479,\"caption\":\"Peoplesphere Company srl\"},\"image\":{\"@id\":\"https:\/\/peoplesphere.be\/fr\/#\/schema\/logo\/image\/\"},\"sameAs\":[\"https:\/\/www.facebook.com\/peoplesphere\",\"https:\/\/twitter.com\/PeoplesphereMag\",\"https:\/\/www.linkedin.com\/company\/7587361?trk\",\"http:\/\/youtube.com\/peoplesphere\"]},{\"@type\":\"Person\",\"@id\":\"https:\/\/peoplesphere.be\/fr\/#\/schema\/person\/7976225ff17988604334abb7b3536a7e\",\"name\":\"Jean-Paul Erhard\",\"image\":{\"@type\":\"ImageObject\",\"inLanguage\":\"fr-FR\",\"@id\":\"https:\/\/peoplesphere.be\/fr\/#\/schema\/person\/image\/\",\"url\":\"https:\/\/secure.gravatar.com\/avatar\/f941e681460179738071629a51574930?s=96&d=mm&r=g\",\"contentUrl\":\"https:\/\/secure.gravatar.com\/avatar\/f941e681460179738071629a51574930?s=96&d=mm&r=g\",\"caption\":\"Jean-Paul Erhard\"},\"url\":\"https:\/\/peoplesphere.be\/fr\/author\/jpe\/\"}]}<\/script>\n<!-- \/ Yoast SEO plugin. -->","yoast_head_json":{"title":"Evolution du ch\u00f4mage en Wallonie: 16,3% de la population active est en demande d'emploi. - Peoplesphere","robots":{"index":"index","follow":"follow","max-snippet":"max-snippet:-1","max-image-preview":"max-image-preview:large","max-video-preview":"max-video-preview:-1"},"canonical":"https:\/\/peoplesphere.be\/fr\/evolution-du-chomage-en-wallonie-163-de-la-population-active-est-en-demande-demploi\/","og_locale":"fr_FR","og_type":"article","og_title":"Evolution du ch\u00f4mage en Wallonie: 16,3% de la population active est en demande d'emploi. - Peoplesphere","og_description":"Fin septembre 2025, la Wallonie comptabilisait 269.445 chercheurs d\u2019emploi. La demande d\u2019emploi est relativement stable par rapport \u00e0 fin ao\u00fbt dernier (+0,4%) mais a progress\u00e9 de 11,7% par rapport \u00e0 l\u2019ann\u00e9e pr\u00e9c\u00e9dente. Cela s\u2019explique notamment par le changement de m\u00e9thode [&hellip;]","og_url":"https:\/\/peoplesphere.be\/fr\/evolution-du-chomage-en-wallonie-163-de-la-population-active-est-en-demande-demploi\/","og_site_name":"Peoplesphere","article_publisher":"https:\/\/www.facebook.com\/peoplesphere","article_published_time":"2025-10-15T11:37:42+00:00","og_image":[{"url":"http:\/\/www.peoplesphere.be\/fr\/wp-content\/uploads\/2016\/07\/facebook-default-posting-1200x628px.jpg"}],"author":"Jean-Paul Erhard","twitter_card":"summary_large_image","twitter_creator":"@PeoplesphereMag","twitter_site":"@PeoplesphereMag","twitter_misc":{"\u00c9crit par":"Jean-Paul Erhard","Dur\u00e9e de lecture estim\u00e9e":"4 minutes"},"schema":{"@context":"https:\/\/schema.org","@graph":[{"@type":"Article","@id":"https:\/\/peoplesphere.be\/fr\/evolution-du-chomage-en-wallonie-163-de-la-population-active-est-en-demande-demploi\/#article","isPartOf":{"@id":"https:\/\/peoplesphere.be\/fr\/evolution-du-chomage-en-wallonie-163-de-la-population-active-est-en-demande-demploi\/"},"author":{"name":"Jean-Paul Erhard","@id":"https:\/\/peoplesphere.be\/fr\/#\/schema\/person\/7976225ff17988604334abb7b3536a7e"},"headline":"Evolution du ch\u00f4mage en Wallonie: 16,3% de la population active est en demande d&#8217;emploi.","datePublished":"2025-10-15T11:37:42+00:00","dateModified":"2025-10-15T11:37:42+00:00","mainEntityOfPage":{"@id":"https:\/\/peoplesphere.be\/fr\/evolution-du-chomage-en-wallonie-163-de-la-population-active-est-en-demande-demploi\/"},"wordCount":810,"publisher":{"@id":"https:\/\/peoplesphere.be\/fr\/#organization"},"articleSection":["Actualit\u00e9s","Digital"],"inLanguage":"fr-FR"},{"@type":"WebPage","@id":"https:\/\/peoplesphere.be\/fr\/evolution-du-chomage-en-wallonie-163-de-la-population-active-est-en-demande-demploi\/","url":"https:\/\/peoplesphere.be\/fr\/evolution-du-chomage-en-wallonie-163-de-la-population-active-est-en-demande-demploi\/","name":"Evolution du ch\u00f4mage en Wallonie: 16,3% de la population active est en demande d'emploi. - Peoplesphere","isPartOf":{"@id":"https:\/\/peoplesphere.be\/fr\/#website"},"datePublished":"2025-10-15T11:37:42+00:00","dateModified":"2025-10-15T11:37:42+00:00","breadcrumb":{"@id":"https:\/\/peoplesphere.be\/fr\/evolution-du-chomage-en-wallonie-163-de-la-population-active-est-en-demande-demploi\/#breadcrumb"},"inLanguage":"fr-FR","potentialAction":[{"@type":"ReadAction","target":["https:\/\/peoplesphere.be\/fr\/evolution-du-chomage-en-wallonie-163-de-la-population-active-est-en-demande-demploi\/"]}]},{"@type":"BreadcrumbList","@id":"https:\/\/peoplesphere.be\/fr\/evolution-du-chomage-en-wallonie-163-de-la-population-active-est-en-demande-demploi\/#breadcrumb","itemListElement":[{"@type":"ListItem","position":1,"name":"Accueil","item":"https:\/\/peoplesphere.be\/fr\/"},{"@type":"ListItem","position":2,"name":"Evolution du ch\u00f4mage en Wallonie: 16,3% de la population active est en demande d&#8217;emploi."}]},{"@type":"WebSite","@id":"https:\/\/peoplesphere.be\/fr\/#website","url":"https:\/\/peoplesphere.be\/fr\/","name":"Peoplesphere","description":"The People Managers Magazine","publisher":{"@id":"https:\/\/peoplesphere.be\/fr\/#organization"},"potentialAction":[{"@type":"SearchAction","target":{"@type":"EntryPoint","urlTemplate":"https:\/\/peoplesphere.be\/fr\/?s={search_term_string}"},"query-input":"required name=search_term_string"}],"inLanguage":"fr-FR"},{"@type":"Organization","@id":"https:\/\/peoplesphere.be\/fr\/#organization","name":"Peoplesphere Company srl","url":"https:\/\/peoplesphere.be\/fr\/","logo":{"@type":"ImageObject","inLanguage":"fr-FR","@id":"https:\/\/peoplesphere.be\/fr\/#\/schema\/logo\/image\/","url":"https:\/\/peoplesphere.be\/fr\/wp-content\/uploads\/2023\/07\/peoplesphere-lgo-new-generik.jpg","contentUrl":"https:\/\/peoplesphere.be\/fr\/wp-content\/uploads\/2023\/07\/peoplesphere-lgo-new-generik.jpg","width":1031,"height":1479,"caption":"Peoplesphere Company srl"},"image":{"@id":"https:\/\/peoplesphere.be\/fr\/#\/schema\/logo\/image\/"},"sameAs":["https:\/\/www.facebook.com\/peoplesphere","https:\/\/twitter.com\/PeoplesphereMag","https:\/\/www.linkedin.com\/company\/7587361?trk","http:\/\/youtube.com\/peoplesphere"]},{"@type":"Person","@id":"https:\/\/peoplesphere.be\/fr\/#\/schema\/person\/7976225ff17988604334abb7b3536a7e","name":"Jean-Paul Erhard","image":{"@type":"ImageObject","inLanguage":"fr-FR","@id":"https:\/\/peoplesphere.be\/fr\/#\/schema\/person\/image\/","url":"https:\/\/secure.gravatar.com\/avatar\/f941e681460179738071629a51574930?s=96&d=mm&r=g","contentUrl":"https:\/\/secure.gravatar.com\/avatar\/f941e681460179738071629a51574930?s=96&d=mm&r=g","caption":"Jean-Paul Erhard"},"url":"https:\/\/peoplesphere.be\/fr\/author\/jpe\/"}]}},"_links":{"self":[{"href":"https:\/\/peoplesphere.be\/fr\/wp-json\/wp\/v2\/posts\/18326"}],"collection":[{"href":"https:\/\/peoplesphere.be\/fr\/wp-json\/wp\/v2\/posts"}],"about":[{"href":"https:\/\/peoplesphere.be\/fr\/wp-json\/wp\/v2\/types\/post"}],"author":[{"embeddable":true,"href":"https:\/\/peoplesphere.be\/fr\/wp-json\/wp\/v2\/users\/2"}],"replies":[{"embeddable":true,"href":"https:\/\/peoplesphere.be\/fr\/wp-json\/wp\/v2\/comments?post=18326"}],"version-history":[{"count":1,"href":"https:\/\/peoplesphere.be\/fr\/wp-json\/wp\/v2\/posts\/18326\/revisions"}],"predecessor-version":[{"id":18327,"href":"https:\/\/peoplesphere.be\/fr\/wp-json\/wp\/v2\/posts\/18326\/revisions\/18327"}],"wp:attachment":[{"href":"https:\/\/peoplesphere.be\/fr\/wp-json\/wp\/v2\/media?parent=18326"}],"wp:term":[{"taxonomy":"category","embeddable":true,"href":"https:\/\/peoplesphere.be\/fr\/wp-json\/wp\/v2\/categories?post=18326"},{"taxonomy":"post_tag","embeddable":true,"href":"https:\/\/peoplesphere.be\/fr\/wp-json\/wp\/v2\/tags?post=18326"}],"curies":[{"name":"wp","href":"https:\/\/api.w.org\/{rel}","templated":true}]}}