









{"id":18332,"date":"2025-10-16T07:55:41","date_gmt":"2025-10-16T05:55:41","guid":{"rendered":"https:\/\/peoplesphere.be\/fr\/?p=18332"},"modified":"2025-10-16T07:55:41","modified_gmt":"2025-10-16T05:55:41","slug":"le-malaise-subsiste-autour-des-malades-de-longue-duree-trop-dentreprises-peinent-a-garder-le-contact-avec-les-travailleurs-absents","status":"publish","type":"post","link":"https:\/\/peoplesphere.be\/fr\/le-malaise-subsiste-autour-des-malades-de-longue-duree-trop-dentreprises-peinent-a-garder-le-contact-avec-les-travailleurs-absents\/","title":{"rendered":"Le malaise subsiste autour des malades de longue dur\u00e9e: trop d&rsquo;entreprises peinent \u00e0 garder le contact avec les travailleurs absents."},"content":{"rendered":"<p>Ces derni\u00e8res ann\u00e9es, de plus en plus d\u2019entreprises doivent accompagner les travailleurs en maladie de longue dur\u00e9e sur le chemin du retour vers le lieu de travail. L\u2019an dernier, pas moins de neuf employeurs sur dix avaient d\u00e9j\u00e0 en service au moins 1 travailleur en maladie de longue dur\u00e9e. Pourtant, de nombreuses entreprises ne sont pas encore suffisamment pr\u00e9par\u00e9es \u00e0 la r\u00e9int\u00e9gration de ces malades de longue dur\u00e9e, selon une enqu\u00eate de l\u2019expert en RH Acerta. Un quart des employeurs belges n\u2019ont toujours pas de politique de r\u00e9int\u00e9gration, malgr\u00e9 l\u2019instauration de l\u2019obligation il y a trois ans.<!--more--><\/p>\n<p>Plus d\u2019un employeur sur trois (35,4%) trouve en outre que la l\u00e9gislation actuelle en mati\u00e8re de r\u00e9int\u00e9gration est trop floue pour \u00eatre mise en pratique. \u00ab\u00a0<em>Les entreprises se montrent dispos\u00e9es \u00e0 se lancer dans la r\u00e9int\u00e9gration, mais beaucoup ne s\u2019y retrouvent pas\u00a0\u00bb,<\/em> d\u00e9clarent les experts d&rsquo;Acerta.<\/p>\n<p>Dans notre pays, aussi bien les grandes que les petites entreprises ont l\u2019obligation, depuis la fin de l\u2019ann\u00e9e 2022, de mettre en place une politique de r\u00e9int\u00e9gration collective, m\u00eame si elles ne comptent pas (encore) de malades de longue dur\u00e9e dans leurs effectifs. Le nouvel accord de coalition conclu au d\u00e9but de cette ann\u00e9e conf\u00e8re une responsabilit\u00e9 suppl\u00e9mentaire aux employeurs en ce qui concerne la r\u00e9int\u00e9gration des malades de longue dur\u00e9e. Ainsi, une politique active en mati\u00e8re d&rsquo;absent\u00e9isme devient obligatoire et les grandes entreprises doivent payer 30% des indemnit\u00e9s de maladie pendant les deux premiers mois. Mais la mise en pratique de la l\u00e9gislation s\u2019av\u00e8re difficile, comme le montre une nouvelle enqu\u00eate men\u00e9e par Acerta aupr\u00e8s de quelque 400 petites et grandes entreprises de notre pays. La r\u00e9int\u00e9gration est un processus complexe comportant de nombreuses \u00e9tapes et obstacles. Elle demande du temps et un soutien de la part de l&rsquo;ensemble de l&rsquo;organisation.<\/p>\n<p>Pourtant, le besoin se fait pressant : pas moins de neuf entreprises sur dix ont d\u00e9j\u00e0 (eu) en service au moins 1 travailleur en maladie de longue dur\u00e9e. Plus de six entreprises sur dix (63,1%) ont d\u00e9j\u00e0 r\u00e9ins\u00e9r\u00e9 sur le lieu de travail leurs malades de longue dur\u00e9e. Cela dit, dans nombre d\u2019entre elles, il manque un plan ou des accords clairs. Ainsi, un quart (25,7%) des entreprises belges n\u2019ont pas encore de politique d\u2019absent\u00e9isme et de r\u00e9int\u00e9gration. 61,7% des employeurs indiquent n&rsquo;avoir mis en place qu&rsquo;une politique limit\u00e9e ou partiellement \u00e9labor\u00e9e. Chez 12,5% d&rsquo;entre eux, la politique est \u00e9labor\u00e9e dans les moindres d\u00e9tails. Il est int\u00e9ressant de noter que, parmi les employeurs qui ont une politique \u00e9labor\u00e9e, 67,2% pensent que leurs travailleurs sont peu inform\u00e9s, voire ne sont pas du tout au courant de cette politique.<\/p>\n<p>Laura Couchard, experte juridique chez Acerta Consult : <em>\u00ab\u00a0Sur le lieu de travail, des efforts sont investis pour maintenir les gens en bonne sant\u00e9 et les ramener au travail apr\u00e8s une maladie, mais cela se fait souvent de mani\u00e8re ad hoc et organique. Maladie et travail ne sont plus inconciliables : le travail peut m\u00eame favoriser le r\u00e9tablissement, \u00e0 condition que le travail ait \u00e9t\u00e9 adapt\u00e9 aux capacit\u00e9s du travailleur. Les employeurs sont bien dispos\u00e9s \u00e0 aborder la question, mais la mise en \u0153uvre dans la pratique s\u2019av\u00e8re trop complexe. C&rsquo;est un processus qui comporte de nombreux obstacles et \u00e9tapes \u2013 cela ne se fait pas du jour au lendemain, mais demande du temps, de la perspicacit\u00e9 et de la pers\u00e9v\u00e9rance. Il peut \u00eatre utile pour les entreprises de mettre des proc\u00e9dures noir sur blanc, afin que tous les membres de l\u2019organisation soient au courant de la mani\u00e8re dont la r\u00e9int\u00e9gration est structur\u00e9e. Qui contacte le travailleur malade, quand, quel est le r\u00f4le du m\u00e9decin du travail&#8230; Ce ne sont l\u00e0 que quelques exemples des lignes directrices pouvant \u00eatre abord\u00e9es dans une telle politique de r\u00e9int\u00e9gration.\u00a0\u00bb<\/em><\/p>\n<h3><strong><em>Garder le contact<\/em><\/strong><\/h3>\n<p>Les pouvoirs publics n\u2019imposent pas de r\u00e8gles fixes aux entreprises quant au moment et \u00e0 la fr\u00e9quence des contacts avec un travailleur en maladie de longue dur\u00e9e. Cela dit, la pratique montre que ceux qui prennent contact rapidement et maintiennent des contacts fr\u00e9quents augmentent les chances d\u2019un retour fluide \u00e0 terme. L\u2019enqu\u00eate d\u2019Acerta r\u00e9v\u00e8le que chez pr\u00e8s de la moiti\u00e9 des employeurs (48,2%), il faut compter au moins un \u00e0 trois mois avant qu\u2019un premier contact soit \u00e9tabli avec le travailleur malade. 31,2% prennent par ailleurs contact tous les mois, 13,1% tous les quinze jours et quelque 5,5% toutes les semaines. Dans pr\u00e8s de la moiti\u00e9 des entreprises (45,4%), la fr\u00e9quence des contacts d\u00e9pend du travailleur.<\/p>\n<h3><strong><em>Obstacles dans le cadre de la r\u00e9int\u00e9gration<\/em><\/strong><\/h3>\n<p>Acerta a \u00e9galement interrog\u00e9 les employeurs sur les obstacles qu\u2019ils rencontrent dans l\u2019application de la r\u00e9int\u00e9gration. Un manque de motivation de la part des travailleurs a \u00e9t\u00e9 la r\u00e9ponse la plus mentionn\u00e9e (52,9%). Par ailleurs, 36,6% d\u00e9clarent que le manque de temps et la charge de travail excessive pour les autres travailleurs constituaient un d\u00e9fi de taille. 35,4% trouvent floue la l\u00e9gislation et r\u00e9glementation en mati\u00e8re d\u2019absent\u00e9isme. Quelque 27,2% ont d\u00e9clar\u00e9 ne pas avoir suffisamment de ressources financi\u00e8res pour les efforts suppl\u00e9mentaires qu\u2019exige la r\u00e9int\u00e9gration et 24,1% ne disposent pas de suffisamment de connaissances ou d\u2019expertise dans ce domaine.<\/p>\n<p>&nbsp;<\/p>\n<p><em>Source: les chiffres proviennent d\u2019une enqu\u00eate men\u00e9e par ACERTA, bas\u00e9e sur un panel fixe de 396 membres issus de divers secteurs et tailles d\u2019entreprise, allant de petites \u00e0 de grandes entreprises. Les r\u00e9pondants des grandes entreprises \u00e9tant surrepr\u00e9sent\u00e9s dans l\u2019\u00e9chantillon, les r\u00e9sultats ont \u00e9t\u00e9 pond\u00e9r\u00e9s afin d\u2019obtenir une image plus repr\u00e9sentative par taille d\u2019entreprise. Les r\u00e9pondants occupaient des fonctions telles que CEO, directeur RH, HR Business Partner, HR Manager ou responsable Payroll.<\/em><\/p>\n","protected":false},"excerpt":{"rendered":"<p>Ces derni\u00e8res ann\u00e9es, de plus en plus d\u2019entreprises doivent accompagner les travailleurs en maladie de longue dur\u00e9e sur le chemin du retour vers le lieu de travail. L\u2019an dernier, pas moins de neuf employeurs sur dix avaient d\u00e9j\u00e0 en service [&hellip;]<\/p>\n","protected":false},"author":2,"featured_media":0,"comment_status":"closed","ping_status":"open","sticky":false,"template":"","format":"standard","meta":[],"categories":[65,10],"tags":[145,501,639],"yoast_head":"<!-- This site is optimized with the Yoast SEO plugin v21.0 - https:\/\/yoast.com\/wordpress\/plugins\/seo\/ -->\n<title>Le malaise subsiste autour des malades de longue dur\u00e9e: trop d&#039;entreprises peinent \u00e0 garder le contact avec les travailleurs absents. - Peoplesphere<\/title>\n<meta name=\"robots\" content=\"index, follow, max-snippet:-1, max-image-preview:large, max-video-preview:-1\" \/>\n<link rel=\"canonical\" href=\"https:\/\/peoplesphere.be\/fr\/le-malaise-subsiste-autour-des-malades-de-longue-duree-trop-dentreprises-peinent-a-garder-le-contact-avec-les-travailleurs-absents\/\" \/>\n<meta property=\"og:locale\" content=\"fr_FR\" \/>\n<meta property=\"og:type\" content=\"article\" \/>\n<meta property=\"og:title\" content=\"Le malaise subsiste autour des malades de longue dur\u00e9e: trop d&#039;entreprises peinent \u00e0 garder le contact avec les travailleurs absents. - Peoplesphere\" \/>\n<meta property=\"og:description\" content=\"Ces derni\u00e8res ann\u00e9es, de plus en plus d\u2019entreprises doivent accompagner les travailleurs en maladie de longue dur\u00e9e sur le chemin du retour vers le lieu de travail. L\u2019an dernier, pas moins de neuf employeurs sur dix avaient d\u00e9j\u00e0 en service [&hellip;]\" \/>\n<meta property=\"og:url\" content=\"https:\/\/peoplesphere.be\/fr\/le-malaise-subsiste-autour-des-malades-de-longue-duree-trop-dentreprises-peinent-a-garder-le-contact-avec-les-travailleurs-absents\/\" \/>\n<meta property=\"og:site_name\" content=\"Peoplesphere\" \/>\n<meta property=\"article:publisher\" content=\"https:\/\/www.facebook.com\/peoplesphere\" \/>\n<meta property=\"article:published_time\" content=\"2025-10-16T05:55:41+00:00\" \/>\n<meta property=\"og:image\" content=\"http:\/\/www.peoplesphere.be\/fr\/wp-content\/uploads\/2016\/07\/facebook-default-posting-1200x628px.jpg\" \/>\n<meta name=\"author\" content=\"Jean-Paul Erhard\" \/>\n<meta name=\"twitter:card\" content=\"summary_large_image\" \/>\n<meta name=\"twitter:creator\" content=\"@PeoplesphereMag\" \/>\n<meta name=\"twitter:site\" content=\"@PeoplesphereMag\" \/>\n<meta name=\"twitter:label1\" content=\"\u00c9crit par\" \/>\n\t<meta name=\"twitter:data1\" content=\"Jean-Paul Erhard\" \/>\n\t<meta name=\"twitter:label2\" content=\"Dur\u00e9e de lecture estim\u00e9e\" \/>\n\t<meta name=\"twitter:data2\" content=\"5 minutes\" \/>\n<script type=\"application\/ld+json\" class=\"yoast-schema-graph\">{\"@context\":\"https:\/\/schema.org\",\"@graph\":[{\"@type\":\"Article\",\"@id\":\"https:\/\/peoplesphere.be\/fr\/le-malaise-subsiste-autour-des-malades-de-longue-duree-trop-dentreprises-peinent-a-garder-le-contact-avec-les-travailleurs-absents\/#article\",\"isPartOf\":{\"@id\":\"https:\/\/peoplesphere.be\/fr\/le-malaise-subsiste-autour-des-malades-de-longue-duree-trop-dentreprises-peinent-a-garder-le-contact-avec-les-travailleurs-absents\/\"},\"author\":{\"name\":\"Jean-Paul Erhard\",\"@id\":\"https:\/\/peoplesphere.be\/fr\/#\/schema\/person\/7976225ff17988604334abb7b3536a7e\"},\"headline\":\"Le malaise subsiste autour des malades de longue dur\u00e9e: trop d&rsquo;entreprises peinent \u00e0 garder le contact avec les travailleurs absents.\",\"datePublished\":\"2025-10-16T05:55:41+00:00\",\"dateModified\":\"2025-10-16T05:55:41+00:00\",\"mainEntityOfPage\":{\"@id\":\"https:\/\/peoplesphere.be\/fr\/le-malaise-subsiste-autour-des-malades-de-longue-duree-trop-dentreprises-peinent-a-garder-le-contact-avec-les-travailleurs-absents\/\"},\"wordCount\":1050,\"publisher\":{\"@id\":\"https:\/\/peoplesphere.be\/fr\/#organization\"},\"keywords\":[\"absent\u00e9isme\",\"malades de longue dur\u00e9e\",\"r\u00e9int\u00e9gration\"],\"articleSection\":[\"Actualit\u00e9s\",\"Digital\"],\"inLanguage\":\"fr-FR\"},{\"@type\":\"WebPage\",\"@id\":\"https:\/\/peoplesphere.be\/fr\/le-malaise-subsiste-autour-des-malades-de-longue-duree-trop-dentreprises-peinent-a-garder-le-contact-avec-les-travailleurs-absents\/\",\"url\":\"https:\/\/peoplesphere.be\/fr\/le-malaise-subsiste-autour-des-malades-de-longue-duree-trop-dentreprises-peinent-a-garder-le-contact-avec-les-travailleurs-absents\/\",\"name\":\"Le malaise subsiste autour des malades de longue dur\u00e9e: trop d'entreprises peinent \u00e0 garder le contact avec les travailleurs absents. - Peoplesphere\",\"isPartOf\":{\"@id\":\"https:\/\/peoplesphere.be\/fr\/#website\"},\"datePublished\":\"2025-10-16T05:55:41+00:00\",\"dateModified\":\"2025-10-16T05:55:41+00:00\",\"breadcrumb\":{\"@id\":\"https:\/\/peoplesphere.be\/fr\/le-malaise-subsiste-autour-des-malades-de-longue-duree-trop-dentreprises-peinent-a-garder-le-contact-avec-les-travailleurs-absents\/#breadcrumb\"},\"inLanguage\":\"fr-FR\",\"potentialAction\":[{\"@type\":\"ReadAction\",\"target\":[\"https:\/\/peoplesphere.be\/fr\/le-malaise-subsiste-autour-des-malades-de-longue-duree-trop-dentreprises-peinent-a-garder-le-contact-avec-les-travailleurs-absents\/\"]}]},{\"@type\":\"BreadcrumbList\",\"@id\":\"https:\/\/peoplesphere.be\/fr\/le-malaise-subsiste-autour-des-malades-de-longue-duree-trop-dentreprises-peinent-a-garder-le-contact-avec-les-travailleurs-absents\/#breadcrumb\",\"itemListElement\":[{\"@type\":\"ListItem\",\"position\":1,\"name\":\"Accueil\",\"item\":\"https:\/\/peoplesphere.be\/fr\/\"},{\"@type\":\"ListItem\",\"position\":2,\"name\":\"Le malaise subsiste autour des malades de longue dur\u00e9e: trop d&rsquo;entreprises peinent \u00e0 garder le contact avec les travailleurs absents.\"}]},{\"@type\":\"WebSite\",\"@id\":\"https:\/\/peoplesphere.be\/fr\/#website\",\"url\":\"https:\/\/peoplesphere.be\/fr\/\",\"name\":\"Peoplesphere\",\"description\":\"The People Managers Magazine\",\"publisher\":{\"@id\":\"https:\/\/peoplesphere.be\/fr\/#organization\"},\"potentialAction\":[{\"@type\":\"SearchAction\",\"target\":{\"@type\":\"EntryPoint\",\"urlTemplate\":\"https:\/\/peoplesphere.be\/fr\/?s={search_term_string}\"},\"query-input\":\"required name=search_term_string\"}],\"inLanguage\":\"fr-FR\"},{\"@type\":\"Organization\",\"@id\":\"https:\/\/peoplesphere.be\/fr\/#organization\",\"name\":\"Peoplesphere Company srl\",\"url\":\"https:\/\/peoplesphere.be\/fr\/\",\"logo\":{\"@type\":\"ImageObject\",\"inLanguage\":\"fr-FR\",\"@id\":\"https:\/\/peoplesphere.be\/fr\/#\/schema\/logo\/image\/\",\"url\":\"https:\/\/peoplesphere.be\/fr\/wp-content\/uploads\/2023\/07\/peoplesphere-lgo-new-generik.jpg\",\"contentUrl\":\"https:\/\/peoplesphere.be\/fr\/wp-content\/uploads\/2023\/07\/peoplesphere-lgo-new-generik.jpg\",\"width\":1031,\"height\":1479,\"caption\":\"Peoplesphere Company srl\"},\"image\":{\"@id\":\"https:\/\/peoplesphere.be\/fr\/#\/schema\/logo\/image\/\"},\"sameAs\":[\"https:\/\/www.facebook.com\/peoplesphere\",\"https:\/\/twitter.com\/PeoplesphereMag\",\"https:\/\/www.linkedin.com\/company\/7587361?trk\",\"http:\/\/youtube.com\/peoplesphere\"]},{\"@type\":\"Person\",\"@id\":\"https:\/\/peoplesphere.be\/fr\/#\/schema\/person\/7976225ff17988604334abb7b3536a7e\",\"name\":\"Jean-Paul Erhard\",\"image\":{\"@type\":\"ImageObject\",\"inLanguage\":\"fr-FR\",\"@id\":\"https:\/\/peoplesphere.be\/fr\/#\/schema\/person\/image\/\",\"url\":\"https:\/\/secure.gravatar.com\/avatar\/f941e681460179738071629a51574930?s=96&d=mm&r=g\",\"contentUrl\":\"https:\/\/secure.gravatar.com\/avatar\/f941e681460179738071629a51574930?s=96&d=mm&r=g\",\"caption\":\"Jean-Paul Erhard\"},\"url\":\"https:\/\/peoplesphere.be\/fr\/author\/jpe\/\"}]}<\/script>\n<!-- \/ Yoast SEO plugin. -->","yoast_head_json":{"title":"Le malaise subsiste autour des malades de longue dur\u00e9e: trop d'entreprises peinent \u00e0 garder le contact avec les travailleurs absents. - Peoplesphere","robots":{"index":"index","follow":"follow","max-snippet":"max-snippet:-1","max-image-preview":"max-image-preview:large","max-video-preview":"max-video-preview:-1"},"canonical":"https:\/\/peoplesphere.be\/fr\/le-malaise-subsiste-autour-des-malades-de-longue-duree-trop-dentreprises-peinent-a-garder-le-contact-avec-les-travailleurs-absents\/","og_locale":"fr_FR","og_type":"article","og_title":"Le malaise subsiste autour des malades de longue dur\u00e9e: trop d'entreprises peinent \u00e0 garder le contact avec les travailleurs absents. - Peoplesphere","og_description":"Ces derni\u00e8res ann\u00e9es, de plus en plus d\u2019entreprises doivent accompagner les travailleurs en maladie de longue dur\u00e9e sur le chemin du retour vers le lieu de travail. L\u2019an dernier, pas moins de neuf employeurs sur dix avaient d\u00e9j\u00e0 en service [&hellip;]","og_url":"https:\/\/peoplesphere.be\/fr\/le-malaise-subsiste-autour-des-malades-de-longue-duree-trop-dentreprises-peinent-a-garder-le-contact-avec-les-travailleurs-absents\/","og_site_name":"Peoplesphere","article_publisher":"https:\/\/www.facebook.com\/peoplesphere","article_published_time":"2025-10-16T05:55:41+00:00","og_image":[{"url":"http:\/\/www.peoplesphere.be\/fr\/wp-content\/uploads\/2016\/07\/facebook-default-posting-1200x628px.jpg"}],"author":"Jean-Paul Erhard","twitter_card":"summary_large_image","twitter_creator":"@PeoplesphereMag","twitter_site":"@PeoplesphereMag","twitter_misc":{"\u00c9crit par":"Jean-Paul Erhard","Dur\u00e9e de lecture estim\u00e9e":"5 minutes"},"schema":{"@context":"https:\/\/schema.org","@graph":[{"@type":"Article","@id":"https:\/\/peoplesphere.be\/fr\/le-malaise-subsiste-autour-des-malades-de-longue-duree-trop-dentreprises-peinent-a-garder-le-contact-avec-les-travailleurs-absents\/#article","isPartOf":{"@id":"https:\/\/peoplesphere.be\/fr\/le-malaise-subsiste-autour-des-malades-de-longue-duree-trop-dentreprises-peinent-a-garder-le-contact-avec-les-travailleurs-absents\/"},"author":{"name":"Jean-Paul Erhard","@id":"https:\/\/peoplesphere.be\/fr\/#\/schema\/person\/7976225ff17988604334abb7b3536a7e"},"headline":"Le malaise subsiste autour des malades de longue dur\u00e9e: trop d&rsquo;entreprises peinent \u00e0 garder le contact avec les travailleurs absents.","datePublished":"2025-10-16T05:55:41+00:00","dateModified":"2025-10-16T05:55:41+00:00","mainEntityOfPage":{"@id":"https:\/\/peoplesphere.be\/fr\/le-malaise-subsiste-autour-des-malades-de-longue-duree-trop-dentreprises-peinent-a-garder-le-contact-avec-les-travailleurs-absents\/"},"wordCount":1050,"publisher":{"@id":"https:\/\/peoplesphere.be\/fr\/#organization"},"keywords":["absent\u00e9isme","malades de longue dur\u00e9e","r\u00e9int\u00e9gration"],"articleSection":["Actualit\u00e9s","Digital"],"inLanguage":"fr-FR"},{"@type":"WebPage","@id":"https:\/\/peoplesphere.be\/fr\/le-malaise-subsiste-autour-des-malades-de-longue-duree-trop-dentreprises-peinent-a-garder-le-contact-avec-les-travailleurs-absents\/","url":"https:\/\/peoplesphere.be\/fr\/le-malaise-subsiste-autour-des-malades-de-longue-duree-trop-dentreprises-peinent-a-garder-le-contact-avec-les-travailleurs-absents\/","name":"Le malaise subsiste autour des malades de longue dur\u00e9e: trop d'entreprises peinent \u00e0 garder le contact avec les travailleurs absents. - Peoplesphere","isPartOf":{"@id":"https:\/\/peoplesphere.be\/fr\/#website"},"datePublished":"2025-10-16T05:55:41+00:00","dateModified":"2025-10-16T05:55:41+00:00","breadcrumb":{"@id":"https:\/\/peoplesphere.be\/fr\/le-malaise-subsiste-autour-des-malades-de-longue-duree-trop-dentreprises-peinent-a-garder-le-contact-avec-les-travailleurs-absents\/#breadcrumb"},"inLanguage":"fr-FR","potentialAction":[{"@type":"ReadAction","target":["https:\/\/peoplesphere.be\/fr\/le-malaise-subsiste-autour-des-malades-de-longue-duree-trop-dentreprises-peinent-a-garder-le-contact-avec-les-travailleurs-absents\/"]}]},{"@type":"BreadcrumbList","@id":"https:\/\/peoplesphere.be\/fr\/le-malaise-subsiste-autour-des-malades-de-longue-duree-trop-dentreprises-peinent-a-garder-le-contact-avec-les-travailleurs-absents\/#breadcrumb","itemListElement":[{"@type":"ListItem","position":1,"name":"Accueil","item":"https:\/\/peoplesphere.be\/fr\/"},{"@type":"ListItem","position":2,"name":"Le malaise subsiste autour des malades de longue dur\u00e9e: trop d&rsquo;entreprises peinent \u00e0 garder le contact avec les travailleurs absents."}]},{"@type":"WebSite","@id":"https:\/\/peoplesphere.be\/fr\/#website","url":"https:\/\/peoplesphere.be\/fr\/","name":"Peoplesphere","description":"The People Managers Magazine","publisher":{"@id":"https:\/\/peoplesphere.be\/fr\/#organization"},"potentialAction":[{"@type":"SearchAction","target":{"@type":"EntryPoint","urlTemplate":"https:\/\/peoplesphere.be\/fr\/?s={search_term_string}"},"query-input":"required name=search_term_string"}],"inLanguage":"fr-FR"},{"@type":"Organization","@id":"https:\/\/peoplesphere.be\/fr\/#organization","name":"Peoplesphere Company srl","url":"https:\/\/peoplesphere.be\/fr\/","logo":{"@type":"ImageObject","inLanguage":"fr-FR","@id":"https:\/\/peoplesphere.be\/fr\/#\/schema\/logo\/image\/","url":"https:\/\/peoplesphere.be\/fr\/wp-content\/uploads\/2023\/07\/peoplesphere-lgo-new-generik.jpg","contentUrl":"https:\/\/peoplesphere.be\/fr\/wp-content\/uploads\/2023\/07\/peoplesphere-lgo-new-generik.jpg","width":1031,"height":1479,"caption":"Peoplesphere Company srl"},"image":{"@id":"https:\/\/peoplesphere.be\/fr\/#\/schema\/logo\/image\/"},"sameAs":["https:\/\/www.facebook.com\/peoplesphere","https:\/\/twitter.com\/PeoplesphereMag","https:\/\/www.linkedin.com\/company\/7587361?trk","http:\/\/youtube.com\/peoplesphere"]},{"@type":"Person","@id":"https:\/\/peoplesphere.be\/fr\/#\/schema\/person\/7976225ff17988604334abb7b3536a7e","name":"Jean-Paul Erhard","image":{"@type":"ImageObject","inLanguage":"fr-FR","@id":"https:\/\/peoplesphere.be\/fr\/#\/schema\/person\/image\/","url":"https:\/\/secure.gravatar.com\/avatar\/f941e681460179738071629a51574930?s=96&d=mm&r=g","contentUrl":"https:\/\/secure.gravatar.com\/avatar\/f941e681460179738071629a51574930?s=96&d=mm&r=g","caption":"Jean-Paul Erhard"},"url":"https:\/\/peoplesphere.be\/fr\/author\/jpe\/"}]}},"_links":{"self":[{"href":"https:\/\/peoplesphere.be\/fr\/wp-json\/wp\/v2\/posts\/18332"}],"collection":[{"href":"https:\/\/peoplesphere.be\/fr\/wp-json\/wp\/v2\/posts"}],"about":[{"href":"https:\/\/peoplesphere.be\/fr\/wp-json\/wp\/v2\/types\/post"}],"author":[{"embeddable":true,"href":"https:\/\/peoplesphere.be\/fr\/wp-json\/wp\/v2\/users\/2"}],"replies":[{"embeddable":true,"href":"https:\/\/peoplesphere.be\/fr\/wp-json\/wp\/v2\/comments?post=18332"}],"version-history":[{"count":1,"href":"https:\/\/peoplesphere.be\/fr\/wp-json\/wp\/v2\/posts\/18332\/revisions"}],"predecessor-version":[{"id":18333,"href":"https:\/\/peoplesphere.be\/fr\/wp-json\/wp\/v2\/posts\/18332\/revisions\/18333"}],"wp:attachment":[{"href":"https:\/\/peoplesphere.be\/fr\/wp-json\/wp\/v2\/media?parent=18332"}],"wp:term":[{"taxonomy":"category","embeddable":true,"href":"https:\/\/peoplesphere.be\/fr\/wp-json\/wp\/v2\/categories?post=18332"},{"taxonomy":"post_tag","embeddable":true,"href":"https:\/\/peoplesphere.be\/fr\/wp-json\/wp\/v2\/tags?post=18332"}],"curies":[{"name":"wp","href":"https:\/\/api.w.org\/{rel}","templated":true}]}}