









{"id":18345,"date":"2025-10-22T06:24:44","date_gmt":"2025-10-22T04:24:44","guid":{"rendered":"https:\/\/peoplesphere.be\/fr\/?p=18345"},"modified":"2025-10-22T06:24:44","modified_gmt":"2025-10-22T04:24:44","slug":"la-generation-z-en-entreprise-et-ses-contradictions-determinee-et-desorientee-elle-peine-encore-a-trouver-sa-place","status":"publish","type":"post","link":"https:\/\/peoplesphere.be\/fr\/la-generation-z-en-entreprise-et-ses-contradictions-determinee-et-desorientee-elle-peine-encore-a-trouver-sa-place\/","title":{"rendered":"La g\u00e9n\u00e9ration Z en entreprise et ses contradictions : d\u00e9termin\u00e9e et d\u00e9sorient\u00e9e, elle peine encore \u00e0 trouver sa place."},"content":{"rendered":"<p>La nouvelle \u00e9tude de Randstad \u201cLa g\u00e9n\u00e9ration Z en entreprise : tourn\u00e9e vers l\u2019avenir, en constante \u00e9volution\u201d s\u2019appuie sur une enqu\u00eate men\u00e9e aupr\u00e8s de 11.250 talents dans 15 pays et sur l\u2019analyse de plus de 126 millions d\u2019offres d\u2019emploi. La g\u00e9n\u00e9ration Z est ambitieuse et pleine de potentiel, mais elle peine \u00e0 trouver sa place en entreprise.<!--more--><\/p>\n<p>Elle arrive sur le march\u00e9 du travail dans un contexte de grands bouleversements. Malgr\u00e9 une p\u00e9nurie de talents qui s\u2019accentue, le nombre de postes ouverts aux d\u00e9butants enregistre une baisse continue, tous secteurs confondus. Les jeunes travailleurs font face \u00e0 une concurrence accrue, aliment\u00e9e par l\u2019IA qui permet de traiter des t\u00e2ches habituellement confi\u00e9es aux profils juniors. La Gen Z est \u00e9galement confront\u00e9e \u00e0 une disruption technologique constante et \u00e0 des perspectives de carri\u00e8re incertaines.<\/p>\n<p>Le nouveau rapport du groupe Randstad <em>\u201cLa g\u00e9n\u00e9ration Z en entreprise\u201d<\/em> d\u00e9peint une g\u00e9n\u00e9ration \u00e0 la fois d\u00e9termin\u00e9e et d\u00e9sorient\u00e9e. Les jeunes aspirent \u00e0 des carri\u00e8res qui ont du sens et se projettent sur le long terme. Pourtant, ils manquent de confiance pour naviguer dans l\u2019univers professionnel. Beaucoup se sentent insuffisamment pr\u00e9par\u00e9s et accompagn\u00e9s, ce qui les pousse \u00e0 revoir leurs ambitions \u00e0 la baisse. Cons\u00e9quence directe : leur dur\u00e9e moyenne en poste diminue. Les jeunes actifs d\u2019aujourd\u2019hui changent d\u2019emploi plus vite que n\u2019importe quelle g\u00e9n\u00e9ration avant eux. Si les employeurs peuvent y voir un manque de loyaut\u00e9, les conclusions de l\u2019\u00e9tude sugg\u00e8rent plut\u00f4t une r\u00e9action \u00e0 des attentes d\u00e9\u00e7ues, doubl\u00e9e d\u2019un puissant d\u00e9sir de progression.<\/p>\n<h3><strong><em>Une g\u00e9n\u00e9ration impact\u00e9e par un march\u00e9 du travail en constante<\/em> <\/strong><strong><em>mutation<\/em><\/strong><\/h3>\n<p>La g\u00e9n\u00e9ration Z est celle qui n\u2019a jamais eu aussi peu d\u2019opportunit\u00e9s pour faire ses premiers pas sur le march\u00e9 du travail. A l\u2019\u00e9chelle mondiale, le nombre d\u2019offres d\u2019emploi pour les postes n\u00e9cessitant moins de 2 ans d\u2019exp\u00e9rience a chut\u00e9 de 29 points depuis janvier 2024.<\/p>\n<p>L\u2019IA exacerbe cette situation en automatisant de nombreuses t\u00e2ches traditionnellement confi\u00e9es aux profils juniors. Ce ph\u00e9nom\u00e8ne s\u2019observe notamment dans les deux secteurs de pr\u00e9dilection de la Gen Z : la tech et la finance. Dans la tech, le nombre de postes juniors a chut\u00e9 de 35 points, les m\u00e9tiers les plus complexes et exigeants, comme ceux li\u00e9s au Machine Learning, offrant peu d\u2019opportunit\u00e9s aux jeunes talents. La finance a, quant \u00e0 elle, enregistr\u00e9 une r\u00e9duction de 24 points du nombre de postes offerts \u00e0 la Gen Z. A l\u2019inverse, le secteur de la sant\u00e9 fait figure d\u2019exception avec une hausse de 13% du nombre d\u2019offres pour d\u00e9butants.<\/p>\n<p>Face \u00e0 cette rar\u00e9faction des postes juniors, la g\u00e9n\u00e9ration Z se voit contrainte de faire des compromis dans ses choix de carri\u00e8re : 38% des r\u00e9pondants en France d\u00e9clarent que leur poste actuel ne correspond pas \u00e0 la carri\u00e8re de leurs r\u00eaves. Soit le taux le plus \u00e9lev\u00e9, toutes g\u00e9n\u00e9rations confondues.<\/p>\n<p>Les pressions financi\u00e8res et le peu d\u2019options pour les d\u00e9butants les am\u00e8nent \u00e0 accepter des postes qui ne refl\u00e8tent pas enti\u00e8rement leurs objectifs. En France, pr\u00e8s de trois travailleurs de la Gen Z sur cinq (56%) d\u00e9clarent ainsi qu\u2019ils accepteraient un emploi ne correspondant pas \u00e0 leurs valeurs personnelles si le salaire et les avantages \u00e9taient attractifs, soit bien plus que les Baby-boomers (38%). Par ailleurs, les talents de la Gen Z se d\u00e9clarent inquiets lorsqu\u2019il s\u2019agit de chercher de nouvelles opportunit\u00e9s. 44% d\u2019entre eux estiment ne pas disposer de la confiance n\u00e9cessaire pour trouver un nouvel emploi.<\/p>\n<h3><strong><em>Une g\u00e9n\u00e9ration qui prend son avenir en main<\/em><\/strong><\/h3>\n<p>Loin de se laisser d\u00e9courager, la Gen Z propose de nouvelles fa\u00e7ons de travailler. Parmi les jeunes talents fran\u00e7ais interrog\u00e9s, 48% occupent un emploi \u00e0 temps plein. Et 26% d\u2019entre eux pr\u00e9f\u00e9reraient concilier ce poste avec une activit\u00e9 secondaire (\u00ab side hustle \u00bb), que ce soit pour nourrir leur qu\u00eate de sens, assouvir leur besoin de flexibilit\u00e9 ou, plus prosa\u00efquement, par n\u00e9cessit\u00e9 financi\u00e8re.<\/p>\n<p>Alors que les viviers de talents se contractent, cette g\u00e9n\u00e9ration est la plus prompte \u00e0 d\u00e9missionner. L\u2019\u00e9tude r\u00e9v\u00e8le un taux de d\u00e9part de 22% pour la Gen Z au cours des 12 derniers mois, le taux le plus \u00e9lev\u00e9 de toutes les g\u00e9n\u00e9rations. 52% des jeunes travailleurs sont en recherche active. Pr\u00e8s d\u2019un tiers (29%) pr\u00e9voit ainsi de quitter son poste actuel d\u2019ici un an, et seuls 7% ont l\u2019intention de rester sur le long terme au sein de la m\u00eame entreprise.<\/p>\n<p>Le manque de perspectives d\u2019\u00e9volution est un facteur cl\u00e9 de mobilit\u00e9 : pour 19% de la Gen Z, c\u2019est la principale raison qui les pousse \u00e0 changer d\u2019emploi. Ce motif se place ainsi en deuxi\u00e8me position des raisons de d\u00e9part les plus cit\u00e9es, juste derri\u00e8re le salaire.<\/p>\n<p>A noter que plus de 8 jeunes travailleurs sur 10 (85%) d\u00e9clarent tenir compte de leurs objectifs \u00e0 long terme avant d\u2019envisager un changement de poste. L\u00e0 encore, il s\u2019agit du pourcentage le plus \u00e9lev\u00e9, toutes g\u00e9n\u00e9rations confondues.<br \/>\nContrairement \u00e0 ce qui pourrait \u00eatre imagin\u00e9, la grande mobilit\u00e9 de la Gen Z n\u2019est pas un manque de loyaut\u00e9, mais plut\u00f4t une r\u00e9action \u00e0 des attentes d\u00e9\u00e7ues, doubl\u00e9e d\u2019un puissant d\u00e9sir de progression.<\/p>\n<h3><strong><em>La Gen Z et l\u2019IA : je t\u2019aime, moi non plus<\/em><\/strong><\/h3>\n<p>Malgr\u00e9 de r\u00e9elles inqui\u00e9tudes autour de l\u2019impact de l\u2019IA sur l\u2019emploi, la Gen Z reste optimiste quant \u00e0 la capacit\u00e9 de cette nouvelle technologie \u00e0 am\u00e9liorer la productivit\u00e9.<br \/>\nLes talents fran\u00e7ais de la Gen Z sont particuli\u00e8rement enthousiastes face au potentiel de l\u2019IA (55%), loin devant la Gen X (49%) et les Baby-boomers (41%). Plus de la moiti\u00e9 des jeunes travailleurs utilisent d\u00e9j\u00e0 l\u2019intelligence artificielle pour r\u00e9soudre des probl\u00e8mes au travail (53%), et 74% utilisent l\u2019IA pour acqu\u00e9rir de nouvelles comp\u00e9tences, devant les Millenials (62%), la Gen X (54%) et les Baby-boomers (36%).<\/p>\n<p>Cet engouement pour l\u2019IA et les nouvelles technologies place la g\u00e9n\u00e9ration Z en position de force pour r\u00e9pondre \u00e0 la demande croissante du march\u00e9 en comp\u00e9tences data et tech.<br \/>\nCependant, malgr\u00e9 l\u2019aisance de la Gen Z avec le num\u00e9rique, l\u2019\u00e9tude met en lumi\u00e8re une inqui\u00e9tude grandissante : 52% des jeunes actifs se disent pr\u00e9occup\u00e9s par l\u2019impact de cette technologie sur leur emploi, contre 42% l\u2019an dernier.<br \/>\nSi l\u2019IA contribue au d\u00e9clin des postes de d\u00e9butants, elle permet aussi \u00e0 la Gen Z d\u2019acc\u00e9der plus t\u00f4t \u00e0 des missions plus strat\u00e9giques et \u00e0 plus forte valeur ajout\u00e9e.<\/p>\n<h3><strong><em>Quelle strat\u00e9gie pour attirer et fid\u00e9liser la Gen Z ?<\/em><\/strong><\/h3>\n<p>Alors que la p\u00e9nurie de talents s\u2019intensifie, les organisations doivent \u00eatre \u00e0 l\u2019\u00e9coute des pr\u00e9occupations et des besoins de cette g\u00e9n\u00e9ration. La Gen Z est confiante dans sa capacit\u00e9 \u00e0 apprendre, mais prompte \u00e0 partir si aucune trajectoire claire ne se dessine ; elle est pr\u00eate \u00e0 chercher un nouvel emploi, mais ne croit pas forc\u00e9ment que son r\u00eave professionnel soit atteignable ; elle utilise l\u2019IA avec optimisme, tout en s\u2019inqui\u00e9tant fortement de son impact \u00e0 long terme sur sa carri\u00e8re et sur la rar\u00e9faction des postes de d\u00e9butants.<\/p>\n<p>La Gen Z sera bient\u00f4t attendue \u00e0 des postes de management interm\u00e9diaire, \u00e0 mesure que les Millennials \u00e9volueront vers des fonctions de direction. Pour les entreprises, il est essentiel d\u2019investir dans des parcours de carri\u00e8re clairs, de moderniser les strat\u00e9gies d\u2019apprentissage et de cr\u00e9er une culture \u00e9quitable qui renforce la confiance.<\/p>\n<p>&nbsp;<\/p>\n<p><em>Source: Randstad<\/em><\/p>\n","protected":false},"excerpt":{"rendered":"<p>La nouvelle \u00e9tude de Randstad \u201cLa g\u00e9n\u00e9ration Z en entreprise : tourn\u00e9e vers l\u2019avenir, en constante \u00e9volution\u201d s\u2019appuie sur une enqu\u00eate men\u00e9e aupr\u00e8s de 11.250 talents dans 15 pays et sur l\u2019analyse de plus de 126 millions d\u2019offres d\u2019emploi. La [&hellip;]<\/p>\n","protected":false},"author":2,"featured_media":18346,"comment_status":"closed","ping_status":"open","sticky":false,"template":"","format":"standard","meta":[],"categories":[65,10],"tags":[166,3656,243,1658,1383,299],"yoast_head":"<!-- This site is optimized with the Yoast SEO plugin v21.0 - https:\/\/yoast.com\/wordpress\/plugins\/seo\/ -->\n<title>La g\u00e9n\u00e9ration Z en entreprise et ses contradictions : d\u00e9termin\u00e9e et d\u00e9sorient\u00e9e, elle peine encore \u00e0 trouver sa place. - Peoplesphere<\/title>\n<meta name=\"robots\" content=\"index, follow, max-snippet:-1, max-image-preview:large, max-video-preview:-1\" \/>\n<link rel=\"canonical\" href=\"https:\/\/peoplesphere.be\/fr\/la-generation-z-en-entreprise-et-ses-contradictions-determinee-et-desorientee-elle-peine-encore-a-trouver-sa-place\/\" \/>\n<meta property=\"og:locale\" content=\"fr_FR\" \/>\n<meta property=\"og:type\" content=\"article\" \/>\n<meta property=\"og:title\" content=\"La g\u00e9n\u00e9ration Z en entreprise et ses contradictions : d\u00e9termin\u00e9e et d\u00e9sorient\u00e9e, elle peine encore \u00e0 trouver sa place. - Peoplesphere\" \/>\n<meta property=\"og:description\" content=\"La nouvelle \u00e9tude de Randstad \u201cLa g\u00e9n\u00e9ration Z en entreprise : tourn\u00e9e vers l\u2019avenir, en constante \u00e9volution\u201d s\u2019appuie sur une enqu\u00eate men\u00e9e aupr\u00e8s de 11.250 talents dans 15 pays et sur l\u2019analyse de plus de 126 millions d\u2019offres d\u2019emploi. La [&hellip;]\" \/>\n<meta property=\"og:url\" content=\"https:\/\/peoplesphere.be\/fr\/la-generation-z-en-entreprise-et-ses-contradictions-determinee-et-desorientee-elle-peine-encore-a-trouver-sa-place\/\" \/>\n<meta property=\"og:site_name\" content=\"Peoplesphere\" \/>\n<meta property=\"article:publisher\" content=\"https:\/\/www.facebook.com\/peoplesphere\" \/>\n<meta property=\"article:published_time\" content=\"2025-10-22T04:24:44+00:00\" \/>\n<meta property=\"og:image\" content=\"https:\/\/peoplesphere.be\/fr\/wp-content\/uploads\/2025\/10\/20251021genZ.jpg\" \/>\n\t<meta property=\"og:image:width\" content=\"1200\" \/>\n\t<meta property=\"og:image:height\" content=\"799\" \/>\n\t<meta property=\"og:image:type\" content=\"image\/jpeg\" \/>\n<meta name=\"author\" content=\"Jean-Paul Erhard\" \/>\n<meta name=\"twitter:card\" content=\"summary_large_image\" \/>\n<meta name=\"twitter:creator\" content=\"@PeoplesphereMag\" \/>\n<meta name=\"twitter:site\" content=\"@PeoplesphereMag\" \/>\n<meta name=\"twitter:label1\" content=\"\u00c9crit par\" \/>\n\t<meta name=\"twitter:data1\" content=\"Jean-Paul Erhard\" \/>\n\t<meta name=\"twitter:label2\" content=\"Dur\u00e9e de lecture estim\u00e9e\" \/>\n\t<meta name=\"twitter:data2\" content=\"7 minutes\" \/>\n<script type=\"application\/ld+json\" class=\"yoast-schema-graph\">{\"@context\":\"https:\/\/schema.org\",\"@graph\":[{\"@type\":\"Article\",\"@id\":\"https:\/\/peoplesphere.be\/fr\/la-generation-z-en-entreprise-et-ses-contradictions-determinee-et-desorientee-elle-peine-encore-a-trouver-sa-place\/#article\",\"isPartOf\":{\"@id\":\"https:\/\/peoplesphere.be\/fr\/la-generation-z-en-entreprise-et-ses-contradictions-determinee-et-desorientee-elle-peine-encore-a-trouver-sa-place\/\"},\"author\":{\"name\":\"Jean-Paul Erhard\",\"@id\":\"https:\/\/peoplesphere.be\/fr\/#\/schema\/person\/7976225ff17988604334abb7b3536a7e\"},\"headline\":\"La g\u00e9n\u00e9ration Z en entreprise et ses contradictions : d\u00e9termin\u00e9e et d\u00e9sorient\u00e9e, elle peine encore \u00e0 trouver sa place.\",\"datePublished\":\"2025-10-22T04:24:44+00:00\",\"dateModified\":\"2025-10-22T04:24:44+00:00\",\"mainEntityOfPage\":{\"@id\":\"https:\/\/peoplesphere.be\/fr\/la-generation-z-en-entreprise-et-ses-contradictions-determinee-et-desorientee-elle-peine-encore-a-trouver-sa-place\/\"},\"wordCount\":1347,\"publisher\":{\"@id\":\"https:\/\/peoplesphere.be\/fr\/#organization\"},\"keywords\":[\"exp\u00e9rience collaborateur\",\"Gen Z\",\"g\u00e9n\u00e9ration Z\",\"loyaut\u00e9\",\"mobilit\u00e9 interne\",\"r\u00e9tention\"],\"articleSection\":[\"Actualit\u00e9s\",\"Digital\"],\"inLanguage\":\"fr-FR\"},{\"@type\":\"WebPage\",\"@id\":\"https:\/\/peoplesphere.be\/fr\/la-generation-z-en-entreprise-et-ses-contradictions-determinee-et-desorientee-elle-peine-encore-a-trouver-sa-place\/\",\"url\":\"https:\/\/peoplesphere.be\/fr\/la-generation-z-en-entreprise-et-ses-contradictions-determinee-et-desorientee-elle-peine-encore-a-trouver-sa-place\/\",\"name\":\"La g\u00e9n\u00e9ration Z en entreprise et ses contradictions : d\u00e9termin\u00e9e et d\u00e9sorient\u00e9e, elle peine encore \u00e0 trouver sa place. - Peoplesphere\",\"isPartOf\":{\"@id\":\"https:\/\/peoplesphere.be\/fr\/#website\"},\"datePublished\":\"2025-10-22T04:24:44+00:00\",\"dateModified\":\"2025-10-22T04:24:44+00:00\",\"breadcrumb\":{\"@id\":\"https:\/\/peoplesphere.be\/fr\/la-generation-z-en-entreprise-et-ses-contradictions-determinee-et-desorientee-elle-peine-encore-a-trouver-sa-place\/#breadcrumb\"},\"inLanguage\":\"fr-FR\",\"potentialAction\":[{\"@type\":\"ReadAction\",\"target\":[\"https:\/\/peoplesphere.be\/fr\/la-generation-z-en-entreprise-et-ses-contradictions-determinee-et-desorientee-elle-peine-encore-a-trouver-sa-place\/\"]}]},{\"@type\":\"BreadcrumbList\",\"@id\":\"https:\/\/peoplesphere.be\/fr\/la-generation-z-en-entreprise-et-ses-contradictions-determinee-et-desorientee-elle-peine-encore-a-trouver-sa-place\/#breadcrumb\",\"itemListElement\":[{\"@type\":\"ListItem\",\"position\":1,\"name\":\"Accueil\",\"item\":\"https:\/\/peoplesphere.be\/fr\/\"},{\"@type\":\"ListItem\",\"position\":2,\"name\":\"La g\u00e9n\u00e9ration Z en entreprise et ses contradictions : d\u00e9termin\u00e9e et d\u00e9sorient\u00e9e, elle peine encore \u00e0 trouver sa place.\"}]},{\"@type\":\"WebSite\",\"@id\":\"https:\/\/peoplesphere.be\/fr\/#website\",\"url\":\"https:\/\/peoplesphere.be\/fr\/\",\"name\":\"Peoplesphere\",\"description\":\"The People Managers Magazine\",\"publisher\":{\"@id\":\"https:\/\/peoplesphere.be\/fr\/#organization\"},\"potentialAction\":[{\"@type\":\"SearchAction\",\"target\":{\"@type\":\"EntryPoint\",\"urlTemplate\":\"https:\/\/peoplesphere.be\/fr\/?s={search_term_string}\"},\"query-input\":\"required name=search_term_string\"}],\"inLanguage\":\"fr-FR\"},{\"@type\":\"Organization\",\"@id\":\"https:\/\/peoplesphere.be\/fr\/#organization\",\"name\":\"Peoplesphere Company srl\",\"url\":\"https:\/\/peoplesphere.be\/fr\/\",\"logo\":{\"@type\":\"ImageObject\",\"inLanguage\":\"fr-FR\",\"@id\":\"https:\/\/peoplesphere.be\/fr\/#\/schema\/logo\/image\/\",\"url\":\"https:\/\/peoplesphere.be\/fr\/wp-content\/uploads\/2023\/07\/peoplesphere-lgo-new-generik.jpg\",\"contentUrl\":\"https:\/\/peoplesphere.be\/fr\/wp-content\/uploads\/2023\/07\/peoplesphere-lgo-new-generik.jpg\",\"width\":1031,\"height\":1479,\"caption\":\"Peoplesphere Company srl\"},\"image\":{\"@id\":\"https:\/\/peoplesphere.be\/fr\/#\/schema\/logo\/image\/\"},\"sameAs\":[\"https:\/\/www.facebook.com\/peoplesphere\",\"https:\/\/twitter.com\/PeoplesphereMag\",\"https:\/\/www.linkedin.com\/company\/7587361?trk\",\"http:\/\/youtube.com\/peoplesphere\"]},{\"@type\":\"Person\",\"@id\":\"https:\/\/peoplesphere.be\/fr\/#\/schema\/person\/7976225ff17988604334abb7b3536a7e\",\"name\":\"Jean-Paul Erhard\",\"image\":{\"@type\":\"ImageObject\",\"inLanguage\":\"fr-FR\",\"@id\":\"https:\/\/peoplesphere.be\/fr\/#\/schema\/person\/image\/\",\"url\":\"https:\/\/secure.gravatar.com\/avatar\/f941e681460179738071629a51574930?s=96&d=mm&r=g\",\"contentUrl\":\"https:\/\/secure.gravatar.com\/avatar\/f941e681460179738071629a51574930?s=96&d=mm&r=g\",\"caption\":\"Jean-Paul Erhard\"},\"url\":\"https:\/\/peoplesphere.be\/fr\/author\/jpe\/\"}]}<\/script>\n<!-- \/ Yoast SEO plugin. -->","yoast_head_json":{"title":"La g\u00e9n\u00e9ration Z en entreprise et ses contradictions : d\u00e9termin\u00e9e et d\u00e9sorient\u00e9e, elle peine encore \u00e0 trouver sa place. - Peoplesphere","robots":{"index":"index","follow":"follow","max-snippet":"max-snippet:-1","max-image-preview":"max-image-preview:large","max-video-preview":"max-video-preview:-1"},"canonical":"https:\/\/peoplesphere.be\/fr\/la-generation-z-en-entreprise-et-ses-contradictions-determinee-et-desorientee-elle-peine-encore-a-trouver-sa-place\/","og_locale":"fr_FR","og_type":"article","og_title":"La g\u00e9n\u00e9ration Z en entreprise et ses contradictions : d\u00e9termin\u00e9e et d\u00e9sorient\u00e9e, elle peine encore \u00e0 trouver sa place. - Peoplesphere","og_description":"La nouvelle \u00e9tude de Randstad \u201cLa g\u00e9n\u00e9ration Z en entreprise : tourn\u00e9e vers l\u2019avenir, en constante \u00e9volution\u201d s\u2019appuie sur une enqu\u00eate men\u00e9e aupr\u00e8s de 11.250 talents dans 15 pays et sur l\u2019analyse de plus de 126 millions d\u2019offres d\u2019emploi. La [&hellip;]","og_url":"https:\/\/peoplesphere.be\/fr\/la-generation-z-en-entreprise-et-ses-contradictions-determinee-et-desorientee-elle-peine-encore-a-trouver-sa-place\/","og_site_name":"Peoplesphere","article_publisher":"https:\/\/www.facebook.com\/peoplesphere","article_published_time":"2025-10-22T04:24:44+00:00","og_image":[{"width":1200,"height":799,"url":"https:\/\/peoplesphere.be\/fr\/wp-content\/uploads\/2025\/10\/20251021genZ.jpg","type":"image\/jpeg"}],"author":"Jean-Paul Erhard","twitter_card":"summary_large_image","twitter_creator":"@PeoplesphereMag","twitter_site":"@PeoplesphereMag","twitter_misc":{"\u00c9crit par":"Jean-Paul Erhard","Dur\u00e9e de lecture estim\u00e9e":"7 minutes"},"schema":{"@context":"https:\/\/schema.org","@graph":[{"@type":"Article","@id":"https:\/\/peoplesphere.be\/fr\/la-generation-z-en-entreprise-et-ses-contradictions-determinee-et-desorientee-elle-peine-encore-a-trouver-sa-place\/#article","isPartOf":{"@id":"https:\/\/peoplesphere.be\/fr\/la-generation-z-en-entreprise-et-ses-contradictions-determinee-et-desorientee-elle-peine-encore-a-trouver-sa-place\/"},"author":{"name":"Jean-Paul Erhard","@id":"https:\/\/peoplesphere.be\/fr\/#\/schema\/person\/7976225ff17988604334abb7b3536a7e"},"headline":"La g\u00e9n\u00e9ration Z en entreprise et ses contradictions : d\u00e9termin\u00e9e et d\u00e9sorient\u00e9e, elle peine encore \u00e0 trouver sa place.","datePublished":"2025-10-22T04:24:44+00:00","dateModified":"2025-10-22T04:24:44+00:00","mainEntityOfPage":{"@id":"https:\/\/peoplesphere.be\/fr\/la-generation-z-en-entreprise-et-ses-contradictions-determinee-et-desorientee-elle-peine-encore-a-trouver-sa-place\/"},"wordCount":1347,"publisher":{"@id":"https:\/\/peoplesphere.be\/fr\/#organization"},"keywords":["exp\u00e9rience collaborateur","Gen Z","g\u00e9n\u00e9ration Z","loyaut\u00e9","mobilit\u00e9 interne","r\u00e9tention"],"articleSection":["Actualit\u00e9s","Digital"],"inLanguage":"fr-FR"},{"@type":"WebPage","@id":"https:\/\/peoplesphere.be\/fr\/la-generation-z-en-entreprise-et-ses-contradictions-determinee-et-desorientee-elle-peine-encore-a-trouver-sa-place\/","url":"https:\/\/peoplesphere.be\/fr\/la-generation-z-en-entreprise-et-ses-contradictions-determinee-et-desorientee-elle-peine-encore-a-trouver-sa-place\/","name":"La g\u00e9n\u00e9ration Z en entreprise et ses contradictions : d\u00e9termin\u00e9e et d\u00e9sorient\u00e9e, elle peine encore \u00e0 trouver sa place. - Peoplesphere","isPartOf":{"@id":"https:\/\/peoplesphere.be\/fr\/#website"},"datePublished":"2025-10-22T04:24:44+00:00","dateModified":"2025-10-22T04:24:44+00:00","breadcrumb":{"@id":"https:\/\/peoplesphere.be\/fr\/la-generation-z-en-entreprise-et-ses-contradictions-determinee-et-desorientee-elle-peine-encore-a-trouver-sa-place\/#breadcrumb"},"inLanguage":"fr-FR","potentialAction":[{"@type":"ReadAction","target":["https:\/\/peoplesphere.be\/fr\/la-generation-z-en-entreprise-et-ses-contradictions-determinee-et-desorientee-elle-peine-encore-a-trouver-sa-place\/"]}]},{"@type":"BreadcrumbList","@id":"https:\/\/peoplesphere.be\/fr\/la-generation-z-en-entreprise-et-ses-contradictions-determinee-et-desorientee-elle-peine-encore-a-trouver-sa-place\/#breadcrumb","itemListElement":[{"@type":"ListItem","position":1,"name":"Accueil","item":"https:\/\/peoplesphere.be\/fr\/"},{"@type":"ListItem","position":2,"name":"La g\u00e9n\u00e9ration Z en entreprise et ses contradictions : d\u00e9termin\u00e9e et d\u00e9sorient\u00e9e, elle peine encore \u00e0 trouver sa place."}]},{"@type":"WebSite","@id":"https:\/\/peoplesphere.be\/fr\/#website","url":"https:\/\/peoplesphere.be\/fr\/","name":"Peoplesphere","description":"The People Managers Magazine","publisher":{"@id":"https:\/\/peoplesphere.be\/fr\/#organization"},"potentialAction":[{"@type":"SearchAction","target":{"@type":"EntryPoint","urlTemplate":"https:\/\/peoplesphere.be\/fr\/?s={search_term_string}"},"query-input":"required name=search_term_string"}],"inLanguage":"fr-FR"},{"@type":"Organization","@id":"https:\/\/peoplesphere.be\/fr\/#organization","name":"Peoplesphere Company srl","url":"https:\/\/peoplesphere.be\/fr\/","logo":{"@type":"ImageObject","inLanguage":"fr-FR","@id":"https:\/\/peoplesphere.be\/fr\/#\/schema\/logo\/image\/","url":"https:\/\/peoplesphere.be\/fr\/wp-content\/uploads\/2023\/07\/peoplesphere-lgo-new-generik.jpg","contentUrl":"https:\/\/peoplesphere.be\/fr\/wp-content\/uploads\/2023\/07\/peoplesphere-lgo-new-generik.jpg","width":1031,"height":1479,"caption":"Peoplesphere Company srl"},"image":{"@id":"https:\/\/peoplesphere.be\/fr\/#\/schema\/logo\/image\/"},"sameAs":["https:\/\/www.facebook.com\/peoplesphere","https:\/\/twitter.com\/PeoplesphereMag","https:\/\/www.linkedin.com\/company\/7587361?trk","http:\/\/youtube.com\/peoplesphere"]},{"@type":"Person","@id":"https:\/\/peoplesphere.be\/fr\/#\/schema\/person\/7976225ff17988604334abb7b3536a7e","name":"Jean-Paul Erhard","image":{"@type":"ImageObject","inLanguage":"fr-FR","@id":"https:\/\/peoplesphere.be\/fr\/#\/schema\/person\/image\/","url":"https:\/\/secure.gravatar.com\/avatar\/f941e681460179738071629a51574930?s=96&d=mm&r=g","contentUrl":"https:\/\/secure.gravatar.com\/avatar\/f941e681460179738071629a51574930?s=96&d=mm&r=g","caption":"Jean-Paul Erhard"},"url":"https:\/\/peoplesphere.be\/fr\/author\/jpe\/"}]}},"_links":{"self":[{"href":"https:\/\/peoplesphere.be\/fr\/wp-json\/wp\/v2\/posts\/18345"}],"collection":[{"href":"https:\/\/peoplesphere.be\/fr\/wp-json\/wp\/v2\/posts"}],"about":[{"href":"https:\/\/peoplesphere.be\/fr\/wp-json\/wp\/v2\/types\/post"}],"author":[{"embeddable":true,"href":"https:\/\/peoplesphere.be\/fr\/wp-json\/wp\/v2\/users\/2"}],"replies":[{"embeddable":true,"href":"https:\/\/peoplesphere.be\/fr\/wp-json\/wp\/v2\/comments?post=18345"}],"version-history":[{"count":1,"href":"https:\/\/peoplesphere.be\/fr\/wp-json\/wp\/v2\/posts\/18345\/revisions"}],"predecessor-version":[{"id":18347,"href":"https:\/\/peoplesphere.be\/fr\/wp-json\/wp\/v2\/posts\/18345\/revisions\/18347"}],"wp:featuredmedia":[{"embeddable":true,"href":"https:\/\/peoplesphere.be\/fr\/wp-json\/wp\/v2\/media\/18346"}],"wp:attachment":[{"href":"https:\/\/peoplesphere.be\/fr\/wp-json\/wp\/v2\/media?parent=18345"}],"wp:term":[{"taxonomy":"category","embeddable":true,"href":"https:\/\/peoplesphere.be\/fr\/wp-json\/wp\/v2\/categories?post=18345"},{"taxonomy":"post_tag","embeddable":true,"href":"https:\/\/peoplesphere.be\/fr\/wp-json\/wp\/v2\/tags?post=18345"}],"curies":[{"name":"wp","href":"https:\/\/api.w.org\/{rel}","templated":true}]}}