









{"id":18358,"date":"2025-10-23T13:52:09","date_gmt":"2025-10-23T11:52:09","guid":{"rendered":"https:\/\/peoplesphere.be\/fr\/?p=18358"},"modified":"2025-10-23T13:52:09","modified_gmt":"2025-10-23T11:52:09","slug":"sante-economique-des-regions-redistribution-des-richesses-une-flandre-prospere-une-wallonie-dependante-et-bruxelles-lesee","status":"publish","type":"post","link":"https:\/\/peoplesphere.be\/fr\/sante-economique-des-regions-redistribution-des-richesses-une-flandre-prospere-une-wallonie-dependante-et-bruxelles-lesee\/","title":{"rendered":"Sant\u00e9 \u00e9conomique des r\u00e9gions &#038; redistribution des richesses: une Flandre prosp\u00e8re, une Wallonie d\u00e9pendante et Bruxelles l\u00e9s\u00e9e&#8230;"},"content":{"rendered":"<p>Souvent abord\u00e9es sous un angle politique ou id\u00e9ologique, la soutenabilit\u00e9 \u00e9conomique des r\u00e9gions et leur capacit\u00e9 \u00e0 g\u00e9n\u00e9rer des revenus alimentent r\u00e9guli\u00e8rement le d\u00e9bat public. Une \u00e9tude in\u00e9dite de la Banque nationale de Belgique (BNB) intitul\u00e9e <em>\u00ab\u00a0Flux et (d\u00e9s)\u00e9quilibres r\u00e9gionaux en Belgique\u00a0\u00bb<\/em> propose une approche statistique rigoureuse pour quantifier objectivement les flux \u00e9conomiques entre les r\u00e9gions et poser un diagnostic pr\u00e9cis de la situation \u00e9conomique de Bruxelles, de la Flandre et de la Wallonie.<!--more--><\/p>\n<p>Pour la premi\u00e8re fois en Belgique et \u00e0 l\u2019\u00e9chelle mondiale, la BNB a enti\u00e8rement r\u00e9gionalis\u00e9 les trois optiques du PIB \u2013 c\u2019est-\u00e0-dire la production, les d\u00e9penses et les revenus \u2013 ainsi que toute la s\u00e9quence des comptes non financiers sur la p\u00e9riode 2010-2021. L\u2019\u00e9tude de la BNB permet ainsi d\u2019\u00e9valuer la sant\u00e9 \u00e9conomique de chaque r\u00e9gion et offre une meilleure compr\u00e9hension des flux \u00e9conomiques (biens, services, revenus et transferts) qui circulent entre elles.<\/p>\n<p>Les r\u00e9sultats sont sans appel : Bruxelles et la Flandre d\u00e9gagent suffisamment de revenus pour couvrir leurs d\u00e9penses, tandis que la Wallonie est en d\u00e9ficit structurel. Derri\u00e8re ce constat se cachent des r\u00e9alit\u00e9s \u00e9conomiques h\u00e9t\u00e9rog\u00e8nes et fort contrast\u00e9es.<\/p>\n<h3><strong><em>Moteur \u00e9conomique, Bruxelles ne b\u00e9n\u00e9ficie pas pleinement de la richesse qu\u2019elle produit<\/em><\/strong><\/h3>\n<p>Bruxelles g\u00e9n\u00e8re une valeur ajout\u00e9e importante et pr\u00e9sente le solde commercial positif le plus \u00e9lev\u00e9 des trois r\u00e9gions, aliment\u00e9 par une forte production de services \u2013 notamment dans les secteurs financier et administratif \u2013 qu\u2019elle exporte vers la Flandre et la Wallonie, consommatrices de ces services. Bruxelles se distingue ainsi par un exc\u00e9dent commercial massif de 28,6 milliards d\u2019euros en moyenne par an.<\/p>\n<p>Cette richesse produite localement ne reste cependant pas sur le territoire, Bruxelles versant un part substantielle de ses revenus aux autres r\u00e9gions : 20 milliards d\u2019euros par an en revenus du travail vers\u00e9s aux navetteurs flamands et wallons ; 1,4 milliard d\u2019euros par an en revenus du capital, notamment des dividendes vers\u00e9s \u00e0 des non-r\u00e9sidents ; et 3 milliards d\u2019euros par an \u00e0 titre de transferts interr\u00e9gionaux. Ce dernier montant repr\u00e9sente donc la contribution nette de Bruxelles aux m\u00e9canismes de solidarit\u00e9. Bruxelles contribue davantage au budget de l\u2019\u00c9tat qu\u2019elle n\u2019en b\u00e9n\u00e9ficie et, par la voie des taxes, des imp\u00f4ts et des cotisations sociales, elle finance une part significative des d\u00e9penses publiques b\u00e9n\u00e9ficiant \u00e0 la Wallonie.<\/p>\n<p>Bien que tr\u00e8s productive, Bruxelles affiche un revenu disponible inf\u00e9rieur de 33% \u00e0 son PIB r\u00e9gional. Malgr\u00e9 les flux de revenus sortants, la r\u00e9gion affiche un solde courant positif de 3,1 milliards d\u2019euros. Les d\u00e9penses publiques y repr\u00e9sentent 47% du PIB r\u00e9gional et les administrations publiques y affichent un d\u00e9ficit[ii] moyen de 1,5 milliard d\u2019euros (1,9% du PIB r\u00e9gional). Le secteur priv\u00e9 (m\u00e9nages et entreprises) d\u00e9gage cela dit une \u00e9pargne suffisante pour compenser ce d\u00e9ficit.<\/p>\n<h3><strong><em>La Flandre, pilier \u00e9conomique et grande contributrice nette<\/em><\/strong><\/h3>\n<p>La Flandre affiche une bonne sant\u00e9 \u00e9conomique, dop\u00e9e principalement par la forte capacit\u00e9 d\u2019\u00e9pargne de ses m\u00e9nages. Elle accuse un d\u00e9ficit commercial de 4,9 milliards d\u2019euros par an car sa consommation et ses investissements, tant priv\u00e9s que publics, exc\u00e8dent sa production totale. Ce d\u00e9ficit commercial est n\u00e9anmoins compens\u00e9 par les revenus nets entrants du travail (14,6 milliards d\u2019euros par an) et du capital. Son revenu disponible est d\u00e8s lors sup\u00e9rieur de 4% \u00e0 son PIB r\u00e9gional. En mati\u00e8re de transferts interr\u00e9gionaux, la Flandre est contributrice nette \u00e0 hauteur de 4,2 milliards d\u2019euros par an. Elle contribue donc plus au budget de l\u2019\u00c9tat qu\u2019elle n\u2019en b\u00e9n\u00e9ficie. Tout comme Bruxelles, elle finance, par l\u2019interm\u00e9diaire des taxes, des imp\u00f4ts et des cotisations sociales, une part significative des d\u00e9penses publiques b\u00e9n\u00e9ficiant \u00e0 la Wallonie.<\/p>\n<p>La Flandre affiche un solde courant positif de 4,5 milliards d\u2019euros, marque d\u2019une \u00e9conomie robuste capable de financer ses d\u00e9penses. Les entreprises et, davantage encore, les m\u00e9nages sont en mesure de compenser le d\u00e9ficit public moyen de 7,8 milliards d\u2019euros (3,1 % du PIB r\u00e9gional). Les d\u00e9penses publiques s\u2019y montent \u00e0 50 % du PIB r\u00e9gional.<\/p>\n<h3><strong><em>La Wallonie, structurellement d\u00e9ficitaire et d\u00e9pendante de la solidarit\u00e9 interr\u00e9gionale<\/em><\/strong><\/h3>\n<p>La Wallonie pr\u00e9sente un d\u00e9ficit commercial structurel de 19,9 milliards d\u2019euros, p\u00e9nalis\u00e9e par un niveau de production plus faible que ceux des deux autres r\u00e9gions. Elle b\u00e9n\u00e9ficie de transferts interr\u00e9gionaux importants, \u00e0 hauteur de 7,3 milliards d\u2019euros par an, ainsi que de flux de revenus entrants li\u00e9s aux navetteurs, d\u2019une valeur de 12,1 milliards d\u2019euros, lesquels att\u00e9nuent son d\u00e9ficit commercial.<\/p>\n<p>Ces flux entrants expliquent son revenu disponible sup\u00e9rieur de 15% \u00e0 son PIB r\u00e9gional. Ils permettent aussi de maintenir un niveau de consommation et d\u2019investissement, mais ne suffisent en revanche pas \u00e0 inverser la tendance de fond. La Wallonie continue de pr\u00e9senter structurellement un d\u00e9ficit courant, d\u2019un montant de 4,2 milliards d\u2019euros. Le d\u00e9ficit public s\u2019\u00e9l\u00e8ve \u00e0 5,5 milliards (5,4% du PIB r\u00e9gional) et les d\u00e9penses publiques y repr\u00e9sentent 70% du PIB r\u00e9gional. Le secteur priv\u00e9 wallon n\u2019est pas en mesure de compenser ce d\u00e9ficit public.<\/p>\n<h3><strong><em>Sc\u00e9nario fictif : et si chaque r\u00e9gion devait financer ses propres d\u00e9penses ?<\/em><\/strong><\/h3>\n<p>L\u2019\u00e9tude met en lumi\u00e8re des transferts interr\u00e9gionaux annuels de plus de 7 milliards d\u2019euros, qui sont le fruit des m\u00e9canismes de solidarit\u00e9 actuellement \u00e0 l\u2019\u0153uvre en Belgique. Cette m\u00e9thode \u00ab de r\u00e9f\u00e9rence \u00bb r\u00e9gionalise donc les d\u00e9penses et les recettes des administrations multir\u00e9gionales (comme l\u2019\u00c9tat f\u00e9d\u00e9ral ou la s\u00e9curit\u00e9 sociale) \u00e0 l\u2019aide d\u2019une cl\u00e9 proportionnelle \u00e0 la population de chaque r\u00e9gion, en application du principe d\u2019\u00e9galit\u00e9 entre les citoyens.<\/p>\n<p>L\u2019\u00e9tude propose \u00e9galement une grille de lecture in abstracto, c\u2019est-\u00e0-dire fond\u00e9e sur l&rsquo;hypoth\u00e8se d&rsquo;un cadre institutionnel fictif. Cette m\u00e9thode de la \u00ab\u00a0contrepartie\u00a0\u00bb offre un sc\u00e9nario illustratif utile pour comprendre l\u2019h\u00e9t\u00e9rog\u00e9n\u00e9it\u00e9 des capacit\u00e9s de financement de chaque r\u00e9gion. Selon cette m\u00e9thode qui a pour effet de supprimer les transferts interr\u00e9gionaux, les recettes publiques (imp\u00f4ts, cotisations sociales, etc.) sont attribu\u00e9es \u00e0 la r\u00e9gion o\u00f9 r\u00e9sident les agents qui les ont effectivement pay\u00e9es, et les d\u00e9penses publiques (prestations sociales, subventions, etc.) sont imput\u00e9es \u00e0 la r\u00e9gion o\u00f9 r\u00e9sident leurs b\u00e9n\u00e9ficiaires.<\/p>\n<p><strong><em>Avec la m\u00e9thode de la \u00ab\u00a0contrepartie\u00a0\u00bb :<\/em><\/strong><\/p>\n<ul>\n<li>Les recettes publiques augmentent en Flandre et \u00e0 Bruxelles, refl\u00e9tant la forte contribution fiscale de ces deux r\u00e9gions.<\/li>\n<li>Bruxelles passe d\u2019un d\u00e9ficit public \u00e0 un exc\u00e9dent.<\/li>\n<li>La Flandre voit son d\u00e9ficit public se r\u00e9duire.<\/li>\n<li>La Wallonie voit son d\u00e9ficit public et son solde courant n\u00e9gatif augmenter fortement, car elle ne b\u00e9n\u00e9ficie plus des transferts interr\u00e9gionaux. Ses recettes publiques diminuent significativement, ce qui creuse encore davantage l\u2019\u00e9cart par rapport \u00e0 ses d\u00e9penses publiques.<\/li>\n<\/ul>\n<h3><strong><em>Un outil pour repenser les politiques \u00e9conomiques territoriales<\/em><\/strong><\/h3>\n<p>L\u2019\u00e9tude de la BNB propose une grille de lecture nouvelle et rigoureuse des \u00e9conomies r\u00e9gionales. Elle invite \u00e0 d\u00e9passer les indicateurs traditionnels comme le PIB, et \u00e0 int\u00e9grer les flux de revenus et de transferts qui jouent un r\u00f4le essentiel dans la mesure de la richesse des \u00e9conomies r\u00e9gionales. Au travers de nouveaux indicateurs align\u00e9s sur les prescrits statistiques internationaux, l\u2019\u00e9tude entend contribuer au d\u00e9bat public, en fournissant des \u00e9l\u00e9ments de r\u00e9ponse \u00e0 des questions fondamentales autour de la soutenabilit\u00e9 des d\u00e9penses, des dynamiques de cr\u00e9ation de revenus \u00e0 l\u2019\u00e9chelle r\u00e9gionale, ou des \u00e9carts entre la base taxable et les recettes fiscales r\u00e9gionales.<\/p>\n<p>Ces interrogations m\u00e9ritent d\u2019\u00eatre d\u00e9battues, non pas au travers d\u2019un prisme id\u00e9ologique, mais en s\u2019appuyant sur des donn\u00e9es objectives et transparentes. L\u2019\u00e9tude de la BNB offre pr\u00e9cis\u00e9ment ce cadre, et constitue d\u00e8s lors une base de r\u00e9flexion solide sur l\u2019\u00e9quilibre \u00e9conomique du pays.<\/p>\n<p>&nbsp;<\/p>\n<p><em>Source: Banque Nationale de Belgique<\/em><\/p>\n<p>&nbsp;<\/p>\n","protected":false},"excerpt":{"rendered":"<p>Souvent abord\u00e9es sous un angle politique ou id\u00e9ologique, la soutenabilit\u00e9 \u00e9conomique des r\u00e9gions et leur capacit\u00e9 \u00e0 g\u00e9n\u00e9rer des revenus alimentent r\u00e9guli\u00e8rement le d\u00e9bat public. Une \u00e9tude in\u00e9dite de la Banque nationale de Belgique (BNB) intitul\u00e9e \u00ab\u00a0Flux et (d\u00e9s)\u00e9quilibres r\u00e9gionaux [&hellip;]<\/p>\n","protected":false},"author":2,"featured_media":0,"comment_status":"closed","ping_status":"open","sticky":false,"template":"","format":"standard","meta":[],"categories":[65,10],"tags":[93,122,4349,3580,758,28],"yoast_head":"<!-- This site is optimized with the Yoast SEO plugin v21.0 - https:\/\/yoast.com\/wordpress\/plugins\/seo\/ -->\n<title>Sant\u00e9 \u00e9conomique des r\u00e9gions &amp; redistribution des richesses: une Flandre prosp\u00e8re, une Wallonie d\u00e9pendante et Bruxelles l\u00e9s\u00e9e... - Peoplesphere<\/title>\n<meta name=\"robots\" content=\"index, follow, max-snippet:-1, max-image-preview:large, max-video-preview:-1\" \/>\n<link rel=\"canonical\" href=\"https:\/\/peoplesphere.be\/fr\/sante-economique-des-regions-redistribution-des-richesses-une-flandre-prospere-une-wallonie-dependante-et-bruxelles-lesee\/\" \/>\n<meta property=\"og:locale\" content=\"fr_FR\" \/>\n<meta property=\"og:type\" content=\"article\" \/>\n<meta property=\"og:title\" content=\"Sant\u00e9 \u00e9conomique des r\u00e9gions &amp; redistribution des richesses: une Flandre prosp\u00e8re, une Wallonie d\u00e9pendante et Bruxelles l\u00e9s\u00e9e... - Peoplesphere\" \/>\n<meta property=\"og:description\" content=\"Souvent abord\u00e9es sous un angle politique ou id\u00e9ologique, la soutenabilit\u00e9 \u00e9conomique des r\u00e9gions et leur capacit\u00e9 \u00e0 g\u00e9n\u00e9rer des revenus alimentent r\u00e9guli\u00e8rement le d\u00e9bat public. Une \u00e9tude in\u00e9dite de la Banque nationale de Belgique (BNB) intitul\u00e9e \u00ab\u00a0Flux et (d\u00e9s)\u00e9quilibres r\u00e9gionaux [&hellip;]\" \/>\n<meta property=\"og:url\" content=\"https:\/\/peoplesphere.be\/fr\/sante-economique-des-regions-redistribution-des-richesses-une-flandre-prospere-une-wallonie-dependante-et-bruxelles-lesee\/\" \/>\n<meta property=\"og:site_name\" content=\"Peoplesphere\" \/>\n<meta property=\"article:publisher\" content=\"https:\/\/www.facebook.com\/peoplesphere\" \/>\n<meta property=\"article:published_time\" content=\"2025-10-23T11:52:09+00:00\" \/>\n<meta property=\"og:image\" content=\"http:\/\/www.peoplesphere.be\/fr\/wp-content\/uploads\/2016\/07\/facebook-default-posting-1200x628px.jpg\" \/>\n<meta name=\"author\" content=\"Jean-Paul Erhard\" \/>\n<meta name=\"twitter:card\" content=\"summary_large_image\" \/>\n<meta name=\"twitter:creator\" content=\"@PeoplesphereMag\" \/>\n<meta name=\"twitter:site\" content=\"@PeoplesphereMag\" \/>\n<meta name=\"twitter:label1\" content=\"\u00c9crit par\" \/>\n\t<meta name=\"twitter:data1\" content=\"Jean-Paul Erhard\" \/>\n\t<meta name=\"twitter:label2\" content=\"Dur\u00e9e de lecture estim\u00e9e\" \/>\n\t<meta name=\"twitter:data2\" content=\"7 minutes\" \/>\n<script type=\"application\/ld+json\" class=\"yoast-schema-graph\">{\"@context\":\"https:\/\/schema.org\",\"@graph\":[{\"@type\":\"Article\",\"@id\":\"https:\/\/peoplesphere.be\/fr\/sante-economique-des-regions-redistribution-des-richesses-une-flandre-prospere-une-wallonie-dependante-et-bruxelles-lesee\/#article\",\"isPartOf\":{\"@id\":\"https:\/\/peoplesphere.be\/fr\/sante-economique-des-regions-redistribution-des-richesses-une-flandre-prospere-une-wallonie-dependante-et-bruxelles-lesee\/\"},\"author\":{\"name\":\"Jean-Paul Erhard\",\"@id\":\"https:\/\/peoplesphere.be\/fr\/#\/schema\/person\/7976225ff17988604334abb7b3536a7e\"},\"headline\":\"Sant\u00e9 \u00e9conomique des r\u00e9gions &#038; redistribution des richesses: une Flandre prosp\u00e8re, une Wallonie d\u00e9pendante et Bruxelles l\u00e9s\u00e9e&#8230;\",\"datePublished\":\"2025-10-23T11:52:09+00:00\",\"dateModified\":\"2025-10-23T11:52:09+00:00\",\"mainEntityOfPage\":{\"@id\":\"https:\/\/peoplesphere.be\/fr\/sante-economique-des-regions-redistribution-des-richesses-une-flandre-prospere-une-wallonie-dependante-et-bruxelles-lesee\/\"},\"wordCount\":1412,\"publisher\":{\"@id\":\"https:\/\/peoplesphere.be\/fr\/#organization\"},\"keywords\":[\"bruxelles\",\"flandre\",\"flux r\u00e9gionaux\",\"sant\u00e9 \u00e9conomique\",\"solidarit\u00e9\",\"Wallonie\"],\"articleSection\":[\"Actualit\u00e9s\",\"Digital\"],\"inLanguage\":\"fr-FR\"},{\"@type\":\"WebPage\",\"@id\":\"https:\/\/peoplesphere.be\/fr\/sante-economique-des-regions-redistribution-des-richesses-une-flandre-prospere-une-wallonie-dependante-et-bruxelles-lesee\/\",\"url\":\"https:\/\/peoplesphere.be\/fr\/sante-economique-des-regions-redistribution-des-richesses-une-flandre-prospere-une-wallonie-dependante-et-bruxelles-lesee\/\",\"name\":\"Sant\u00e9 \u00e9conomique des r\u00e9gions & redistribution des richesses: une Flandre prosp\u00e8re, une Wallonie d\u00e9pendante et Bruxelles l\u00e9s\u00e9e... - Peoplesphere\",\"isPartOf\":{\"@id\":\"https:\/\/peoplesphere.be\/fr\/#website\"},\"datePublished\":\"2025-10-23T11:52:09+00:00\",\"dateModified\":\"2025-10-23T11:52:09+00:00\",\"breadcrumb\":{\"@id\":\"https:\/\/peoplesphere.be\/fr\/sante-economique-des-regions-redistribution-des-richesses-une-flandre-prospere-une-wallonie-dependante-et-bruxelles-lesee\/#breadcrumb\"},\"inLanguage\":\"fr-FR\",\"potentialAction\":[{\"@type\":\"ReadAction\",\"target\":[\"https:\/\/peoplesphere.be\/fr\/sante-economique-des-regions-redistribution-des-richesses-une-flandre-prospere-une-wallonie-dependante-et-bruxelles-lesee\/\"]}]},{\"@type\":\"BreadcrumbList\",\"@id\":\"https:\/\/peoplesphere.be\/fr\/sante-economique-des-regions-redistribution-des-richesses-une-flandre-prospere-une-wallonie-dependante-et-bruxelles-lesee\/#breadcrumb\",\"itemListElement\":[{\"@type\":\"ListItem\",\"position\":1,\"name\":\"Accueil\",\"item\":\"https:\/\/peoplesphere.be\/fr\/\"},{\"@type\":\"ListItem\",\"position\":2,\"name\":\"Sant\u00e9 \u00e9conomique des r\u00e9gions &#038; redistribution des richesses: une Flandre prosp\u00e8re, une Wallonie d\u00e9pendante et Bruxelles l\u00e9s\u00e9e&#8230;\"}]},{\"@type\":\"WebSite\",\"@id\":\"https:\/\/peoplesphere.be\/fr\/#website\",\"url\":\"https:\/\/peoplesphere.be\/fr\/\",\"name\":\"Peoplesphere\",\"description\":\"The People Managers Magazine\",\"publisher\":{\"@id\":\"https:\/\/peoplesphere.be\/fr\/#organization\"},\"potentialAction\":[{\"@type\":\"SearchAction\",\"target\":{\"@type\":\"EntryPoint\",\"urlTemplate\":\"https:\/\/peoplesphere.be\/fr\/?s={search_term_string}\"},\"query-input\":\"required name=search_term_string\"}],\"inLanguage\":\"fr-FR\"},{\"@type\":\"Organization\",\"@id\":\"https:\/\/peoplesphere.be\/fr\/#organization\",\"name\":\"Peoplesphere Company srl\",\"url\":\"https:\/\/peoplesphere.be\/fr\/\",\"logo\":{\"@type\":\"ImageObject\",\"inLanguage\":\"fr-FR\",\"@id\":\"https:\/\/peoplesphere.be\/fr\/#\/schema\/logo\/image\/\",\"url\":\"https:\/\/peoplesphere.be\/fr\/wp-content\/uploads\/2023\/07\/peoplesphere-lgo-new-generik.jpg\",\"contentUrl\":\"https:\/\/peoplesphere.be\/fr\/wp-content\/uploads\/2023\/07\/peoplesphere-lgo-new-generik.jpg\",\"width\":1031,\"height\":1479,\"caption\":\"Peoplesphere Company srl\"},\"image\":{\"@id\":\"https:\/\/peoplesphere.be\/fr\/#\/schema\/logo\/image\/\"},\"sameAs\":[\"https:\/\/www.facebook.com\/peoplesphere\",\"https:\/\/twitter.com\/PeoplesphereMag\",\"https:\/\/www.linkedin.com\/company\/7587361?trk\",\"http:\/\/youtube.com\/peoplesphere\"]},{\"@type\":\"Person\",\"@id\":\"https:\/\/peoplesphere.be\/fr\/#\/schema\/person\/7976225ff17988604334abb7b3536a7e\",\"name\":\"Jean-Paul Erhard\",\"image\":{\"@type\":\"ImageObject\",\"inLanguage\":\"fr-FR\",\"@id\":\"https:\/\/peoplesphere.be\/fr\/#\/schema\/person\/image\/\",\"url\":\"https:\/\/secure.gravatar.com\/avatar\/f941e681460179738071629a51574930?s=96&d=mm&r=g\",\"contentUrl\":\"https:\/\/secure.gravatar.com\/avatar\/f941e681460179738071629a51574930?s=96&d=mm&r=g\",\"caption\":\"Jean-Paul Erhard\"},\"url\":\"https:\/\/peoplesphere.be\/fr\/author\/jpe\/\"}]}<\/script>\n<!-- \/ Yoast SEO plugin. -->","yoast_head_json":{"title":"Sant\u00e9 \u00e9conomique des r\u00e9gions & redistribution des richesses: une Flandre prosp\u00e8re, une Wallonie d\u00e9pendante et Bruxelles l\u00e9s\u00e9e... - Peoplesphere","robots":{"index":"index","follow":"follow","max-snippet":"max-snippet:-1","max-image-preview":"max-image-preview:large","max-video-preview":"max-video-preview:-1"},"canonical":"https:\/\/peoplesphere.be\/fr\/sante-economique-des-regions-redistribution-des-richesses-une-flandre-prospere-une-wallonie-dependante-et-bruxelles-lesee\/","og_locale":"fr_FR","og_type":"article","og_title":"Sant\u00e9 \u00e9conomique des r\u00e9gions & redistribution des richesses: une Flandre prosp\u00e8re, une Wallonie d\u00e9pendante et Bruxelles l\u00e9s\u00e9e... - Peoplesphere","og_description":"Souvent abord\u00e9es sous un angle politique ou id\u00e9ologique, la soutenabilit\u00e9 \u00e9conomique des r\u00e9gions et leur capacit\u00e9 \u00e0 g\u00e9n\u00e9rer des revenus alimentent r\u00e9guli\u00e8rement le d\u00e9bat public. Une \u00e9tude in\u00e9dite de la Banque nationale de Belgique (BNB) intitul\u00e9e \u00ab\u00a0Flux et (d\u00e9s)\u00e9quilibres r\u00e9gionaux [&hellip;]","og_url":"https:\/\/peoplesphere.be\/fr\/sante-economique-des-regions-redistribution-des-richesses-une-flandre-prospere-une-wallonie-dependante-et-bruxelles-lesee\/","og_site_name":"Peoplesphere","article_publisher":"https:\/\/www.facebook.com\/peoplesphere","article_published_time":"2025-10-23T11:52:09+00:00","og_image":[{"url":"http:\/\/www.peoplesphere.be\/fr\/wp-content\/uploads\/2016\/07\/facebook-default-posting-1200x628px.jpg"}],"author":"Jean-Paul Erhard","twitter_card":"summary_large_image","twitter_creator":"@PeoplesphereMag","twitter_site":"@PeoplesphereMag","twitter_misc":{"\u00c9crit par":"Jean-Paul Erhard","Dur\u00e9e de lecture estim\u00e9e":"7 minutes"},"schema":{"@context":"https:\/\/schema.org","@graph":[{"@type":"Article","@id":"https:\/\/peoplesphere.be\/fr\/sante-economique-des-regions-redistribution-des-richesses-une-flandre-prospere-une-wallonie-dependante-et-bruxelles-lesee\/#article","isPartOf":{"@id":"https:\/\/peoplesphere.be\/fr\/sante-economique-des-regions-redistribution-des-richesses-une-flandre-prospere-une-wallonie-dependante-et-bruxelles-lesee\/"},"author":{"name":"Jean-Paul Erhard","@id":"https:\/\/peoplesphere.be\/fr\/#\/schema\/person\/7976225ff17988604334abb7b3536a7e"},"headline":"Sant\u00e9 \u00e9conomique des r\u00e9gions &#038; redistribution des richesses: une Flandre prosp\u00e8re, une Wallonie d\u00e9pendante et Bruxelles l\u00e9s\u00e9e&#8230;","datePublished":"2025-10-23T11:52:09+00:00","dateModified":"2025-10-23T11:52:09+00:00","mainEntityOfPage":{"@id":"https:\/\/peoplesphere.be\/fr\/sante-economique-des-regions-redistribution-des-richesses-une-flandre-prospere-une-wallonie-dependante-et-bruxelles-lesee\/"},"wordCount":1412,"publisher":{"@id":"https:\/\/peoplesphere.be\/fr\/#organization"},"keywords":["bruxelles","flandre","flux r\u00e9gionaux","sant\u00e9 \u00e9conomique","solidarit\u00e9","Wallonie"],"articleSection":["Actualit\u00e9s","Digital"],"inLanguage":"fr-FR"},{"@type":"WebPage","@id":"https:\/\/peoplesphere.be\/fr\/sante-economique-des-regions-redistribution-des-richesses-une-flandre-prospere-une-wallonie-dependante-et-bruxelles-lesee\/","url":"https:\/\/peoplesphere.be\/fr\/sante-economique-des-regions-redistribution-des-richesses-une-flandre-prospere-une-wallonie-dependante-et-bruxelles-lesee\/","name":"Sant\u00e9 \u00e9conomique des r\u00e9gions & redistribution des richesses: une Flandre prosp\u00e8re, une Wallonie d\u00e9pendante et Bruxelles l\u00e9s\u00e9e... - Peoplesphere","isPartOf":{"@id":"https:\/\/peoplesphere.be\/fr\/#website"},"datePublished":"2025-10-23T11:52:09+00:00","dateModified":"2025-10-23T11:52:09+00:00","breadcrumb":{"@id":"https:\/\/peoplesphere.be\/fr\/sante-economique-des-regions-redistribution-des-richesses-une-flandre-prospere-une-wallonie-dependante-et-bruxelles-lesee\/#breadcrumb"},"inLanguage":"fr-FR","potentialAction":[{"@type":"ReadAction","target":["https:\/\/peoplesphere.be\/fr\/sante-economique-des-regions-redistribution-des-richesses-une-flandre-prospere-une-wallonie-dependante-et-bruxelles-lesee\/"]}]},{"@type":"BreadcrumbList","@id":"https:\/\/peoplesphere.be\/fr\/sante-economique-des-regions-redistribution-des-richesses-une-flandre-prospere-une-wallonie-dependante-et-bruxelles-lesee\/#breadcrumb","itemListElement":[{"@type":"ListItem","position":1,"name":"Accueil","item":"https:\/\/peoplesphere.be\/fr\/"},{"@type":"ListItem","position":2,"name":"Sant\u00e9 \u00e9conomique des r\u00e9gions &#038; redistribution des richesses: une Flandre prosp\u00e8re, une Wallonie d\u00e9pendante et Bruxelles l\u00e9s\u00e9e&#8230;"}]},{"@type":"WebSite","@id":"https:\/\/peoplesphere.be\/fr\/#website","url":"https:\/\/peoplesphere.be\/fr\/","name":"Peoplesphere","description":"The People Managers Magazine","publisher":{"@id":"https:\/\/peoplesphere.be\/fr\/#organization"},"potentialAction":[{"@type":"SearchAction","target":{"@type":"EntryPoint","urlTemplate":"https:\/\/peoplesphere.be\/fr\/?s={search_term_string}"},"query-input":"required name=search_term_string"}],"inLanguage":"fr-FR"},{"@type":"Organization","@id":"https:\/\/peoplesphere.be\/fr\/#organization","name":"Peoplesphere Company srl","url":"https:\/\/peoplesphere.be\/fr\/","logo":{"@type":"ImageObject","inLanguage":"fr-FR","@id":"https:\/\/peoplesphere.be\/fr\/#\/schema\/logo\/image\/","url":"https:\/\/peoplesphere.be\/fr\/wp-content\/uploads\/2023\/07\/peoplesphere-lgo-new-generik.jpg","contentUrl":"https:\/\/peoplesphere.be\/fr\/wp-content\/uploads\/2023\/07\/peoplesphere-lgo-new-generik.jpg","width":1031,"height":1479,"caption":"Peoplesphere Company srl"},"image":{"@id":"https:\/\/peoplesphere.be\/fr\/#\/schema\/logo\/image\/"},"sameAs":["https:\/\/www.facebook.com\/peoplesphere","https:\/\/twitter.com\/PeoplesphereMag","https:\/\/www.linkedin.com\/company\/7587361?trk","http:\/\/youtube.com\/peoplesphere"]},{"@type":"Person","@id":"https:\/\/peoplesphere.be\/fr\/#\/schema\/person\/7976225ff17988604334abb7b3536a7e","name":"Jean-Paul Erhard","image":{"@type":"ImageObject","inLanguage":"fr-FR","@id":"https:\/\/peoplesphere.be\/fr\/#\/schema\/person\/image\/","url":"https:\/\/secure.gravatar.com\/avatar\/f941e681460179738071629a51574930?s=96&d=mm&r=g","contentUrl":"https:\/\/secure.gravatar.com\/avatar\/f941e681460179738071629a51574930?s=96&d=mm&r=g","caption":"Jean-Paul Erhard"},"url":"https:\/\/peoplesphere.be\/fr\/author\/jpe\/"}]}},"_links":{"self":[{"href":"https:\/\/peoplesphere.be\/fr\/wp-json\/wp\/v2\/posts\/18358"}],"collection":[{"href":"https:\/\/peoplesphere.be\/fr\/wp-json\/wp\/v2\/posts"}],"about":[{"href":"https:\/\/peoplesphere.be\/fr\/wp-json\/wp\/v2\/types\/post"}],"author":[{"embeddable":true,"href":"https:\/\/peoplesphere.be\/fr\/wp-json\/wp\/v2\/users\/2"}],"replies":[{"embeddable":true,"href":"https:\/\/peoplesphere.be\/fr\/wp-json\/wp\/v2\/comments?post=18358"}],"version-history":[{"count":1,"href":"https:\/\/peoplesphere.be\/fr\/wp-json\/wp\/v2\/posts\/18358\/revisions"}],"predecessor-version":[{"id":18359,"href":"https:\/\/peoplesphere.be\/fr\/wp-json\/wp\/v2\/posts\/18358\/revisions\/18359"}],"wp:attachment":[{"href":"https:\/\/peoplesphere.be\/fr\/wp-json\/wp\/v2\/media?parent=18358"}],"wp:term":[{"taxonomy":"category","embeddable":true,"href":"https:\/\/peoplesphere.be\/fr\/wp-json\/wp\/v2\/categories?post=18358"},{"taxonomy":"post_tag","embeddable":true,"href":"https:\/\/peoplesphere.be\/fr\/wp-json\/wp\/v2\/tags?post=18358"}],"curies":[{"name":"wp","href":"https:\/\/api.w.org\/{rel}","templated":true}]}}