









{"id":18360,"date":"2025-10-24T07:45:26","date_gmt":"2025-10-24T05:45:26","guid":{"rendered":"https:\/\/peoplesphere.be\/fr\/?p=18360"},"modified":"2025-10-24T07:45:26","modified_gmt":"2025-10-24T05:45:26","slug":"le-secteur-tech-it-est-un-tres-bon-eleve-en-matiere-decart-salarial","status":"publish","type":"post","link":"https:\/\/peoplesphere.be\/fr\/le-secteur-tech-it-est-un-tres-bon-eleve-en-matiere-decart-salarial\/","title":{"rendered":"Le secteur Tech &#038; IT est un (tr\u00e8s) bon \u00e9l\u00e8ve en mati\u00e8re d&rsquo;\u00e9cart salarial."},"content":{"rendered":"<p>Bien que l\u2019\u00e9cart salarial corrig\u00e9 soit tr\u00e8s bas dans le secteur belge de l\u2019informatique et de la technologie \u2013 0,68%, soit bien en dessous de la moyenne nationale de 1,79% \u2013 , plusieurs probl\u00e8mes structurels subsistent. C\u2019est ce que r\u00e9v\u00e8le la 26\u00e8me Hudson Tech Reward Survey, l\u2019\u00e9tude r\u00e9alis\u00e9e chaque ann\u00e9e par Hudson, la soci\u00e9t\u00e9 de conseil en gestion des RH qui fait partie du groupe Randstad. 41.301 packages salariaux d\u2019employ\u00e9s belges issus de 128 organisations du secteur Tech &amp; IT ont \u00e9t\u00e9 examin\u00e9s.<!--more--><\/p>\n<p>Pour calculer l\u2019\u00e9cart salarial, Hudson a analys\u00e9 le salaire des hommes et des femmes occupant des postes comparables, ind\u00e9pendamment de l\u2019organisation. Il en ressort que l\u2019\u00e9cart salarial global chez les employ\u00e9s belges du secteur Tech &amp; IT s\u2019\u00e9l\u00e8ve \u00e0 0,68%. En moyenne, l\u2019\u00e9cart salarial corrig\u00e9 dans le secteur informatique et technologique est donc inf\u00e9rieur \u00e0 celui du march\u00e9 belge dans son ensemble (1,79%) et reste dans les limites fix\u00e9es par la directive europ\u00e9enne sur la transparence des r\u00e9mun\u00e9rations. En revanche, un quart des organisations affichent un \u00e9cart salarial de plus de 5%, cet \u00e9cart \u00e9tant favorable aux hommes dans la majorit\u00e9 des cas (19%). Ce sont surtout les plus petites entreprises qui obtiennent de mauvaises notes, l\u2019\u00e9cart salarial y \u00e9tant sup\u00e9rieur \u00e0 5% dans 38% des cas.<\/p>\n<p>Ajoutons que les \u00e9carts extr\u00eames se concentrent dans les fonctions tr\u00e8s sp\u00e9cialis\u00e9es, o\u00f9 r\u00e8gne une \u00e9norme p\u00e9nurie, notamment les postes li\u00e9s au secteur de la cybers\u00e9curit\u00e9, par exemple.<\/p>\n<p>Les \u00e9carts entre populations plus jeunes et plus \u00e2g\u00e9es sont \u00e9galement frappants. <em>\u00ab\u00a0Une politique salariale objective reconna\u00eet l\u2019exp\u00e9rience comme un facteur l\u00e9gitime de diff\u00e9renciation salariale, mais elle contraste fortement avec des diff\u00e9rences salariales inexplicables, bas\u00e9es uniquement sur l\u2019\u00e2ge. \u00c0 fonctions \u00e9quivalentes, les organisations devraient mener une politique salariale coh\u00e9rente avec des fourchettes salariales claires<\/em>\u00ab\u00a0, indique Paul-Etienne Siegrist, senior reward manager chez Hudson.<\/p>\n<h3><strong><em>Peu de marge pour les augmentations de salaire<\/em><\/strong><\/h3>\n<p>La majorit\u00e9 du secteur belge de l\u2019informatique a mis un frein aux augmentations salariales suppl\u00e9mentaires en 2025. Si l\u2019indexation l\u00e9gale a bien s\u00fbr \u00e9t\u00e9 appliqu\u00e9e, la plupart des entreprises, notamment dans le domaine de la consultance informatique et du d\u00e9veloppement de logiciels, n\u2019ont pr\u00e9vu aucune augmentation suppl\u00e9mentaire du salaire de base. La m\u00e9diane de l\u2019augmentation salariale suppl\u00e9mentaire dans le secteur ne se chiffre qu\u2019\u00e0 0,19%. Cette r\u00e9ticence contraste fortement avec d\u2019autres segments de l\u2019industrie technologique. Ainsi par exemple, les entreprises de fabrication de mat\u00e9riel informatique et d\u2019\u00e9lectronique se sont montr\u00e9es les plus g\u00e9n\u00e9reuses, en accordant \u00e0 leur personnel une augmentation salariale substantielle de 3,58% en plus de l\u2019indexation.<\/p>\n<p>L\u2019\u00e9volution globalement lente du secteur technologique contraste fortement avec la croissance de 1,30% sur l\u2019ensemble du march\u00e9 belge. La diff\u00e9rence par rapport au reste du march\u00e9 global du travail est encore confirm\u00e9e par le fait que pr\u00e8s de la moiti\u00e9 des collaborateurs de la tech n\u2019ont b\u00e9n\u00e9fici\u00e9 d\u2019aucune augmentation de leur salaire de base, contre seulement un tiers sur le march\u00e9 global. Ce qui, au cumul, se traduit par une diff\u00e9rence significative : l\u2019\u00e9volution du salaire fixe au cours des 4 derni\u00e8res ann\u00e9es n\u2019est que de +1,7% dans le secteur IT, contre +5,38% sur le march\u00e9 global. Preuve que le secteur s\u2019appuie fortement sur l\u2019indexation l\u00e9gale et investit moins dans des augmentations de salaire individuelles et structurelles.<\/p>\n<p>Cette stagnation du salaire fixe est toutefois compens\u00e9e par la r\u00e9mun\u00e9ration variable et les avantages extral\u00e9gaux, ce qui t\u00e9moigne d\u2019un mod\u00e8le de r\u00e9mun\u00e9ration fondamentalement diff\u00e9rent dans le secteur de la tech. La composition des packages salariaux dans ce secteur diff\u00e8re consid\u00e9rablement de celle du march\u00e9 global. C\u2019est particuli\u00e8rement visible chez les d\u00e9butants, qui b\u00e9n\u00e9ficient beaucoup plus souvent d\u2019une voiture de fonction (77% contre 38% sur le march\u00e9 global) et d\u2019indemnit\u00e9s de frais (92% contre 63% \u00e0 l\u2019\u00e9chelle globale). De plus, le secteur technologique affiche de bons r\u00e9sultats en mati\u00e8re de bonus salariaux (CCT 90). La proportion d\u2019entreprises ayant atteint leurs objectifs cibles \u00e0 convertir en primes a plus que doubl\u00e9 (de 23% l\u2019an dernier \u00e0 56% aujourd\u2019hui). On constate en outre une forte augmentation des montants vers\u00e9s, avec un paiement m\u00e9dian sup\u00e9rieur \u00e0 2.000 \u20ac par an pour tous les niveaux de fonction, soit un montant significativement plus \u00e9lev\u00e9 que l\u2019an dernier.<\/p>\n<p><em>\u00ab\u00a0Le fait que le secteur IT limite la m\u00e9diane des augmentations de salaire suppl\u00e9mentaires \u00e0 seulement 0,19% est remarquable dans un march\u00e9 o\u00f9 la p\u00e9nurie de profils informatiques demeure structurelle. Bien que l\u2019\u00e9volution du salaire fixe s\u2019en trouve ralentie, les bonnes performances en termes de salaire variable et d\u2019avantages extral\u00e9gaux garantissent le maintien d\u2019une r\u00e9mun\u00e9ration globalement solide et \u00e9lev\u00e9e dans le secteur technologique, avec un lien clair entre les r\u00e9sultats de l\u2019entreprise et les montants variables vers\u00e9s aux employ\u00e9s. En r\u00e9sum\u00e9, si le secteur belge de la technologie conserve son attractivit\u00e9, ce n\u2019est pas gr\u00e2ce \u00e0 un salaire de base fixe en croissance, mais \u00e0 une r\u00e9mun\u00e9ration globale flexible et comp\u00e9titive\u00a0\u00bb<\/em>, conclut Wouter Beuckels.<\/p>\n<p>&nbsp;<\/p>\n<p><em>Source: Hudson Tech Reward Survey<\/em><\/p>\n","protected":false},"excerpt":{"rendered":"<p>Bien que l\u2019\u00e9cart salarial corrig\u00e9 soit tr\u00e8s bas dans le secteur belge de l\u2019informatique et de la technologie \u2013 0,68%, soit bien en dessous de la moyenne nationale de 1,79% \u2013 , plusieurs probl\u00e8mes structurels subsistent. C\u2019est ce que r\u00e9v\u00e8le [&hellip;]<\/p>\n","protected":false},"author":2,"featured_media":0,"comment_status":"closed","ping_status":"open","sticky":false,"template":"","format":"standard","meta":[],"categories":[65,10],"tags":[170,508,374,108,1648],"yoast_head":"<!-- This site is optimized with the Yoast SEO plugin v21.0 - https:\/\/yoast.com\/wordpress\/plugins\/seo\/ -->\n<title>Le secteur Tech &amp; IT est un (tr\u00e8s) bon \u00e9l\u00e8ve en mati\u00e8re d&#039;\u00e9cart salarial. - Peoplesphere<\/title>\n<meta name=\"robots\" content=\"index, follow, max-snippet:-1, max-image-preview:large, max-video-preview:-1\" \/>\n<link rel=\"canonical\" href=\"https:\/\/peoplesphere.be\/fr\/le-secteur-tech-it-est-un-tres-bon-eleve-en-matiere-decart-salarial\/\" \/>\n<meta property=\"og:locale\" content=\"fr_FR\" \/>\n<meta property=\"og:type\" content=\"article\" \/>\n<meta property=\"og:title\" content=\"Le secteur Tech &amp; IT est un (tr\u00e8s) bon \u00e9l\u00e8ve en mati\u00e8re d&#039;\u00e9cart salarial. - Peoplesphere\" \/>\n<meta property=\"og:description\" content=\"Bien que l\u2019\u00e9cart salarial corrig\u00e9 soit tr\u00e8s bas dans le secteur belge de l\u2019informatique et de la technologie \u2013 0,68%, soit bien en dessous de la moyenne nationale de 1,79% \u2013 , plusieurs probl\u00e8mes structurels subsistent. C\u2019est ce que r\u00e9v\u00e8le [&hellip;]\" \/>\n<meta property=\"og:url\" content=\"https:\/\/peoplesphere.be\/fr\/le-secteur-tech-it-est-un-tres-bon-eleve-en-matiere-decart-salarial\/\" \/>\n<meta property=\"og:site_name\" content=\"Peoplesphere\" \/>\n<meta property=\"article:publisher\" content=\"https:\/\/www.facebook.com\/peoplesphere\" \/>\n<meta property=\"article:published_time\" content=\"2025-10-24T05:45:26+00:00\" \/>\n<meta property=\"og:image\" content=\"http:\/\/www.peoplesphere.be\/fr\/wp-content\/uploads\/2016\/07\/facebook-default-posting-1200x628px.jpg\" \/>\n<meta name=\"author\" content=\"Jean-Paul Erhard\" \/>\n<meta name=\"twitter:card\" content=\"summary_large_image\" \/>\n<meta name=\"twitter:creator\" content=\"@PeoplesphereMag\" \/>\n<meta name=\"twitter:site\" content=\"@PeoplesphereMag\" \/>\n<meta name=\"twitter:label1\" content=\"\u00c9crit par\" \/>\n\t<meta name=\"twitter:data1\" content=\"Jean-Paul Erhard\" \/>\n\t<meta name=\"twitter:label2\" content=\"Dur\u00e9e de lecture estim\u00e9e\" \/>\n\t<meta name=\"twitter:data2\" content=\"5 minutes\" \/>\n<script type=\"application\/ld+json\" class=\"yoast-schema-graph\">{\"@context\":\"https:\/\/schema.org\",\"@graph\":[{\"@type\":\"Article\",\"@id\":\"https:\/\/peoplesphere.be\/fr\/le-secteur-tech-it-est-un-tres-bon-eleve-en-matiere-decart-salarial\/#article\",\"isPartOf\":{\"@id\":\"https:\/\/peoplesphere.be\/fr\/le-secteur-tech-it-est-un-tres-bon-eleve-en-matiere-decart-salarial\/\"},\"author\":{\"name\":\"Jean-Paul Erhard\",\"@id\":\"https:\/\/peoplesphere.be\/fr\/#\/schema\/person\/7976225ff17988604334abb7b3536a7e\"},\"headline\":\"Le secteur Tech &#038; IT est un (tr\u00e8s) bon \u00e9l\u00e8ve en mati\u00e8re d&rsquo;\u00e9cart salarial.\",\"datePublished\":\"2025-10-24T05:45:26+00:00\",\"dateModified\":\"2025-10-24T05:45:26+00:00\",\"mainEntityOfPage\":{\"@id\":\"https:\/\/peoplesphere.be\/fr\/le-secteur-tech-it-est-un-tres-bon-eleve-en-matiere-decart-salarial\/\"},\"wordCount\":917,\"publisher\":{\"@id\":\"https:\/\/peoplesphere.be\/fr\/#organization\"},\"keywords\":[\"\u00e9cart salarial\",\"indexation\",\"r\u00e9mun\u00e9rations\",\"salaires\",\"secteur IT\"],\"articleSection\":[\"Actualit\u00e9s\",\"Digital\"],\"inLanguage\":\"fr-FR\"},{\"@type\":\"WebPage\",\"@id\":\"https:\/\/peoplesphere.be\/fr\/le-secteur-tech-it-est-un-tres-bon-eleve-en-matiere-decart-salarial\/\",\"url\":\"https:\/\/peoplesphere.be\/fr\/le-secteur-tech-it-est-un-tres-bon-eleve-en-matiere-decart-salarial\/\",\"name\":\"Le secteur Tech & IT est un (tr\u00e8s) bon \u00e9l\u00e8ve en mati\u00e8re d'\u00e9cart salarial. - Peoplesphere\",\"isPartOf\":{\"@id\":\"https:\/\/peoplesphere.be\/fr\/#website\"},\"datePublished\":\"2025-10-24T05:45:26+00:00\",\"dateModified\":\"2025-10-24T05:45:26+00:00\",\"breadcrumb\":{\"@id\":\"https:\/\/peoplesphere.be\/fr\/le-secteur-tech-it-est-un-tres-bon-eleve-en-matiere-decart-salarial\/#breadcrumb\"},\"inLanguage\":\"fr-FR\",\"potentialAction\":[{\"@type\":\"ReadAction\",\"target\":[\"https:\/\/peoplesphere.be\/fr\/le-secteur-tech-it-est-un-tres-bon-eleve-en-matiere-decart-salarial\/\"]}]},{\"@type\":\"BreadcrumbList\",\"@id\":\"https:\/\/peoplesphere.be\/fr\/le-secteur-tech-it-est-un-tres-bon-eleve-en-matiere-decart-salarial\/#breadcrumb\",\"itemListElement\":[{\"@type\":\"ListItem\",\"position\":1,\"name\":\"Accueil\",\"item\":\"https:\/\/peoplesphere.be\/fr\/\"},{\"@type\":\"ListItem\",\"position\":2,\"name\":\"Le secteur Tech &#038; IT est un (tr\u00e8s) bon \u00e9l\u00e8ve en mati\u00e8re d&rsquo;\u00e9cart salarial.\"}]},{\"@type\":\"WebSite\",\"@id\":\"https:\/\/peoplesphere.be\/fr\/#website\",\"url\":\"https:\/\/peoplesphere.be\/fr\/\",\"name\":\"Peoplesphere\",\"description\":\"The People Managers Magazine\",\"publisher\":{\"@id\":\"https:\/\/peoplesphere.be\/fr\/#organization\"},\"potentialAction\":[{\"@type\":\"SearchAction\",\"target\":{\"@type\":\"EntryPoint\",\"urlTemplate\":\"https:\/\/peoplesphere.be\/fr\/?s={search_term_string}\"},\"query-input\":\"required name=search_term_string\"}],\"inLanguage\":\"fr-FR\"},{\"@type\":\"Organization\",\"@id\":\"https:\/\/peoplesphere.be\/fr\/#organization\",\"name\":\"Peoplesphere Company srl\",\"url\":\"https:\/\/peoplesphere.be\/fr\/\",\"logo\":{\"@type\":\"ImageObject\",\"inLanguage\":\"fr-FR\",\"@id\":\"https:\/\/peoplesphere.be\/fr\/#\/schema\/logo\/image\/\",\"url\":\"https:\/\/peoplesphere.be\/fr\/wp-content\/uploads\/2023\/07\/peoplesphere-lgo-new-generik.jpg\",\"contentUrl\":\"https:\/\/peoplesphere.be\/fr\/wp-content\/uploads\/2023\/07\/peoplesphere-lgo-new-generik.jpg\",\"width\":1031,\"height\":1479,\"caption\":\"Peoplesphere Company srl\"},\"image\":{\"@id\":\"https:\/\/peoplesphere.be\/fr\/#\/schema\/logo\/image\/\"},\"sameAs\":[\"https:\/\/www.facebook.com\/peoplesphere\",\"https:\/\/twitter.com\/PeoplesphereMag\",\"https:\/\/www.linkedin.com\/company\/7587361?trk\",\"http:\/\/youtube.com\/peoplesphere\"]},{\"@type\":\"Person\",\"@id\":\"https:\/\/peoplesphere.be\/fr\/#\/schema\/person\/7976225ff17988604334abb7b3536a7e\",\"name\":\"Jean-Paul Erhard\",\"image\":{\"@type\":\"ImageObject\",\"inLanguage\":\"fr-FR\",\"@id\":\"https:\/\/peoplesphere.be\/fr\/#\/schema\/person\/image\/\",\"url\":\"https:\/\/secure.gravatar.com\/avatar\/f941e681460179738071629a51574930?s=96&d=mm&r=g\",\"contentUrl\":\"https:\/\/secure.gravatar.com\/avatar\/f941e681460179738071629a51574930?s=96&d=mm&r=g\",\"caption\":\"Jean-Paul Erhard\"},\"url\":\"https:\/\/peoplesphere.be\/fr\/author\/jpe\/\"}]}<\/script>\n<!-- \/ Yoast SEO plugin. -->","yoast_head_json":{"title":"Le secteur Tech & IT est un (tr\u00e8s) bon \u00e9l\u00e8ve en mati\u00e8re d'\u00e9cart salarial. - Peoplesphere","robots":{"index":"index","follow":"follow","max-snippet":"max-snippet:-1","max-image-preview":"max-image-preview:large","max-video-preview":"max-video-preview:-1"},"canonical":"https:\/\/peoplesphere.be\/fr\/le-secteur-tech-it-est-un-tres-bon-eleve-en-matiere-decart-salarial\/","og_locale":"fr_FR","og_type":"article","og_title":"Le secteur Tech & IT est un (tr\u00e8s) bon \u00e9l\u00e8ve en mati\u00e8re d'\u00e9cart salarial. - Peoplesphere","og_description":"Bien que l\u2019\u00e9cart salarial corrig\u00e9 soit tr\u00e8s bas dans le secteur belge de l\u2019informatique et de la technologie \u2013 0,68%, soit bien en dessous de la moyenne nationale de 1,79% \u2013 , plusieurs probl\u00e8mes structurels subsistent. C\u2019est ce que r\u00e9v\u00e8le [&hellip;]","og_url":"https:\/\/peoplesphere.be\/fr\/le-secteur-tech-it-est-un-tres-bon-eleve-en-matiere-decart-salarial\/","og_site_name":"Peoplesphere","article_publisher":"https:\/\/www.facebook.com\/peoplesphere","article_published_time":"2025-10-24T05:45:26+00:00","og_image":[{"url":"http:\/\/www.peoplesphere.be\/fr\/wp-content\/uploads\/2016\/07\/facebook-default-posting-1200x628px.jpg"}],"author":"Jean-Paul Erhard","twitter_card":"summary_large_image","twitter_creator":"@PeoplesphereMag","twitter_site":"@PeoplesphereMag","twitter_misc":{"\u00c9crit par":"Jean-Paul Erhard","Dur\u00e9e de lecture estim\u00e9e":"5 minutes"},"schema":{"@context":"https:\/\/schema.org","@graph":[{"@type":"Article","@id":"https:\/\/peoplesphere.be\/fr\/le-secteur-tech-it-est-un-tres-bon-eleve-en-matiere-decart-salarial\/#article","isPartOf":{"@id":"https:\/\/peoplesphere.be\/fr\/le-secteur-tech-it-est-un-tres-bon-eleve-en-matiere-decart-salarial\/"},"author":{"name":"Jean-Paul Erhard","@id":"https:\/\/peoplesphere.be\/fr\/#\/schema\/person\/7976225ff17988604334abb7b3536a7e"},"headline":"Le secteur Tech &#038; IT est un (tr\u00e8s) bon \u00e9l\u00e8ve en mati\u00e8re d&rsquo;\u00e9cart salarial.","datePublished":"2025-10-24T05:45:26+00:00","dateModified":"2025-10-24T05:45:26+00:00","mainEntityOfPage":{"@id":"https:\/\/peoplesphere.be\/fr\/le-secteur-tech-it-est-un-tres-bon-eleve-en-matiere-decart-salarial\/"},"wordCount":917,"publisher":{"@id":"https:\/\/peoplesphere.be\/fr\/#organization"},"keywords":["\u00e9cart salarial","indexation","r\u00e9mun\u00e9rations","salaires","secteur IT"],"articleSection":["Actualit\u00e9s","Digital"],"inLanguage":"fr-FR"},{"@type":"WebPage","@id":"https:\/\/peoplesphere.be\/fr\/le-secteur-tech-it-est-un-tres-bon-eleve-en-matiere-decart-salarial\/","url":"https:\/\/peoplesphere.be\/fr\/le-secteur-tech-it-est-un-tres-bon-eleve-en-matiere-decart-salarial\/","name":"Le secteur Tech & IT est un (tr\u00e8s) bon \u00e9l\u00e8ve en mati\u00e8re d'\u00e9cart salarial. - Peoplesphere","isPartOf":{"@id":"https:\/\/peoplesphere.be\/fr\/#website"},"datePublished":"2025-10-24T05:45:26+00:00","dateModified":"2025-10-24T05:45:26+00:00","breadcrumb":{"@id":"https:\/\/peoplesphere.be\/fr\/le-secteur-tech-it-est-un-tres-bon-eleve-en-matiere-decart-salarial\/#breadcrumb"},"inLanguage":"fr-FR","potentialAction":[{"@type":"ReadAction","target":["https:\/\/peoplesphere.be\/fr\/le-secteur-tech-it-est-un-tres-bon-eleve-en-matiere-decart-salarial\/"]}]},{"@type":"BreadcrumbList","@id":"https:\/\/peoplesphere.be\/fr\/le-secteur-tech-it-est-un-tres-bon-eleve-en-matiere-decart-salarial\/#breadcrumb","itemListElement":[{"@type":"ListItem","position":1,"name":"Accueil","item":"https:\/\/peoplesphere.be\/fr\/"},{"@type":"ListItem","position":2,"name":"Le secteur Tech &#038; IT est un (tr\u00e8s) bon \u00e9l\u00e8ve en mati\u00e8re d&rsquo;\u00e9cart salarial."}]},{"@type":"WebSite","@id":"https:\/\/peoplesphere.be\/fr\/#website","url":"https:\/\/peoplesphere.be\/fr\/","name":"Peoplesphere","description":"The People Managers Magazine","publisher":{"@id":"https:\/\/peoplesphere.be\/fr\/#organization"},"potentialAction":[{"@type":"SearchAction","target":{"@type":"EntryPoint","urlTemplate":"https:\/\/peoplesphere.be\/fr\/?s={search_term_string}"},"query-input":"required name=search_term_string"}],"inLanguage":"fr-FR"},{"@type":"Organization","@id":"https:\/\/peoplesphere.be\/fr\/#organization","name":"Peoplesphere Company srl","url":"https:\/\/peoplesphere.be\/fr\/","logo":{"@type":"ImageObject","inLanguage":"fr-FR","@id":"https:\/\/peoplesphere.be\/fr\/#\/schema\/logo\/image\/","url":"https:\/\/peoplesphere.be\/fr\/wp-content\/uploads\/2023\/07\/peoplesphere-lgo-new-generik.jpg","contentUrl":"https:\/\/peoplesphere.be\/fr\/wp-content\/uploads\/2023\/07\/peoplesphere-lgo-new-generik.jpg","width":1031,"height":1479,"caption":"Peoplesphere Company srl"},"image":{"@id":"https:\/\/peoplesphere.be\/fr\/#\/schema\/logo\/image\/"},"sameAs":["https:\/\/www.facebook.com\/peoplesphere","https:\/\/twitter.com\/PeoplesphereMag","https:\/\/www.linkedin.com\/company\/7587361?trk","http:\/\/youtube.com\/peoplesphere"]},{"@type":"Person","@id":"https:\/\/peoplesphere.be\/fr\/#\/schema\/person\/7976225ff17988604334abb7b3536a7e","name":"Jean-Paul Erhard","image":{"@type":"ImageObject","inLanguage":"fr-FR","@id":"https:\/\/peoplesphere.be\/fr\/#\/schema\/person\/image\/","url":"https:\/\/secure.gravatar.com\/avatar\/f941e681460179738071629a51574930?s=96&d=mm&r=g","contentUrl":"https:\/\/secure.gravatar.com\/avatar\/f941e681460179738071629a51574930?s=96&d=mm&r=g","caption":"Jean-Paul Erhard"},"url":"https:\/\/peoplesphere.be\/fr\/author\/jpe\/"}]}},"_links":{"self":[{"href":"https:\/\/peoplesphere.be\/fr\/wp-json\/wp\/v2\/posts\/18360"}],"collection":[{"href":"https:\/\/peoplesphere.be\/fr\/wp-json\/wp\/v2\/posts"}],"about":[{"href":"https:\/\/peoplesphere.be\/fr\/wp-json\/wp\/v2\/types\/post"}],"author":[{"embeddable":true,"href":"https:\/\/peoplesphere.be\/fr\/wp-json\/wp\/v2\/users\/2"}],"replies":[{"embeddable":true,"href":"https:\/\/peoplesphere.be\/fr\/wp-json\/wp\/v2\/comments?post=18360"}],"version-history":[{"count":1,"href":"https:\/\/peoplesphere.be\/fr\/wp-json\/wp\/v2\/posts\/18360\/revisions"}],"predecessor-version":[{"id":18361,"href":"https:\/\/peoplesphere.be\/fr\/wp-json\/wp\/v2\/posts\/18360\/revisions\/18361"}],"wp:attachment":[{"href":"https:\/\/peoplesphere.be\/fr\/wp-json\/wp\/v2\/media?parent=18360"}],"wp:term":[{"taxonomy":"category","embeddable":true,"href":"https:\/\/peoplesphere.be\/fr\/wp-json\/wp\/v2\/categories?post=18360"},{"taxonomy":"post_tag","embeddable":true,"href":"https:\/\/peoplesphere.be\/fr\/wp-json\/wp\/v2\/tags?post=18360"}],"curies":[{"name":"wp","href":"https:\/\/api.w.org\/{rel}","templated":true}]}}