









{"id":18362,"date":"2025-10-24T09:00:19","date_gmt":"2025-10-24T07:00:19","guid":{"rendered":"https:\/\/peoplesphere.be\/fr\/?p=18362"},"modified":"2025-10-24T09:00:19","modified_gmt":"2025-10-24T07:00:19","slug":"recuperation-des-jours-de-conge-en-cas-de-maladie-5-jours-de-vacances-supplementaires-en-moyenne","status":"publish","type":"post","link":"https:\/\/peoplesphere.be\/fr\/recuperation-des-jours-de-conge-en-cas-de-maladie-5-jours-de-vacances-supplementaires-en-moyenne\/","title":{"rendered":"R\u00e9cup\u00e9ration des jours de cong\u00e9 en cas de maladie: 5 jours de vacances suppl\u00e9mentaires en moyenne."},"content":{"rendered":"<p>Les travailleurs qui tombent malades pendant leurs vacances ont le droit de r\u00e9cup\u00e9rer ult\u00e9rieurement leurs jours de cong\u00e9 perdus. Quatre PME wallonnes sur dix y ont d\u00e9j\u00e0 \u00e9t\u00e9 confront\u00e9es en 2025 : c\u2019est presque le double de 2024, ann\u00e9e o\u00f9 la mesure venait d\u2019entrer en vigueur. En moyenne, 12% des travailleurs wallons sont tomb\u00e9s malades pendant leurs cong\u00e9s, contre 6% en Flandre et 3% \u00e0 Bruxelles. Cela repr\u00e9sente environ cinq jours de vacances \u00e0 replanifier avant la fin de l\u2019ann\u00e9e.<!--more--><\/p>\n<p>Les diff\u00e9rences selon les secteurs d\u2019activit\u00e9 sont importantes. Ces chiffres proviennent d\u2019une enqu\u00eate r\u00e9cente r\u00e9alis\u00e9e par le prestataire de services RH SD Worx aupr\u00e8s de 523 PME belges en septembre 2025.<\/p>\n<h3><strong><em>Un droit l\u00e9gal \u00e0 la r\u00e9cup\u00e9ration des jours de cong\u00e9, sous conditions<\/em><\/strong><\/h3>\n<p>Depuis la modification de la loi en 2024, les travailleurs ont le droit de reporter les jours de cong\u00e9 co\u00efncidant avec une p\u00e9riode de maladie. \u00c0 condition toutefois d\u2019avertir imm\u00e9diatement leur employeur et de lui remettre un certificat m\u00e9dical valide. S\u2019ils ne s\u00e9journent pas \u00e0 leur adresse habituelle, ils doivent \u00e9galement le signaler. Les jours de cong\u00e9 initialement pr\u00e9vus sont alors convertis en jours de maladie, pr\u00e9servant ainsi le droit \u00e0 la totalit\u00e9 des vacances.<\/p>\n<p>Cette mesure s\u2019applique \u00e0 tous les travailleurs du secteur priv\u00e9, quel que soit leur statut. Elle vise \u00e0 prot\u00e9ger le droit au repos, mais engendre aussi une charge administrative suppl\u00e9mentaire pour les employeurs.<\/p>\n<p>En 2025, quatre PME wallonnes sur dix (39 %) ont d\u00e9j\u00e0 d\u00fb faire face \u00e0 un travailleur tomb\u00e9 malade pendant ses cong\u00e9s. En Flandre et \u00e0 Bruxelles, cela concerne respectivement 30 % et 27 % des PME. Un an plus t\u00f4t, en septembre 2024, une PME sur cinq \u00e9tait concern\u00e9e. Les chiffres varient fortement selon que l\u2019entreprise emploie majoritairement des ouvriers ou des employ\u00e9s : pr\u00e8s de la moiti\u00e9 (47 %) des PME comptant surtout des ouvriers ont d\u00e9j\u00e0 \u00e9t\u00e9 confront\u00e9es \u00e0 ce ph\u00e9nom\u00e8ne, contre seulement 27 % des PME n\u2019employant que des employ\u00e9s. Les entreprises mixtes se situent entre les deux, \u00e0 36 %.<\/p>\n<p>La taille de l\u2019entreprise joue \u00e9galement un r\u00f4le : plus la PME est grande, plus la probabilit\u00e9 qu\u2019un travailleur tombe malade pendant ses cong\u00e9s augmente :<\/p>\n<ul>\n<li>Dans les plus petites structures, cela concerne environ un quart (27%) des entreprises.<\/li>\n<li>D\u00e8s que la PME compte plus de 50 travailleurs, la proportion grimpe \u00e0 plus de sept sur dix.<\/li>\n<\/ul>\n<p><em>\u00ab\u00a0La mesure sur les jours de maladie pendant les cong\u00e9s n\u2019a pas \u00e9t\u00e9 instaur\u00e9e par hasard : les vacances doivent rester un v\u00e9ritable moment de repos. Si un travailleur tombe malade durant cette p\u00e9riode, il a droit \u00e0 du repos \u00e0 un autre moment. Ce principe est d\u00e9sormais bien ancr\u00e9, surtout dans les PME employant des ouvriers, o\u00f9 47 % ont d\u00e9j\u00e0 \u00e9t\u00e9 confront\u00e9es \u00e0 des absences pour maladie pendant les cong\u00e9s. Dans les plus grandes entreprises comptant plus de 50 travailleurs, cela d\u00e9passe les 70 %. Ces chiffres montrent que ce n\u2019est plus un ph\u00e9nom\u00e8ne marginal. Pour les PME, il est donc essentiel d\u2019\u00e9tablir des r\u00e8gles claires, notamment concernant la remise du certificat m\u00e9dical. Cela permet d\u2019\u00e9viter des tracas administratifs et de maintenir une gestion efficace de la maladie\u00a0\u00bb<\/em>,\u202fexplique Tulay Kasap, Conseill\u00e8re juridique PME chez SD Worx.<\/p>\n<h3><strong><em>Peu d\u2019employ\u00e9s se d\u00e9clarent malades pendant leurs cong\u00e9s<\/em><\/strong><\/h3>\n<p>L\u2019enqu\u00eate montre que la proportion de travailleurs tombant malades pendant leurs cong\u00e9s varie fortement. Dans les PME wallonnes, 12 % des travailleurs se sont d\u00e9clar\u00e9s malades pendant leurs vacances en 2025, contre 6 % en Flandre et 3 % \u00e0 Bruxelles. La m\u00e9diane reste toutefois \u00e0 0 %, ce qui signifie qu\u2019au moins la moiti\u00e9 des PME n\u2019ont enregistr\u00e9 aucun cas de ce type.<\/p>\n<p><strong><em>Les \u00e9carts selon l\u2019activit\u00e9 sont frappants :<\/em><\/strong><\/p>\n<ul>\n<li>Dans les PME comptant des ouvriers, la moyenne s\u2019\u00e9l\u00e8ve \u00e0 16%.<\/li>\n<li>Dans celles comptant uniquement des employ\u00e9s, la moyenne s\u2019\u00e9l\u00e8ve \u00e0 5%.<\/li>\n<li>La taille de l\u2019entreprise a ici moins d\u2019influence : la part de travailleurs malades pendant leurs vacances oscille entre 4% et 8%, selon le nombre de travailleurs.<\/li>\n<\/ul>\n<h3><strong><em>Les travailleurs r\u00e9cup\u00e8rent en moyenne cinq jours de maladie<\/em><\/strong><\/h3>\n<p>Les travailleurs tomb\u00e9s malades pendant leurs cong\u00e9s r\u00e9cup\u00e8rent en moyenne cinq jours ult\u00e9rieurement. \u00c0 Bruxelles, la moyenne est de trois jours, contre cinq en Wallonie et en Flandre.<\/p>\n<p>Dans les PME employant des ouvriers, ce nombre est nettement plus \u00e9lev\u00e9 que dans celles n\u2019ayant que des employ\u00e9s : huit jours contre quatre. Les entreprises mixtes enregistrent quant \u00e0 elles une moyenne de quatre jours replanifi\u00e9s.<\/p>\n<p><em>\u00ab\u00a0Cinq jours peuvent sembler peu, mais pour une PME avec une planification du personnel serr\u00e9e, cela peut vite devenir un casse-t\u00eate, surtout dans les secteurs \u00e0 forte proportion d\u2019ouvriers, o\u00f9 la moyenne atteint huit jours. Plus l\u2019ann\u00e9e avance, plus il devient difficile de reprogrammer ces jours. Une concertation rapide avec le travailleur et l\u2019\u00e9quipe est donc essentielle. Replanifier les jours de cong\u00e9 pendant les p\u00e9riodes les moins charg\u00e9es \u00e9vite bien des soucis pratiques\u00a0\u00bb,<\/em> souligne l\u2019experte de chez SD Worx.<\/p>\n<p>&nbsp;<\/p>\n<p><em>Source: SD Worx<\/em><\/p>\n","protected":false},"excerpt":{"rendered":"<p>Les travailleurs qui tombent malades pendant leurs vacances ont le droit de r\u00e9cup\u00e9rer ult\u00e9rieurement leurs jours de cong\u00e9 perdus. Quatre PME wallonnes sur dix y ont d\u00e9j\u00e0 \u00e9t\u00e9 confront\u00e9es en 2025 : c\u2019est presque le double de 2024, ann\u00e9e o\u00f9 [&hellip;]<\/p>\n","protected":false},"author":2,"featured_media":18363,"comment_status":"closed","ping_status":"open","sticky":false,"template":"","format":"standard","meta":[],"categories":[65,10],"tags":[145,96,16,17],"yoast_head":"<!-- This site is optimized with the Yoast SEO plugin v21.0 - https:\/\/yoast.com\/wordpress\/plugins\/seo\/ -->\n<title>R\u00e9cup\u00e9ration des jours de cong\u00e9 en cas de maladie: 5 jours de vacances suppl\u00e9mentaires en moyenne. - Peoplesphere<\/title>\n<meta name=\"robots\" content=\"index, follow, max-snippet:-1, max-image-preview:large, max-video-preview:-1\" \/>\n<link rel=\"canonical\" href=\"https:\/\/peoplesphere.be\/fr\/recuperation-des-jours-de-conge-en-cas-de-maladie-5-jours-de-vacances-supplementaires-en-moyenne\/\" \/>\n<meta property=\"og:locale\" content=\"fr_FR\" \/>\n<meta property=\"og:type\" content=\"article\" \/>\n<meta property=\"og:title\" content=\"R\u00e9cup\u00e9ration des jours de cong\u00e9 en cas de maladie: 5 jours de vacances suppl\u00e9mentaires en moyenne. - Peoplesphere\" \/>\n<meta property=\"og:description\" content=\"Les travailleurs qui tombent malades pendant leurs vacances ont le droit de r\u00e9cup\u00e9rer ult\u00e9rieurement leurs jours de cong\u00e9 perdus. Quatre PME wallonnes sur dix y ont d\u00e9j\u00e0 \u00e9t\u00e9 confront\u00e9es en 2025 : c\u2019est presque le double de 2024, ann\u00e9e o\u00f9 [&hellip;]\" \/>\n<meta property=\"og:url\" content=\"https:\/\/peoplesphere.be\/fr\/recuperation-des-jours-de-conge-en-cas-de-maladie-5-jours-de-vacances-supplementaires-en-moyenne\/\" \/>\n<meta property=\"og:site_name\" content=\"Peoplesphere\" \/>\n<meta property=\"article:publisher\" content=\"https:\/\/www.facebook.com\/peoplesphere\" \/>\n<meta property=\"article:published_time\" content=\"2025-10-24T07:00:19+00:00\" \/>\n<meta property=\"og:image\" content=\"https:\/\/peoplesphere.be\/fr\/wp-content\/uploads\/2025\/10\/20240626absenteismsecurex.jpg\" \/>\n\t<meta property=\"og:image:width\" content=\"1151\" \/>\n\t<meta property=\"og:image:height\" content=\"654\" \/>\n\t<meta property=\"og:image:type\" content=\"image\/jpeg\" \/>\n<meta name=\"author\" content=\"Jean-Paul Erhard\" \/>\n<meta name=\"twitter:card\" content=\"summary_large_image\" \/>\n<meta name=\"twitter:creator\" content=\"@PeoplesphereMag\" \/>\n<meta name=\"twitter:site\" content=\"@PeoplesphereMag\" \/>\n<meta name=\"twitter:label1\" content=\"\u00c9crit par\" \/>\n\t<meta name=\"twitter:data1\" content=\"Jean-Paul Erhard\" \/>\n\t<meta name=\"twitter:label2\" content=\"Dur\u00e9e de lecture estim\u00e9e\" \/>\n\t<meta name=\"twitter:data2\" content=\"5 minutes\" \/>\n<script type=\"application\/ld+json\" class=\"yoast-schema-graph\">{\"@context\":\"https:\/\/schema.org\",\"@graph\":[{\"@type\":\"Article\",\"@id\":\"https:\/\/peoplesphere.be\/fr\/recuperation-des-jours-de-conge-en-cas-de-maladie-5-jours-de-vacances-supplementaires-en-moyenne\/#article\",\"isPartOf\":{\"@id\":\"https:\/\/peoplesphere.be\/fr\/recuperation-des-jours-de-conge-en-cas-de-maladie-5-jours-de-vacances-supplementaires-en-moyenne\/\"},\"author\":{\"name\":\"Jean-Paul Erhard\",\"@id\":\"https:\/\/peoplesphere.be\/fr\/#\/schema\/person\/7976225ff17988604334abb7b3536a7e\"},\"headline\":\"R\u00e9cup\u00e9ration des jours de cong\u00e9 en cas de maladie: 5 jours de vacances suppl\u00e9mentaires en moyenne.\",\"datePublished\":\"2025-10-24T07:00:19+00:00\",\"dateModified\":\"2025-10-24T07:00:19+00:00\",\"mainEntityOfPage\":{\"@id\":\"https:\/\/peoplesphere.be\/fr\/recuperation-des-jours-de-conge-en-cas-de-maladie-5-jours-de-vacances-supplementaires-en-moyenne\/\"},\"wordCount\":873,\"publisher\":{\"@id\":\"https:\/\/peoplesphere.be\/fr\/#organization\"},\"keywords\":[\"absent\u00e9isme\",\"bien-\u00eatre\",\"Maladie\",\"Sant\u00e9\"],\"articleSection\":[\"Actualit\u00e9s\",\"Digital\"],\"inLanguage\":\"fr-FR\"},{\"@type\":\"WebPage\",\"@id\":\"https:\/\/peoplesphere.be\/fr\/recuperation-des-jours-de-conge-en-cas-de-maladie-5-jours-de-vacances-supplementaires-en-moyenne\/\",\"url\":\"https:\/\/peoplesphere.be\/fr\/recuperation-des-jours-de-conge-en-cas-de-maladie-5-jours-de-vacances-supplementaires-en-moyenne\/\",\"name\":\"R\u00e9cup\u00e9ration des jours de cong\u00e9 en cas de maladie: 5 jours de vacances suppl\u00e9mentaires en moyenne. - Peoplesphere\",\"isPartOf\":{\"@id\":\"https:\/\/peoplesphere.be\/fr\/#website\"},\"datePublished\":\"2025-10-24T07:00:19+00:00\",\"dateModified\":\"2025-10-24T07:00:19+00:00\",\"breadcrumb\":{\"@id\":\"https:\/\/peoplesphere.be\/fr\/recuperation-des-jours-de-conge-en-cas-de-maladie-5-jours-de-vacances-supplementaires-en-moyenne\/#breadcrumb\"},\"inLanguage\":\"fr-FR\",\"potentialAction\":[{\"@type\":\"ReadAction\",\"target\":[\"https:\/\/peoplesphere.be\/fr\/recuperation-des-jours-de-conge-en-cas-de-maladie-5-jours-de-vacances-supplementaires-en-moyenne\/\"]}]},{\"@type\":\"BreadcrumbList\",\"@id\":\"https:\/\/peoplesphere.be\/fr\/recuperation-des-jours-de-conge-en-cas-de-maladie-5-jours-de-vacances-supplementaires-en-moyenne\/#breadcrumb\",\"itemListElement\":[{\"@type\":\"ListItem\",\"position\":1,\"name\":\"Accueil\",\"item\":\"https:\/\/peoplesphere.be\/fr\/\"},{\"@type\":\"ListItem\",\"position\":2,\"name\":\"R\u00e9cup\u00e9ration des jours de cong\u00e9 en cas de maladie: 5 jours de vacances suppl\u00e9mentaires en moyenne.\"}]},{\"@type\":\"WebSite\",\"@id\":\"https:\/\/peoplesphere.be\/fr\/#website\",\"url\":\"https:\/\/peoplesphere.be\/fr\/\",\"name\":\"Peoplesphere\",\"description\":\"The People Managers Magazine\",\"publisher\":{\"@id\":\"https:\/\/peoplesphere.be\/fr\/#organization\"},\"potentialAction\":[{\"@type\":\"SearchAction\",\"target\":{\"@type\":\"EntryPoint\",\"urlTemplate\":\"https:\/\/peoplesphere.be\/fr\/?s={search_term_string}\"},\"query-input\":\"required name=search_term_string\"}],\"inLanguage\":\"fr-FR\"},{\"@type\":\"Organization\",\"@id\":\"https:\/\/peoplesphere.be\/fr\/#organization\",\"name\":\"Peoplesphere Company srl\",\"url\":\"https:\/\/peoplesphere.be\/fr\/\",\"logo\":{\"@type\":\"ImageObject\",\"inLanguage\":\"fr-FR\",\"@id\":\"https:\/\/peoplesphere.be\/fr\/#\/schema\/logo\/image\/\",\"url\":\"https:\/\/peoplesphere.be\/fr\/wp-content\/uploads\/2023\/07\/peoplesphere-lgo-new-generik.jpg\",\"contentUrl\":\"https:\/\/peoplesphere.be\/fr\/wp-content\/uploads\/2023\/07\/peoplesphere-lgo-new-generik.jpg\",\"width\":1031,\"height\":1479,\"caption\":\"Peoplesphere Company srl\"},\"image\":{\"@id\":\"https:\/\/peoplesphere.be\/fr\/#\/schema\/logo\/image\/\"},\"sameAs\":[\"https:\/\/www.facebook.com\/peoplesphere\",\"https:\/\/twitter.com\/PeoplesphereMag\",\"https:\/\/www.linkedin.com\/company\/7587361?trk\",\"http:\/\/youtube.com\/peoplesphere\"]},{\"@type\":\"Person\",\"@id\":\"https:\/\/peoplesphere.be\/fr\/#\/schema\/person\/7976225ff17988604334abb7b3536a7e\",\"name\":\"Jean-Paul Erhard\",\"image\":{\"@type\":\"ImageObject\",\"inLanguage\":\"fr-FR\",\"@id\":\"https:\/\/peoplesphere.be\/fr\/#\/schema\/person\/image\/\",\"url\":\"https:\/\/secure.gravatar.com\/avatar\/f941e681460179738071629a51574930?s=96&d=mm&r=g\",\"contentUrl\":\"https:\/\/secure.gravatar.com\/avatar\/f941e681460179738071629a51574930?s=96&d=mm&r=g\",\"caption\":\"Jean-Paul Erhard\"},\"url\":\"https:\/\/peoplesphere.be\/fr\/author\/jpe\/\"}]}<\/script>\n<!-- \/ Yoast SEO plugin. -->","yoast_head_json":{"title":"R\u00e9cup\u00e9ration des jours de cong\u00e9 en cas de maladie: 5 jours de vacances suppl\u00e9mentaires en moyenne. - Peoplesphere","robots":{"index":"index","follow":"follow","max-snippet":"max-snippet:-1","max-image-preview":"max-image-preview:large","max-video-preview":"max-video-preview:-1"},"canonical":"https:\/\/peoplesphere.be\/fr\/recuperation-des-jours-de-conge-en-cas-de-maladie-5-jours-de-vacances-supplementaires-en-moyenne\/","og_locale":"fr_FR","og_type":"article","og_title":"R\u00e9cup\u00e9ration des jours de cong\u00e9 en cas de maladie: 5 jours de vacances suppl\u00e9mentaires en moyenne. - Peoplesphere","og_description":"Les travailleurs qui tombent malades pendant leurs vacances ont le droit de r\u00e9cup\u00e9rer ult\u00e9rieurement leurs jours de cong\u00e9 perdus. Quatre PME wallonnes sur dix y ont d\u00e9j\u00e0 \u00e9t\u00e9 confront\u00e9es en 2025 : c\u2019est presque le double de 2024, ann\u00e9e o\u00f9 [&hellip;]","og_url":"https:\/\/peoplesphere.be\/fr\/recuperation-des-jours-de-conge-en-cas-de-maladie-5-jours-de-vacances-supplementaires-en-moyenne\/","og_site_name":"Peoplesphere","article_publisher":"https:\/\/www.facebook.com\/peoplesphere","article_published_time":"2025-10-24T07:00:19+00:00","og_image":[{"width":1151,"height":654,"url":"https:\/\/peoplesphere.be\/fr\/wp-content\/uploads\/2025\/10\/20240626absenteismsecurex.jpg","type":"image\/jpeg"}],"author":"Jean-Paul Erhard","twitter_card":"summary_large_image","twitter_creator":"@PeoplesphereMag","twitter_site":"@PeoplesphereMag","twitter_misc":{"\u00c9crit par":"Jean-Paul Erhard","Dur\u00e9e de lecture estim\u00e9e":"5 minutes"},"schema":{"@context":"https:\/\/schema.org","@graph":[{"@type":"Article","@id":"https:\/\/peoplesphere.be\/fr\/recuperation-des-jours-de-conge-en-cas-de-maladie-5-jours-de-vacances-supplementaires-en-moyenne\/#article","isPartOf":{"@id":"https:\/\/peoplesphere.be\/fr\/recuperation-des-jours-de-conge-en-cas-de-maladie-5-jours-de-vacances-supplementaires-en-moyenne\/"},"author":{"name":"Jean-Paul Erhard","@id":"https:\/\/peoplesphere.be\/fr\/#\/schema\/person\/7976225ff17988604334abb7b3536a7e"},"headline":"R\u00e9cup\u00e9ration des jours de cong\u00e9 en cas de maladie: 5 jours de vacances suppl\u00e9mentaires en moyenne.","datePublished":"2025-10-24T07:00:19+00:00","dateModified":"2025-10-24T07:00:19+00:00","mainEntityOfPage":{"@id":"https:\/\/peoplesphere.be\/fr\/recuperation-des-jours-de-conge-en-cas-de-maladie-5-jours-de-vacances-supplementaires-en-moyenne\/"},"wordCount":873,"publisher":{"@id":"https:\/\/peoplesphere.be\/fr\/#organization"},"keywords":["absent\u00e9isme","bien-\u00eatre","Maladie","Sant\u00e9"],"articleSection":["Actualit\u00e9s","Digital"],"inLanguage":"fr-FR"},{"@type":"WebPage","@id":"https:\/\/peoplesphere.be\/fr\/recuperation-des-jours-de-conge-en-cas-de-maladie-5-jours-de-vacances-supplementaires-en-moyenne\/","url":"https:\/\/peoplesphere.be\/fr\/recuperation-des-jours-de-conge-en-cas-de-maladie-5-jours-de-vacances-supplementaires-en-moyenne\/","name":"R\u00e9cup\u00e9ration des jours de cong\u00e9 en cas de maladie: 5 jours de vacances suppl\u00e9mentaires en moyenne. - Peoplesphere","isPartOf":{"@id":"https:\/\/peoplesphere.be\/fr\/#website"},"datePublished":"2025-10-24T07:00:19+00:00","dateModified":"2025-10-24T07:00:19+00:00","breadcrumb":{"@id":"https:\/\/peoplesphere.be\/fr\/recuperation-des-jours-de-conge-en-cas-de-maladie-5-jours-de-vacances-supplementaires-en-moyenne\/#breadcrumb"},"inLanguage":"fr-FR","potentialAction":[{"@type":"ReadAction","target":["https:\/\/peoplesphere.be\/fr\/recuperation-des-jours-de-conge-en-cas-de-maladie-5-jours-de-vacances-supplementaires-en-moyenne\/"]}]},{"@type":"BreadcrumbList","@id":"https:\/\/peoplesphere.be\/fr\/recuperation-des-jours-de-conge-en-cas-de-maladie-5-jours-de-vacances-supplementaires-en-moyenne\/#breadcrumb","itemListElement":[{"@type":"ListItem","position":1,"name":"Accueil","item":"https:\/\/peoplesphere.be\/fr\/"},{"@type":"ListItem","position":2,"name":"R\u00e9cup\u00e9ration des jours de cong\u00e9 en cas de maladie: 5 jours de vacances suppl\u00e9mentaires en moyenne."}]},{"@type":"WebSite","@id":"https:\/\/peoplesphere.be\/fr\/#website","url":"https:\/\/peoplesphere.be\/fr\/","name":"Peoplesphere","description":"The People Managers Magazine","publisher":{"@id":"https:\/\/peoplesphere.be\/fr\/#organization"},"potentialAction":[{"@type":"SearchAction","target":{"@type":"EntryPoint","urlTemplate":"https:\/\/peoplesphere.be\/fr\/?s={search_term_string}"},"query-input":"required name=search_term_string"}],"inLanguage":"fr-FR"},{"@type":"Organization","@id":"https:\/\/peoplesphere.be\/fr\/#organization","name":"Peoplesphere Company srl","url":"https:\/\/peoplesphere.be\/fr\/","logo":{"@type":"ImageObject","inLanguage":"fr-FR","@id":"https:\/\/peoplesphere.be\/fr\/#\/schema\/logo\/image\/","url":"https:\/\/peoplesphere.be\/fr\/wp-content\/uploads\/2023\/07\/peoplesphere-lgo-new-generik.jpg","contentUrl":"https:\/\/peoplesphere.be\/fr\/wp-content\/uploads\/2023\/07\/peoplesphere-lgo-new-generik.jpg","width":1031,"height":1479,"caption":"Peoplesphere Company srl"},"image":{"@id":"https:\/\/peoplesphere.be\/fr\/#\/schema\/logo\/image\/"},"sameAs":["https:\/\/www.facebook.com\/peoplesphere","https:\/\/twitter.com\/PeoplesphereMag","https:\/\/www.linkedin.com\/company\/7587361?trk","http:\/\/youtube.com\/peoplesphere"]},{"@type":"Person","@id":"https:\/\/peoplesphere.be\/fr\/#\/schema\/person\/7976225ff17988604334abb7b3536a7e","name":"Jean-Paul Erhard","image":{"@type":"ImageObject","inLanguage":"fr-FR","@id":"https:\/\/peoplesphere.be\/fr\/#\/schema\/person\/image\/","url":"https:\/\/secure.gravatar.com\/avatar\/f941e681460179738071629a51574930?s=96&d=mm&r=g","contentUrl":"https:\/\/secure.gravatar.com\/avatar\/f941e681460179738071629a51574930?s=96&d=mm&r=g","caption":"Jean-Paul Erhard"},"url":"https:\/\/peoplesphere.be\/fr\/author\/jpe\/"}]}},"_links":{"self":[{"href":"https:\/\/peoplesphere.be\/fr\/wp-json\/wp\/v2\/posts\/18362"}],"collection":[{"href":"https:\/\/peoplesphere.be\/fr\/wp-json\/wp\/v2\/posts"}],"about":[{"href":"https:\/\/peoplesphere.be\/fr\/wp-json\/wp\/v2\/types\/post"}],"author":[{"embeddable":true,"href":"https:\/\/peoplesphere.be\/fr\/wp-json\/wp\/v2\/users\/2"}],"replies":[{"embeddable":true,"href":"https:\/\/peoplesphere.be\/fr\/wp-json\/wp\/v2\/comments?post=18362"}],"version-history":[{"count":1,"href":"https:\/\/peoplesphere.be\/fr\/wp-json\/wp\/v2\/posts\/18362\/revisions"}],"predecessor-version":[{"id":18364,"href":"https:\/\/peoplesphere.be\/fr\/wp-json\/wp\/v2\/posts\/18362\/revisions\/18364"}],"wp:featuredmedia":[{"embeddable":true,"href":"https:\/\/peoplesphere.be\/fr\/wp-json\/wp\/v2\/media\/18363"}],"wp:attachment":[{"href":"https:\/\/peoplesphere.be\/fr\/wp-json\/wp\/v2\/media?parent=18362"}],"wp:term":[{"taxonomy":"category","embeddable":true,"href":"https:\/\/peoplesphere.be\/fr\/wp-json\/wp\/v2\/categories?post=18362"},{"taxonomy":"post_tag","embeddable":true,"href":"https:\/\/peoplesphere.be\/fr\/wp-json\/wp\/v2\/tags?post=18362"}],"curies":[{"name":"wp","href":"https:\/\/api.w.org\/{rel}","templated":true}]}}