









{"id":18383,"date":"2025-10-29T15:40:52","date_gmt":"2025-10-29T13:40:52","guid":{"rendered":"https:\/\/peoplesphere.be\/fr\/?p=18383"},"modified":"2025-10-29T15:40:52","modified_gmt":"2025-10-29T13:40:52","slug":"editorial-lappel-de-novembre-sera-un-moment-charniere-pour-les-organisations-syndicales-et-rien-que-pour-elles","status":"publish","type":"post","link":"https:\/\/peoplesphere.be\/fr\/editorial-lappel-de-novembre-sera-un-moment-charniere-pour-les-organisations-syndicales-et-rien-que-pour-elles\/","title":{"rendered":"\u00c9ditorial \u2013 L\u2019appel de novembre sera un moment charni\u00e8re pour les organisations syndicales, et rien que pour elles\u2026"},"content":{"rendered":"<p>\u00c7a passe ou \u00e7a casse\u2026 C\u2019est peut-\u00eatre ce que ce sont dit les leaders syndicaux au moment de lancer l\u2019appel de novembre. Trois jours de gr\u00e8ve nationale \u00e0 la fin novembre juste avant d\u2019entrer dans la p\u00e9riode des f\u00eates qui annonce d\u00e9j\u00e0 un s\u00e9rieux ralentissement du business quotidien\u2026 Il y a l\u2019unanimit\u00e9. Tout le monde affirme d&rsquo;ores et d\u00e9j\u00e0 que cet appel est parfaitement contre-productif.<br \/>\nAlors, m\u00eame si parfois la majorit\u00e9 peut avoir tort, il est bien possible que les syndicats n\u2019aient pas choisi la bonne m\u00e9thode.<!--more--><\/p>\n<p>Au terme de ces trois belles journ\u00e9es d\u2019automne, y aura-t-il un quelconque revirement social ou politique? Non. C\u2019est pourquoi nous pensons que les organisations syndicales viennent de mettre en jeu ce qu\u2019il leur reste de cr\u00e9dibilit\u00e9. Et nous serons peut-\u00eatre bien contraints de reconna\u00eetre leur impact d\u00e9risoire ainsi que leur manque de repr\u00e9sentativit\u00e9 \u00e0 la fin de ce \u2018s\u00e9minaire\u2019 de 3 jours. Le constat sera douloureux et, pourtant, tellement pr\u00e9visible. Explications.<\/p>\n<h3><strong><em>Qui sont les cibles des festivit\u00e9s annonc\u00e9es?<\/em><\/strong><\/h3>\n<p>Essayons de faire abstraction de ce que cela va donner sur le plan de la mobilisation\u2026 A qui s\u2019adresse cette grande et belle id\u00e9e qui consiste \u00e0 tenter en vain de bloquer un pays qui est d\u00e9j\u00e0 \u00e0 l\u2019arr\u00eat? Les organisations syndicales parlent de gr\u00e8ve politique, dont l\u2019objectif consiste \u00e0 faire reculer le gouvernement. Z\u00e9ro chance que cela ne se produise, pour la bonne et simple raison qu\u2019il y a une majorit\u00e9 importante de la population qui partage les constats et \u2018accepte\u2019, m\u00eame passivement, les mesures annonc\u00e9es. Quelques heures seulement apr\u00e8s la \u2018mobilisation\u2019 syndicale, chacun retournera \u00e0 son quotidien et personne ne se souviendra des slogans hurl\u00e9s sur le pav\u00e9.<\/p>\n<p>Les cibles sont politiques. Les \u2018victimes\u2019 sont \u00e9conomiques. Cherchez l\u2019erreur. Car pendant ce temps, nos entreprises vont perdre un temps pr\u00e9cieux pour trouver les moyens de s\u2019organiser malgr\u00e9 les mouvements. Elles vont aussi essayer de r\u00e9duire la polarisation des tensions entre celles et ceux qui veulent participer au projet entrepreneurial et les autres qui travaillent par pure n\u00e9cessit\u00e9.<br \/>\nNous n\u2019avons pas besoin de cela dans le contexte actuel qui exige de l\u2019engagement et du sang froid.<br \/>\nC\u2019est dans nos entreprises \u2013 et nulle part ailleurs \u2013 que se trouvent les moyens de soutenir et financer la coh\u00e9sion sociale, ce que nous appelons la solidarit\u00e9. C\u2019est la raison pour laquelle cette initiative est tout simplement toxique.<\/p>\n<h3><strong><em>Adh\u00e9sion, appartenance, engagement ?<\/em><\/strong><\/h3>\n<p>Qui va donc prendre part aux manifestations programm\u00e9es, hormis les noyaux durs des organisations syndicales et les partis politiques plac\u00e9s aujourd\u2019hui dans l\u2019opposition? La difficult\u00e9 que rencontrent ces mouvements r\u00e9side dans l\u2019absence de coh\u00e9rence dans les revendications des participants. Entre les demandeurs d\u2019emploi bient\u00f4t exclus du ch\u00f4mage et les seniors invit\u00e9s \u00e0 prolonger leur carri\u00e8re professionnelle, il n\u2019y a \u2013 \u00e0 ce jour \u2013 pas de connexion logique.<\/p>\n<p>Nous avons entendu que la pr\u00e9sence des jeunes est remarquable lors des mobilisations r\u00e9centes. S\u2019agit-il pour autant d\u2019un signe de ralliement ? Certainement pas.<br \/>\nLa particularit\u00e9 des g\u00e9n\u00e9rations qui sont entr\u00e9es r\u00e9cemment sur le march\u00e9 du travail et de celles qui s\u2019y pr\u00e9parent, c\u2019est le rejet de quelque forme d\u2019adh\u00e9sion durable que ce soit. Elles ne refusent pas le collectif. Elles passent d\u2019une communaut\u00e9 \u00e0 une autre afin d\u2019y satisfaire des besoins ponctuels et personnels.<\/p>\n<p>Cette r\u00e9alit\u00e9 vit intens\u00e9ment dans nos entreprises (cfr les probl\u00e9matiques de r\u00e9tention), et elle transcende d\u2019ailleurs les questions li\u00e9es aux g\u00e9n\u00e9rations. Cela ne fonctionne pas autrement pour les mouvements sociaux. Ne confondons pas une forte envie de s\u2019exprimer et de faire entendre sa voix avec l\u2019adh\u00e9sion \u00e0 des manifestations politiques. Les agendas sont super disparates et non connect\u00e9s. La coh\u00e9rence de l\u2019ensemble n\u2019existe pas.<\/p>\n<h3><strong><em>Oui, il y a des \u2018corps interm\u00e9diaires\u2019 qui vont dispara\u00eetre\u2026<\/em><\/strong><\/h3>\n<p>Pourquoi pensons-nous enfin que l&rsquo;appel de novembre pourrait sonner le glas des organisations syndicales, ou du moins de leur repr\u00e9sentativit\u00e9? Parce que la plupart des corps interm\u00e9diaires sont menac\u00e9s \u2013 ce qui n\u2019est pas une bonne nouvelle ! \u2013 par le nettoyage en cours de ce qu\u2019on appelle l\u2019\u00e9tat profond.<\/p>\n<p>Aussi \u2018r\u00e9volutionnaires\u2019 soient-ils, les syndicats font partie de cet \u00e9tat profond, autrement dit des piliers de la soci\u00e9t\u00e9. Il y a actuellement un souffle de chaos g\u00e9n\u00e9ralis\u00e9 qui vise \u00e0 \u00e9radiquer les positions acquises. Nos contr\u00e9es europ\u00e9ennes n\u2019y \u00e9chappent pas. Ainsi, le premier ministre de notre plat pays et ses partenaires sont habit\u00e9s par l\u2019envie de d\u00e9monter le Groupe des Dix ainsi que d\u2019autres acteurs qui op\u00e8rent comme des interm\u00e9diaires (parmi lesquels les mutuelles, organisations repr\u00e9sentatives, secr\u00e9tariats sociaux et\u2026 syndicats). C\u2019est l\u2019air du temps.<\/p>\n<p>Au fond, l\u2019appel de novembre peut aussi \u00eatre entendu comme une ultime tentative de r\u00e9volte contre cette menace autoritaire. Reconnaissons lui un certain sens du panache. Ou une tendance limite suicidaire\u2026 Car si la mobilisation n\u2019est pas au rendez-vous, c\u2019en est fini de la repr\u00e9sentativit\u00e9 des organisations syndicales au niveau macro-\u00e9conomique en tout cas ! Il y a un risque s\u00e9rieux de confirmer qu\u2019elles n\u2019incarnent plus des individus\/travailleurs qui ne s\u2019y retrouvent gu\u00e8re.<\/p>\n<p>Reste une question que nous voulons poser donc : pouvons-nous encore changer l\u2019agenda? En effet, trois jours \u00e0 la fin du mois de novembre, c\u2019est un bon format pour un s\u00e9minaire strat\u00e9gique, au cours duquel on multiplie les d\u00e9clarations d\u2019intention et le r\u00eave prend souvent le dessus sur le bon sens pratique, m\u00eame si celui-ci nous rattrape d\u00e8s les jours suivants. Il suffit de retrouver l\u2019\u00e9nergie et la volont\u00e9 de s\u2019asseoir ensemble pour trouver ce qui peut nous r\u00e9unir. Nous pouvons le faire.<\/p>\n<p>Jean-Paul Erhard<\/p>\n","protected":false},"excerpt":{"rendered":"<p>\u00c7a passe ou \u00e7a casse\u2026 C\u2019est peut-\u00eatre ce que ce sont dit les leaders syndicaux au moment de lancer l\u2019appel de novembre. Trois jours de gr\u00e8ve nationale \u00e0 la fin novembre juste avant d\u2019entrer dans la p\u00e9riode des f\u00eates qui [&hellip;]<\/p>\n","protected":false},"author":2,"featured_media":18384,"comment_status":"closed","ping_status":"open","sticky":false,"template":"","format":"standard","meta":[],"categories":[65,62,10,2],"tags":[4352,332,208,910,110],"yoast_head":"<!-- This site is optimized with the Yoast SEO plugin v21.0 - https:\/\/yoast.com\/wordpress\/plugins\/seo\/ -->\n<title>\u00c9ditorial \u2013 L\u2019appel de novembre sera un moment charni\u00e8re pour les organisations syndicales, et rien que pour elles\u2026 - Peoplesphere<\/title>\n<meta name=\"robots\" content=\"index, follow, max-snippet:-1, max-image-preview:large, max-video-preview:-1\" \/>\n<link rel=\"canonical\" href=\"https:\/\/peoplesphere.be\/fr\/editorial-lappel-de-novembre-sera-un-moment-charniere-pour-les-organisations-syndicales-et-rien-que-pour-elles\/\" \/>\n<meta property=\"og:locale\" content=\"fr_FR\" \/>\n<meta property=\"og:type\" content=\"article\" \/>\n<meta property=\"og:title\" content=\"\u00c9ditorial \u2013 L\u2019appel de novembre sera un moment charni\u00e8re pour les organisations syndicales, et rien que pour elles\u2026 - Peoplesphere\" \/>\n<meta property=\"og:description\" content=\"\u00c7a passe ou \u00e7a casse\u2026 C\u2019est peut-\u00eatre ce que ce sont dit les leaders syndicaux au moment de lancer l\u2019appel de novembre. Trois jours de gr\u00e8ve nationale \u00e0 la fin novembre juste avant d\u2019entrer dans la p\u00e9riode des f\u00eates qui [&hellip;]\" \/>\n<meta property=\"og:url\" content=\"https:\/\/peoplesphere.be\/fr\/editorial-lappel-de-novembre-sera-un-moment-charniere-pour-les-organisations-syndicales-et-rien-que-pour-elles\/\" \/>\n<meta property=\"og:site_name\" content=\"Peoplesphere\" \/>\n<meta property=\"article:publisher\" content=\"https:\/\/www.facebook.com\/peoplesphere\" \/>\n<meta property=\"article:published_time\" content=\"2025-10-29T13:40:52+00:00\" \/>\n<meta property=\"og:image\" content=\"https:\/\/peoplesphere.be\/fr\/wp-content\/uploads\/2025\/10\/20251030poingsleveetcoeurs.jpg\" \/>\n\t<meta property=\"og:image:width\" content=\"612\" \/>\n\t<meta property=\"og:image:height\" content=\"377\" \/>\n\t<meta property=\"og:image:type\" content=\"image\/jpeg\" \/>\n<meta name=\"author\" content=\"Jean-Paul Erhard\" \/>\n<meta name=\"twitter:card\" content=\"summary_large_image\" \/>\n<meta name=\"twitter:creator\" content=\"@PeoplesphereMag\" \/>\n<meta name=\"twitter:site\" content=\"@PeoplesphereMag\" \/>\n<meta name=\"twitter:label1\" content=\"\u00c9crit par\" \/>\n\t<meta name=\"twitter:data1\" content=\"Jean-Paul Erhard\" \/>\n\t<meta name=\"twitter:label2\" content=\"Dur\u00e9e de lecture estim\u00e9e\" \/>\n\t<meta name=\"twitter:data2\" content=\"5 minutes\" \/>\n<script type=\"application\/ld+json\" class=\"yoast-schema-graph\">{\"@context\":\"https:\/\/schema.org\",\"@graph\":[{\"@type\":\"Article\",\"@id\":\"https:\/\/peoplesphere.be\/fr\/editorial-lappel-de-novembre-sera-un-moment-charniere-pour-les-organisations-syndicales-et-rien-que-pour-elles\/#article\",\"isPartOf\":{\"@id\":\"https:\/\/peoplesphere.be\/fr\/editorial-lappel-de-novembre-sera-un-moment-charniere-pour-les-organisations-syndicales-et-rien-que-pour-elles\/\"},\"author\":{\"name\":\"Jean-Paul Erhard\",\"@id\":\"https:\/\/peoplesphere.be\/fr\/#\/schema\/person\/7976225ff17988604334abb7b3536a7e\"},\"headline\":\"\u00c9ditorial \u2013 L\u2019appel de novembre sera un moment charni\u00e8re pour les organisations syndicales, et rien que pour elles\u2026\",\"datePublished\":\"2025-10-29T13:40:52+00:00\",\"dateModified\":\"2025-10-29T13:40:52+00:00\",\"mainEntityOfPage\":{\"@id\":\"https:\/\/peoplesphere.be\/fr\/editorial-lappel-de-novembre-sera-un-moment-charniere-pour-les-organisations-syndicales-et-rien-que-pour-elles\/\"},\"wordCount\":1041,\"publisher\":{\"@id\":\"https:\/\/peoplesphere.be\/fr\/#organization\"},\"keywords\":[\"appel de novembre\",\"concertation sociale\",\"engagement\",\"mobilisation\",\"syndicats\"],\"articleSection\":[\"Actualit\u00e9s\",\"Articles\",\"Digital\",\"Magazine\"],\"inLanguage\":\"fr-FR\"},{\"@type\":\"WebPage\",\"@id\":\"https:\/\/peoplesphere.be\/fr\/editorial-lappel-de-novembre-sera-un-moment-charniere-pour-les-organisations-syndicales-et-rien-que-pour-elles\/\",\"url\":\"https:\/\/peoplesphere.be\/fr\/editorial-lappel-de-novembre-sera-un-moment-charniere-pour-les-organisations-syndicales-et-rien-que-pour-elles\/\",\"name\":\"\u00c9ditorial \u2013 L\u2019appel de novembre sera un moment charni\u00e8re pour les organisations syndicales, et rien que pour elles\u2026 - Peoplesphere\",\"isPartOf\":{\"@id\":\"https:\/\/peoplesphere.be\/fr\/#website\"},\"datePublished\":\"2025-10-29T13:40:52+00:00\",\"dateModified\":\"2025-10-29T13:40:52+00:00\",\"breadcrumb\":{\"@id\":\"https:\/\/peoplesphere.be\/fr\/editorial-lappel-de-novembre-sera-un-moment-charniere-pour-les-organisations-syndicales-et-rien-que-pour-elles\/#breadcrumb\"},\"inLanguage\":\"fr-FR\",\"potentialAction\":[{\"@type\":\"ReadAction\",\"target\":[\"https:\/\/peoplesphere.be\/fr\/editorial-lappel-de-novembre-sera-un-moment-charniere-pour-les-organisations-syndicales-et-rien-que-pour-elles\/\"]}]},{\"@type\":\"BreadcrumbList\",\"@id\":\"https:\/\/peoplesphere.be\/fr\/editorial-lappel-de-novembre-sera-un-moment-charniere-pour-les-organisations-syndicales-et-rien-que-pour-elles\/#breadcrumb\",\"itemListElement\":[{\"@type\":\"ListItem\",\"position\":1,\"name\":\"Accueil\",\"item\":\"https:\/\/peoplesphere.be\/fr\/\"},{\"@type\":\"ListItem\",\"position\":2,\"name\":\"\u00c9ditorial \u2013 L\u2019appel de novembre sera un moment charni\u00e8re pour les organisations syndicales, et rien que pour elles\u2026\"}]},{\"@type\":\"WebSite\",\"@id\":\"https:\/\/peoplesphere.be\/fr\/#website\",\"url\":\"https:\/\/peoplesphere.be\/fr\/\",\"name\":\"Peoplesphere\",\"description\":\"The People Managers Magazine\",\"publisher\":{\"@id\":\"https:\/\/peoplesphere.be\/fr\/#organization\"},\"potentialAction\":[{\"@type\":\"SearchAction\",\"target\":{\"@type\":\"EntryPoint\",\"urlTemplate\":\"https:\/\/peoplesphere.be\/fr\/?s={search_term_string}\"},\"query-input\":\"required name=search_term_string\"}],\"inLanguage\":\"fr-FR\"},{\"@type\":\"Organization\",\"@id\":\"https:\/\/peoplesphere.be\/fr\/#organization\",\"name\":\"Peoplesphere Company srl\",\"url\":\"https:\/\/peoplesphere.be\/fr\/\",\"logo\":{\"@type\":\"ImageObject\",\"inLanguage\":\"fr-FR\",\"@id\":\"https:\/\/peoplesphere.be\/fr\/#\/schema\/logo\/image\/\",\"url\":\"https:\/\/peoplesphere.be\/fr\/wp-content\/uploads\/2023\/07\/peoplesphere-lgo-new-generik.jpg\",\"contentUrl\":\"https:\/\/peoplesphere.be\/fr\/wp-content\/uploads\/2023\/07\/peoplesphere-lgo-new-generik.jpg\",\"width\":1031,\"height\":1479,\"caption\":\"Peoplesphere Company srl\"},\"image\":{\"@id\":\"https:\/\/peoplesphere.be\/fr\/#\/schema\/logo\/image\/\"},\"sameAs\":[\"https:\/\/www.facebook.com\/peoplesphere\",\"https:\/\/twitter.com\/PeoplesphereMag\",\"https:\/\/www.linkedin.com\/company\/7587361?trk\",\"http:\/\/youtube.com\/peoplesphere\"]},{\"@type\":\"Person\",\"@id\":\"https:\/\/peoplesphere.be\/fr\/#\/schema\/person\/7976225ff17988604334abb7b3536a7e\",\"name\":\"Jean-Paul Erhard\",\"image\":{\"@type\":\"ImageObject\",\"inLanguage\":\"fr-FR\",\"@id\":\"https:\/\/peoplesphere.be\/fr\/#\/schema\/person\/image\/\",\"url\":\"https:\/\/secure.gravatar.com\/avatar\/f941e681460179738071629a51574930?s=96&d=mm&r=g\",\"contentUrl\":\"https:\/\/secure.gravatar.com\/avatar\/f941e681460179738071629a51574930?s=96&d=mm&r=g\",\"caption\":\"Jean-Paul Erhard\"},\"url\":\"https:\/\/peoplesphere.be\/fr\/author\/jpe\/\"}]}<\/script>\n<!-- \/ Yoast SEO plugin. -->","yoast_head_json":{"title":"\u00c9ditorial \u2013 L\u2019appel de novembre sera un moment charni\u00e8re pour les organisations syndicales, et rien que pour elles\u2026 - Peoplesphere","robots":{"index":"index","follow":"follow","max-snippet":"max-snippet:-1","max-image-preview":"max-image-preview:large","max-video-preview":"max-video-preview:-1"},"canonical":"https:\/\/peoplesphere.be\/fr\/editorial-lappel-de-novembre-sera-un-moment-charniere-pour-les-organisations-syndicales-et-rien-que-pour-elles\/","og_locale":"fr_FR","og_type":"article","og_title":"\u00c9ditorial \u2013 L\u2019appel de novembre sera un moment charni\u00e8re pour les organisations syndicales, et rien que pour elles\u2026 - Peoplesphere","og_description":"\u00c7a passe ou \u00e7a casse\u2026 C\u2019est peut-\u00eatre ce que ce sont dit les leaders syndicaux au moment de lancer l\u2019appel de novembre. Trois jours de gr\u00e8ve nationale \u00e0 la fin novembre juste avant d\u2019entrer dans la p\u00e9riode des f\u00eates qui [&hellip;]","og_url":"https:\/\/peoplesphere.be\/fr\/editorial-lappel-de-novembre-sera-un-moment-charniere-pour-les-organisations-syndicales-et-rien-que-pour-elles\/","og_site_name":"Peoplesphere","article_publisher":"https:\/\/www.facebook.com\/peoplesphere","article_published_time":"2025-10-29T13:40:52+00:00","og_image":[{"width":612,"height":377,"url":"https:\/\/peoplesphere.be\/fr\/wp-content\/uploads\/2025\/10\/20251030poingsleveetcoeurs.jpg","type":"image\/jpeg"}],"author":"Jean-Paul Erhard","twitter_card":"summary_large_image","twitter_creator":"@PeoplesphereMag","twitter_site":"@PeoplesphereMag","twitter_misc":{"\u00c9crit par":"Jean-Paul Erhard","Dur\u00e9e de lecture estim\u00e9e":"5 minutes"},"schema":{"@context":"https:\/\/schema.org","@graph":[{"@type":"Article","@id":"https:\/\/peoplesphere.be\/fr\/editorial-lappel-de-novembre-sera-un-moment-charniere-pour-les-organisations-syndicales-et-rien-que-pour-elles\/#article","isPartOf":{"@id":"https:\/\/peoplesphere.be\/fr\/editorial-lappel-de-novembre-sera-un-moment-charniere-pour-les-organisations-syndicales-et-rien-que-pour-elles\/"},"author":{"name":"Jean-Paul Erhard","@id":"https:\/\/peoplesphere.be\/fr\/#\/schema\/person\/7976225ff17988604334abb7b3536a7e"},"headline":"\u00c9ditorial \u2013 L\u2019appel de novembre sera un moment charni\u00e8re pour les organisations syndicales, et rien que pour elles\u2026","datePublished":"2025-10-29T13:40:52+00:00","dateModified":"2025-10-29T13:40:52+00:00","mainEntityOfPage":{"@id":"https:\/\/peoplesphere.be\/fr\/editorial-lappel-de-novembre-sera-un-moment-charniere-pour-les-organisations-syndicales-et-rien-que-pour-elles\/"},"wordCount":1041,"publisher":{"@id":"https:\/\/peoplesphere.be\/fr\/#organization"},"keywords":["appel de novembre","concertation sociale","engagement","mobilisation","syndicats"],"articleSection":["Actualit\u00e9s","Articles","Digital","Magazine"],"inLanguage":"fr-FR"},{"@type":"WebPage","@id":"https:\/\/peoplesphere.be\/fr\/editorial-lappel-de-novembre-sera-un-moment-charniere-pour-les-organisations-syndicales-et-rien-que-pour-elles\/","url":"https:\/\/peoplesphere.be\/fr\/editorial-lappel-de-novembre-sera-un-moment-charniere-pour-les-organisations-syndicales-et-rien-que-pour-elles\/","name":"\u00c9ditorial \u2013 L\u2019appel de novembre sera un moment charni\u00e8re pour les organisations syndicales, et rien que pour elles\u2026 - Peoplesphere","isPartOf":{"@id":"https:\/\/peoplesphere.be\/fr\/#website"},"datePublished":"2025-10-29T13:40:52+00:00","dateModified":"2025-10-29T13:40:52+00:00","breadcrumb":{"@id":"https:\/\/peoplesphere.be\/fr\/editorial-lappel-de-novembre-sera-un-moment-charniere-pour-les-organisations-syndicales-et-rien-que-pour-elles\/#breadcrumb"},"inLanguage":"fr-FR","potentialAction":[{"@type":"ReadAction","target":["https:\/\/peoplesphere.be\/fr\/editorial-lappel-de-novembre-sera-un-moment-charniere-pour-les-organisations-syndicales-et-rien-que-pour-elles\/"]}]},{"@type":"BreadcrumbList","@id":"https:\/\/peoplesphere.be\/fr\/editorial-lappel-de-novembre-sera-un-moment-charniere-pour-les-organisations-syndicales-et-rien-que-pour-elles\/#breadcrumb","itemListElement":[{"@type":"ListItem","position":1,"name":"Accueil","item":"https:\/\/peoplesphere.be\/fr\/"},{"@type":"ListItem","position":2,"name":"\u00c9ditorial \u2013 L\u2019appel de novembre sera un moment charni\u00e8re pour les organisations syndicales, et rien que pour elles\u2026"}]},{"@type":"WebSite","@id":"https:\/\/peoplesphere.be\/fr\/#website","url":"https:\/\/peoplesphere.be\/fr\/","name":"Peoplesphere","description":"The People Managers Magazine","publisher":{"@id":"https:\/\/peoplesphere.be\/fr\/#organization"},"potentialAction":[{"@type":"SearchAction","target":{"@type":"EntryPoint","urlTemplate":"https:\/\/peoplesphere.be\/fr\/?s={search_term_string}"},"query-input":"required name=search_term_string"}],"inLanguage":"fr-FR"},{"@type":"Organization","@id":"https:\/\/peoplesphere.be\/fr\/#organization","name":"Peoplesphere Company srl","url":"https:\/\/peoplesphere.be\/fr\/","logo":{"@type":"ImageObject","inLanguage":"fr-FR","@id":"https:\/\/peoplesphere.be\/fr\/#\/schema\/logo\/image\/","url":"https:\/\/peoplesphere.be\/fr\/wp-content\/uploads\/2023\/07\/peoplesphere-lgo-new-generik.jpg","contentUrl":"https:\/\/peoplesphere.be\/fr\/wp-content\/uploads\/2023\/07\/peoplesphere-lgo-new-generik.jpg","width":1031,"height":1479,"caption":"Peoplesphere Company srl"},"image":{"@id":"https:\/\/peoplesphere.be\/fr\/#\/schema\/logo\/image\/"},"sameAs":["https:\/\/www.facebook.com\/peoplesphere","https:\/\/twitter.com\/PeoplesphereMag","https:\/\/www.linkedin.com\/company\/7587361?trk","http:\/\/youtube.com\/peoplesphere"]},{"@type":"Person","@id":"https:\/\/peoplesphere.be\/fr\/#\/schema\/person\/7976225ff17988604334abb7b3536a7e","name":"Jean-Paul Erhard","image":{"@type":"ImageObject","inLanguage":"fr-FR","@id":"https:\/\/peoplesphere.be\/fr\/#\/schema\/person\/image\/","url":"https:\/\/secure.gravatar.com\/avatar\/f941e681460179738071629a51574930?s=96&d=mm&r=g","contentUrl":"https:\/\/secure.gravatar.com\/avatar\/f941e681460179738071629a51574930?s=96&d=mm&r=g","caption":"Jean-Paul Erhard"},"url":"https:\/\/peoplesphere.be\/fr\/author\/jpe\/"}]}},"_links":{"self":[{"href":"https:\/\/peoplesphere.be\/fr\/wp-json\/wp\/v2\/posts\/18383"}],"collection":[{"href":"https:\/\/peoplesphere.be\/fr\/wp-json\/wp\/v2\/posts"}],"about":[{"href":"https:\/\/peoplesphere.be\/fr\/wp-json\/wp\/v2\/types\/post"}],"author":[{"embeddable":true,"href":"https:\/\/peoplesphere.be\/fr\/wp-json\/wp\/v2\/users\/2"}],"replies":[{"embeddable":true,"href":"https:\/\/peoplesphere.be\/fr\/wp-json\/wp\/v2\/comments?post=18383"}],"version-history":[{"count":1,"href":"https:\/\/peoplesphere.be\/fr\/wp-json\/wp\/v2\/posts\/18383\/revisions"}],"predecessor-version":[{"id":18385,"href":"https:\/\/peoplesphere.be\/fr\/wp-json\/wp\/v2\/posts\/18383\/revisions\/18385"}],"wp:featuredmedia":[{"embeddable":true,"href":"https:\/\/peoplesphere.be\/fr\/wp-json\/wp\/v2\/media\/18384"}],"wp:attachment":[{"href":"https:\/\/peoplesphere.be\/fr\/wp-json\/wp\/v2\/media?parent=18383"}],"wp:term":[{"taxonomy":"category","embeddable":true,"href":"https:\/\/peoplesphere.be\/fr\/wp-json\/wp\/v2\/categories?post=18383"},{"taxonomy":"post_tag","embeddable":true,"href":"https:\/\/peoplesphere.be\/fr\/wp-json\/wp\/v2\/tags?post=18383"}],"curies":[{"name":"wp","href":"https:\/\/api.w.org\/{rel}","templated":true}]}}