









{"id":18401,"date":"2025-11-04T10:36:52","date_gmt":"2025-11-04T08:36:52","guid":{"rendered":"https:\/\/peoplesphere.be\/fr\/?p=18401"},"modified":"2025-11-04T10:36:52","modified_gmt":"2025-11-04T08:36:52","slug":"les-horaires-standards-de-bureau-en-passe-de-devenir-un-mythe-15-des-travailleurs-seulement-les-respectent-encore","status":"publish","type":"post","link":"https:\/\/peoplesphere.be\/fr\/les-horaires-standards-de-bureau-en-passe-de-devenir-un-mythe-15-des-travailleurs-seulement-les-respectent-encore\/","title":{"rendered":"Les horaires standards de bureau en passe de devenir un mythe&#8230; 15% des travailleurs seulement les respectent encore."},"content":{"rendered":"<p>Une r\u00e9cente enqu\u00eate men\u00e9e par le sp\u00e9cialiste du recrutement Robert Walters fournit des informations int\u00e9ressantes sur les habitudes et les d\u00e9fis sur le march\u00e9 du travail belge. Les r\u00e9sultats montrent une main-d&rsquo;\u0153uvre soumise \u00e0 une pression croissante, de nombreux employ\u00e9s d\u00e9passant leurs heures de bureau habituelles pour r\u00e9pondre \u00e0 des exigences toujours plus \u00e9lev\u00e9es.<!--more--><\/p>\n<p><strong><em>Principales conclusions :<\/em><\/strong><\/p>\n<ul>\n<li>Horaires de travail prolong\u00e9s : seuls 15% des professionnels belges interrog\u00e9s respectent les horaires de bureau classiques, tandis que pr\u00e8s d&rsquo;un tiers (30%) d\u00e9clarent commencer t\u00f4t ou rester tard chaque jour. En outre, 39% affirment que leurs horaires prolong\u00e9s d\u00e9pendent de leur charge de travail.<\/li>\n<li>Charge de travail : 18% des personnes interrog\u00e9es admettent se sentir r\u00e9guli\u00e8rement d\u00e9pass\u00e9es par leur charge de travail, tandis que 41% d\u00e9crivent leurs t\u00e2ches quotidiennes comme \u00e9tant syst\u00e9matiquement charg\u00e9es. Seules 6% d\u00e9clarent avoir une charge de travail l\u00e9g\u00e8re.<\/li>\n<li>Raisons justifiant les heures suppl\u00e9mentaires : pour la grande majorit\u00e9 (81%), rattraper des retards ou respecter des d\u00e9lais sont les principales raisons qui poussent \u00e0 travailler en dehors des heures normales. D&rsquo;autres facteurs entrent \u00e9galement en ligne de compte, tels que la collaboration avec des \u00e9quipes situ\u00e9es dans diff\u00e9rents fuseaux horaires (8%) et les attentes des sup\u00e9rieurs hi\u00e9rarchiques (8%).<\/li>\n<li>Besoin de \u00ab\u00a0power hours\u00a0\u00bb : pr\u00e8s de la moiti\u00e9 (44%) des personnes interrog\u00e9es pensent que leur productivit\u00e9 serait meilleure si leur employeur mettait en place des \u00ab\u00a0power hours\u00a0\u00bb, c&rsquo;est-\u00e0-dire des p\u00e9riodes o\u00f9 elles pourraient se concentrer sans \u00eatre d\u00e9rang\u00e9es.<\/li>\n<\/ul>\n<h3><strong><em>La pression d&rsquo;\u00eatre toujours connect\u00e9<\/em><\/strong><\/h3>\n<p>Les professionnels belges ressentent de plus en plus la pression d&rsquo;\u00eatre disponibles en dehors des heures de travail normales, m\u00eame pendant leurs vacances. Une \u00e9tude compl\u00e9mentaire men\u00e9e par Robert Walters r\u00e9v\u00e8le que 45% des employ\u00e9s belges consultent leurs e-mails pendant leurs cong\u00e9s annuels afin de limiter le retard \u00e0 leur retour.<\/p>\n<p>Cela correspond au ph\u00e9nom\u00e8ne de la \u00ab\u00a0infinite workday\u00a0\u00bb identifi\u00e9 par le Work Trend Index de Microsoft. Dans le monde entier, 40% des professionnels commencent \u00e0 consulter leurs e-mails d\u00e8s 6 heures du matin afin de g\u00e9rer leurs bo\u00eetes de r\u00e9ception bien remplies. En outre, 29% se reconnectent pour traiter leurs e-mails professionnels jusqu&rsquo;\u00e0 22 heures, et 20% le font \u00e9galement le week-end. Le nombre de r\u00e9unions apr\u00e8s 20 heures a \u00e9galement augment\u00e9 de 16% par rapport \u00e0 l&rsquo;ann\u00e9e derni\u00e8re.<\/p>\n<p>\u00d6zlem Simsek, directrice g\u00e9n\u00e9rale chez Robert Walters, souligne : <em>\u00ab\u00a0Pour \u00e9viter que les professionnels se sentent oblig\u00e9s de se connecter \u00e0 tout moment, il faut \u00e9tablir des accords clairs sur les d\u00e9lais de r\u00e9ponse. Cela peut se faire, par exemple, en indiquant les fuseaux horaires dans la correspondance, en utilisant la fonction d&rsquo;envoi diff\u00e9r\u00e9 des e-mails et en planifiant \u00e0 l&rsquo;avance des cr\u00e9neaux horaires sp\u00e9cifiques pour les appels internationaux.\u00a0\u00bb<\/em><\/p>\n<h3><strong><em>La reconqu\u00eate du jour de travail<\/em><\/strong><\/h3>\n<p>Une autre solution possible au surmenage consiste \u00e0 mettre en place des \u00ab\u00a0power hours\u00a0\u00bb, c&rsquo;est-\u00e0-dire des p\u00e9riodes sp\u00e9cifiques pendant lesquelles les employ\u00e9s peuvent travailler sans \u00eatre d\u00e9rang\u00e9s ni distraits. L&rsquo;enqu\u00eate r\u00e9v\u00e8le que 44 % des professionnels belges interrog\u00e9s aimeraient que leur employeur teste cette strat\u00e9gie afin de favoriser la concentration et la productivit\u00e9 au bureau.<\/p>\n<p>Simsek ajoute : \u00ab\u00a0<em>La mise en place de \u00ab\u00a0power hours\u00a0\u00bb ne convient peut-\u00eatre pas \u00e0 tous les lieux de travail, mais cela peut \u00eatre un bon moyen d&rsquo;optimiser le jour de travail. Si les employeurs continuent \u00e0 tolerer en silence une culture du travail suppl\u00e9mentaire, ils courent non seulement le risque d&rsquo;\u00e9puisement professionnel et de rotation du personnel, mais aussi celui d&rsquo;une baisse du moral et de la productivit\u00e9.\u00a0\u00bb<\/em><\/p>\n<h3><strong><em>Les employeurs r\u00e9agissent \u00e0 la p\u00e9nurie de comp\u00e9tences<\/em><\/strong><\/h3>\n<p>L&rsquo;enqu\u00eate r\u00e9v\u00e8le \u00e9galement comment les employeurs font face \u00e0 la p\u00e9nurie de main-d&rsquo;\u0153uvre qualifi\u00e9e. Pas moins de 71 % des organisations investissent dans des programmes de formation am\u00e9lior\u00e9s afin de perfectionner les comp\u00e9tences de leur personnel. Il s&rsquo;agit l\u00e0 d&rsquo;une mesure prometteuse pour combler le foss\u00e9 entre la demande et les talents disponibles.<\/p>\n<p>Simsek souligne l&rsquo;importance des solutions \u00e0 long terme pour rem\u00e9dier aux p\u00e9nuries de comp\u00e9tences : <em>\u00ab\u00a0L&rsquo;am\u00e9lioration des programmes de formation est un pas dans la bonne direction, mais les entreprises doivent \u00e9galement envisager de promouvoir une culture de collaboration et de flexibilit\u00e9. En offrant des possibilit\u00e9s d&rsquo;\u00e9volution, en organisant des programmes de mentorat et en cr\u00e9ant des environnements de travail dans lesquels les employ\u00e9s se sentent soutenus, les organisations peuvent retenir les meilleurs talents et se pr\u00e9parer aux d\u00e9fis futurs.\u00a0\u00bb<\/em><\/p>\n<h3><strong><em>Red\u00e9finir les attentes<\/em><\/strong><\/h3>\n<p>\u00c9tant donn\u00e9 que de nombreux professionnels belges subissent une forte pression au travail et ont du mal \u00e0 respecter les horaires de travail normaux, il est clair que les employeurs doivent prendre des mesures proactives pour aider leurs \u00e9quipes \u00e0 trouver un \u00e9quilibre plus sain.<\/p>\n<p>Selon Simsek, la cl\u00e9 du changement r\u00e9side dans le leadership : \u00ab\u00a0<em>Pour relever ces d\u00e9fis, il faut commencer par red\u00e9finir les attentes en mati\u00e8re d&rsquo;heures de travail au plus haut niveau. Les dirigeants doivent non seulement reconna\u00eetre ouvertement lorsque les responsabilit\u00e9s et les t\u00e2ches sont \u00e9largies, mais aussi \u00e9tablir des protocoles clairs pour s&rsquo;assurer que les employ\u00e9s sont soutenus dans la d\u00e9finition de leurs priorit\u00e9s, la fixation d&rsquo;attentes en mati\u00e8re de d\u00e9lais et la transparence quant \u00e0 leurs capacit\u00e9s.\u00a0\u00bb<\/em><\/p>\n<p>&nbsp;<\/p>\n<p><em>Source: Robert Walters<\/em><\/p>\n","protected":false},"excerpt":{"rendered":"<p>Une r\u00e9cente enqu\u00eate men\u00e9e par le sp\u00e9cialiste du recrutement Robert Walters fournit des informations int\u00e9ressantes sur les habitudes et les d\u00e9fis sur le march\u00e9 du travail belge. Les r\u00e9sultats montrent une main-d&rsquo;\u0153uvre soumise \u00e0 une pression croissante, de nombreux employ\u00e9s [&hellip;]<\/p>\n","protected":false},"author":2,"featured_media":18403,"comment_status":"closed","ping_status":"open","sticky":false,"template":"","format":"standard","meta":[],"categories":[65,10],"tags":[74,698,1103,220,525,4354,39],"yoast_head":"<!-- This site is optimized with the Yoast SEO plugin v21.0 - https:\/\/yoast.com\/wordpress\/plugins\/seo\/ -->\n<title>Les horaires standards de bureau en passe de devenir un mythe... 15% des travailleurs seulement les respectent encore. - Peoplesphere<\/title>\n<meta name=\"robots\" content=\"index, follow, max-snippet:-1, max-image-preview:large, max-video-preview:-1\" \/>\n<link rel=\"canonical\" href=\"https:\/\/peoplesphere.be\/fr\/les-horaires-standards-de-bureau-en-passe-de-devenir-un-mythe-15-des-travailleurs-seulement-les-respectent-encore\/\" \/>\n<meta property=\"og:locale\" content=\"fr_FR\" \/>\n<meta property=\"og:type\" content=\"article\" \/>\n<meta property=\"og:title\" content=\"Les horaires standards de bureau en passe de devenir un mythe... 15% des travailleurs seulement les respectent encore. - Peoplesphere\" \/>\n<meta property=\"og:description\" content=\"Une r\u00e9cente enqu\u00eate men\u00e9e par le sp\u00e9cialiste du recrutement Robert Walters fournit des informations int\u00e9ressantes sur les habitudes et les d\u00e9fis sur le march\u00e9 du travail belge. Les r\u00e9sultats montrent une main-d&rsquo;\u0153uvre soumise \u00e0 une pression croissante, de nombreux employ\u00e9s [&hellip;]\" \/>\n<meta property=\"og:url\" content=\"https:\/\/peoplesphere.be\/fr\/les-horaires-standards-de-bureau-en-passe-de-devenir-un-mythe-15-des-travailleurs-seulement-les-respectent-encore\/\" \/>\n<meta property=\"og:site_name\" content=\"Peoplesphere\" \/>\n<meta property=\"article:publisher\" content=\"https:\/\/www.facebook.com\/peoplesphere\" \/>\n<meta property=\"article:published_time\" content=\"2025-11-04T08:36:52+00:00\" \/>\n<meta property=\"og:image\" content=\"https:\/\/peoplesphere.be\/fr\/wp-content\/uploads\/2025\/11\/20230713timeismoney.jpg\" \/>\n\t<meta property=\"og:image:width\" content=\"1624\" \/>\n\t<meta property=\"og:image:height\" content=\"1170\" \/>\n\t<meta property=\"og:image:type\" content=\"image\/jpeg\" \/>\n<meta name=\"author\" content=\"Jean-Paul Erhard\" \/>\n<meta name=\"twitter:card\" content=\"summary_large_image\" \/>\n<meta name=\"twitter:creator\" content=\"@PeoplesphereMag\" \/>\n<meta name=\"twitter:site\" content=\"@PeoplesphereMag\" \/>\n<meta name=\"twitter:label1\" content=\"\u00c9crit par\" \/>\n\t<meta name=\"twitter:data1\" content=\"Jean-Paul Erhard\" \/>\n\t<meta name=\"twitter:label2\" content=\"Dur\u00e9e de lecture estim\u00e9e\" \/>\n\t<meta name=\"twitter:data2\" content=\"5 minutes\" \/>\n<script type=\"application\/ld+json\" class=\"yoast-schema-graph\">{\"@context\":\"https:\/\/schema.org\",\"@graph\":[{\"@type\":\"Article\",\"@id\":\"https:\/\/peoplesphere.be\/fr\/les-horaires-standards-de-bureau-en-passe-de-devenir-un-mythe-15-des-travailleurs-seulement-les-respectent-encore\/#article\",\"isPartOf\":{\"@id\":\"https:\/\/peoplesphere.be\/fr\/les-horaires-standards-de-bureau-en-passe-de-devenir-un-mythe-15-des-travailleurs-seulement-les-respectent-encore\/\"},\"author\":{\"name\":\"Jean-Paul Erhard\",\"@id\":\"https:\/\/peoplesphere.be\/fr\/#\/schema\/person\/7976225ff17988604334abb7b3536a7e\"},\"headline\":\"Les horaires standards de bureau en passe de devenir un mythe&#8230; 15% des travailleurs seulement les respectent encore.\",\"datePublished\":\"2025-11-04T08:36:52+00:00\",\"dateModified\":\"2025-11-04T08:36:52+00:00\",\"mainEntityOfPage\":{\"@id\":\"https:\/\/peoplesphere.be\/fr\/les-horaires-standards-de-bureau-en-passe-de-devenir-un-mythe-15-des-travailleurs-seulement-les-respectent-encore\/\"},\"wordCount\":934,\"publisher\":{\"@id\":\"https:\/\/peoplesphere.be\/fr\/#organization\"},\"keywords\":[\"collaboration\",\"concentration\",\"d\u00e9connexion\",\"flexibilit\u00e9\",\"horaires\",\"power hours\",\"temps de travail\"],\"articleSection\":[\"Actualit\u00e9s\",\"Digital\"],\"inLanguage\":\"fr-FR\"},{\"@type\":\"WebPage\",\"@id\":\"https:\/\/peoplesphere.be\/fr\/les-horaires-standards-de-bureau-en-passe-de-devenir-un-mythe-15-des-travailleurs-seulement-les-respectent-encore\/\",\"url\":\"https:\/\/peoplesphere.be\/fr\/les-horaires-standards-de-bureau-en-passe-de-devenir-un-mythe-15-des-travailleurs-seulement-les-respectent-encore\/\",\"name\":\"Les horaires standards de bureau en passe de devenir un mythe... 15% des travailleurs seulement les respectent encore. - Peoplesphere\",\"isPartOf\":{\"@id\":\"https:\/\/peoplesphere.be\/fr\/#website\"},\"datePublished\":\"2025-11-04T08:36:52+00:00\",\"dateModified\":\"2025-11-04T08:36:52+00:00\",\"breadcrumb\":{\"@id\":\"https:\/\/peoplesphere.be\/fr\/les-horaires-standards-de-bureau-en-passe-de-devenir-un-mythe-15-des-travailleurs-seulement-les-respectent-encore\/#breadcrumb\"},\"inLanguage\":\"fr-FR\",\"potentialAction\":[{\"@type\":\"ReadAction\",\"target\":[\"https:\/\/peoplesphere.be\/fr\/les-horaires-standards-de-bureau-en-passe-de-devenir-un-mythe-15-des-travailleurs-seulement-les-respectent-encore\/\"]}]},{\"@type\":\"BreadcrumbList\",\"@id\":\"https:\/\/peoplesphere.be\/fr\/les-horaires-standards-de-bureau-en-passe-de-devenir-un-mythe-15-des-travailleurs-seulement-les-respectent-encore\/#breadcrumb\",\"itemListElement\":[{\"@type\":\"ListItem\",\"position\":1,\"name\":\"Accueil\",\"item\":\"https:\/\/peoplesphere.be\/fr\/\"},{\"@type\":\"ListItem\",\"position\":2,\"name\":\"Les horaires standards de bureau en passe de devenir un mythe&#8230; 15% des travailleurs seulement les respectent encore.\"}]},{\"@type\":\"WebSite\",\"@id\":\"https:\/\/peoplesphere.be\/fr\/#website\",\"url\":\"https:\/\/peoplesphere.be\/fr\/\",\"name\":\"Peoplesphere\",\"description\":\"The People Managers Magazine\",\"publisher\":{\"@id\":\"https:\/\/peoplesphere.be\/fr\/#organization\"},\"potentialAction\":[{\"@type\":\"SearchAction\",\"target\":{\"@type\":\"EntryPoint\",\"urlTemplate\":\"https:\/\/peoplesphere.be\/fr\/?s={search_term_string}\"},\"query-input\":\"required name=search_term_string\"}],\"inLanguage\":\"fr-FR\"},{\"@type\":\"Organization\",\"@id\":\"https:\/\/peoplesphere.be\/fr\/#organization\",\"name\":\"Peoplesphere Company srl\",\"url\":\"https:\/\/peoplesphere.be\/fr\/\",\"logo\":{\"@type\":\"ImageObject\",\"inLanguage\":\"fr-FR\",\"@id\":\"https:\/\/peoplesphere.be\/fr\/#\/schema\/logo\/image\/\",\"url\":\"https:\/\/peoplesphere.be\/fr\/wp-content\/uploads\/2023\/07\/peoplesphere-lgo-new-generik.jpg\",\"contentUrl\":\"https:\/\/peoplesphere.be\/fr\/wp-content\/uploads\/2023\/07\/peoplesphere-lgo-new-generik.jpg\",\"width\":1031,\"height\":1479,\"caption\":\"Peoplesphere Company srl\"},\"image\":{\"@id\":\"https:\/\/peoplesphere.be\/fr\/#\/schema\/logo\/image\/\"},\"sameAs\":[\"https:\/\/www.facebook.com\/peoplesphere\",\"https:\/\/twitter.com\/PeoplesphereMag\",\"https:\/\/www.linkedin.com\/company\/7587361?trk\",\"http:\/\/youtube.com\/peoplesphere\"]},{\"@type\":\"Person\",\"@id\":\"https:\/\/peoplesphere.be\/fr\/#\/schema\/person\/7976225ff17988604334abb7b3536a7e\",\"name\":\"Jean-Paul Erhard\",\"image\":{\"@type\":\"ImageObject\",\"inLanguage\":\"fr-FR\",\"@id\":\"https:\/\/peoplesphere.be\/fr\/#\/schema\/person\/image\/\",\"url\":\"https:\/\/secure.gravatar.com\/avatar\/f941e681460179738071629a51574930?s=96&d=mm&r=g\",\"contentUrl\":\"https:\/\/secure.gravatar.com\/avatar\/f941e681460179738071629a51574930?s=96&d=mm&r=g\",\"caption\":\"Jean-Paul Erhard\"},\"url\":\"https:\/\/peoplesphere.be\/fr\/author\/jpe\/\"}]}<\/script>\n<!-- \/ Yoast SEO plugin. -->","yoast_head_json":{"title":"Les horaires standards de bureau en passe de devenir un mythe... 15% des travailleurs seulement les respectent encore. - Peoplesphere","robots":{"index":"index","follow":"follow","max-snippet":"max-snippet:-1","max-image-preview":"max-image-preview:large","max-video-preview":"max-video-preview:-1"},"canonical":"https:\/\/peoplesphere.be\/fr\/les-horaires-standards-de-bureau-en-passe-de-devenir-un-mythe-15-des-travailleurs-seulement-les-respectent-encore\/","og_locale":"fr_FR","og_type":"article","og_title":"Les horaires standards de bureau en passe de devenir un mythe... 15% des travailleurs seulement les respectent encore. - Peoplesphere","og_description":"Une r\u00e9cente enqu\u00eate men\u00e9e par le sp\u00e9cialiste du recrutement Robert Walters fournit des informations int\u00e9ressantes sur les habitudes et les d\u00e9fis sur le march\u00e9 du travail belge. Les r\u00e9sultats montrent une main-d&rsquo;\u0153uvre soumise \u00e0 une pression croissante, de nombreux employ\u00e9s [&hellip;]","og_url":"https:\/\/peoplesphere.be\/fr\/les-horaires-standards-de-bureau-en-passe-de-devenir-un-mythe-15-des-travailleurs-seulement-les-respectent-encore\/","og_site_name":"Peoplesphere","article_publisher":"https:\/\/www.facebook.com\/peoplesphere","article_published_time":"2025-11-04T08:36:52+00:00","og_image":[{"width":1624,"height":1170,"url":"https:\/\/peoplesphere.be\/fr\/wp-content\/uploads\/2025\/11\/20230713timeismoney.jpg","type":"image\/jpeg"}],"author":"Jean-Paul Erhard","twitter_card":"summary_large_image","twitter_creator":"@PeoplesphereMag","twitter_site":"@PeoplesphereMag","twitter_misc":{"\u00c9crit par":"Jean-Paul Erhard","Dur\u00e9e de lecture estim\u00e9e":"5 minutes"},"schema":{"@context":"https:\/\/schema.org","@graph":[{"@type":"Article","@id":"https:\/\/peoplesphere.be\/fr\/les-horaires-standards-de-bureau-en-passe-de-devenir-un-mythe-15-des-travailleurs-seulement-les-respectent-encore\/#article","isPartOf":{"@id":"https:\/\/peoplesphere.be\/fr\/les-horaires-standards-de-bureau-en-passe-de-devenir-un-mythe-15-des-travailleurs-seulement-les-respectent-encore\/"},"author":{"name":"Jean-Paul Erhard","@id":"https:\/\/peoplesphere.be\/fr\/#\/schema\/person\/7976225ff17988604334abb7b3536a7e"},"headline":"Les horaires standards de bureau en passe de devenir un mythe&#8230; 15% des travailleurs seulement les respectent encore.","datePublished":"2025-11-04T08:36:52+00:00","dateModified":"2025-11-04T08:36:52+00:00","mainEntityOfPage":{"@id":"https:\/\/peoplesphere.be\/fr\/les-horaires-standards-de-bureau-en-passe-de-devenir-un-mythe-15-des-travailleurs-seulement-les-respectent-encore\/"},"wordCount":934,"publisher":{"@id":"https:\/\/peoplesphere.be\/fr\/#organization"},"keywords":["collaboration","concentration","d\u00e9connexion","flexibilit\u00e9","horaires","power hours","temps de travail"],"articleSection":["Actualit\u00e9s","Digital"],"inLanguage":"fr-FR"},{"@type":"WebPage","@id":"https:\/\/peoplesphere.be\/fr\/les-horaires-standards-de-bureau-en-passe-de-devenir-un-mythe-15-des-travailleurs-seulement-les-respectent-encore\/","url":"https:\/\/peoplesphere.be\/fr\/les-horaires-standards-de-bureau-en-passe-de-devenir-un-mythe-15-des-travailleurs-seulement-les-respectent-encore\/","name":"Les horaires standards de bureau en passe de devenir un mythe... 15% des travailleurs seulement les respectent encore. - Peoplesphere","isPartOf":{"@id":"https:\/\/peoplesphere.be\/fr\/#website"},"datePublished":"2025-11-04T08:36:52+00:00","dateModified":"2025-11-04T08:36:52+00:00","breadcrumb":{"@id":"https:\/\/peoplesphere.be\/fr\/les-horaires-standards-de-bureau-en-passe-de-devenir-un-mythe-15-des-travailleurs-seulement-les-respectent-encore\/#breadcrumb"},"inLanguage":"fr-FR","potentialAction":[{"@type":"ReadAction","target":["https:\/\/peoplesphere.be\/fr\/les-horaires-standards-de-bureau-en-passe-de-devenir-un-mythe-15-des-travailleurs-seulement-les-respectent-encore\/"]}]},{"@type":"BreadcrumbList","@id":"https:\/\/peoplesphere.be\/fr\/les-horaires-standards-de-bureau-en-passe-de-devenir-un-mythe-15-des-travailleurs-seulement-les-respectent-encore\/#breadcrumb","itemListElement":[{"@type":"ListItem","position":1,"name":"Accueil","item":"https:\/\/peoplesphere.be\/fr\/"},{"@type":"ListItem","position":2,"name":"Les horaires standards de bureau en passe de devenir un mythe&#8230; 15% des travailleurs seulement les respectent encore."}]},{"@type":"WebSite","@id":"https:\/\/peoplesphere.be\/fr\/#website","url":"https:\/\/peoplesphere.be\/fr\/","name":"Peoplesphere","description":"The People Managers Magazine","publisher":{"@id":"https:\/\/peoplesphere.be\/fr\/#organization"},"potentialAction":[{"@type":"SearchAction","target":{"@type":"EntryPoint","urlTemplate":"https:\/\/peoplesphere.be\/fr\/?s={search_term_string}"},"query-input":"required name=search_term_string"}],"inLanguage":"fr-FR"},{"@type":"Organization","@id":"https:\/\/peoplesphere.be\/fr\/#organization","name":"Peoplesphere Company srl","url":"https:\/\/peoplesphere.be\/fr\/","logo":{"@type":"ImageObject","inLanguage":"fr-FR","@id":"https:\/\/peoplesphere.be\/fr\/#\/schema\/logo\/image\/","url":"https:\/\/peoplesphere.be\/fr\/wp-content\/uploads\/2023\/07\/peoplesphere-lgo-new-generik.jpg","contentUrl":"https:\/\/peoplesphere.be\/fr\/wp-content\/uploads\/2023\/07\/peoplesphere-lgo-new-generik.jpg","width":1031,"height":1479,"caption":"Peoplesphere Company srl"},"image":{"@id":"https:\/\/peoplesphere.be\/fr\/#\/schema\/logo\/image\/"},"sameAs":["https:\/\/www.facebook.com\/peoplesphere","https:\/\/twitter.com\/PeoplesphereMag","https:\/\/www.linkedin.com\/company\/7587361?trk","http:\/\/youtube.com\/peoplesphere"]},{"@type":"Person","@id":"https:\/\/peoplesphere.be\/fr\/#\/schema\/person\/7976225ff17988604334abb7b3536a7e","name":"Jean-Paul Erhard","image":{"@type":"ImageObject","inLanguage":"fr-FR","@id":"https:\/\/peoplesphere.be\/fr\/#\/schema\/person\/image\/","url":"https:\/\/secure.gravatar.com\/avatar\/f941e681460179738071629a51574930?s=96&d=mm&r=g","contentUrl":"https:\/\/secure.gravatar.com\/avatar\/f941e681460179738071629a51574930?s=96&d=mm&r=g","caption":"Jean-Paul Erhard"},"url":"https:\/\/peoplesphere.be\/fr\/author\/jpe\/"}]}},"_links":{"self":[{"href":"https:\/\/peoplesphere.be\/fr\/wp-json\/wp\/v2\/posts\/18401"}],"collection":[{"href":"https:\/\/peoplesphere.be\/fr\/wp-json\/wp\/v2\/posts"}],"about":[{"href":"https:\/\/peoplesphere.be\/fr\/wp-json\/wp\/v2\/types\/post"}],"author":[{"embeddable":true,"href":"https:\/\/peoplesphere.be\/fr\/wp-json\/wp\/v2\/users\/2"}],"replies":[{"embeddable":true,"href":"https:\/\/peoplesphere.be\/fr\/wp-json\/wp\/v2\/comments?post=18401"}],"version-history":[{"count":1,"href":"https:\/\/peoplesphere.be\/fr\/wp-json\/wp\/v2\/posts\/18401\/revisions"}],"predecessor-version":[{"id":18404,"href":"https:\/\/peoplesphere.be\/fr\/wp-json\/wp\/v2\/posts\/18401\/revisions\/18404"}],"wp:featuredmedia":[{"embeddable":true,"href":"https:\/\/peoplesphere.be\/fr\/wp-json\/wp\/v2\/media\/18403"}],"wp:attachment":[{"href":"https:\/\/peoplesphere.be\/fr\/wp-json\/wp\/v2\/media?parent=18401"}],"wp:term":[{"taxonomy":"category","embeddable":true,"href":"https:\/\/peoplesphere.be\/fr\/wp-json\/wp\/v2\/categories?post=18401"},{"taxonomy":"post_tag","embeddable":true,"href":"https:\/\/peoplesphere.be\/fr\/wp-json\/wp\/v2\/tags?post=18401"}],"curies":[{"name":"wp","href":"https:\/\/api.w.org\/{rel}","templated":true}]}}