









{"id":18428,"date":"2025-11-10T09:25:09","date_gmt":"2025-11-10T07:25:09","guid":{"rendered":"https:\/\/peoplesphere.be\/fr\/?p=18428"},"modified":"2025-11-10T09:25:09","modified_gmt":"2025-11-10T07:25:09","slug":"un-travailleur-sur-trois-en-we-prolonge-le-lundi-10-novembre-est-le-jour-de-conge-le-plus-populaire-de-2025","status":"publish","type":"post","link":"https:\/\/peoplesphere.be\/fr\/un-travailleur-sur-trois-en-we-prolonge-le-lundi-10-novembre-est-le-jour-de-conge-le-plus-populaire-de-2025\/","title":{"rendered":"Un travailleur sur trois en WE prolong\u00e9: le lundi 10 novembre est le jour de cong\u00e9 le plus populaire de 2025."},"content":{"rendered":"<p>Depuis cette semaine, le lundi 10 novembre fait son entr\u00e9e dans le top trois des jours de cong\u00e9 les plus populaires de 2025. Le lundi 10 novembre d\u00e9passe ainsi les deux jours les plus pris\u00e9s du mois de mai : les vendredis 2 et 30 mai. SD Worx analyse que d\u00e9j\u00e0 plus d\u2019un travailleur sur trois (34 %) a demand\u00e9 un jour off pour ce lundi. Ce chiffre pourrait encore augmenter en raison des demandes de derni\u00e8re minute.<!--more--><\/p>\n<p>Pour 2026, SD Worx pr\u00e9voit que le vendredi 15 mai, le lundi 17 ao\u00fbt et le lundi 2 novembre seront \u00e9galement tr\u00e8s populaires.<\/p>\n<h3><strong><em>Le lundi 10, pour faire le pont du 11 novembre<\/em><\/strong><\/h3>\n<p>En analysant les demandes de cong\u00e9s de 100 000 travailleurs via son portail HR Selfservice, SD Worx constate que d\u00e9j\u00e0 un tiers (34%) des travailleurs ont demand\u00e9 un cong\u00e9 pour le lundi 10 novembre. Ce chiffre pourrait encore augmenter avec les demandes de derni\u00e8re minute. <em>\u00ab\u00a0Il est pr\u00e9f\u00e9rable de toujours demander son cong\u00e9 \u00e0 l\u2019avance, car les employeurs souhaitent assurer la continuit\u00e9 des services pour leurs clients, m\u00eame s\u2019ils accordent volontiers \u00e0 leurs travailleurs ce jour de pont, qui permet de profiter d\u2019un week-end prolong\u00e9\u00a0\u00bb<\/em>, explique Chris Storms de chez SD Worx.<\/p>\n<h3><strong><em>Notez d\u00e9j\u00e0 les prochains lundis de pont en 2026<\/em><\/strong><\/h3>\n<p><em>\u00ab\u00a0Parfois, l\u2019employeur cr\u00e9e aussi un week-end prolong\u00e9. Si un jour f\u00e9ri\u00e9 l\u00e9gal tombe un jour d\u2019inactivit\u00e9, il doit \u00eatre remplac\u00e9 par un jour d\u2019activit\u00e9. Plusieurs options existent pour ce remplacement : le secteur ou l\u2019entreprise peut d\u00e9cider de fixer le jour de remplacement (souvent pour faire le pont) ou le travailleur peut choisir librement quand le prendre. Si rien n\u2019est d\u00e9cid\u00e9, le jour de cong\u00e9 est report\u00e9 au prochain jour ouvrable, g\u00e9n\u00e9ralement le lundi suivant\u00a0\u00bb<\/em>, d\u00e9taille Katleen Jacobs de chez SD Worx.<\/p>\n<p>En 2026, l\u2019Assomption (15 ao\u00fbt) tombe un samedi et la Toussaint (1er novembre) un dimanche. Si l\u2019on ne travaille pas ces jours-l\u00e0, l\u2019employeur doit les remplacer. Avant le 15 d\u00e9cembre 2025, l\u2019employeur doit communiquer les jours f\u00e9ri\u00e9s de remplacement au sein de l\u2019organisation.<\/p>\n<p>Si l\u2019employeur ne fixe pas de jour de remplacement, le jour de cong\u00e9 est report\u00e9 au prochain jour ouvrable (g\u00e9n\u00e9ralement le lundi suivant). Ce sera donc le lundi 17 ao\u00fbt et le lundi 2 novembre.<\/p>\n<h3><strong><em>Le vendredi, \u00e9galement jour de cong\u00e9 favori<\/em><\/strong><\/h3>\n<p>Le mois de mai comptait jusqu\u2019\u00e0 pr\u00e9sent les deux jours de cong\u00e9 les plus populaires de 2025 : les 2 et 30 mai. <em>\u00ab\u00a0Les vendredis sont pris\u00e9s pour profiter d\u2019un week-end prolong\u00e9. Notez donc d\u00e9j\u00e0 le vendredi 15 mai 2026 dans votre agenda. L\u2019Ascension tombe l\u2019ann\u00e9e prochaine le jeudi 14 mai 2026.\u00a0\u00bb<\/em><\/p>\n<p>Le jour f\u00e9ri\u00e9 de l\u2019Ascension tombe toujours un jeudi. Dans de nombreux pays, l\u2019Ascension est un jour f\u00e9ri\u00e9 officiel, notamment aux Pays-Bas, en Belgique, au Luxembourg, en Allemagne (Christi Himmelfahrt, aussi f\u00eate des p\u00e8res), en France, en Suisse (Auffahrt), en Autriche et au Danemark. Le vendredi suivant l\u2019Ascension figure syst\u00e9matiquement dans le top trois.<\/p>\n<p><strong><em>Voici le top trois des jours de cong\u00e9 les plus pris\u00e9s ces trois derni\u00e8res ann\u00e9es :<\/em><\/strong><\/p>\n<p>2023 : Vendredi 14 ao\u00fbt (42%) &#8211; Vendredi 19 mai (34%) &#8211; Vendredi 22 d\u00e9cembre (33%)<\/p>\n<p>2024 : Vendredi 16 ao\u00fbt (42%) &#8211; Vendredi 10 mai (35%) &#8211; Mardi 2 janvier (27%)<\/p>\n<p>2025 (\u00e0 ce jour) : Lundi 10 novembre (34%) &#8211; Vendredi 30 mai (33%) &#8211; Vendredi 2 mai (32%)<\/p>\n<p>&nbsp;<\/p>\n<p><em>Source : SD Worx HR Selfservice<\/em><\/p>\n","protected":false},"excerpt":{"rendered":"<p>Depuis cette semaine, le lundi 10 novembre fait son entr\u00e9e dans le top trois des jours de cong\u00e9 les plus populaires de 2025. Le lundi 10 novembre d\u00e9passe ainsi les deux jours les plus pris\u00e9s du mois de mai : [&hellip;]<\/p>\n","protected":false},"author":2,"featured_media":0,"comment_status":"closed","ping_status":"open","sticky":false,"template":"","format":"standard","meta":[],"categories":[65,10],"tags":[96,5,4357,1654],"yoast_head":"<!-- This site is optimized with the Yoast SEO plugin v21.0 - https:\/\/yoast.com\/wordpress\/plugins\/seo\/ -->\n<title>Un travailleur sur trois en WE prolong\u00e9: le lundi 10 novembre est le jour de cong\u00e9 le plus populaire de 2025. - Peoplesphere<\/title>\n<meta name=\"robots\" content=\"index, follow, max-snippet:-1, max-image-preview:large, max-video-preview:-1\" \/>\n<link rel=\"canonical\" href=\"https:\/\/peoplesphere.be\/fr\/un-travailleur-sur-trois-en-we-prolonge-le-lundi-10-novembre-est-le-jour-de-conge-le-plus-populaire-de-2025\/\" \/>\n<meta property=\"og:locale\" content=\"fr_FR\" \/>\n<meta property=\"og:type\" content=\"article\" \/>\n<meta property=\"og:title\" content=\"Un travailleur sur trois en WE prolong\u00e9: le lundi 10 novembre est le jour de cong\u00e9 le plus populaire de 2025. - Peoplesphere\" \/>\n<meta property=\"og:description\" content=\"Depuis cette semaine, le lundi 10 novembre fait son entr\u00e9e dans le top trois des jours de cong\u00e9 les plus populaires de 2025. Le lundi 10 novembre d\u00e9passe ainsi les deux jours les plus pris\u00e9s du mois de mai : [&hellip;]\" \/>\n<meta property=\"og:url\" content=\"https:\/\/peoplesphere.be\/fr\/un-travailleur-sur-trois-en-we-prolonge-le-lundi-10-novembre-est-le-jour-de-conge-le-plus-populaire-de-2025\/\" \/>\n<meta property=\"og:site_name\" content=\"Peoplesphere\" \/>\n<meta property=\"article:publisher\" content=\"https:\/\/www.facebook.com\/peoplesphere\" \/>\n<meta property=\"article:published_time\" content=\"2025-11-10T07:25:09+00:00\" \/>\n<meta property=\"og:image\" content=\"http:\/\/www.peoplesphere.be\/fr\/wp-content\/uploads\/2016\/07\/facebook-default-posting-1200x628px.jpg\" \/>\n<meta name=\"author\" content=\"Jean-Paul Erhard\" \/>\n<meta name=\"twitter:card\" content=\"summary_large_image\" \/>\n<meta name=\"twitter:creator\" content=\"@PeoplesphereMag\" \/>\n<meta name=\"twitter:site\" content=\"@PeoplesphereMag\" \/>\n<meta name=\"twitter:label1\" content=\"\u00c9crit par\" \/>\n\t<meta name=\"twitter:data1\" content=\"Jean-Paul Erhard\" \/>\n\t<meta name=\"twitter:label2\" content=\"Dur\u00e9e de lecture estim\u00e9e\" \/>\n\t<meta name=\"twitter:data2\" content=\"3 minutes\" \/>\n<script type=\"application\/ld+json\" class=\"yoast-schema-graph\">{\"@context\":\"https:\/\/schema.org\",\"@graph\":[{\"@type\":\"Article\",\"@id\":\"https:\/\/peoplesphere.be\/fr\/un-travailleur-sur-trois-en-we-prolonge-le-lundi-10-novembre-est-le-jour-de-conge-le-plus-populaire-de-2025\/#article\",\"isPartOf\":{\"@id\":\"https:\/\/peoplesphere.be\/fr\/un-travailleur-sur-trois-en-we-prolonge-le-lundi-10-novembre-est-le-jour-de-conge-le-plus-populaire-de-2025\/\"},\"author\":{\"name\":\"Jean-Paul Erhard\",\"@id\":\"https:\/\/peoplesphere.be\/fr\/#\/schema\/person\/7976225ff17988604334abb7b3536a7e\"},\"headline\":\"Un travailleur sur trois en WE prolong\u00e9: le lundi 10 novembre est le jour de cong\u00e9 le plus populaire de 2025.\",\"datePublished\":\"2025-11-10T07:25:09+00:00\",\"dateModified\":\"2025-11-10T07:25:09+00:00\",\"mainEntityOfPage\":{\"@id\":\"https:\/\/peoplesphere.be\/fr\/un-travailleur-sur-trois-en-we-prolonge-le-lundi-10-novembre-est-le-jour-de-conge-le-plus-populaire-de-2025\/\"},\"wordCount\":581,\"publisher\":{\"@id\":\"https:\/\/peoplesphere.be\/fr\/#organization\"},\"keywords\":[\"bien-\u00eatre\",\"Cong\u00e9\",\"jours f\u00e9ri\u00e9s\",\"repos\"],\"articleSection\":[\"Actualit\u00e9s\",\"Digital\"],\"inLanguage\":\"fr-FR\"},{\"@type\":\"WebPage\",\"@id\":\"https:\/\/peoplesphere.be\/fr\/un-travailleur-sur-trois-en-we-prolonge-le-lundi-10-novembre-est-le-jour-de-conge-le-plus-populaire-de-2025\/\",\"url\":\"https:\/\/peoplesphere.be\/fr\/un-travailleur-sur-trois-en-we-prolonge-le-lundi-10-novembre-est-le-jour-de-conge-le-plus-populaire-de-2025\/\",\"name\":\"Un travailleur sur trois en WE prolong\u00e9: le lundi 10 novembre est le jour de cong\u00e9 le plus populaire de 2025. - Peoplesphere\",\"isPartOf\":{\"@id\":\"https:\/\/peoplesphere.be\/fr\/#website\"},\"datePublished\":\"2025-11-10T07:25:09+00:00\",\"dateModified\":\"2025-11-10T07:25:09+00:00\",\"breadcrumb\":{\"@id\":\"https:\/\/peoplesphere.be\/fr\/un-travailleur-sur-trois-en-we-prolonge-le-lundi-10-novembre-est-le-jour-de-conge-le-plus-populaire-de-2025\/#breadcrumb\"},\"inLanguage\":\"fr-FR\",\"potentialAction\":[{\"@type\":\"ReadAction\",\"target\":[\"https:\/\/peoplesphere.be\/fr\/un-travailleur-sur-trois-en-we-prolonge-le-lundi-10-novembre-est-le-jour-de-conge-le-plus-populaire-de-2025\/\"]}]},{\"@type\":\"BreadcrumbList\",\"@id\":\"https:\/\/peoplesphere.be\/fr\/un-travailleur-sur-trois-en-we-prolonge-le-lundi-10-novembre-est-le-jour-de-conge-le-plus-populaire-de-2025\/#breadcrumb\",\"itemListElement\":[{\"@type\":\"ListItem\",\"position\":1,\"name\":\"Accueil\",\"item\":\"https:\/\/peoplesphere.be\/fr\/\"},{\"@type\":\"ListItem\",\"position\":2,\"name\":\"Un travailleur sur trois en WE prolong\u00e9: le lundi 10 novembre est le jour de cong\u00e9 le plus populaire de 2025.\"}]},{\"@type\":\"WebSite\",\"@id\":\"https:\/\/peoplesphere.be\/fr\/#website\",\"url\":\"https:\/\/peoplesphere.be\/fr\/\",\"name\":\"Peoplesphere\",\"description\":\"The People Managers Magazine\",\"publisher\":{\"@id\":\"https:\/\/peoplesphere.be\/fr\/#organization\"},\"potentialAction\":[{\"@type\":\"SearchAction\",\"target\":{\"@type\":\"EntryPoint\",\"urlTemplate\":\"https:\/\/peoplesphere.be\/fr\/?s={search_term_string}\"},\"query-input\":\"required name=search_term_string\"}],\"inLanguage\":\"fr-FR\"},{\"@type\":\"Organization\",\"@id\":\"https:\/\/peoplesphere.be\/fr\/#organization\",\"name\":\"Peoplesphere Company srl\",\"url\":\"https:\/\/peoplesphere.be\/fr\/\",\"logo\":{\"@type\":\"ImageObject\",\"inLanguage\":\"fr-FR\",\"@id\":\"https:\/\/peoplesphere.be\/fr\/#\/schema\/logo\/image\/\",\"url\":\"https:\/\/peoplesphere.be\/fr\/wp-content\/uploads\/2023\/07\/peoplesphere-lgo-new-generik.jpg\",\"contentUrl\":\"https:\/\/peoplesphere.be\/fr\/wp-content\/uploads\/2023\/07\/peoplesphere-lgo-new-generik.jpg\",\"width\":1031,\"height\":1479,\"caption\":\"Peoplesphere Company srl\"},\"image\":{\"@id\":\"https:\/\/peoplesphere.be\/fr\/#\/schema\/logo\/image\/\"},\"sameAs\":[\"https:\/\/www.facebook.com\/peoplesphere\",\"https:\/\/twitter.com\/PeoplesphereMag\",\"https:\/\/www.linkedin.com\/company\/7587361?trk\",\"http:\/\/youtube.com\/peoplesphere\"]},{\"@type\":\"Person\",\"@id\":\"https:\/\/peoplesphere.be\/fr\/#\/schema\/person\/7976225ff17988604334abb7b3536a7e\",\"name\":\"Jean-Paul Erhard\",\"image\":{\"@type\":\"ImageObject\",\"inLanguage\":\"fr-FR\",\"@id\":\"https:\/\/peoplesphere.be\/fr\/#\/schema\/person\/image\/\",\"url\":\"https:\/\/secure.gravatar.com\/avatar\/f941e681460179738071629a51574930?s=96&d=mm&r=g\",\"contentUrl\":\"https:\/\/secure.gravatar.com\/avatar\/f941e681460179738071629a51574930?s=96&d=mm&r=g\",\"caption\":\"Jean-Paul Erhard\"},\"url\":\"https:\/\/peoplesphere.be\/fr\/author\/jpe\/\"}]}<\/script>\n<!-- \/ Yoast SEO plugin. -->","yoast_head_json":{"title":"Un travailleur sur trois en WE prolong\u00e9: le lundi 10 novembre est le jour de cong\u00e9 le plus populaire de 2025. - Peoplesphere","robots":{"index":"index","follow":"follow","max-snippet":"max-snippet:-1","max-image-preview":"max-image-preview:large","max-video-preview":"max-video-preview:-1"},"canonical":"https:\/\/peoplesphere.be\/fr\/un-travailleur-sur-trois-en-we-prolonge-le-lundi-10-novembre-est-le-jour-de-conge-le-plus-populaire-de-2025\/","og_locale":"fr_FR","og_type":"article","og_title":"Un travailleur sur trois en WE prolong\u00e9: le lundi 10 novembre est le jour de cong\u00e9 le plus populaire de 2025. - Peoplesphere","og_description":"Depuis cette semaine, le lundi 10 novembre fait son entr\u00e9e dans le top trois des jours de cong\u00e9 les plus populaires de 2025. Le lundi 10 novembre d\u00e9passe ainsi les deux jours les plus pris\u00e9s du mois de mai : [&hellip;]","og_url":"https:\/\/peoplesphere.be\/fr\/un-travailleur-sur-trois-en-we-prolonge-le-lundi-10-novembre-est-le-jour-de-conge-le-plus-populaire-de-2025\/","og_site_name":"Peoplesphere","article_publisher":"https:\/\/www.facebook.com\/peoplesphere","article_published_time":"2025-11-10T07:25:09+00:00","og_image":[{"url":"http:\/\/www.peoplesphere.be\/fr\/wp-content\/uploads\/2016\/07\/facebook-default-posting-1200x628px.jpg"}],"author":"Jean-Paul Erhard","twitter_card":"summary_large_image","twitter_creator":"@PeoplesphereMag","twitter_site":"@PeoplesphereMag","twitter_misc":{"\u00c9crit par":"Jean-Paul Erhard","Dur\u00e9e de lecture estim\u00e9e":"3 minutes"},"schema":{"@context":"https:\/\/schema.org","@graph":[{"@type":"Article","@id":"https:\/\/peoplesphere.be\/fr\/un-travailleur-sur-trois-en-we-prolonge-le-lundi-10-novembre-est-le-jour-de-conge-le-plus-populaire-de-2025\/#article","isPartOf":{"@id":"https:\/\/peoplesphere.be\/fr\/un-travailleur-sur-trois-en-we-prolonge-le-lundi-10-novembre-est-le-jour-de-conge-le-plus-populaire-de-2025\/"},"author":{"name":"Jean-Paul Erhard","@id":"https:\/\/peoplesphere.be\/fr\/#\/schema\/person\/7976225ff17988604334abb7b3536a7e"},"headline":"Un travailleur sur trois en WE prolong\u00e9: le lundi 10 novembre est le jour de cong\u00e9 le plus populaire de 2025.","datePublished":"2025-11-10T07:25:09+00:00","dateModified":"2025-11-10T07:25:09+00:00","mainEntityOfPage":{"@id":"https:\/\/peoplesphere.be\/fr\/un-travailleur-sur-trois-en-we-prolonge-le-lundi-10-novembre-est-le-jour-de-conge-le-plus-populaire-de-2025\/"},"wordCount":581,"publisher":{"@id":"https:\/\/peoplesphere.be\/fr\/#organization"},"keywords":["bien-\u00eatre","Cong\u00e9","jours f\u00e9ri\u00e9s","repos"],"articleSection":["Actualit\u00e9s","Digital"],"inLanguage":"fr-FR"},{"@type":"WebPage","@id":"https:\/\/peoplesphere.be\/fr\/un-travailleur-sur-trois-en-we-prolonge-le-lundi-10-novembre-est-le-jour-de-conge-le-plus-populaire-de-2025\/","url":"https:\/\/peoplesphere.be\/fr\/un-travailleur-sur-trois-en-we-prolonge-le-lundi-10-novembre-est-le-jour-de-conge-le-plus-populaire-de-2025\/","name":"Un travailleur sur trois en WE prolong\u00e9: le lundi 10 novembre est le jour de cong\u00e9 le plus populaire de 2025. - Peoplesphere","isPartOf":{"@id":"https:\/\/peoplesphere.be\/fr\/#website"},"datePublished":"2025-11-10T07:25:09+00:00","dateModified":"2025-11-10T07:25:09+00:00","breadcrumb":{"@id":"https:\/\/peoplesphere.be\/fr\/un-travailleur-sur-trois-en-we-prolonge-le-lundi-10-novembre-est-le-jour-de-conge-le-plus-populaire-de-2025\/#breadcrumb"},"inLanguage":"fr-FR","potentialAction":[{"@type":"ReadAction","target":["https:\/\/peoplesphere.be\/fr\/un-travailleur-sur-trois-en-we-prolonge-le-lundi-10-novembre-est-le-jour-de-conge-le-plus-populaire-de-2025\/"]}]},{"@type":"BreadcrumbList","@id":"https:\/\/peoplesphere.be\/fr\/un-travailleur-sur-trois-en-we-prolonge-le-lundi-10-novembre-est-le-jour-de-conge-le-plus-populaire-de-2025\/#breadcrumb","itemListElement":[{"@type":"ListItem","position":1,"name":"Accueil","item":"https:\/\/peoplesphere.be\/fr\/"},{"@type":"ListItem","position":2,"name":"Un travailleur sur trois en WE prolong\u00e9: le lundi 10 novembre est le jour de cong\u00e9 le plus populaire de 2025."}]},{"@type":"WebSite","@id":"https:\/\/peoplesphere.be\/fr\/#website","url":"https:\/\/peoplesphere.be\/fr\/","name":"Peoplesphere","description":"The People Managers Magazine","publisher":{"@id":"https:\/\/peoplesphere.be\/fr\/#organization"},"potentialAction":[{"@type":"SearchAction","target":{"@type":"EntryPoint","urlTemplate":"https:\/\/peoplesphere.be\/fr\/?s={search_term_string}"},"query-input":"required name=search_term_string"}],"inLanguage":"fr-FR"},{"@type":"Organization","@id":"https:\/\/peoplesphere.be\/fr\/#organization","name":"Peoplesphere Company srl","url":"https:\/\/peoplesphere.be\/fr\/","logo":{"@type":"ImageObject","inLanguage":"fr-FR","@id":"https:\/\/peoplesphere.be\/fr\/#\/schema\/logo\/image\/","url":"https:\/\/peoplesphere.be\/fr\/wp-content\/uploads\/2023\/07\/peoplesphere-lgo-new-generik.jpg","contentUrl":"https:\/\/peoplesphere.be\/fr\/wp-content\/uploads\/2023\/07\/peoplesphere-lgo-new-generik.jpg","width":1031,"height":1479,"caption":"Peoplesphere Company srl"},"image":{"@id":"https:\/\/peoplesphere.be\/fr\/#\/schema\/logo\/image\/"},"sameAs":["https:\/\/www.facebook.com\/peoplesphere","https:\/\/twitter.com\/PeoplesphereMag","https:\/\/www.linkedin.com\/company\/7587361?trk","http:\/\/youtube.com\/peoplesphere"]},{"@type":"Person","@id":"https:\/\/peoplesphere.be\/fr\/#\/schema\/person\/7976225ff17988604334abb7b3536a7e","name":"Jean-Paul Erhard","image":{"@type":"ImageObject","inLanguage":"fr-FR","@id":"https:\/\/peoplesphere.be\/fr\/#\/schema\/person\/image\/","url":"https:\/\/secure.gravatar.com\/avatar\/f941e681460179738071629a51574930?s=96&d=mm&r=g","contentUrl":"https:\/\/secure.gravatar.com\/avatar\/f941e681460179738071629a51574930?s=96&d=mm&r=g","caption":"Jean-Paul Erhard"},"url":"https:\/\/peoplesphere.be\/fr\/author\/jpe\/"}]}},"_links":{"self":[{"href":"https:\/\/peoplesphere.be\/fr\/wp-json\/wp\/v2\/posts\/18428"}],"collection":[{"href":"https:\/\/peoplesphere.be\/fr\/wp-json\/wp\/v2\/posts"}],"about":[{"href":"https:\/\/peoplesphere.be\/fr\/wp-json\/wp\/v2\/types\/post"}],"author":[{"embeddable":true,"href":"https:\/\/peoplesphere.be\/fr\/wp-json\/wp\/v2\/users\/2"}],"replies":[{"embeddable":true,"href":"https:\/\/peoplesphere.be\/fr\/wp-json\/wp\/v2\/comments?post=18428"}],"version-history":[{"count":1,"href":"https:\/\/peoplesphere.be\/fr\/wp-json\/wp\/v2\/posts\/18428\/revisions"}],"predecessor-version":[{"id":18429,"href":"https:\/\/peoplesphere.be\/fr\/wp-json\/wp\/v2\/posts\/18428\/revisions\/18429"}],"wp:attachment":[{"href":"https:\/\/peoplesphere.be\/fr\/wp-json\/wp\/v2\/media?parent=18428"}],"wp:term":[{"taxonomy":"category","embeddable":true,"href":"https:\/\/peoplesphere.be\/fr\/wp-json\/wp\/v2\/categories?post=18428"},{"taxonomy":"post_tag","embeddable":true,"href":"https:\/\/peoplesphere.be\/fr\/wp-json\/wp\/v2\/tags?post=18428"}],"curies":[{"name":"wp","href":"https:\/\/api.w.org\/{rel}","templated":true}]}}