









{"id":18470,"date":"2025-11-19T11:08:30","date_gmt":"2025-11-19T09:08:30","guid":{"rendered":"https:\/\/peoplesphere.be\/fr\/?p=18470"},"modified":"2025-11-19T12:54:08","modified_gmt":"2025-11-19T10:54:08","slug":"petit-dejeuner-de-ladp-liege-le-5-decembre-2025-place-a-la-mise-en-oeuvre-concrete-du-budget-mobilite","status":"publish","type":"post","link":"https:\/\/peoplesphere.be\/fr\/petit-dejeuner-de-ladp-liege-le-5-decembre-2025-place-a-la-mise-en-oeuvre-concrete-du-budget-mobilite\/","title":{"rendered":"Petit d\u00e9jeuner de l&rsquo;ADP Li\u00e8ge le 5 d\u00e9cembre 2025 &#8211; Place \u00e0 la mise en oeuvre concr\u00e8te du Budget Mobilit\u00e9!"},"content":{"rendered":"<p>Le prochain \u00ab Petit D\u00e9jeuner Ressources Humaines \u00bb organis\u00e9 par l&rsquo;ADP Li\u00e8ge se tiendra \u00e0 Li\u00e8ge Airport (BIERSET), le vendredi 5 d\u00e9cembre 2025 de 8h30 \u00e0 10h00 (accueil d\u00e8s 8h) avec pour th\u00e9matique centrale la mise en oeuvre du Budget Mobilit\u00e9 au sein de nos entreprises.<!--more--><\/p>\n<p>D\u00e8s le 1er janvier 2026, la mise en oeuvre du budget mobilit\u00e9 devient obligatoire pour les employeurs. Comment en faire un v\u00e9ritable atout pour l\u2019entreprise et ses collaborateurs ? Quels sont les enjeux pour les RH, les impacts sur la politique de mobilit\u00e9 et les opportunit\u00e9s pour r\u00e9pondre aux attentes des travailleurs ?<\/p>\n<p><strong><em>Intervenants :<\/em><\/strong><br \/>\nM\u00e9lanie Henrion, Avocate &#8211; Senior Associate chez Claeys &amp; Engels<br \/>\nB\u00e9atrice Schobbens, Conseill\u00e8re \u00e0 la Cellule Mobilit\u00e9 d\u2019AKT for Wallonia<br \/>\nLouise Fortemps, Human Resources Business Partner au Bureau Greisch.<\/p>\n<p>Gr\u00e2ce \u00e0 l\u2019expertise de nos intervenants, d\u00e9couvrez :<\/p>\n<ul>\n<li>Comment adapter la politique RH pour r\u00e9pondre aux exigences l\u00e9gales et aux attentes des collaborateurs ?<\/li>\n<li>Quels sont les leviers pour transformer la contrainte r\u00e9glementaire en opportunit\u00e9 d\u2019attractivit\u00e9 et de fid\u00e9lisation ?<\/li>\n<li>Quelles bonnes pratiques pour r\u00e9ussir la mise en oeuvre du budget mobilit\u00e9?<\/li>\n<\/ul>\n<p>Louise Fortemps, HRBP du bureau Greisch, partagera son retour d\u2019exp\u00e9rience apr\u00e8s la mise en oeuvre du budget mobilit\u00e9 dans son entreprise gr\u00e2ce aux conseils d\u2019AKT for Wallonia et B\u00e9atrice Schobbens. M\u00e9lanie Henrion pour sa part, nous fera le rappel du cadre l\u00e9gal et des nouvelles obligations sur le sujet.<\/p>\n<p>L\u2019expos\u00e9 sera pr\u00e9c\u00e9d\u00e9 des traditionnelles \u00ab10 minutes d\u2019actualit\u00e9s socio-juridiques\u00bb pr\u00e9sent\u00e9es par Jean-Paul Lacomble, avocat associ\u00e9 chez Claeys &amp; Engels.<\/p>\n<p><a href=\"https:\/\/www.adp-liege.be\/activite\/petit-dejeuner-05-12--2025\/#section_-_reservations\"><strong><em>Inscription via ce lien<\/em><\/strong><\/a><\/p>\n<p><strong><em>Participation aux frais &#8211;<\/em><\/strong> Gratuit pour les membres ADP, leurs invit\u00e9s et partenaires et les participants en ligne, 25,00\u20ac pour les non-membres en pr\u00e9sentiel, \u00e0 verser anticipativement sur le compte BE40 0689 3870 1763 de l&rsquo;ADP avec mention: \u00abPetit D\u00e9jeuner ADP 05.12.2025 NOM et Pr\u00e9nom\u00bb. Toute inscription enregistr\u00e9e qui n\u2019est pas annul\u00e9e 24 heures avant sera factur\u00e9e 25\u20ac. Les inscriptions seront cl\u00f4tur\u00e9es le jeudi 4 d\u00e9cembre \u00e0 midi.<\/p>\n<p><strong><em>Lieu &#8211;<\/em><\/strong> \u00a0Li\u00e8ge Airport &#8211; Dans le restaurant \u00ab\u00a0L\u2019\u00c9CHAPP\u00c9E BOEUF\u00a0\u00bb (Hall de d\u00e9part 2e \u00e9tage). Parking gratuit pour les 3 premi\u00e8res heures. Possibilit\u00e9 de se connecter \u00e0 distance pour ceux qui le souhaitent.<\/p>\n","protected":false},"excerpt":{"rendered":"<p>Le prochain \u00ab Petit D\u00e9jeuner Ressources Humaines \u00bb organis\u00e9 par l&rsquo;ADP Li\u00e8ge se tiendra \u00e0 Li\u00e8ge Airport (BIERSET), le vendredi 5 d\u00e9cembre 2025 de 8h30 \u00e0 10h00 (accueil d\u00e8s 8h) avec pour th\u00e9matique centrale la mise en oeuvre du Budget [&hellip;]<\/p>\n","protected":false},"author":2,"featured_media":0,"comment_status":"closed","ping_status":"open","sticky":false,"template":"","format":"standard","meta":[],"categories":[65,67,10,8],"tags":[274,1269],"yoast_head":"<!-- This site is optimized with the Yoast SEO plugin v21.0 - https:\/\/yoast.com\/wordpress\/plugins\/seo\/ -->\n<title>Petit d\u00e9jeuner de l&#039;ADP Li\u00e8ge le 5 d\u00e9cembre 2025 - Place \u00e0 la mise en oeuvre concr\u00e8te du Budget Mobilit\u00e9! - Peoplesphere<\/title>\n<meta name=\"robots\" content=\"index, follow, max-snippet:-1, max-image-preview:large, max-video-preview:-1\" \/>\n<link rel=\"canonical\" href=\"https:\/\/peoplesphere.be\/fr\/petit-dejeuner-de-ladp-liege-le-5-decembre-2025-place-a-la-mise-en-oeuvre-concrete-du-budget-mobilite\/\" \/>\n<meta property=\"og:locale\" content=\"fr_FR\" \/>\n<meta property=\"og:type\" content=\"article\" \/>\n<meta property=\"og:title\" content=\"Petit d\u00e9jeuner de l&#039;ADP Li\u00e8ge le 5 d\u00e9cembre 2025 - Place \u00e0 la mise en oeuvre concr\u00e8te du Budget Mobilit\u00e9! - Peoplesphere\" \/>\n<meta property=\"og:description\" content=\"Le prochain \u00ab Petit D\u00e9jeuner Ressources Humaines \u00bb organis\u00e9 par l&rsquo;ADP Li\u00e8ge se tiendra \u00e0 Li\u00e8ge Airport (BIERSET), le vendredi 5 d\u00e9cembre 2025 de 8h30 \u00e0 10h00 (accueil d\u00e8s 8h) avec pour th\u00e9matique centrale la mise en oeuvre du Budget [&hellip;]\" \/>\n<meta property=\"og:url\" content=\"https:\/\/peoplesphere.be\/fr\/petit-dejeuner-de-ladp-liege-le-5-decembre-2025-place-a-la-mise-en-oeuvre-concrete-du-budget-mobilite\/\" \/>\n<meta property=\"og:site_name\" content=\"Peoplesphere\" \/>\n<meta property=\"article:publisher\" content=\"https:\/\/www.facebook.com\/peoplesphere\" \/>\n<meta property=\"article:published_time\" content=\"2025-11-19T09:08:30+00:00\" \/>\n<meta property=\"article:modified_time\" content=\"2025-11-19T10:54:08+00:00\" \/>\n<meta property=\"og:image\" content=\"http:\/\/www.peoplesphere.be\/fr\/wp-content\/uploads\/2016\/07\/facebook-default-posting-1200x628px.jpg\" \/>\n<meta name=\"author\" content=\"Jean-Paul Erhard\" \/>\n<meta name=\"twitter:card\" content=\"summary_large_image\" \/>\n<meta name=\"twitter:creator\" content=\"@PeoplesphereMag\" \/>\n<meta name=\"twitter:site\" content=\"@PeoplesphereMag\" \/>\n<meta name=\"twitter:label1\" content=\"\u00c9crit par\" \/>\n\t<meta name=\"twitter:data1\" content=\"Jean-Paul Erhard\" \/>\n\t<meta name=\"twitter:label2\" content=\"Dur\u00e9e de lecture estim\u00e9e\" \/>\n\t<meta name=\"twitter:data2\" content=\"2 minutes\" \/>\n<script type=\"application\/ld+json\" class=\"yoast-schema-graph\">{\"@context\":\"https:\/\/schema.org\",\"@graph\":[{\"@type\":\"Article\",\"@id\":\"https:\/\/peoplesphere.be\/fr\/petit-dejeuner-de-ladp-liege-le-5-decembre-2025-place-a-la-mise-en-oeuvre-concrete-du-budget-mobilite\/#article\",\"isPartOf\":{\"@id\":\"https:\/\/peoplesphere.be\/fr\/petit-dejeuner-de-ladp-liege-le-5-decembre-2025-place-a-la-mise-en-oeuvre-concrete-du-budget-mobilite\/\"},\"author\":{\"name\":\"Jean-Paul Erhard\",\"@id\":\"https:\/\/peoplesphere.be\/fr\/#\/schema\/person\/7976225ff17988604334abb7b3536a7e\"},\"headline\":\"Petit d\u00e9jeuner de l&rsquo;ADP Li\u00e8ge le 5 d\u00e9cembre 2025 &#8211; Place \u00e0 la mise en oeuvre concr\u00e8te du Budget Mobilit\u00e9!\",\"datePublished\":\"2025-11-19T09:08:30+00:00\",\"dateModified\":\"2025-11-19T10:54:08+00:00\",\"mainEntityOfPage\":{\"@id\":\"https:\/\/peoplesphere.be\/fr\/petit-dejeuner-de-ladp-liege-le-5-decembre-2025-place-a-la-mise-en-oeuvre-concrete-du-budget-mobilite\/\"},\"wordCount\":403,\"publisher\":{\"@id\":\"https:\/\/peoplesphere.be\/fr\/#organization\"},\"keywords\":[\"ADP Li\u00e8ge\",\"budget mobilit\u00e9\"],\"articleSection\":[\"Actualit\u00e9s\",\"Calendrier\",\"Digital\",\"Events\"],\"inLanguage\":\"fr-FR\"},{\"@type\":\"WebPage\",\"@id\":\"https:\/\/peoplesphere.be\/fr\/petit-dejeuner-de-ladp-liege-le-5-decembre-2025-place-a-la-mise-en-oeuvre-concrete-du-budget-mobilite\/\",\"url\":\"https:\/\/peoplesphere.be\/fr\/petit-dejeuner-de-ladp-liege-le-5-decembre-2025-place-a-la-mise-en-oeuvre-concrete-du-budget-mobilite\/\",\"name\":\"Petit d\u00e9jeuner de l'ADP Li\u00e8ge le 5 d\u00e9cembre 2025 - Place \u00e0 la mise en oeuvre concr\u00e8te du Budget Mobilit\u00e9! - Peoplesphere\",\"isPartOf\":{\"@id\":\"https:\/\/peoplesphere.be\/fr\/#website\"},\"datePublished\":\"2025-11-19T09:08:30+00:00\",\"dateModified\":\"2025-11-19T10:54:08+00:00\",\"breadcrumb\":{\"@id\":\"https:\/\/peoplesphere.be\/fr\/petit-dejeuner-de-ladp-liege-le-5-decembre-2025-place-a-la-mise-en-oeuvre-concrete-du-budget-mobilite\/#breadcrumb\"},\"inLanguage\":\"fr-FR\",\"potentialAction\":[{\"@type\":\"ReadAction\",\"target\":[\"https:\/\/peoplesphere.be\/fr\/petit-dejeuner-de-ladp-liege-le-5-decembre-2025-place-a-la-mise-en-oeuvre-concrete-du-budget-mobilite\/\"]}]},{\"@type\":\"BreadcrumbList\",\"@id\":\"https:\/\/peoplesphere.be\/fr\/petit-dejeuner-de-ladp-liege-le-5-decembre-2025-place-a-la-mise-en-oeuvre-concrete-du-budget-mobilite\/#breadcrumb\",\"itemListElement\":[{\"@type\":\"ListItem\",\"position\":1,\"name\":\"Accueil\",\"item\":\"https:\/\/peoplesphere.be\/fr\/\"},{\"@type\":\"ListItem\",\"position\":2,\"name\":\"Petit d\u00e9jeuner de l&rsquo;ADP Li\u00e8ge le 5 d\u00e9cembre 2025 &#8211; Place \u00e0 la mise en oeuvre concr\u00e8te du Budget Mobilit\u00e9!\"}]},{\"@type\":\"WebSite\",\"@id\":\"https:\/\/peoplesphere.be\/fr\/#website\",\"url\":\"https:\/\/peoplesphere.be\/fr\/\",\"name\":\"Peoplesphere\",\"description\":\"The People Managers Magazine\",\"publisher\":{\"@id\":\"https:\/\/peoplesphere.be\/fr\/#organization\"},\"potentialAction\":[{\"@type\":\"SearchAction\",\"target\":{\"@type\":\"EntryPoint\",\"urlTemplate\":\"https:\/\/peoplesphere.be\/fr\/?s={search_term_string}\"},\"query-input\":\"required name=search_term_string\"}],\"inLanguage\":\"fr-FR\"},{\"@type\":\"Organization\",\"@id\":\"https:\/\/peoplesphere.be\/fr\/#organization\",\"name\":\"Peoplesphere Company srl\",\"url\":\"https:\/\/peoplesphere.be\/fr\/\",\"logo\":{\"@type\":\"ImageObject\",\"inLanguage\":\"fr-FR\",\"@id\":\"https:\/\/peoplesphere.be\/fr\/#\/schema\/logo\/image\/\",\"url\":\"https:\/\/peoplesphere.be\/fr\/wp-content\/uploads\/2023\/07\/peoplesphere-lgo-new-generik.jpg\",\"contentUrl\":\"https:\/\/peoplesphere.be\/fr\/wp-content\/uploads\/2023\/07\/peoplesphere-lgo-new-generik.jpg\",\"width\":1031,\"height\":1479,\"caption\":\"Peoplesphere Company srl\"},\"image\":{\"@id\":\"https:\/\/peoplesphere.be\/fr\/#\/schema\/logo\/image\/\"},\"sameAs\":[\"https:\/\/www.facebook.com\/peoplesphere\",\"https:\/\/twitter.com\/PeoplesphereMag\",\"https:\/\/www.linkedin.com\/company\/7587361?trk\",\"http:\/\/youtube.com\/peoplesphere\"]},{\"@type\":\"Person\",\"@id\":\"https:\/\/peoplesphere.be\/fr\/#\/schema\/person\/7976225ff17988604334abb7b3536a7e\",\"name\":\"Jean-Paul Erhard\",\"image\":{\"@type\":\"ImageObject\",\"inLanguage\":\"fr-FR\",\"@id\":\"https:\/\/peoplesphere.be\/fr\/#\/schema\/person\/image\/\",\"url\":\"https:\/\/secure.gravatar.com\/avatar\/f941e681460179738071629a51574930?s=96&d=mm&r=g\",\"contentUrl\":\"https:\/\/secure.gravatar.com\/avatar\/f941e681460179738071629a51574930?s=96&d=mm&r=g\",\"caption\":\"Jean-Paul Erhard\"},\"url\":\"https:\/\/peoplesphere.be\/fr\/author\/jpe\/\"}]}<\/script>\n<!-- \/ Yoast SEO plugin. -->","yoast_head_json":{"title":"Petit d\u00e9jeuner de l'ADP Li\u00e8ge le 5 d\u00e9cembre 2025 - Place \u00e0 la mise en oeuvre concr\u00e8te du Budget Mobilit\u00e9! - Peoplesphere","robots":{"index":"index","follow":"follow","max-snippet":"max-snippet:-1","max-image-preview":"max-image-preview:large","max-video-preview":"max-video-preview:-1"},"canonical":"https:\/\/peoplesphere.be\/fr\/petit-dejeuner-de-ladp-liege-le-5-decembre-2025-place-a-la-mise-en-oeuvre-concrete-du-budget-mobilite\/","og_locale":"fr_FR","og_type":"article","og_title":"Petit d\u00e9jeuner de l'ADP Li\u00e8ge le 5 d\u00e9cembre 2025 - Place \u00e0 la mise en oeuvre concr\u00e8te du Budget Mobilit\u00e9! - Peoplesphere","og_description":"Le prochain \u00ab Petit D\u00e9jeuner Ressources Humaines \u00bb organis\u00e9 par l&rsquo;ADP Li\u00e8ge se tiendra \u00e0 Li\u00e8ge Airport (BIERSET), le vendredi 5 d\u00e9cembre 2025 de 8h30 \u00e0 10h00 (accueil d\u00e8s 8h) avec pour th\u00e9matique centrale la mise en oeuvre du Budget [&hellip;]","og_url":"https:\/\/peoplesphere.be\/fr\/petit-dejeuner-de-ladp-liege-le-5-decembre-2025-place-a-la-mise-en-oeuvre-concrete-du-budget-mobilite\/","og_site_name":"Peoplesphere","article_publisher":"https:\/\/www.facebook.com\/peoplesphere","article_published_time":"2025-11-19T09:08:30+00:00","article_modified_time":"2025-11-19T10:54:08+00:00","og_image":[{"url":"http:\/\/www.peoplesphere.be\/fr\/wp-content\/uploads\/2016\/07\/facebook-default-posting-1200x628px.jpg"}],"author":"Jean-Paul Erhard","twitter_card":"summary_large_image","twitter_creator":"@PeoplesphereMag","twitter_site":"@PeoplesphereMag","twitter_misc":{"\u00c9crit par":"Jean-Paul Erhard","Dur\u00e9e de lecture estim\u00e9e":"2 minutes"},"schema":{"@context":"https:\/\/schema.org","@graph":[{"@type":"Article","@id":"https:\/\/peoplesphere.be\/fr\/petit-dejeuner-de-ladp-liege-le-5-decembre-2025-place-a-la-mise-en-oeuvre-concrete-du-budget-mobilite\/#article","isPartOf":{"@id":"https:\/\/peoplesphere.be\/fr\/petit-dejeuner-de-ladp-liege-le-5-decembre-2025-place-a-la-mise-en-oeuvre-concrete-du-budget-mobilite\/"},"author":{"name":"Jean-Paul Erhard","@id":"https:\/\/peoplesphere.be\/fr\/#\/schema\/person\/7976225ff17988604334abb7b3536a7e"},"headline":"Petit d\u00e9jeuner de l&rsquo;ADP Li\u00e8ge le 5 d\u00e9cembre 2025 &#8211; Place \u00e0 la mise en oeuvre concr\u00e8te du Budget Mobilit\u00e9!","datePublished":"2025-11-19T09:08:30+00:00","dateModified":"2025-11-19T10:54:08+00:00","mainEntityOfPage":{"@id":"https:\/\/peoplesphere.be\/fr\/petit-dejeuner-de-ladp-liege-le-5-decembre-2025-place-a-la-mise-en-oeuvre-concrete-du-budget-mobilite\/"},"wordCount":403,"publisher":{"@id":"https:\/\/peoplesphere.be\/fr\/#organization"},"keywords":["ADP Li\u00e8ge","budget mobilit\u00e9"],"articleSection":["Actualit\u00e9s","Calendrier","Digital","Events"],"inLanguage":"fr-FR"},{"@type":"WebPage","@id":"https:\/\/peoplesphere.be\/fr\/petit-dejeuner-de-ladp-liege-le-5-decembre-2025-place-a-la-mise-en-oeuvre-concrete-du-budget-mobilite\/","url":"https:\/\/peoplesphere.be\/fr\/petit-dejeuner-de-ladp-liege-le-5-decembre-2025-place-a-la-mise-en-oeuvre-concrete-du-budget-mobilite\/","name":"Petit d\u00e9jeuner de l'ADP Li\u00e8ge le 5 d\u00e9cembre 2025 - Place \u00e0 la mise en oeuvre concr\u00e8te du Budget Mobilit\u00e9! - Peoplesphere","isPartOf":{"@id":"https:\/\/peoplesphere.be\/fr\/#website"},"datePublished":"2025-11-19T09:08:30+00:00","dateModified":"2025-11-19T10:54:08+00:00","breadcrumb":{"@id":"https:\/\/peoplesphere.be\/fr\/petit-dejeuner-de-ladp-liege-le-5-decembre-2025-place-a-la-mise-en-oeuvre-concrete-du-budget-mobilite\/#breadcrumb"},"inLanguage":"fr-FR","potentialAction":[{"@type":"ReadAction","target":["https:\/\/peoplesphere.be\/fr\/petit-dejeuner-de-ladp-liege-le-5-decembre-2025-place-a-la-mise-en-oeuvre-concrete-du-budget-mobilite\/"]}]},{"@type":"BreadcrumbList","@id":"https:\/\/peoplesphere.be\/fr\/petit-dejeuner-de-ladp-liege-le-5-decembre-2025-place-a-la-mise-en-oeuvre-concrete-du-budget-mobilite\/#breadcrumb","itemListElement":[{"@type":"ListItem","position":1,"name":"Accueil","item":"https:\/\/peoplesphere.be\/fr\/"},{"@type":"ListItem","position":2,"name":"Petit d\u00e9jeuner de l&rsquo;ADP Li\u00e8ge le 5 d\u00e9cembre 2025 &#8211; Place \u00e0 la mise en oeuvre concr\u00e8te du Budget Mobilit\u00e9!"}]},{"@type":"WebSite","@id":"https:\/\/peoplesphere.be\/fr\/#website","url":"https:\/\/peoplesphere.be\/fr\/","name":"Peoplesphere","description":"The People Managers Magazine","publisher":{"@id":"https:\/\/peoplesphere.be\/fr\/#organization"},"potentialAction":[{"@type":"SearchAction","target":{"@type":"EntryPoint","urlTemplate":"https:\/\/peoplesphere.be\/fr\/?s={search_term_string}"},"query-input":"required name=search_term_string"}],"inLanguage":"fr-FR"},{"@type":"Organization","@id":"https:\/\/peoplesphere.be\/fr\/#organization","name":"Peoplesphere Company srl","url":"https:\/\/peoplesphere.be\/fr\/","logo":{"@type":"ImageObject","inLanguage":"fr-FR","@id":"https:\/\/peoplesphere.be\/fr\/#\/schema\/logo\/image\/","url":"https:\/\/peoplesphere.be\/fr\/wp-content\/uploads\/2023\/07\/peoplesphere-lgo-new-generik.jpg","contentUrl":"https:\/\/peoplesphere.be\/fr\/wp-content\/uploads\/2023\/07\/peoplesphere-lgo-new-generik.jpg","width":1031,"height":1479,"caption":"Peoplesphere Company srl"},"image":{"@id":"https:\/\/peoplesphere.be\/fr\/#\/schema\/logo\/image\/"},"sameAs":["https:\/\/www.facebook.com\/peoplesphere","https:\/\/twitter.com\/PeoplesphereMag","https:\/\/www.linkedin.com\/company\/7587361?trk","http:\/\/youtube.com\/peoplesphere"]},{"@type":"Person","@id":"https:\/\/peoplesphere.be\/fr\/#\/schema\/person\/7976225ff17988604334abb7b3536a7e","name":"Jean-Paul Erhard","image":{"@type":"ImageObject","inLanguage":"fr-FR","@id":"https:\/\/peoplesphere.be\/fr\/#\/schema\/person\/image\/","url":"https:\/\/secure.gravatar.com\/avatar\/f941e681460179738071629a51574930?s=96&d=mm&r=g","contentUrl":"https:\/\/secure.gravatar.com\/avatar\/f941e681460179738071629a51574930?s=96&d=mm&r=g","caption":"Jean-Paul Erhard"},"url":"https:\/\/peoplesphere.be\/fr\/author\/jpe\/"}]}},"_links":{"self":[{"href":"https:\/\/peoplesphere.be\/fr\/wp-json\/wp\/v2\/posts\/18470"}],"collection":[{"href":"https:\/\/peoplesphere.be\/fr\/wp-json\/wp\/v2\/posts"}],"about":[{"href":"https:\/\/peoplesphere.be\/fr\/wp-json\/wp\/v2\/types\/post"}],"author":[{"embeddable":true,"href":"https:\/\/peoplesphere.be\/fr\/wp-json\/wp\/v2\/users\/2"}],"replies":[{"embeddable":true,"href":"https:\/\/peoplesphere.be\/fr\/wp-json\/wp\/v2\/comments?post=18470"}],"version-history":[{"count":3,"href":"https:\/\/peoplesphere.be\/fr\/wp-json\/wp\/v2\/posts\/18470\/revisions"}],"predecessor-version":[{"id":18473,"href":"https:\/\/peoplesphere.be\/fr\/wp-json\/wp\/v2\/posts\/18470\/revisions\/18473"}],"wp:attachment":[{"href":"https:\/\/peoplesphere.be\/fr\/wp-json\/wp\/v2\/media?parent=18470"}],"wp:term":[{"taxonomy":"category","embeddable":true,"href":"https:\/\/peoplesphere.be\/fr\/wp-json\/wp\/v2\/categories?post=18470"},{"taxonomy":"post_tag","embeddable":true,"href":"https:\/\/peoplesphere.be\/fr\/wp-json\/wp\/v2\/tags?post=18470"}],"curies":[{"name":"wp","href":"https:\/\/api.w.org\/{rel}","templated":true}]}}