









{"id":18510,"date":"2025-11-28T11:12:29","date_gmt":"2025-11-28T09:12:29","guid":{"rendered":"https:\/\/peoplesphere.be\/fr\/?p=18510"},"modified":"2025-11-30T11:17:14","modified_gmt":"2025-11-30T09:17:14","slug":"pour-les-generations-qui-rentrent-sur-le-marche-du-travail-cest-le-salaire-net-qui-tombe-a-la-fin-du-mois-qui-compte-avant-tout","status":"publish","type":"post","link":"https:\/\/peoplesphere.be\/fr\/pour-les-generations-qui-rentrent-sur-le-marche-du-travail-cest-le-salaire-net-qui-tombe-a-la-fin-du-mois-qui-compte-avant-tout\/","title":{"rendered":"Pour les g\u00e9n\u00e9rations qui rentrent sur le march\u00e9 du travail, c&rsquo;est le salaire net qui tombe \u00e0 la fin du mois qui compte avant tout."},"content":{"rendered":"<p>S\u2019ils veulent attirer la jeune g\u00e9n\u00e9ration, les employeurs ont tout int\u00e9r\u00eat \u00e0 proposer un salaire net plus \u00e9lev\u00e9. Selon une \u00e9tude r\u00e9alis\u00e9e par l\u2019agence de recrutement Robert Half, la G\u00e9n\u00e9ration Z accorde nettement moins d\u2019importance aux avantages extral\u00e9gaux (comme les assurances hospitalisation ou les plans d\u2019\u00e9pargne-pension).<!--more--><\/p>\n<p><em>\u00ab\u00a0Un nombre grandissant de jeunes candidats ne demandent plus quel sera leur salaire brut, mais bien le montant qu\u2019ils recevront concr\u00e8tement sur leur compte \u00e0 la fin du mois\u00a0\u00bb<\/em>, explique Jo\u00ebl Poilvache, Regional Managing Director chez Robert Half.<\/p>\n<p>La G\u00e9n\u00e9ration Z est souvent d\u00e9peinte comme trop exigeante, pas assez motiv\u00e9e ou, au contraire, comme tr\u00e8s engag\u00e9e socialement. Certains la qualifient m\u00eame de \u00ab\u00a0g\u00e9n\u00e9ration sacrifi\u00e9e\u00a0\u00bb, en r\u00e9f\u00e9rence \u00e0 leurs \u00e9tudes perturb\u00e9es par la pand\u00e9mie. La r\u00e9alit\u00e9 est plus nuanc\u00e9e. Les donn\u00e9es du Bureau of Labor Statistics d\u00e9montrent que la Gen Z est plus fortement touch\u00e9e que les autres g\u00e9n\u00e9rations par la hausse du co\u00fbt de la vie et du prix de l\u2019immobilier.<\/p>\n<p>En Belgique, les tendances vont \u00e9galement dans ce sens : selon une \u00e9tude de Deloitte*, les jeunes de la G\u00e9n\u00e9ration Z citent le co\u00fbt \u00e9lev\u00e9 de la vie comme \u00e9tant leur principale pr\u00e9occupation pour la quatri\u00e8me ann\u00e9e cons\u00e9cutive. Il n\u2019est donc pas surprenant qu\u2019ils privil\u00e9gient le salaire net par rapport \u00e0 des avantages dont les r\u00e9percussions ne pourront \u00eatre ressenties que sur le long terme.<\/p>\n<p><em>\u00ab\u00a0En r\u00e9alit\u00e9, la G\u00e9n\u00e9ration Z n\u2019est pas si diff\u00e9rente des g\u00e9n\u00e9rations pr\u00e9c\u00e9dentes au m\u00eame moment de leur vie. Ils commencent avec un salaire plus bas, construisent leur vie, \u00e9pargnent pour un logement et ressentent la pression des co\u00fbts \u00e9lev\u00e9s. Ce qui change aujourd\u2019hui, c\u2019est qu\u2019ils grandissent dans un environnement o\u00f9 l\u2019argent et l\u2019investissement sont omnipr\u00e9sents \u2013 sur les r\u00e9seaux sociaux, dans les podcasts. Ils sont ainsi fort conscientis\u00e9s par rapport \u00e0 leurs finances.\u00a0\u00bb<\/em><\/p>\n<h3><strong><em>Une curiosit\u00e9 financi\u00e8re croissante<\/em><\/strong><\/h3>\n<p>Ce rapport \u00e0 l\u2019argent, les recruteurs de Robert Half le constatent aussi dans leurs entretiens avec les candidats plus jeunes. Bon nombre de membres de la Gen Z recherchent davantage de contr\u00f4le financier, et s\u2019int\u00e9ressent aux placements ou aux alternatives au livret d\u2019\u00e9pargne traditionnel. Selon plusieurs \u00e9tudes, pr\u00e8s de la moiti\u00e9 d\u2019entre eux investissent d\u00e9j\u00e0 dans des fonds, ETF ou applications de trading (principalement parmi les jeunes dipl\u00f4m\u00e9s).<\/p>\n<p><em>\u00ab\u00a0L\u2019id\u00e9e de se constituer un patrimoine autrement que par le travail seul est bien pr\u00e9sente\u00a0\u00bb,<\/em> explique Jo\u00ebl Poilvache. \u00ab\u00a0<em>Mais ce n\u2019est pas uniquement une question de rendement rapide. La plupart cherchent surtout \u00e0 gagner en autonomie financi\u00e8re. Avec le co\u00fbt de la vie qui grimpe, ils privil\u00e9gient des revenus directs. Les avantages extral\u00e9gaux paraissent alors moins attractifs, car ils n\u2019en b\u00e9n\u00e9ficient pas imm\u00e9diatement.\u00a0\u00bb<\/em><\/p>\n<h3><strong><em>Les avantages consid\u00e9r\u00e9s comme \u00ab\u00a0monnaie courante\u00a0\u00bb<\/em><\/strong><\/h3>\n<p>M\u00eame si la G\u00e9n\u00e9ration Z ne mesure pas toujours la valeur d\u2019un plan d\u2019\u00e9pargne-pension ou d\u2019un leasing de v\u00e9lo, certains avantages sont consid\u00e9r\u00e9s comme \u00e9vidents : ch\u00e8ques-repas, assurance hospitalisation ou jours de cong\u00e9 suppl\u00e9mentaires font d\u00e9sormais partie des \u00e9l\u00e9ments classiques d\u2019un package salarial.<\/p>\n<p>La voiture de soci\u00e9t\u00e9 reste \u00e9galement populaire aupr\u00e8s des jeunes travailleurs. Chez les citadins ou ceux qui n\u2019ont pas le permis, le budget mobilit\u00e9 gagne cependant du terrain. Ce syst\u00e8me leur permet d\u2019adapter leur budget mobilit\u00e9 \u00e0 leurs besoins et, dans certains cas, de convertir une partie du budget allou\u00e9 \u00e0 leur voiture de soci\u00e9t\u00e9 en cash.<\/p>\n<h3><strong><em>Une nouvelle g\u00e9n\u00e9ration, une nouvelle vision de la r\u00e9mun\u00e9ration<\/em><\/strong><\/h3>\n<p>Selon Jo\u00ebl Poilvache, la conclusion est sans appel : la G\u00e9n\u00e9ration Z n\u2019est ni moins loyale ni moins motiv\u00e9e. Elle aborde simplement la question p\u00e9cuniaire diff\u00e9remment. <em>\u00ab\u00a0Une proposition salariale ne se r\u00e9sume pas \u00e0 un montant. Pour attirer de jeunes talents, il faut leur expliquer la valeur r\u00e9elle des avantages extral\u00e9gaux. En Belgique, ces avantages sont tr\u00e8s nombreux. Cette explication est donc essentielle. Beaucoup de jeunes travailleurs se basent principalement sur leur salaire net, mais sous-estiment la valeur \u00e0 long terme d\u2019une assurance, d\u2019un plan d\u2019\u00e9pargne-pension ou tout autre avantage.\u00a0\u00bb<\/em><\/p>\n<p>&nbsp;<\/p>\n<p><em>Source: Robert Half &#8211; enqu\u00eate men\u00e9e de mai \u00e0 juin 2025 aupr\u00e8s de 1\u2009500 r\u00e9pondants \u00e0 l\u2019aide d\u2019une m\u00e9thode de collecte de donn\u00e9es en ligne. Parmi les personnes interrog\u00e9es, nous retrouvons des employeurs (n=500) et des employ\u00e9s (n=1000) dans les domaines de la finance et de la comptabilit\u00e9, de l\u2019informatique, de l\u2019administration, des ressources humaines et du soutien administratif, ainsi que dans le domaine juridique. Elles proviennent d\u2019un \u00e9chantillon de PME (n=750) et de grandes entreprises (n=750). Il s\u2019agit d\u2019entreprises des secteurs public et priv\u00e9, ainsi que de soci\u00e9t\u00e9s cot\u00e9es en bourse, issues des trois r\u00e9gions de Belgique (Bruxelles, Flandre, Wallonie)<\/em><\/p>\n","protected":false},"excerpt":{"rendered":"<p>S\u2019ils veulent attirer la jeune g\u00e9n\u00e9ration, les employeurs ont tout int\u00e9r\u00eat \u00e0 proposer un salaire net plus \u00e9lev\u00e9. Selon une \u00e9tude r\u00e9alis\u00e9e par l\u2019agence de recrutement Robert Half, la G\u00e9n\u00e9ration Z accorde nettement moins d\u2019importance aux avantages extral\u00e9gaux (comme les [&hellip;]<\/p>\n","protected":false},"author":2,"featured_media":18511,"comment_status":"closed","ping_status":"open","sticky":false,"template":"","format":"standard","meta":[],"categories":[65,10],"tags":[646,4365,374,108],"yoast_head":"<!-- This site is optimized with the Yoast SEO plugin v21.0 - https:\/\/yoast.com\/wordpress\/plugins\/seo\/ -->\n<title>Pour les g\u00e9n\u00e9rations qui rentrent sur le march\u00e9 du travail, c&#039;est le salaire net qui tombe \u00e0 la fin du mois qui compte avant tout. - Peoplesphere<\/title>\n<meta name=\"robots\" content=\"index, follow, max-snippet:-1, max-image-preview:large, max-video-preview:-1\" \/>\n<link rel=\"canonical\" href=\"https:\/\/peoplesphere.be\/fr\/pour-les-generations-qui-rentrent-sur-le-marche-du-travail-cest-le-salaire-net-qui-tombe-a-la-fin-du-mois-qui-compte-avant-tout\/\" \/>\n<meta property=\"og:locale\" content=\"fr_FR\" \/>\n<meta property=\"og:type\" content=\"article\" \/>\n<meta property=\"og:title\" content=\"Pour les g\u00e9n\u00e9rations qui rentrent sur le march\u00e9 du travail, c&#039;est le salaire net qui tombe \u00e0 la fin du mois qui compte avant tout. - Peoplesphere\" \/>\n<meta property=\"og:description\" content=\"S\u2019ils veulent attirer la jeune g\u00e9n\u00e9ration, les employeurs ont tout int\u00e9r\u00eat \u00e0 proposer un salaire net plus \u00e9lev\u00e9. Selon une \u00e9tude r\u00e9alis\u00e9e par l\u2019agence de recrutement Robert Half, la G\u00e9n\u00e9ration Z accorde nettement moins d\u2019importance aux avantages extral\u00e9gaux (comme les [&hellip;]\" \/>\n<meta property=\"og:url\" content=\"https:\/\/peoplesphere.be\/fr\/pour-les-generations-qui-rentrent-sur-le-marche-du-travail-cest-le-salaire-net-qui-tombe-a-la-fin-du-mois-qui-compte-avant-tout\/\" \/>\n<meta property=\"og:site_name\" content=\"Peoplesphere\" \/>\n<meta property=\"article:publisher\" content=\"https:\/\/www.facebook.com\/peoplesphere\" \/>\n<meta property=\"article:published_time\" content=\"2025-11-28T09:12:29+00:00\" \/>\n<meta property=\"article:modified_time\" content=\"2025-11-30T09:17:14+00:00\" \/>\n<meta property=\"og:image\" content=\"https:\/\/peoplesphere.be\/fr\/wp-content\/uploads\/2025\/11\/20251130genZcashisking.jpg\" \/>\n\t<meta property=\"og:image:width\" content=\"1120\" \/>\n\t<meta property=\"og:image:height\" content=\"502\" \/>\n\t<meta property=\"og:image:type\" content=\"image\/jpeg\" \/>\n<meta name=\"author\" content=\"Jean-Paul Erhard\" \/>\n<meta name=\"twitter:card\" content=\"summary_large_image\" \/>\n<meta name=\"twitter:creator\" content=\"@PeoplesphereMag\" \/>\n<meta name=\"twitter:site\" content=\"@PeoplesphereMag\" \/>\n<meta name=\"twitter:label1\" content=\"\u00c9crit par\" \/>\n\t<meta name=\"twitter:data1\" content=\"Jean-Paul Erhard\" \/>\n\t<meta name=\"twitter:label2\" content=\"Dur\u00e9e de lecture estim\u00e9e\" \/>\n\t<meta name=\"twitter:data2\" content=\"4 minutes\" \/>\n<script type=\"application\/ld+json\" class=\"yoast-schema-graph\">{\"@context\":\"https:\/\/schema.org\",\"@graph\":[{\"@type\":\"Article\",\"@id\":\"https:\/\/peoplesphere.be\/fr\/pour-les-generations-qui-rentrent-sur-le-marche-du-travail-cest-le-salaire-net-qui-tombe-a-la-fin-du-mois-qui-compte-avant-tout\/#article\",\"isPartOf\":{\"@id\":\"https:\/\/peoplesphere.be\/fr\/pour-les-generations-qui-rentrent-sur-le-marche-du-travail-cest-le-salaire-net-qui-tombe-a-la-fin-du-mois-qui-compte-avant-tout\/\"},\"author\":{\"name\":\"Jean-Paul Erhard\",\"@id\":\"https:\/\/peoplesphere.be\/fr\/#\/schema\/person\/7976225ff17988604334abb7b3536a7e\"},\"headline\":\"Pour les g\u00e9n\u00e9rations qui rentrent sur le march\u00e9 du travail, c&rsquo;est le salaire net qui tombe \u00e0 la fin du mois qui compte avant tout.\",\"datePublished\":\"2025-11-28T09:12:29+00:00\",\"dateModified\":\"2025-11-30T09:17:14+00:00\",\"mainEntityOfPage\":{\"@id\":\"https:\/\/peoplesphere.be\/fr\/pour-les-generations-qui-rentrent-sur-le-marche-du-travail-cest-le-salaire-net-qui-tombe-a-la-fin-du-mois-qui-compte-avant-tout\/\"},\"wordCount\":897,\"publisher\":{\"@id\":\"https:\/\/peoplesphere.be\/fr\/#organization\"},\"keywords\":[\"g\u00e9n\u00e9rations\",\"package\",\"r\u00e9mun\u00e9rations\",\"salaires\"],\"articleSection\":[\"Actualit\u00e9s\",\"Digital\"],\"inLanguage\":\"fr-FR\"},{\"@type\":\"WebPage\",\"@id\":\"https:\/\/peoplesphere.be\/fr\/pour-les-generations-qui-rentrent-sur-le-marche-du-travail-cest-le-salaire-net-qui-tombe-a-la-fin-du-mois-qui-compte-avant-tout\/\",\"url\":\"https:\/\/peoplesphere.be\/fr\/pour-les-generations-qui-rentrent-sur-le-marche-du-travail-cest-le-salaire-net-qui-tombe-a-la-fin-du-mois-qui-compte-avant-tout\/\",\"name\":\"Pour les g\u00e9n\u00e9rations qui rentrent sur le march\u00e9 du travail, c'est le salaire net qui tombe \u00e0 la fin du mois qui compte avant tout. - Peoplesphere\",\"isPartOf\":{\"@id\":\"https:\/\/peoplesphere.be\/fr\/#website\"},\"datePublished\":\"2025-11-28T09:12:29+00:00\",\"dateModified\":\"2025-11-30T09:17:14+00:00\",\"breadcrumb\":{\"@id\":\"https:\/\/peoplesphere.be\/fr\/pour-les-generations-qui-rentrent-sur-le-marche-du-travail-cest-le-salaire-net-qui-tombe-a-la-fin-du-mois-qui-compte-avant-tout\/#breadcrumb\"},\"inLanguage\":\"fr-FR\",\"potentialAction\":[{\"@type\":\"ReadAction\",\"target\":[\"https:\/\/peoplesphere.be\/fr\/pour-les-generations-qui-rentrent-sur-le-marche-du-travail-cest-le-salaire-net-qui-tombe-a-la-fin-du-mois-qui-compte-avant-tout\/\"]}]},{\"@type\":\"BreadcrumbList\",\"@id\":\"https:\/\/peoplesphere.be\/fr\/pour-les-generations-qui-rentrent-sur-le-marche-du-travail-cest-le-salaire-net-qui-tombe-a-la-fin-du-mois-qui-compte-avant-tout\/#breadcrumb\",\"itemListElement\":[{\"@type\":\"ListItem\",\"position\":1,\"name\":\"Accueil\",\"item\":\"https:\/\/peoplesphere.be\/fr\/\"},{\"@type\":\"ListItem\",\"position\":2,\"name\":\"Pour les g\u00e9n\u00e9rations qui rentrent sur le march\u00e9 du travail, c&rsquo;est le salaire net qui tombe \u00e0 la fin du mois qui compte avant tout.\"}]},{\"@type\":\"WebSite\",\"@id\":\"https:\/\/peoplesphere.be\/fr\/#website\",\"url\":\"https:\/\/peoplesphere.be\/fr\/\",\"name\":\"Peoplesphere\",\"description\":\"The People Managers Magazine\",\"publisher\":{\"@id\":\"https:\/\/peoplesphere.be\/fr\/#organization\"},\"potentialAction\":[{\"@type\":\"SearchAction\",\"target\":{\"@type\":\"EntryPoint\",\"urlTemplate\":\"https:\/\/peoplesphere.be\/fr\/?s={search_term_string}\"},\"query-input\":\"required name=search_term_string\"}],\"inLanguage\":\"fr-FR\"},{\"@type\":\"Organization\",\"@id\":\"https:\/\/peoplesphere.be\/fr\/#organization\",\"name\":\"Peoplesphere Company srl\",\"url\":\"https:\/\/peoplesphere.be\/fr\/\",\"logo\":{\"@type\":\"ImageObject\",\"inLanguage\":\"fr-FR\",\"@id\":\"https:\/\/peoplesphere.be\/fr\/#\/schema\/logo\/image\/\",\"url\":\"https:\/\/peoplesphere.be\/fr\/wp-content\/uploads\/2023\/07\/peoplesphere-lgo-new-generik.jpg\",\"contentUrl\":\"https:\/\/peoplesphere.be\/fr\/wp-content\/uploads\/2023\/07\/peoplesphere-lgo-new-generik.jpg\",\"width\":1031,\"height\":1479,\"caption\":\"Peoplesphere Company srl\"},\"image\":{\"@id\":\"https:\/\/peoplesphere.be\/fr\/#\/schema\/logo\/image\/\"},\"sameAs\":[\"https:\/\/www.facebook.com\/peoplesphere\",\"https:\/\/twitter.com\/PeoplesphereMag\",\"https:\/\/www.linkedin.com\/company\/7587361?trk\",\"http:\/\/youtube.com\/peoplesphere\"]},{\"@type\":\"Person\",\"@id\":\"https:\/\/peoplesphere.be\/fr\/#\/schema\/person\/7976225ff17988604334abb7b3536a7e\",\"name\":\"Jean-Paul Erhard\",\"image\":{\"@type\":\"ImageObject\",\"inLanguage\":\"fr-FR\",\"@id\":\"https:\/\/peoplesphere.be\/fr\/#\/schema\/person\/image\/\",\"url\":\"https:\/\/secure.gravatar.com\/avatar\/f941e681460179738071629a51574930?s=96&d=mm&r=g\",\"contentUrl\":\"https:\/\/secure.gravatar.com\/avatar\/f941e681460179738071629a51574930?s=96&d=mm&r=g\",\"caption\":\"Jean-Paul Erhard\"},\"url\":\"https:\/\/peoplesphere.be\/fr\/author\/jpe\/\"}]}<\/script>\n<!-- \/ Yoast SEO plugin. -->","yoast_head_json":{"title":"Pour les g\u00e9n\u00e9rations qui rentrent sur le march\u00e9 du travail, c'est le salaire net qui tombe \u00e0 la fin du mois qui compte avant tout. - Peoplesphere","robots":{"index":"index","follow":"follow","max-snippet":"max-snippet:-1","max-image-preview":"max-image-preview:large","max-video-preview":"max-video-preview:-1"},"canonical":"https:\/\/peoplesphere.be\/fr\/pour-les-generations-qui-rentrent-sur-le-marche-du-travail-cest-le-salaire-net-qui-tombe-a-la-fin-du-mois-qui-compte-avant-tout\/","og_locale":"fr_FR","og_type":"article","og_title":"Pour les g\u00e9n\u00e9rations qui rentrent sur le march\u00e9 du travail, c'est le salaire net qui tombe \u00e0 la fin du mois qui compte avant tout. - Peoplesphere","og_description":"S\u2019ils veulent attirer la jeune g\u00e9n\u00e9ration, les employeurs ont tout int\u00e9r\u00eat \u00e0 proposer un salaire net plus \u00e9lev\u00e9. Selon une \u00e9tude r\u00e9alis\u00e9e par l\u2019agence de recrutement Robert Half, la G\u00e9n\u00e9ration Z accorde nettement moins d\u2019importance aux avantages extral\u00e9gaux (comme les [&hellip;]","og_url":"https:\/\/peoplesphere.be\/fr\/pour-les-generations-qui-rentrent-sur-le-marche-du-travail-cest-le-salaire-net-qui-tombe-a-la-fin-du-mois-qui-compte-avant-tout\/","og_site_name":"Peoplesphere","article_publisher":"https:\/\/www.facebook.com\/peoplesphere","article_published_time":"2025-11-28T09:12:29+00:00","article_modified_time":"2025-11-30T09:17:14+00:00","og_image":[{"width":1120,"height":502,"url":"https:\/\/peoplesphere.be\/fr\/wp-content\/uploads\/2025\/11\/20251130genZcashisking.jpg","type":"image\/jpeg"}],"author":"Jean-Paul Erhard","twitter_card":"summary_large_image","twitter_creator":"@PeoplesphereMag","twitter_site":"@PeoplesphereMag","twitter_misc":{"\u00c9crit par":"Jean-Paul Erhard","Dur\u00e9e de lecture estim\u00e9e":"4 minutes"},"schema":{"@context":"https:\/\/schema.org","@graph":[{"@type":"Article","@id":"https:\/\/peoplesphere.be\/fr\/pour-les-generations-qui-rentrent-sur-le-marche-du-travail-cest-le-salaire-net-qui-tombe-a-la-fin-du-mois-qui-compte-avant-tout\/#article","isPartOf":{"@id":"https:\/\/peoplesphere.be\/fr\/pour-les-generations-qui-rentrent-sur-le-marche-du-travail-cest-le-salaire-net-qui-tombe-a-la-fin-du-mois-qui-compte-avant-tout\/"},"author":{"name":"Jean-Paul Erhard","@id":"https:\/\/peoplesphere.be\/fr\/#\/schema\/person\/7976225ff17988604334abb7b3536a7e"},"headline":"Pour les g\u00e9n\u00e9rations qui rentrent sur le march\u00e9 du travail, c&rsquo;est le salaire net qui tombe \u00e0 la fin du mois qui compte avant tout.","datePublished":"2025-11-28T09:12:29+00:00","dateModified":"2025-11-30T09:17:14+00:00","mainEntityOfPage":{"@id":"https:\/\/peoplesphere.be\/fr\/pour-les-generations-qui-rentrent-sur-le-marche-du-travail-cest-le-salaire-net-qui-tombe-a-la-fin-du-mois-qui-compte-avant-tout\/"},"wordCount":897,"publisher":{"@id":"https:\/\/peoplesphere.be\/fr\/#organization"},"keywords":["g\u00e9n\u00e9rations","package","r\u00e9mun\u00e9rations","salaires"],"articleSection":["Actualit\u00e9s","Digital"],"inLanguage":"fr-FR"},{"@type":"WebPage","@id":"https:\/\/peoplesphere.be\/fr\/pour-les-generations-qui-rentrent-sur-le-marche-du-travail-cest-le-salaire-net-qui-tombe-a-la-fin-du-mois-qui-compte-avant-tout\/","url":"https:\/\/peoplesphere.be\/fr\/pour-les-generations-qui-rentrent-sur-le-marche-du-travail-cest-le-salaire-net-qui-tombe-a-la-fin-du-mois-qui-compte-avant-tout\/","name":"Pour les g\u00e9n\u00e9rations qui rentrent sur le march\u00e9 du travail, c'est le salaire net qui tombe \u00e0 la fin du mois qui compte avant tout. - Peoplesphere","isPartOf":{"@id":"https:\/\/peoplesphere.be\/fr\/#website"},"datePublished":"2025-11-28T09:12:29+00:00","dateModified":"2025-11-30T09:17:14+00:00","breadcrumb":{"@id":"https:\/\/peoplesphere.be\/fr\/pour-les-generations-qui-rentrent-sur-le-marche-du-travail-cest-le-salaire-net-qui-tombe-a-la-fin-du-mois-qui-compte-avant-tout\/#breadcrumb"},"inLanguage":"fr-FR","potentialAction":[{"@type":"ReadAction","target":["https:\/\/peoplesphere.be\/fr\/pour-les-generations-qui-rentrent-sur-le-marche-du-travail-cest-le-salaire-net-qui-tombe-a-la-fin-du-mois-qui-compte-avant-tout\/"]}]},{"@type":"BreadcrumbList","@id":"https:\/\/peoplesphere.be\/fr\/pour-les-generations-qui-rentrent-sur-le-marche-du-travail-cest-le-salaire-net-qui-tombe-a-la-fin-du-mois-qui-compte-avant-tout\/#breadcrumb","itemListElement":[{"@type":"ListItem","position":1,"name":"Accueil","item":"https:\/\/peoplesphere.be\/fr\/"},{"@type":"ListItem","position":2,"name":"Pour les g\u00e9n\u00e9rations qui rentrent sur le march\u00e9 du travail, c&rsquo;est le salaire net qui tombe \u00e0 la fin du mois qui compte avant tout."}]},{"@type":"WebSite","@id":"https:\/\/peoplesphere.be\/fr\/#website","url":"https:\/\/peoplesphere.be\/fr\/","name":"Peoplesphere","description":"The People Managers Magazine","publisher":{"@id":"https:\/\/peoplesphere.be\/fr\/#organization"},"potentialAction":[{"@type":"SearchAction","target":{"@type":"EntryPoint","urlTemplate":"https:\/\/peoplesphere.be\/fr\/?s={search_term_string}"},"query-input":"required name=search_term_string"}],"inLanguage":"fr-FR"},{"@type":"Organization","@id":"https:\/\/peoplesphere.be\/fr\/#organization","name":"Peoplesphere Company srl","url":"https:\/\/peoplesphere.be\/fr\/","logo":{"@type":"ImageObject","inLanguage":"fr-FR","@id":"https:\/\/peoplesphere.be\/fr\/#\/schema\/logo\/image\/","url":"https:\/\/peoplesphere.be\/fr\/wp-content\/uploads\/2023\/07\/peoplesphere-lgo-new-generik.jpg","contentUrl":"https:\/\/peoplesphere.be\/fr\/wp-content\/uploads\/2023\/07\/peoplesphere-lgo-new-generik.jpg","width":1031,"height":1479,"caption":"Peoplesphere Company srl"},"image":{"@id":"https:\/\/peoplesphere.be\/fr\/#\/schema\/logo\/image\/"},"sameAs":["https:\/\/www.facebook.com\/peoplesphere","https:\/\/twitter.com\/PeoplesphereMag","https:\/\/www.linkedin.com\/company\/7587361?trk","http:\/\/youtube.com\/peoplesphere"]},{"@type":"Person","@id":"https:\/\/peoplesphere.be\/fr\/#\/schema\/person\/7976225ff17988604334abb7b3536a7e","name":"Jean-Paul Erhard","image":{"@type":"ImageObject","inLanguage":"fr-FR","@id":"https:\/\/peoplesphere.be\/fr\/#\/schema\/person\/image\/","url":"https:\/\/secure.gravatar.com\/avatar\/f941e681460179738071629a51574930?s=96&d=mm&r=g","contentUrl":"https:\/\/secure.gravatar.com\/avatar\/f941e681460179738071629a51574930?s=96&d=mm&r=g","caption":"Jean-Paul Erhard"},"url":"https:\/\/peoplesphere.be\/fr\/author\/jpe\/"}]}},"_links":{"self":[{"href":"https:\/\/peoplesphere.be\/fr\/wp-json\/wp\/v2\/posts\/18510"}],"collection":[{"href":"https:\/\/peoplesphere.be\/fr\/wp-json\/wp\/v2\/posts"}],"about":[{"href":"https:\/\/peoplesphere.be\/fr\/wp-json\/wp\/v2\/types\/post"}],"author":[{"embeddable":true,"href":"https:\/\/peoplesphere.be\/fr\/wp-json\/wp\/v2\/users\/2"}],"replies":[{"embeddable":true,"href":"https:\/\/peoplesphere.be\/fr\/wp-json\/wp\/v2\/comments?post=18510"}],"version-history":[{"count":1,"href":"https:\/\/peoplesphere.be\/fr\/wp-json\/wp\/v2\/posts\/18510\/revisions"}],"predecessor-version":[{"id":18512,"href":"https:\/\/peoplesphere.be\/fr\/wp-json\/wp\/v2\/posts\/18510\/revisions\/18512"}],"wp:featuredmedia":[{"embeddable":true,"href":"https:\/\/peoplesphere.be\/fr\/wp-json\/wp\/v2\/media\/18511"}],"wp:attachment":[{"href":"https:\/\/peoplesphere.be\/fr\/wp-json\/wp\/v2\/media?parent=18510"}],"wp:term":[{"taxonomy":"category","embeddable":true,"href":"https:\/\/peoplesphere.be\/fr\/wp-json\/wp\/v2\/categories?post=18510"},{"taxonomy":"post_tag","embeddable":true,"href":"https:\/\/peoplesphere.be\/fr\/wp-json\/wp\/v2\/tags?post=18510"}],"curies":[{"name":"wp","href":"https:\/\/api.w.org\/{rel}","templated":true}]}}