









{"id":18522,"date":"2025-12-03T09:39:00","date_gmt":"2025-12-03T07:39:00","guid":{"rendered":"https:\/\/peoplesphere.be\/fr\/?p=18522"},"modified":"2025-12-03T09:39:00","modified_gmt":"2025-12-03T07:39:00","slug":"la-belgique-reste-a-la-traine-en-matiere-demploi-des-personnes-en-situation-de-handicap","status":"publish","type":"post","link":"https:\/\/peoplesphere.be\/fr\/la-belgique-reste-a-la-traine-en-matiere-demploi-des-personnes-en-situation-de-handicap\/","title":{"rendered":"La Belgique reste \u00e0 la tra\u00eene en mati\u00e8re d\u2019emploi des personnes en situation de handicap."},"content":{"rendered":"<p>Selon Statbel, en 2024, le taux moyen d\u2019emploi des personnes en situation de handicap en Belgique en 2024 n\u2019atteignait que 45% contre 78% pour celles sans handicap. Cet \u00e9cart en mati\u00e8re d\u2019emploi est nettement plus important que dans nos pays voisins.<!--more--><\/p>\n<p>Les chiffres r\u00e9v\u00e8lent que la Belgique reste \u00e0 la tra\u00eene en mati\u00e8re d\u2019emploi des personnes en situation de handicap. En 2024, le taux d\u2019emploi pour ce groupe n\u2019atteignait que 45%, contre un taux d\u2019emploi g\u00e9n\u00e9ral de 73%. \u202fPour les personnes sans handicap, ce taux s\u2019\u00e9l\u00e8ve \u00e0 78%.\u202f(Statbel-Labour Force Survey)<\/p>\n<p><em>\u00ab\u00a0Il est clair que notre pays doit faire \u00e9voluer la situation de l\u2019emploi des personnes en situation de handicap. Le travail est une garantie essentielle contre la pauvret\u00e9 et favorise l\u2019autonomie ainsi que l\u2019inclusion dans la soci\u00e9t\u00e9. Un \u00e9l\u00e9ment cl\u00e9 est l\u2019augmentation du taux d\u2019emploi. Il est crucial de donner \u00e0 davantage de personnes en situation de handicap l\u2019opportunit\u00e9 de travailler si nous voulons atteindre l\u2019objectif g\u00e9n\u00e9ral de 80 % de taux d\u2019emploi pour la population belge d\u2019ici 2029.\u00a0\u00bb<\/em> explique Rob Beenders, Ministre des Personnes handicap\u00e9es et de l\u2019Egalit\u00e9 des chances.<\/p>\n<h3><strong><em>Nos pays voisins font mieux<\/em><\/strong><\/h3>\n<p>La Belgique figure parmi les sept pays les moins performants de l\u2019UE en ce qui concerne le Disability Employment Gap. Il s\u2019agit de l\u2019\u00e9cart d\u2019emploi entre personnes avec et sans handicap. La Belgique affiche un \u00e9cart de 33 points de pourcentage. La France, les Pays-Bas et l\u2019Allemagne font nettement mieux avec tous des \u00e9carts inf\u00e9rieurs \u00e0 la moyenne europ\u00e9enne de 24 points de pourcentage. Il est toutefois important de noter que nos pays voisins ont \u00e9galement un taux d\u2019activit\u00e9 g\u00e9n\u00e9ral plus \u00e9lev\u00e9 qu\u2019en Belgique.<\/p>\n<h3><strong><em>Quotas obligatoires, avec sanctions<\/em><\/strong><\/h3>\n<p>En Belgique, des quotas existent dans le secteur public. Au sein de l\u2019administration f\u00e9d\u00e9rale, le taux d\u2019emploi des personnes en situation de handicap \u00e9tait de 1,36% en 2024. Ce chiffre reste bien en dessous du quota l\u00e9gal de 3%. En 2024, seuls la Caisse auxiliaire de paiement des allocations de ch\u00f4mage (3,62%) et le SPF S\u00e9curit\u00e9 sociale (4,46%) ont atteint ce pourcentage.<\/p>\n<p><em>\u00ab\u00a0Une personne sur quatre a un handicap, mais dans le secteur public, seule une petite minorit\u00e9 est repr\u00e9sent\u00e9e. Cela doit changer. Outre de nombreuses mesures d\u2019accompagnement pour encourager l\u2019inclusion, j\u2019instaure un m\u00e9canisme de responsabilisation qui oblige les administrations ne respectant pas, ann\u00e9e apr\u00e8s ann\u00e9e, l\u2019objectif de 3 % \u00e0 r\u00e9server des moyens pour employer des personnes en situation de handicap. L\u2019emploi inclusif est le moteur d\u2019une soci\u00e9t\u00e9 plus juste et r\u00e9siliente, et il appartient aux services publics de montrer l\u2019exemple.\u00a0\u00bb<\/em> poursuit Vanessa Matz, Ministre de l&rsquo;Action et de la Modernisation publiques.<\/p>\n<h3><strong><em>Travailler en vaut-il la peine, aussi pour les personnes en situation de handicap ?<\/em><\/strong><\/h3>\n<p>En Belgique, une personne en situation de handicap qui souhaite travailler risque de perdre (en partie ou totalement) certaines allocations. Cela constitue un obstacle majeur pour beaucoup.<br \/>\n<em>\u00ab\u00a0Les gens ont souvent du mal \u00e0 \u00e9valuer combien ils peuvent gagner sans perdre certaines allocations. C\u2019est compr\u00e9hensible, car la l\u00e9gislation est complexe et peu flexible. Nous voulons apporter plus de clart\u00e9 \u00e0 terme, afin que les combinaisons travail et allocations soient simples et pr\u00e9visibles.\u00a0\u00bb<\/em> poursuit le Ministre Beenders.<\/p>\n<h3><strong><em>Plan f\u00e9d\u00e9ral Handicap 2025-2029<\/em><\/strong><\/h3>\n<p>Les chiffres constituent un point de d\u00e9part important pour le Plan f\u00e9d\u00e9ral Handicap 2025\u20132029 du gouvernement, coordonn\u00e9 par le ministre Rob Beenders. Les actions propos\u00e9es peuvent contribuer \u00e0 un march\u00e9 du travail plus inclusif.<\/p>\n<p><em>\u00ab\u00a0Avec ce plan d\u2019action, nous voulons garantir le droit au travail. Dans ce cadre, nous examinons, avec les ministres f\u00e9d\u00e9raux comp\u00e9tents, comment promouvoir l\u2019emploi des personnes en situation de handicap pendant cette l\u00e9gislature. Je pense par exemple au droit \u00e0 des am\u00e9nagements raisonnables sur le lieu de travail, un levier crucial pour l\u2019inclusion.\u00a0\u00bb<\/em> conclut le Ministre Beenders.<\/p>\n<p>Ce 3 d\u00e9cembre, le SPF S\u00e9curit\u00e9 sociale organise la conf\u00e9rence <em>\u00ab\u00a0Handicap : chaque talent compte\u00a0\u00bb<\/em> \u00e0 Bruxelles. Les d\u00e9cideurs politiques, employeurs, experts et personnes de terrain dialogueront sur la mani\u00e8re de collaborer pour un march\u00e9 du travail plus inclusif. Cette conf\u00e9rence s\u2019inscrit dans le cadre du Plan f\u00e9d\u00e9ral Handicap 2025\u20132029 et vise \u00e0 fournir des outils concrets pour plus d\u2019inclusion sur le lieu de travail.<\/p>\n<p>&nbsp;<\/p>\n<p><em>Source: Service public f\u00e9d\u00e9ral (SPF) S\u00e9curit\u00e9 sociale<\/em><\/p>\n","protected":false},"excerpt":{"rendered":"<p>Selon Statbel, en 2024, le taux moyen d\u2019emploi des personnes en situation de handicap en Belgique en 2024 n\u2019atteignait que 45% contre 78% pour celles sans handicap. Cet \u00e9cart en mati\u00e8re d\u2019emploi est nettement plus important que dans nos pays [&hellip;]<\/p>\n","protected":false},"author":2,"featured_media":0,"comment_status":"closed","ping_status":"open","sticky":false,"template":"","format":"standard","meta":[],"categories":[65,10],"tags":[391,544,395,394],"yoast_head":"<!-- This site is optimized with the Yoast SEO plugin v21.0 - https:\/\/yoast.com\/wordpress\/plugins\/seo\/ -->\n<title>La Belgique reste \u00e0 la tra\u00eene en mati\u00e8re d\u2019emploi des personnes en situation de handicap. - Peoplesphere<\/title>\n<meta name=\"robots\" content=\"index, follow, max-snippet:-1, max-image-preview:large, max-video-preview:-1\" \/>\n<link rel=\"canonical\" href=\"https:\/\/peoplesphere.be\/fr\/la-belgique-reste-a-la-traine-en-matiere-demploi-des-personnes-en-situation-de-handicap\/\" \/>\n<meta property=\"og:locale\" content=\"fr_FR\" \/>\n<meta property=\"og:type\" content=\"article\" \/>\n<meta property=\"og:title\" content=\"La Belgique reste \u00e0 la tra\u00eene en mati\u00e8re d\u2019emploi des personnes en situation de handicap. - Peoplesphere\" \/>\n<meta property=\"og:description\" content=\"Selon Statbel, en 2024, le taux moyen d\u2019emploi des personnes en situation de handicap en Belgique en 2024 n\u2019atteignait que 45% contre 78% pour celles sans handicap. Cet \u00e9cart en mati\u00e8re d\u2019emploi est nettement plus important que dans nos pays [&hellip;]\" \/>\n<meta property=\"og:url\" content=\"https:\/\/peoplesphere.be\/fr\/la-belgique-reste-a-la-traine-en-matiere-demploi-des-personnes-en-situation-de-handicap\/\" \/>\n<meta property=\"og:site_name\" content=\"Peoplesphere\" \/>\n<meta property=\"article:publisher\" content=\"https:\/\/www.facebook.com\/peoplesphere\" \/>\n<meta property=\"article:published_time\" content=\"2025-12-03T07:39:00+00:00\" \/>\n<meta property=\"og:image\" content=\"http:\/\/www.peoplesphere.be\/fr\/wp-content\/uploads\/2016\/07\/facebook-default-posting-1200x628px.jpg\" \/>\n<meta name=\"author\" content=\"Jean-Paul Erhard\" \/>\n<meta name=\"twitter:card\" content=\"summary_large_image\" \/>\n<meta name=\"twitter:creator\" content=\"@PeoplesphereMag\" \/>\n<meta name=\"twitter:site\" content=\"@PeoplesphereMag\" \/>\n<meta name=\"twitter:label1\" content=\"\u00c9crit par\" \/>\n\t<meta name=\"twitter:data1\" content=\"Jean-Paul Erhard\" \/>\n\t<meta name=\"twitter:label2\" content=\"Dur\u00e9e de lecture estim\u00e9e\" \/>\n\t<meta name=\"twitter:data2\" content=\"4 minutes\" \/>\n<script type=\"application\/ld+json\" class=\"yoast-schema-graph\">{\"@context\":\"https:\/\/schema.org\",\"@graph\":[{\"@type\":\"Article\",\"@id\":\"https:\/\/peoplesphere.be\/fr\/la-belgique-reste-a-la-traine-en-matiere-demploi-des-personnes-en-situation-de-handicap\/#article\",\"isPartOf\":{\"@id\":\"https:\/\/peoplesphere.be\/fr\/la-belgique-reste-a-la-traine-en-matiere-demploi-des-personnes-en-situation-de-handicap\/\"},\"author\":{\"name\":\"Jean-Paul Erhard\",\"@id\":\"https:\/\/peoplesphere.be\/fr\/#\/schema\/person\/7976225ff17988604334abb7b3536a7e\"},\"headline\":\"La Belgique reste \u00e0 la tra\u00eene en mati\u00e8re d\u2019emploi des personnes en situation de handicap.\",\"datePublished\":\"2025-12-03T07:39:00+00:00\",\"dateModified\":\"2025-12-03T07:39:00+00:00\",\"mainEntityOfPage\":{\"@id\":\"https:\/\/peoplesphere.be\/fr\/la-belgique-reste-a-la-traine-en-matiere-demploi-des-personnes-en-situation-de-handicap\/\"},\"wordCount\":762,\"publisher\":{\"@id\":\"https:\/\/peoplesphere.be\/fr\/#organization\"},\"keywords\":[\"handicap\",\"inclusion\",\"quotas\",\"taux d'emploi\"],\"articleSection\":[\"Actualit\u00e9s\",\"Digital\"],\"inLanguage\":\"fr-FR\"},{\"@type\":\"WebPage\",\"@id\":\"https:\/\/peoplesphere.be\/fr\/la-belgique-reste-a-la-traine-en-matiere-demploi-des-personnes-en-situation-de-handicap\/\",\"url\":\"https:\/\/peoplesphere.be\/fr\/la-belgique-reste-a-la-traine-en-matiere-demploi-des-personnes-en-situation-de-handicap\/\",\"name\":\"La Belgique reste \u00e0 la tra\u00eene en mati\u00e8re d\u2019emploi des personnes en situation de handicap. - Peoplesphere\",\"isPartOf\":{\"@id\":\"https:\/\/peoplesphere.be\/fr\/#website\"},\"datePublished\":\"2025-12-03T07:39:00+00:00\",\"dateModified\":\"2025-12-03T07:39:00+00:00\",\"breadcrumb\":{\"@id\":\"https:\/\/peoplesphere.be\/fr\/la-belgique-reste-a-la-traine-en-matiere-demploi-des-personnes-en-situation-de-handicap\/#breadcrumb\"},\"inLanguage\":\"fr-FR\",\"potentialAction\":[{\"@type\":\"ReadAction\",\"target\":[\"https:\/\/peoplesphere.be\/fr\/la-belgique-reste-a-la-traine-en-matiere-demploi-des-personnes-en-situation-de-handicap\/\"]}]},{\"@type\":\"BreadcrumbList\",\"@id\":\"https:\/\/peoplesphere.be\/fr\/la-belgique-reste-a-la-traine-en-matiere-demploi-des-personnes-en-situation-de-handicap\/#breadcrumb\",\"itemListElement\":[{\"@type\":\"ListItem\",\"position\":1,\"name\":\"Accueil\",\"item\":\"https:\/\/peoplesphere.be\/fr\/\"},{\"@type\":\"ListItem\",\"position\":2,\"name\":\"La Belgique reste \u00e0 la tra\u00eene en mati\u00e8re d\u2019emploi des personnes en situation de handicap.\"}]},{\"@type\":\"WebSite\",\"@id\":\"https:\/\/peoplesphere.be\/fr\/#website\",\"url\":\"https:\/\/peoplesphere.be\/fr\/\",\"name\":\"Peoplesphere\",\"description\":\"The People Managers Magazine\",\"publisher\":{\"@id\":\"https:\/\/peoplesphere.be\/fr\/#organization\"},\"potentialAction\":[{\"@type\":\"SearchAction\",\"target\":{\"@type\":\"EntryPoint\",\"urlTemplate\":\"https:\/\/peoplesphere.be\/fr\/?s={search_term_string}\"},\"query-input\":\"required name=search_term_string\"}],\"inLanguage\":\"fr-FR\"},{\"@type\":\"Organization\",\"@id\":\"https:\/\/peoplesphere.be\/fr\/#organization\",\"name\":\"Peoplesphere Company srl\",\"url\":\"https:\/\/peoplesphere.be\/fr\/\",\"logo\":{\"@type\":\"ImageObject\",\"inLanguage\":\"fr-FR\",\"@id\":\"https:\/\/peoplesphere.be\/fr\/#\/schema\/logo\/image\/\",\"url\":\"https:\/\/peoplesphere.be\/fr\/wp-content\/uploads\/2023\/07\/peoplesphere-lgo-new-generik.jpg\",\"contentUrl\":\"https:\/\/peoplesphere.be\/fr\/wp-content\/uploads\/2023\/07\/peoplesphere-lgo-new-generik.jpg\",\"width\":1031,\"height\":1479,\"caption\":\"Peoplesphere Company srl\"},\"image\":{\"@id\":\"https:\/\/peoplesphere.be\/fr\/#\/schema\/logo\/image\/\"},\"sameAs\":[\"https:\/\/www.facebook.com\/peoplesphere\",\"https:\/\/twitter.com\/PeoplesphereMag\",\"https:\/\/www.linkedin.com\/company\/7587361?trk\",\"http:\/\/youtube.com\/peoplesphere\"]},{\"@type\":\"Person\",\"@id\":\"https:\/\/peoplesphere.be\/fr\/#\/schema\/person\/7976225ff17988604334abb7b3536a7e\",\"name\":\"Jean-Paul Erhard\",\"image\":{\"@type\":\"ImageObject\",\"inLanguage\":\"fr-FR\",\"@id\":\"https:\/\/peoplesphere.be\/fr\/#\/schema\/person\/image\/\",\"url\":\"https:\/\/secure.gravatar.com\/avatar\/f941e681460179738071629a51574930?s=96&d=mm&r=g\",\"contentUrl\":\"https:\/\/secure.gravatar.com\/avatar\/f941e681460179738071629a51574930?s=96&d=mm&r=g\",\"caption\":\"Jean-Paul Erhard\"},\"url\":\"https:\/\/peoplesphere.be\/fr\/author\/jpe\/\"}]}<\/script>\n<!-- \/ Yoast SEO plugin. -->","yoast_head_json":{"title":"La Belgique reste \u00e0 la tra\u00eene en mati\u00e8re d\u2019emploi des personnes en situation de handicap. - Peoplesphere","robots":{"index":"index","follow":"follow","max-snippet":"max-snippet:-1","max-image-preview":"max-image-preview:large","max-video-preview":"max-video-preview:-1"},"canonical":"https:\/\/peoplesphere.be\/fr\/la-belgique-reste-a-la-traine-en-matiere-demploi-des-personnes-en-situation-de-handicap\/","og_locale":"fr_FR","og_type":"article","og_title":"La Belgique reste \u00e0 la tra\u00eene en mati\u00e8re d\u2019emploi des personnes en situation de handicap. - Peoplesphere","og_description":"Selon Statbel, en 2024, le taux moyen d\u2019emploi des personnes en situation de handicap en Belgique en 2024 n\u2019atteignait que 45% contre 78% pour celles sans handicap. Cet \u00e9cart en mati\u00e8re d\u2019emploi est nettement plus important que dans nos pays [&hellip;]","og_url":"https:\/\/peoplesphere.be\/fr\/la-belgique-reste-a-la-traine-en-matiere-demploi-des-personnes-en-situation-de-handicap\/","og_site_name":"Peoplesphere","article_publisher":"https:\/\/www.facebook.com\/peoplesphere","article_published_time":"2025-12-03T07:39:00+00:00","og_image":[{"url":"http:\/\/www.peoplesphere.be\/fr\/wp-content\/uploads\/2016\/07\/facebook-default-posting-1200x628px.jpg"}],"author":"Jean-Paul Erhard","twitter_card":"summary_large_image","twitter_creator":"@PeoplesphereMag","twitter_site":"@PeoplesphereMag","twitter_misc":{"\u00c9crit par":"Jean-Paul Erhard","Dur\u00e9e de lecture estim\u00e9e":"4 minutes"},"schema":{"@context":"https:\/\/schema.org","@graph":[{"@type":"Article","@id":"https:\/\/peoplesphere.be\/fr\/la-belgique-reste-a-la-traine-en-matiere-demploi-des-personnes-en-situation-de-handicap\/#article","isPartOf":{"@id":"https:\/\/peoplesphere.be\/fr\/la-belgique-reste-a-la-traine-en-matiere-demploi-des-personnes-en-situation-de-handicap\/"},"author":{"name":"Jean-Paul Erhard","@id":"https:\/\/peoplesphere.be\/fr\/#\/schema\/person\/7976225ff17988604334abb7b3536a7e"},"headline":"La Belgique reste \u00e0 la tra\u00eene en mati\u00e8re d\u2019emploi des personnes en situation de handicap.","datePublished":"2025-12-03T07:39:00+00:00","dateModified":"2025-12-03T07:39:00+00:00","mainEntityOfPage":{"@id":"https:\/\/peoplesphere.be\/fr\/la-belgique-reste-a-la-traine-en-matiere-demploi-des-personnes-en-situation-de-handicap\/"},"wordCount":762,"publisher":{"@id":"https:\/\/peoplesphere.be\/fr\/#organization"},"keywords":["handicap","inclusion","quotas","taux d'emploi"],"articleSection":["Actualit\u00e9s","Digital"],"inLanguage":"fr-FR"},{"@type":"WebPage","@id":"https:\/\/peoplesphere.be\/fr\/la-belgique-reste-a-la-traine-en-matiere-demploi-des-personnes-en-situation-de-handicap\/","url":"https:\/\/peoplesphere.be\/fr\/la-belgique-reste-a-la-traine-en-matiere-demploi-des-personnes-en-situation-de-handicap\/","name":"La Belgique reste \u00e0 la tra\u00eene en mati\u00e8re d\u2019emploi des personnes en situation de handicap. - Peoplesphere","isPartOf":{"@id":"https:\/\/peoplesphere.be\/fr\/#website"},"datePublished":"2025-12-03T07:39:00+00:00","dateModified":"2025-12-03T07:39:00+00:00","breadcrumb":{"@id":"https:\/\/peoplesphere.be\/fr\/la-belgique-reste-a-la-traine-en-matiere-demploi-des-personnes-en-situation-de-handicap\/#breadcrumb"},"inLanguage":"fr-FR","potentialAction":[{"@type":"ReadAction","target":["https:\/\/peoplesphere.be\/fr\/la-belgique-reste-a-la-traine-en-matiere-demploi-des-personnes-en-situation-de-handicap\/"]}]},{"@type":"BreadcrumbList","@id":"https:\/\/peoplesphere.be\/fr\/la-belgique-reste-a-la-traine-en-matiere-demploi-des-personnes-en-situation-de-handicap\/#breadcrumb","itemListElement":[{"@type":"ListItem","position":1,"name":"Accueil","item":"https:\/\/peoplesphere.be\/fr\/"},{"@type":"ListItem","position":2,"name":"La Belgique reste \u00e0 la tra\u00eene en mati\u00e8re d\u2019emploi des personnes en situation de handicap."}]},{"@type":"WebSite","@id":"https:\/\/peoplesphere.be\/fr\/#website","url":"https:\/\/peoplesphere.be\/fr\/","name":"Peoplesphere","description":"The People Managers Magazine","publisher":{"@id":"https:\/\/peoplesphere.be\/fr\/#organization"},"potentialAction":[{"@type":"SearchAction","target":{"@type":"EntryPoint","urlTemplate":"https:\/\/peoplesphere.be\/fr\/?s={search_term_string}"},"query-input":"required name=search_term_string"}],"inLanguage":"fr-FR"},{"@type":"Organization","@id":"https:\/\/peoplesphere.be\/fr\/#organization","name":"Peoplesphere Company srl","url":"https:\/\/peoplesphere.be\/fr\/","logo":{"@type":"ImageObject","inLanguage":"fr-FR","@id":"https:\/\/peoplesphere.be\/fr\/#\/schema\/logo\/image\/","url":"https:\/\/peoplesphere.be\/fr\/wp-content\/uploads\/2023\/07\/peoplesphere-lgo-new-generik.jpg","contentUrl":"https:\/\/peoplesphere.be\/fr\/wp-content\/uploads\/2023\/07\/peoplesphere-lgo-new-generik.jpg","width":1031,"height":1479,"caption":"Peoplesphere Company srl"},"image":{"@id":"https:\/\/peoplesphere.be\/fr\/#\/schema\/logo\/image\/"},"sameAs":["https:\/\/www.facebook.com\/peoplesphere","https:\/\/twitter.com\/PeoplesphereMag","https:\/\/www.linkedin.com\/company\/7587361?trk","http:\/\/youtube.com\/peoplesphere"]},{"@type":"Person","@id":"https:\/\/peoplesphere.be\/fr\/#\/schema\/person\/7976225ff17988604334abb7b3536a7e","name":"Jean-Paul Erhard","image":{"@type":"ImageObject","inLanguage":"fr-FR","@id":"https:\/\/peoplesphere.be\/fr\/#\/schema\/person\/image\/","url":"https:\/\/secure.gravatar.com\/avatar\/f941e681460179738071629a51574930?s=96&d=mm&r=g","contentUrl":"https:\/\/secure.gravatar.com\/avatar\/f941e681460179738071629a51574930?s=96&d=mm&r=g","caption":"Jean-Paul Erhard"},"url":"https:\/\/peoplesphere.be\/fr\/author\/jpe\/"}]}},"_links":{"self":[{"href":"https:\/\/peoplesphere.be\/fr\/wp-json\/wp\/v2\/posts\/18522"}],"collection":[{"href":"https:\/\/peoplesphere.be\/fr\/wp-json\/wp\/v2\/posts"}],"about":[{"href":"https:\/\/peoplesphere.be\/fr\/wp-json\/wp\/v2\/types\/post"}],"author":[{"embeddable":true,"href":"https:\/\/peoplesphere.be\/fr\/wp-json\/wp\/v2\/users\/2"}],"replies":[{"embeddable":true,"href":"https:\/\/peoplesphere.be\/fr\/wp-json\/wp\/v2\/comments?post=18522"}],"version-history":[{"count":1,"href":"https:\/\/peoplesphere.be\/fr\/wp-json\/wp\/v2\/posts\/18522\/revisions"}],"predecessor-version":[{"id":18523,"href":"https:\/\/peoplesphere.be\/fr\/wp-json\/wp\/v2\/posts\/18522\/revisions\/18523"}],"wp:attachment":[{"href":"https:\/\/peoplesphere.be\/fr\/wp-json\/wp\/v2\/media?parent=18522"}],"wp:term":[{"taxonomy":"category","embeddable":true,"href":"https:\/\/peoplesphere.be\/fr\/wp-json\/wp\/v2\/categories?post=18522"},{"taxonomy":"post_tag","embeddable":true,"href":"https:\/\/peoplesphere.be\/fr\/wp-json\/wp\/v2\/tags?post=18522"}],"curies":[{"name":"wp","href":"https:\/\/api.w.org\/{rel}","templated":true}]}}