









{"id":18598,"date":"2025-12-22T14:50:55","date_gmt":"2025-12-22T12:50:55","guid":{"rendered":"https:\/\/peoplesphere.be\/fr\/?p=18598"},"modified":"2025-12-22T14:50:55","modified_gmt":"2025-12-22T12:50:55","slug":"perspectives-negatives-sur-le-plan-des-embauches-les-plans-de-licenciement-atteignent-un-niveau-record-au-sein-des-pme-belges","status":"publish","type":"post","link":"https:\/\/peoplesphere.be\/fr\/perspectives-negatives-sur-le-plan-des-embauches-les-plans-de-licenciement-atteignent-un-niveau-record-au-sein-des-pme-belges\/","title":{"rendered":"Perspectives n\u00e9gatives sur le plan des embauches: les plans de licenciement atteignent un niveau record au sein des PME belges."},"content":{"rendered":"<p>Tendance pr\u00e9occupante au sein des PME belges (entreprises jusqu\u2019\u00e0 250 travailleurs)&#8230; Les projets de licenciement repartent \u00e0 la hausse, tandis que les intentions d\u2019embauche continuent de reculer. Selon l\u2019enqu\u00eate trimestrielle men\u00e9e aupr\u00e8s de 535 PME en d\u00e9cembre, une entreprise sur cinq (20%) envisage de licencier des collaborateurs au premier trimestre 2026. Il s\u2019agit du niveau le plus \u00e9lev\u00e9 observ\u00e9 au cours des huit derni\u00e8res ann\u00e9es. Les intentions d\u2019embauche suivent \u00e9galement une \u00e9volution n\u00e9gative.<!--more--><\/p>\n<p>SD Worx suit ces \u00e9volutions de pr\u00e8s depuis plusieurs ann\u00e9es. Depuis 2010, le barom\u00e8tre trimestriel de l\u2019emploi dans les PME de SD Worx mesure tous les trois mois les intentions de recrutement des PME. Depuis mi-2017, le barom\u00e8tre analyse \u00e9galement les intentions de licenciement pour le trimestre \u00e0 venir.<\/p>\n<h3><strong><em>Les projets de licenciement augmentent dans toutes les r\u00e9gions<\/em><\/strong><\/h3>\n<p>La tendance \u00e0 la hausse des projets de licenciement se confirme dans chaque r\u00e9gion :<\/p>\n<ul>\n<li>Bruxelles : Les intentions de licenciement sont les plus \u00e9lev\u00e9s \u00e0 Bruxelles, o\u00f9 une PME sur quatre (25 %) envisage de licencier. Ce chiffre a doubl\u00e9 par rapport \u00e0 il y a six mois (12 %) et est le plus \u00e9lev\u00e9 depuis 2017.<\/li>\n<li>Wallonie : En Wallonie, les intentions de licenciement \u00e9taient remarquablement faibles depuis juin 2024, mais on observe une tendance \u00e0 la hausse depuis mars 2025. On constate d\u00e9sormais un doublement par rapport \u00e0 il y a six mois : 16 % contre 8 %.<\/li>\n<li>Flandre : En Flandre \u00e9galement, les intentions de licenciement augmentent fortement, atteignant 21 % (contre 12 % il y a six mois).<\/li>\n<\/ul>\n<p>Olivier Guedon, Directeur r\u00e9gional PME chez SD Worx : \u00ab\u00a0<em>Les projets de licenciement atteignent leur niveau le plus \u00e9lev\u00e9 depuis huit ans, soit depuis que nous mesurons ces donn\u00e9es. Mais c\u2019est surtout la combinaison de la hausse des intentions de licenciement et de la baisse des intentions d\u2019embauche qui est pr\u00e9occupante. Les PME anticipent une baisse d\u2019activit\u00e9 au premier trimestre. Moins d\u2019un quart (24 %) s\u2019attend \u00e0 une augmentation, alors qu\u2019il y a six mois, c\u2019\u00e9tait encore une PME sur trois.\u00a0\u00bb<\/em><\/p>\n<h3><strong><em>Les projects d&#8217;embauce chutent fortement<\/em><\/strong><\/h3>\n<p>Les projets d\u2019embauche des PME belges continuent de reculer fortement. Seules 28 % des PME souhaitent encore recruter d\u00e9but 2026, une baisse significative d\u00e9j\u00e0 observ\u00e9e en mars de cette ann\u00e9e.<\/p>\n<ul>\n<li>Wallonie : Ici aussi, on constate une forte baisse : 32% souhaitent embaucher, contre 39% au trimestre pr\u00e9c\u00e9dent et 43% il y a six mois.<\/li>\n<li>Bruxelles : La seule r\u00e9gion \u00e0 conna\u00eetre une l\u00e9g\u00e8re reprise apr\u00e8s un creux de 17% au trimestre pr\u00e9c\u00e9dent. Toutefois, la pr\u00e9vision (32%) reste inf\u00e9rieure \u00e0 celle d\u2019il y a six mois (38%) et identique \u00e0 celle de d\u00e9cembre dernier.<\/li>\n<li>Flandre : \u00c0 peine 26% des PME souhaitent embaucher, contre 40% au trimestre pr\u00e9c\u00e9dent et 39% il y a six mois.<\/li>\n<\/ul>\n<p>Olivier Guedon conclut : \u00ab\u00a0<em>La tendance pour l\u2019ensemble de la Belgique chute \u00e0 28 %, le niveau le plus bas depuis des ann\u00e9es, ce qui t\u00e9moigne d&rsquo;une nette r\u00e9ticence des PME \u00e0 recruter de nouveaux collaborateurs.\u00a0\u00bb<\/em><\/p>\n<p>&nbsp;<\/p>\n<p><em>Source : Barom\u00e8tre trimestriel PME SD Worx, d\u00e9cembre 2025<\/em><\/p>\n","protected":false},"excerpt":{"rendered":"<p>Tendance pr\u00e9occupante au sein des PME belges (entreprises jusqu\u2019\u00e0 250 travailleurs)&#8230; Les projets de licenciement repartent \u00e0 la hausse, tandis que les intentions d\u2019embauche continuent de reculer. Selon l\u2019enqu\u00eate trimestrielle men\u00e9e aupr\u00e8s de 535 PME en d\u00e9cembre, une entreprise sur [&hellip;]<\/p>\n","protected":false},"author":2,"featured_media":0,"comment_status":"closed","ping_status":"open","sticky":false,"template":"","format":"standard","meta":[],"categories":[65,10],"tags":[11,134,72,3549],"yoast_head":"<!-- This site is optimized with the Yoast SEO plugin v21.0 - https:\/\/yoast.com\/wordpress\/plugins\/seo\/ -->\n<title>Perspectives n\u00e9gatives sur le plan des embauches: les plans de licenciement atteignent un niveau record au sein des PME belges. - Peoplesphere<\/title>\n<meta name=\"robots\" content=\"index, follow, max-snippet:-1, max-image-preview:large, max-video-preview:-1\" \/>\n<link rel=\"canonical\" href=\"https:\/\/peoplesphere.be\/fr\/perspectives-negatives-sur-le-plan-des-embauches-les-plans-de-licenciement-atteignent-un-niveau-record-au-sein-des-pme-belges\/\" \/>\n<meta property=\"og:locale\" content=\"fr_FR\" \/>\n<meta property=\"og:type\" content=\"article\" \/>\n<meta property=\"og:title\" content=\"Perspectives n\u00e9gatives sur le plan des embauches: les plans de licenciement atteignent un niveau record au sein des PME belges. - Peoplesphere\" \/>\n<meta property=\"og:description\" content=\"Tendance pr\u00e9occupante au sein des PME belges (entreprises jusqu\u2019\u00e0 250 travailleurs)&#8230; Les projets de licenciement repartent \u00e0 la hausse, tandis que les intentions d\u2019embauche continuent de reculer. Selon l\u2019enqu\u00eate trimestrielle men\u00e9e aupr\u00e8s de 535 PME en d\u00e9cembre, une entreprise sur [&hellip;]\" \/>\n<meta property=\"og:url\" content=\"https:\/\/peoplesphere.be\/fr\/perspectives-negatives-sur-le-plan-des-embauches-les-plans-de-licenciement-atteignent-un-niveau-record-au-sein-des-pme-belges\/\" \/>\n<meta property=\"og:site_name\" content=\"Peoplesphere\" \/>\n<meta property=\"article:publisher\" content=\"https:\/\/www.facebook.com\/peoplesphere\" \/>\n<meta property=\"article:published_time\" content=\"2025-12-22T12:50:55+00:00\" \/>\n<meta property=\"og:image\" content=\"http:\/\/www.peoplesphere.be\/fr\/wp-content\/uploads\/2016\/07\/facebook-default-posting-1200x628px.jpg\" \/>\n<meta name=\"author\" content=\"Jean-Paul Erhard\" \/>\n<meta name=\"twitter:card\" content=\"summary_large_image\" \/>\n<meta name=\"twitter:creator\" content=\"@PeoplesphereMag\" \/>\n<meta name=\"twitter:site\" content=\"@PeoplesphereMag\" \/>\n<meta name=\"twitter:label1\" content=\"\u00c9crit par\" \/>\n\t<meta name=\"twitter:data1\" content=\"Jean-Paul Erhard\" \/>\n\t<meta name=\"twitter:label2\" content=\"Dur\u00e9e de lecture estim\u00e9e\" \/>\n\t<meta name=\"twitter:data2\" content=\"3 minutes\" \/>\n<script type=\"application\/ld+json\" class=\"yoast-schema-graph\">{\"@context\":\"https:\/\/schema.org\",\"@graph\":[{\"@type\":\"Article\",\"@id\":\"https:\/\/peoplesphere.be\/fr\/perspectives-negatives-sur-le-plan-des-embauches-les-plans-de-licenciement-atteignent-un-niveau-record-au-sein-des-pme-belges\/#article\",\"isPartOf\":{\"@id\":\"https:\/\/peoplesphere.be\/fr\/perspectives-negatives-sur-le-plan-des-embauches-les-plans-de-licenciement-atteignent-un-niveau-record-au-sein-des-pme-belges\/\"},\"author\":{\"name\":\"Jean-Paul Erhard\",\"@id\":\"https:\/\/peoplesphere.be\/fr\/#\/schema\/person\/7976225ff17988604334abb7b3536a7e\"},\"headline\":\"Perspectives n\u00e9gatives sur le plan des embauches: les plans de licenciement atteignent un niveau record au sein des PME belges.\",\"datePublished\":\"2025-12-22T12:50:55+00:00\",\"dateModified\":\"2025-12-22T12:50:55+00:00\",\"mainEntityOfPage\":{\"@id\":\"https:\/\/peoplesphere.be\/fr\/perspectives-negatives-sur-le-plan-des-embauches-les-plans-de-licenciement-atteignent-un-niveau-record-au-sein-des-pme-belges\/\"},\"wordCount\":517,\"publisher\":{\"@id\":\"https:\/\/peoplesphere.be\/fr\/#organization\"},\"keywords\":[\"emploi\",\"licenciement\",\"recrutement\",\"workforce planning\"],\"articleSection\":[\"Actualit\u00e9s\",\"Digital\"],\"inLanguage\":\"fr-FR\"},{\"@type\":\"WebPage\",\"@id\":\"https:\/\/peoplesphere.be\/fr\/perspectives-negatives-sur-le-plan-des-embauches-les-plans-de-licenciement-atteignent-un-niveau-record-au-sein-des-pme-belges\/\",\"url\":\"https:\/\/peoplesphere.be\/fr\/perspectives-negatives-sur-le-plan-des-embauches-les-plans-de-licenciement-atteignent-un-niveau-record-au-sein-des-pme-belges\/\",\"name\":\"Perspectives n\u00e9gatives sur le plan des embauches: les plans de licenciement atteignent un niveau record au sein des PME belges. - Peoplesphere\",\"isPartOf\":{\"@id\":\"https:\/\/peoplesphere.be\/fr\/#website\"},\"datePublished\":\"2025-12-22T12:50:55+00:00\",\"dateModified\":\"2025-12-22T12:50:55+00:00\",\"breadcrumb\":{\"@id\":\"https:\/\/peoplesphere.be\/fr\/perspectives-negatives-sur-le-plan-des-embauches-les-plans-de-licenciement-atteignent-un-niveau-record-au-sein-des-pme-belges\/#breadcrumb\"},\"inLanguage\":\"fr-FR\",\"potentialAction\":[{\"@type\":\"ReadAction\",\"target\":[\"https:\/\/peoplesphere.be\/fr\/perspectives-negatives-sur-le-plan-des-embauches-les-plans-de-licenciement-atteignent-un-niveau-record-au-sein-des-pme-belges\/\"]}]},{\"@type\":\"BreadcrumbList\",\"@id\":\"https:\/\/peoplesphere.be\/fr\/perspectives-negatives-sur-le-plan-des-embauches-les-plans-de-licenciement-atteignent-un-niveau-record-au-sein-des-pme-belges\/#breadcrumb\",\"itemListElement\":[{\"@type\":\"ListItem\",\"position\":1,\"name\":\"Accueil\",\"item\":\"https:\/\/peoplesphere.be\/fr\/\"},{\"@type\":\"ListItem\",\"position\":2,\"name\":\"Perspectives n\u00e9gatives sur le plan des embauches: les plans de licenciement atteignent un niveau record au sein des PME belges.\"}]},{\"@type\":\"WebSite\",\"@id\":\"https:\/\/peoplesphere.be\/fr\/#website\",\"url\":\"https:\/\/peoplesphere.be\/fr\/\",\"name\":\"Peoplesphere\",\"description\":\"The People Managers Magazine\",\"publisher\":{\"@id\":\"https:\/\/peoplesphere.be\/fr\/#organization\"},\"potentialAction\":[{\"@type\":\"SearchAction\",\"target\":{\"@type\":\"EntryPoint\",\"urlTemplate\":\"https:\/\/peoplesphere.be\/fr\/?s={search_term_string}\"},\"query-input\":\"required name=search_term_string\"}],\"inLanguage\":\"fr-FR\"},{\"@type\":\"Organization\",\"@id\":\"https:\/\/peoplesphere.be\/fr\/#organization\",\"name\":\"Peoplesphere Company srl\",\"url\":\"https:\/\/peoplesphere.be\/fr\/\",\"logo\":{\"@type\":\"ImageObject\",\"inLanguage\":\"fr-FR\",\"@id\":\"https:\/\/peoplesphere.be\/fr\/#\/schema\/logo\/image\/\",\"url\":\"https:\/\/peoplesphere.be\/fr\/wp-content\/uploads\/2023\/07\/peoplesphere-lgo-new-generik.jpg\",\"contentUrl\":\"https:\/\/peoplesphere.be\/fr\/wp-content\/uploads\/2023\/07\/peoplesphere-lgo-new-generik.jpg\",\"width\":1031,\"height\":1479,\"caption\":\"Peoplesphere Company srl\"},\"image\":{\"@id\":\"https:\/\/peoplesphere.be\/fr\/#\/schema\/logo\/image\/\"},\"sameAs\":[\"https:\/\/www.facebook.com\/peoplesphere\",\"https:\/\/twitter.com\/PeoplesphereMag\",\"https:\/\/www.linkedin.com\/company\/7587361?trk\",\"http:\/\/youtube.com\/peoplesphere\"]},{\"@type\":\"Person\",\"@id\":\"https:\/\/peoplesphere.be\/fr\/#\/schema\/person\/7976225ff17988604334abb7b3536a7e\",\"name\":\"Jean-Paul Erhard\",\"image\":{\"@type\":\"ImageObject\",\"inLanguage\":\"fr-FR\",\"@id\":\"https:\/\/peoplesphere.be\/fr\/#\/schema\/person\/image\/\",\"url\":\"https:\/\/secure.gravatar.com\/avatar\/f941e681460179738071629a51574930?s=96&d=mm&r=g\",\"contentUrl\":\"https:\/\/secure.gravatar.com\/avatar\/f941e681460179738071629a51574930?s=96&d=mm&r=g\",\"caption\":\"Jean-Paul Erhard\"},\"url\":\"https:\/\/peoplesphere.be\/fr\/author\/jpe\/\"}]}<\/script>\n<!-- \/ Yoast SEO plugin. -->","yoast_head_json":{"title":"Perspectives n\u00e9gatives sur le plan des embauches: les plans de licenciement atteignent un niveau record au sein des PME belges. - Peoplesphere","robots":{"index":"index","follow":"follow","max-snippet":"max-snippet:-1","max-image-preview":"max-image-preview:large","max-video-preview":"max-video-preview:-1"},"canonical":"https:\/\/peoplesphere.be\/fr\/perspectives-negatives-sur-le-plan-des-embauches-les-plans-de-licenciement-atteignent-un-niveau-record-au-sein-des-pme-belges\/","og_locale":"fr_FR","og_type":"article","og_title":"Perspectives n\u00e9gatives sur le plan des embauches: les plans de licenciement atteignent un niveau record au sein des PME belges. - Peoplesphere","og_description":"Tendance pr\u00e9occupante au sein des PME belges (entreprises jusqu\u2019\u00e0 250 travailleurs)&#8230; Les projets de licenciement repartent \u00e0 la hausse, tandis que les intentions d\u2019embauche continuent de reculer. Selon l\u2019enqu\u00eate trimestrielle men\u00e9e aupr\u00e8s de 535 PME en d\u00e9cembre, une entreprise sur [&hellip;]","og_url":"https:\/\/peoplesphere.be\/fr\/perspectives-negatives-sur-le-plan-des-embauches-les-plans-de-licenciement-atteignent-un-niveau-record-au-sein-des-pme-belges\/","og_site_name":"Peoplesphere","article_publisher":"https:\/\/www.facebook.com\/peoplesphere","article_published_time":"2025-12-22T12:50:55+00:00","og_image":[{"url":"http:\/\/www.peoplesphere.be\/fr\/wp-content\/uploads\/2016\/07\/facebook-default-posting-1200x628px.jpg"}],"author":"Jean-Paul Erhard","twitter_card":"summary_large_image","twitter_creator":"@PeoplesphereMag","twitter_site":"@PeoplesphereMag","twitter_misc":{"\u00c9crit par":"Jean-Paul Erhard","Dur\u00e9e de lecture estim\u00e9e":"3 minutes"},"schema":{"@context":"https:\/\/schema.org","@graph":[{"@type":"Article","@id":"https:\/\/peoplesphere.be\/fr\/perspectives-negatives-sur-le-plan-des-embauches-les-plans-de-licenciement-atteignent-un-niveau-record-au-sein-des-pme-belges\/#article","isPartOf":{"@id":"https:\/\/peoplesphere.be\/fr\/perspectives-negatives-sur-le-plan-des-embauches-les-plans-de-licenciement-atteignent-un-niveau-record-au-sein-des-pme-belges\/"},"author":{"name":"Jean-Paul Erhard","@id":"https:\/\/peoplesphere.be\/fr\/#\/schema\/person\/7976225ff17988604334abb7b3536a7e"},"headline":"Perspectives n\u00e9gatives sur le plan des embauches: les plans de licenciement atteignent un niveau record au sein des PME belges.","datePublished":"2025-12-22T12:50:55+00:00","dateModified":"2025-12-22T12:50:55+00:00","mainEntityOfPage":{"@id":"https:\/\/peoplesphere.be\/fr\/perspectives-negatives-sur-le-plan-des-embauches-les-plans-de-licenciement-atteignent-un-niveau-record-au-sein-des-pme-belges\/"},"wordCount":517,"publisher":{"@id":"https:\/\/peoplesphere.be\/fr\/#organization"},"keywords":["emploi","licenciement","recrutement","workforce planning"],"articleSection":["Actualit\u00e9s","Digital"],"inLanguage":"fr-FR"},{"@type":"WebPage","@id":"https:\/\/peoplesphere.be\/fr\/perspectives-negatives-sur-le-plan-des-embauches-les-plans-de-licenciement-atteignent-un-niveau-record-au-sein-des-pme-belges\/","url":"https:\/\/peoplesphere.be\/fr\/perspectives-negatives-sur-le-plan-des-embauches-les-plans-de-licenciement-atteignent-un-niveau-record-au-sein-des-pme-belges\/","name":"Perspectives n\u00e9gatives sur le plan des embauches: les plans de licenciement atteignent un niveau record au sein des PME belges. - Peoplesphere","isPartOf":{"@id":"https:\/\/peoplesphere.be\/fr\/#website"},"datePublished":"2025-12-22T12:50:55+00:00","dateModified":"2025-12-22T12:50:55+00:00","breadcrumb":{"@id":"https:\/\/peoplesphere.be\/fr\/perspectives-negatives-sur-le-plan-des-embauches-les-plans-de-licenciement-atteignent-un-niveau-record-au-sein-des-pme-belges\/#breadcrumb"},"inLanguage":"fr-FR","potentialAction":[{"@type":"ReadAction","target":["https:\/\/peoplesphere.be\/fr\/perspectives-negatives-sur-le-plan-des-embauches-les-plans-de-licenciement-atteignent-un-niveau-record-au-sein-des-pme-belges\/"]}]},{"@type":"BreadcrumbList","@id":"https:\/\/peoplesphere.be\/fr\/perspectives-negatives-sur-le-plan-des-embauches-les-plans-de-licenciement-atteignent-un-niveau-record-au-sein-des-pme-belges\/#breadcrumb","itemListElement":[{"@type":"ListItem","position":1,"name":"Accueil","item":"https:\/\/peoplesphere.be\/fr\/"},{"@type":"ListItem","position":2,"name":"Perspectives n\u00e9gatives sur le plan des embauches: les plans de licenciement atteignent un niveau record au sein des PME belges."}]},{"@type":"WebSite","@id":"https:\/\/peoplesphere.be\/fr\/#website","url":"https:\/\/peoplesphere.be\/fr\/","name":"Peoplesphere","description":"The People Managers Magazine","publisher":{"@id":"https:\/\/peoplesphere.be\/fr\/#organization"},"potentialAction":[{"@type":"SearchAction","target":{"@type":"EntryPoint","urlTemplate":"https:\/\/peoplesphere.be\/fr\/?s={search_term_string}"},"query-input":"required name=search_term_string"}],"inLanguage":"fr-FR"},{"@type":"Organization","@id":"https:\/\/peoplesphere.be\/fr\/#organization","name":"Peoplesphere Company srl","url":"https:\/\/peoplesphere.be\/fr\/","logo":{"@type":"ImageObject","inLanguage":"fr-FR","@id":"https:\/\/peoplesphere.be\/fr\/#\/schema\/logo\/image\/","url":"https:\/\/peoplesphere.be\/fr\/wp-content\/uploads\/2023\/07\/peoplesphere-lgo-new-generik.jpg","contentUrl":"https:\/\/peoplesphere.be\/fr\/wp-content\/uploads\/2023\/07\/peoplesphere-lgo-new-generik.jpg","width":1031,"height":1479,"caption":"Peoplesphere Company srl"},"image":{"@id":"https:\/\/peoplesphere.be\/fr\/#\/schema\/logo\/image\/"},"sameAs":["https:\/\/www.facebook.com\/peoplesphere","https:\/\/twitter.com\/PeoplesphereMag","https:\/\/www.linkedin.com\/company\/7587361?trk","http:\/\/youtube.com\/peoplesphere"]},{"@type":"Person","@id":"https:\/\/peoplesphere.be\/fr\/#\/schema\/person\/7976225ff17988604334abb7b3536a7e","name":"Jean-Paul Erhard","image":{"@type":"ImageObject","inLanguage":"fr-FR","@id":"https:\/\/peoplesphere.be\/fr\/#\/schema\/person\/image\/","url":"https:\/\/secure.gravatar.com\/avatar\/f941e681460179738071629a51574930?s=96&d=mm&r=g","contentUrl":"https:\/\/secure.gravatar.com\/avatar\/f941e681460179738071629a51574930?s=96&d=mm&r=g","caption":"Jean-Paul Erhard"},"url":"https:\/\/peoplesphere.be\/fr\/author\/jpe\/"}]}},"_links":{"self":[{"href":"https:\/\/peoplesphere.be\/fr\/wp-json\/wp\/v2\/posts\/18598"}],"collection":[{"href":"https:\/\/peoplesphere.be\/fr\/wp-json\/wp\/v2\/posts"}],"about":[{"href":"https:\/\/peoplesphere.be\/fr\/wp-json\/wp\/v2\/types\/post"}],"author":[{"embeddable":true,"href":"https:\/\/peoplesphere.be\/fr\/wp-json\/wp\/v2\/users\/2"}],"replies":[{"embeddable":true,"href":"https:\/\/peoplesphere.be\/fr\/wp-json\/wp\/v2\/comments?post=18598"}],"version-history":[{"count":1,"href":"https:\/\/peoplesphere.be\/fr\/wp-json\/wp\/v2\/posts\/18598\/revisions"}],"predecessor-version":[{"id":18599,"href":"https:\/\/peoplesphere.be\/fr\/wp-json\/wp\/v2\/posts\/18598\/revisions\/18599"}],"wp:attachment":[{"href":"https:\/\/peoplesphere.be\/fr\/wp-json\/wp\/v2\/media?parent=18598"}],"wp:term":[{"taxonomy":"category","embeddable":true,"href":"https:\/\/peoplesphere.be\/fr\/wp-json\/wp\/v2\/categories?post=18598"},{"taxonomy":"post_tag","embeddable":true,"href":"https:\/\/peoplesphere.be\/fr\/wp-json\/wp\/v2\/tags?post=18598"}],"curies":[{"name":"wp","href":"https:\/\/api.w.org\/{rel}","templated":true}]}}