









{"id":18618,"date":"2026-01-03T09:30:16","date_gmt":"2026-01-03T07:30:16","guid":{"rendered":"https:\/\/peoplesphere.be\/fr\/?p=18618"},"modified":"2026-01-05T09:35:25","modified_gmt":"2026-01-05T07:35:25","slug":"modernisation-de-la-gestion-du-personnel-a-la-sncb-avec-la-fin-du-recrutement-statutaire-generalise","status":"publish","type":"post","link":"https:\/\/peoplesphere.be\/fr\/modernisation-de-la-gestion-du-personnel-a-la-sncb-avec-la-fin-du-recrutement-statutaire-generalise\/","title":{"rendered":"Modernisation de la gestion du personnel \u00e0 la SNCB avec la fin du recrutement statutaire g\u00e9n\u00e9ralis\u00e9."},"content":{"rendered":"<p>Sur proposition du ministre de la Mobilit\u00e9 Jean-Luc Crucke, le Conseil des ministres a approuv\u00e9 un avant-projet de loi qui met en oeuvre l\u2019accord de gouvernement dans le but de moderniser la strat\u00e9gie des ressources humaines au sein des Chemins de fer belges, en vue de pr\u00e9server la performance du service public de transport ferroviaire de voyageurs. En r\u00e9action, les syndicats du chemin de fer confirment qu\u2019ils m\u00e8neront des actions de gr\u00e8ve \u00e0 la fin du mois, avec une semaine d&rsquo;arr\u00eat planifi\u00e9e du 26 au 30 janvier.<!--more--><\/p>\n<p>Il s\u2019agit pour le gouvernement de pr\u00e9parer la SNCB \u00e0 faire face \u00e0 des pressions concurrentielles dans le cadre de l\u2019attribution des contrats de service public de transport national de voyageurs \u00e0 l\u2019horizon 2032, conform\u00e9ment aux exigences du r\u00e8glement europ\u00e9en n\u00b01370\/2007. En effet, la fin de la p\u00e9riode transitoire consacr\u00e9e par ce r\u00e8glement fait de l\u2019attribution concurrentielle des contrats de service public de transport de voyageurs par rail le principe essentiel.<\/p>\n<p>Le mod\u00e8le belge, fond\u00e9 sur le recrutement statutaire g\u00e9n\u00e9ralis\u00e9, ne permet plus de r\u00e9pondre avec la souplesse n\u00e9cessaire aux d\u00e9fis de demain. \u00c0 l\u2019instar des autres op\u00e9rateurs europ\u00e9ens, une adaptation progressive du cadre RH est indispensable pour garantir la comp\u00e9titivit\u00e9 de la SNCB et d\u2019Infrabel, la continuit\u00e9 du service public et la p\u00e9rennit\u00e9 des missions essentielles.<\/p>\n<p>HR Rail doit \u00e9voluer afin de disposer des moyens et de l\u2019organisation n\u00e9cessaires pour soutenir la lib\u00e9ralisation du transport ferroviaire en Belgique. Dans ce cadre, HR Rail demeure l\u2019employeur juridique du personnel ferroviaire et le garant du statut, de la r\u00e9glementation et du dialogue social. Toutefois, la SNCB et Infrabel deviennent pleinement responsables de la gestion op\u00e9rationnelle des ressources humaines, incluant la s\u00e9lection, le recrutement, la formation et les d\u00e9cisions fonctionnelles. HR Rail assure la formalisation juridique et l\u2019ex\u00e9cution administrative des d\u00e9cisions prises par les entit\u00e9s. Cette \u00e9volution est indispensable pour garantir que HR Rail reste un partenaire strat\u00e9gique, capable d\u2019accompagner les transformations du secteur tout en assurant ses missions essentielles. La strat\u00e9gie RH doit d\u00e8s lors \u00e9voluer vers un mod\u00e8le contractuel plus souple tout en maintenant un niveau de protection durable.<\/p>\n<p>L&rsquo;avant-projet sera soumis en Commission paritaire nationale et sera en outre transmis pour avis au Conseil d&rsquo;Etat.<\/p>\n<p>&nbsp;<\/p>\n<p><em>Source : Cabinet de Jean-Luc Crucke, ministre de la Mobilit\u00e9, du Climat et de la Transition environnementale, charg\u00e9 du D\u00e9veloppement durable &#8211; Avant-projet de loi modifiant la loi du 23 juillet 1926 concernant la SNCB et le personnel des chemins de fer belges, sur la modernisation de la gestion du personnel des chemins de fer belges<\/em><\/p>\n","protected":false},"excerpt":{"rendered":"<p>Sur proposition du ministre de la Mobilit\u00e9 Jean-Luc Crucke, le Conseil des ministres a approuv\u00e9 un avant-projet de loi qui met en oeuvre l\u2019accord de gouvernement dans le but de moderniser la strat\u00e9gie des ressources humaines au sein des Chemins [&hellip;]<\/p>\n","protected":false},"author":2,"featured_media":0,"comment_status":"closed","ping_status":"open","sticky":false,"template":"","format":"standard","meta":[],"categories":[65,10],"tags":[4382,521,72,2777,1040],"yoast_head":"<!-- This site is optimized with the Yoast SEO plugin v21.0 - https:\/\/yoast.com\/wordpress\/plugins\/seo\/ -->\n<title>Modernisation de la gestion du personnel \u00e0 la SNCB avec la fin du recrutement statutaire g\u00e9n\u00e9ralis\u00e9. - Peoplesphere<\/title>\n<meta name=\"robots\" content=\"index, follow, max-snippet:-1, max-image-preview:large, max-video-preview:-1\" \/>\n<link rel=\"canonical\" href=\"https:\/\/peoplesphere.be\/fr\/modernisation-de-la-gestion-du-personnel-a-la-sncb-avec-la-fin-du-recrutement-statutaire-generalise\/\" \/>\n<meta property=\"og:locale\" content=\"fr_FR\" \/>\n<meta property=\"og:type\" content=\"article\" \/>\n<meta property=\"og:title\" content=\"Modernisation de la gestion du personnel \u00e0 la SNCB avec la fin du recrutement statutaire g\u00e9n\u00e9ralis\u00e9. - Peoplesphere\" \/>\n<meta property=\"og:description\" content=\"Sur proposition du ministre de la Mobilit\u00e9 Jean-Luc Crucke, le Conseil des ministres a approuv\u00e9 un avant-projet de loi qui met en oeuvre l\u2019accord de gouvernement dans le but de moderniser la strat\u00e9gie des ressources humaines au sein des Chemins [&hellip;]\" \/>\n<meta property=\"og:url\" content=\"https:\/\/peoplesphere.be\/fr\/modernisation-de-la-gestion-du-personnel-a-la-sncb-avec-la-fin-du-recrutement-statutaire-generalise\/\" \/>\n<meta property=\"og:site_name\" content=\"Peoplesphere\" \/>\n<meta property=\"article:publisher\" content=\"https:\/\/www.facebook.com\/peoplesphere\" \/>\n<meta property=\"article:published_time\" content=\"2026-01-03T07:30:16+00:00\" \/>\n<meta property=\"article:modified_time\" content=\"2026-01-05T07:35:25+00:00\" \/>\n<meta property=\"og:image\" content=\"http:\/\/www.peoplesphere.be\/fr\/wp-content\/uploads\/2016\/07\/facebook-default-posting-1200x628px.jpg\" \/>\n<meta name=\"author\" content=\"Jean-Paul Erhard\" \/>\n<meta name=\"twitter:card\" content=\"summary_large_image\" \/>\n<meta name=\"twitter:creator\" content=\"@PeoplesphereMag\" \/>\n<meta name=\"twitter:site\" content=\"@PeoplesphereMag\" \/>\n<meta name=\"twitter:label1\" content=\"\u00c9crit par\" \/>\n\t<meta name=\"twitter:data1\" content=\"Jean-Paul Erhard\" \/>\n\t<meta name=\"twitter:label2\" content=\"Dur\u00e9e de lecture estim\u00e9e\" \/>\n\t<meta name=\"twitter:data2\" content=\"3 minutes\" \/>\n<script type=\"application\/ld+json\" class=\"yoast-schema-graph\">{\"@context\":\"https:\/\/schema.org\",\"@graph\":[{\"@type\":\"Article\",\"@id\":\"https:\/\/peoplesphere.be\/fr\/modernisation-de-la-gestion-du-personnel-a-la-sncb-avec-la-fin-du-recrutement-statutaire-generalise\/#article\",\"isPartOf\":{\"@id\":\"https:\/\/peoplesphere.be\/fr\/modernisation-de-la-gestion-du-personnel-a-la-sncb-avec-la-fin-du-recrutement-statutaire-generalise\/\"},\"author\":{\"name\":\"Jean-Paul Erhard\",\"@id\":\"https:\/\/peoplesphere.be\/fr\/#\/schema\/person\/7976225ff17988604334abb7b3536a7e\"},\"headline\":\"Modernisation de la gestion du personnel \u00e0 la SNCB avec la fin du recrutement statutaire g\u00e9n\u00e9ralis\u00e9.\",\"datePublished\":\"2026-01-03T07:30:16+00:00\",\"dateModified\":\"2026-01-05T07:35:25+00:00\",\"mainEntityOfPage\":{\"@id\":\"https:\/\/peoplesphere.be\/fr\/modernisation-de-la-gestion-du-personnel-a-la-sncb-avec-la-fin-du-recrutement-statutaire-generalise\/\"},\"wordCount\":476,\"publisher\":{\"@id\":\"https:\/\/peoplesphere.be\/fr\/#organization\"},\"keywords\":[\"entreprise publique\",\"HR Rail\",\"recrutement\",\"SNCB\",\"statut\"],\"articleSection\":[\"Actualit\u00e9s\",\"Digital\"],\"inLanguage\":\"fr-FR\"},{\"@type\":\"WebPage\",\"@id\":\"https:\/\/peoplesphere.be\/fr\/modernisation-de-la-gestion-du-personnel-a-la-sncb-avec-la-fin-du-recrutement-statutaire-generalise\/\",\"url\":\"https:\/\/peoplesphere.be\/fr\/modernisation-de-la-gestion-du-personnel-a-la-sncb-avec-la-fin-du-recrutement-statutaire-generalise\/\",\"name\":\"Modernisation de la gestion du personnel \u00e0 la SNCB avec la fin du recrutement statutaire g\u00e9n\u00e9ralis\u00e9. - Peoplesphere\",\"isPartOf\":{\"@id\":\"https:\/\/peoplesphere.be\/fr\/#website\"},\"datePublished\":\"2026-01-03T07:30:16+00:00\",\"dateModified\":\"2026-01-05T07:35:25+00:00\",\"breadcrumb\":{\"@id\":\"https:\/\/peoplesphere.be\/fr\/modernisation-de-la-gestion-du-personnel-a-la-sncb-avec-la-fin-du-recrutement-statutaire-generalise\/#breadcrumb\"},\"inLanguage\":\"fr-FR\",\"potentialAction\":[{\"@type\":\"ReadAction\",\"target\":[\"https:\/\/peoplesphere.be\/fr\/modernisation-de-la-gestion-du-personnel-a-la-sncb-avec-la-fin-du-recrutement-statutaire-generalise\/\"]}]},{\"@type\":\"BreadcrumbList\",\"@id\":\"https:\/\/peoplesphere.be\/fr\/modernisation-de-la-gestion-du-personnel-a-la-sncb-avec-la-fin-du-recrutement-statutaire-generalise\/#breadcrumb\",\"itemListElement\":[{\"@type\":\"ListItem\",\"position\":1,\"name\":\"Accueil\",\"item\":\"https:\/\/peoplesphere.be\/fr\/\"},{\"@type\":\"ListItem\",\"position\":2,\"name\":\"Modernisation de la gestion du personnel \u00e0 la SNCB avec la fin du recrutement statutaire g\u00e9n\u00e9ralis\u00e9.\"}]},{\"@type\":\"WebSite\",\"@id\":\"https:\/\/peoplesphere.be\/fr\/#website\",\"url\":\"https:\/\/peoplesphere.be\/fr\/\",\"name\":\"Peoplesphere\",\"description\":\"The People Managers Magazine\",\"publisher\":{\"@id\":\"https:\/\/peoplesphere.be\/fr\/#organization\"},\"potentialAction\":[{\"@type\":\"SearchAction\",\"target\":{\"@type\":\"EntryPoint\",\"urlTemplate\":\"https:\/\/peoplesphere.be\/fr\/?s={search_term_string}\"},\"query-input\":\"required name=search_term_string\"}],\"inLanguage\":\"fr-FR\"},{\"@type\":\"Organization\",\"@id\":\"https:\/\/peoplesphere.be\/fr\/#organization\",\"name\":\"Peoplesphere Company srl\",\"url\":\"https:\/\/peoplesphere.be\/fr\/\",\"logo\":{\"@type\":\"ImageObject\",\"inLanguage\":\"fr-FR\",\"@id\":\"https:\/\/peoplesphere.be\/fr\/#\/schema\/logo\/image\/\",\"url\":\"https:\/\/peoplesphere.be\/fr\/wp-content\/uploads\/2023\/07\/peoplesphere-lgo-new-generik.jpg\",\"contentUrl\":\"https:\/\/peoplesphere.be\/fr\/wp-content\/uploads\/2023\/07\/peoplesphere-lgo-new-generik.jpg\",\"width\":1031,\"height\":1479,\"caption\":\"Peoplesphere Company srl\"},\"image\":{\"@id\":\"https:\/\/peoplesphere.be\/fr\/#\/schema\/logo\/image\/\"},\"sameAs\":[\"https:\/\/www.facebook.com\/peoplesphere\",\"https:\/\/twitter.com\/PeoplesphereMag\",\"https:\/\/www.linkedin.com\/company\/7587361?trk\",\"http:\/\/youtube.com\/peoplesphere\"]},{\"@type\":\"Person\",\"@id\":\"https:\/\/peoplesphere.be\/fr\/#\/schema\/person\/7976225ff17988604334abb7b3536a7e\",\"name\":\"Jean-Paul Erhard\",\"image\":{\"@type\":\"ImageObject\",\"inLanguage\":\"fr-FR\",\"@id\":\"https:\/\/peoplesphere.be\/fr\/#\/schema\/person\/image\/\",\"url\":\"https:\/\/secure.gravatar.com\/avatar\/f941e681460179738071629a51574930?s=96&d=mm&r=g\",\"contentUrl\":\"https:\/\/secure.gravatar.com\/avatar\/f941e681460179738071629a51574930?s=96&d=mm&r=g\",\"caption\":\"Jean-Paul Erhard\"},\"url\":\"https:\/\/peoplesphere.be\/fr\/author\/jpe\/\"}]}<\/script>\n<!-- \/ Yoast SEO plugin. -->","yoast_head_json":{"title":"Modernisation de la gestion du personnel \u00e0 la SNCB avec la fin du recrutement statutaire g\u00e9n\u00e9ralis\u00e9. - Peoplesphere","robots":{"index":"index","follow":"follow","max-snippet":"max-snippet:-1","max-image-preview":"max-image-preview:large","max-video-preview":"max-video-preview:-1"},"canonical":"https:\/\/peoplesphere.be\/fr\/modernisation-de-la-gestion-du-personnel-a-la-sncb-avec-la-fin-du-recrutement-statutaire-generalise\/","og_locale":"fr_FR","og_type":"article","og_title":"Modernisation de la gestion du personnel \u00e0 la SNCB avec la fin du recrutement statutaire g\u00e9n\u00e9ralis\u00e9. - Peoplesphere","og_description":"Sur proposition du ministre de la Mobilit\u00e9 Jean-Luc Crucke, le Conseil des ministres a approuv\u00e9 un avant-projet de loi qui met en oeuvre l\u2019accord de gouvernement dans le but de moderniser la strat\u00e9gie des ressources humaines au sein des Chemins [&hellip;]","og_url":"https:\/\/peoplesphere.be\/fr\/modernisation-de-la-gestion-du-personnel-a-la-sncb-avec-la-fin-du-recrutement-statutaire-generalise\/","og_site_name":"Peoplesphere","article_publisher":"https:\/\/www.facebook.com\/peoplesphere","article_published_time":"2026-01-03T07:30:16+00:00","article_modified_time":"2026-01-05T07:35:25+00:00","og_image":[{"url":"http:\/\/www.peoplesphere.be\/fr\/wp-content\/uploads\/2016\/07\/facebook-default-posting-1200x628px.jpg"}],"author":"Jean-Paul Erhard","twitter_card":"summary_large_image","twitter_creator":"@PeoplesphereMag","twitter_site":"@PeoplesphereMag","twitter_misc":{"\u00c9crit par":"Jean-Paul Erhard","Dur\u00e9e de lecture estim\u00e9e":"3 minutes"},"schema":{"@context":"https:\/\/schema.org","@graph":[{"@type":"Article","@id":"https:\/\/peoplesphere.be\/fr\/modernisation-de-la-gestion-du-personnel-a-la-sncb-avec-la-fin-du-recrutement-statutaire-generalise\/#article","isPartOf":{"@id":"https:\/\/peoplesphere.be\/fr\/modernisation-de-la-gestion-du-personnel-a-la-sncb-avec-la-fin-du-recrutement-statutaire-generalise\/"},"author":{"name":"Jean-Paul Erhard","@id":"https:\/\/peoplesphere.be\/fr\/#\/schema\/person\/7976225ff17988604334abb7b3536a7e"},"headline":"Modernisation de la gestion du personnel \u00e0 la SNCB avec la fin du recrutement statutaire g\u00e9n\u00e9ralis\u00e9.","datePublished":"2026-01-03T07:30:16+00:00","dateModified":"2026-01-05T07:35:25+00:00","mainEntityOfPage":{"@id":"https:\/\/peoplesphere.be\/fr\/modernisation-de-la-gestion-du-personnel-a-la-sncb-avec-la-fin-du-recrutement-statutaire-generalise\/"},"wordCount":476,"publisher":{"@id":"https:\/\/peoplesphere.be\/fr\/#organization"},"keywords":["entreprise publique","HR Rail","recrutement","SNCB","statut"],"articleSection":["Actualit\u00e9s","Digital"],"inLanguage":"fr-FR"},{"@type":"WebPage","@id":"https:\/\/peoplesphere.be\/fr\/modernisation-de-la-gestion-du-personnel-a-la-sncb-avec-la-fin-du-recrutement-statutaire-generalise\/","url":"https:\/\/peoplesphere.be\/fr\/modernisation-de-la-gestion-du-personnel-a-la-sncb-avec-la-fin-du-recrutement-statutaire-generalise\/","name":"Modernisation de la gestion du personnel \u00e0 la SNCB avec la fin du recrutement statutaire g\u00e9n\u00e9ralis\u00e9. - Peoplesphere","isPartOf":{"@id":"https:\/\/peoplesphere.be\/fr\/#website"},"datePublished":"2026-01-03T07:30:16+00:00","dateModified":"2026-01-05T07:35:25+00:00","breadcrumb":{"@id":"https:\/\/peoplesphere.be\/fr\/modernisation-de-la-gestion-du-personnel-a-la-sncb-avec-la-fin-du-recrutement-statutaire-generalise\/#breadcrumb"},"inLanguage":"fr-FR","potentialAction":[{"@type":"ReadAction","target":["https:\/\/peoplesphere.be\/fr\/modernisation-de-la-gestion-du-personnel-a-la-sncb-avec-la-fin-du-recrutement-statutaire-generalise\/"]}]},{"@type":"BreadcrumbList","@id":"https:\/\/peoplesphere.be\/fr\/modernisation-de-la-gestion-du-personnel-a-la-sncb-avec-la-fin-du-recrutement-statutaire-generalise\/#breadcrumb","itemListElement":[{"@type":"ListItem","position":1,"name":"Accueil","item":"https:\/\/peoplesphere.be\/fr\/"},{"@type":"ListItem","position":2,"name":"Modernisation de la gestion du personnel \u00e0 la SNCB avec la fin du recrutement statutaire g\u00e9n\u00e9ralis\u00e9."}]},{"@type":"WebSite","@id":"https:\/\/peoplesphere.be\/fr\/#website","url":"https:\/\/peoplesphere.be\/fr\/","name":"Peoplesphere","description":"The People Managers Magazine","publisher":{"@id":"https:\/\/peoplesphere.be\/fr\/#organization"},"potentialAction":[{"@type":"SearchAction","target":{"@type":"EntryPoint","urlTemplate":"https:\/\/peoplesphere.be\/fr\/?s={search_term_string}"},"query-input":"required name=search_term_string"}],"inLanguage":"fr-FR"},{"@type":"Organization","@id":"https:\/\/peoplesphere.be\/fr\/#organization","name":"Peoplesphere Company srl","url":"https:\/\/peoplesphere.be\/fr\/","logo":{"@type":"ImageObject","inLanguage":"fr-FR","@id":"https:\/\/peoplesphere.be\/fr\/#\/schema\/logo\/image\/","url":"https:\/\/peoplesphere.be\/fr\/wp-content\/uploads\/2023\/07\/peoplesphere-lgo-new-generik.jpg","contentUrl":"https:\/\/peoplesphere.be\/fr\/wp-content\/uploads\/2023\/07\/peoplesphere-lgo-new-generik.jpg","width":1031,"height":1479,"caption":"Peoplesphere Company srl"},"image":{"@id":"https:\/\/peoplesphere.be\/fr\/#\/schema\/logo\/image\/"},"sameAs":["https:\/\/www.facebook.com\/peoplesphere","https:\/\/twitter.com\/PeoplesphereMag","https:\/\/www.linkedin.com\/company\/7587361?trk","http:\/\/youtube.com\/peoplesphere"]},{"@type":"Person","@id":"https:\/\/peoplesphere.be\/fr\/#\/schema\/person\/7976225ff17988604334abb7b3536a7e","name":"Jean-Paul Erhard","image":{"@type":"ImageObject","inLanguage":"fr-FR","@id":"https:\/\/peoplesphere.be\/fr\/#\/schema\/person\/image\/","url":"https:\/\/secure.gravatar.com\/avatar\/f941e681460179738071629a51574930?s=96&d=mm&r=g","contentUrl":"https:\/\/secure.gravatar.com\/avatar\/f941e681460179738071629a51574930?s=96&d=mm&r=g","caption":"Jean-Paul Erhard"},"url":"https:\/\/peoplesphere.be\/fr\/author\/jpe\/"}]}},"_links":{"self":[{"href":"https:\/\/peoplesphere.be\/fr\/wp-json\/wp\/v2\/posts\/18618"}],"collection":[{"href":"https:\/\/peoplesphere.be\/fr\/wp-json\/wp\/v2\/posts"}],"about":[{"href":"https:\/\/peoplesphere.be\/fr\/wp-json\/wp\/v2\/types\/post"}],"author":[{"embeddable":true,"href":"https:\/\/peoplesphere.be\/fr\/wp-json\/wp\/v2\/users\/2"}],"replies":[{"embeddable":true,"href":"https:\/\/peoplesphere.be\/fr\/wp-json\/wp\/v2\/comments?post=18618"}],"version-history":[{"count":1,"href":"https:\/\/peoplesphere.be\/fr\/wp-json\/wp\/v2\/posts\/18618\/revisions"}],"predecessor-version":[{"id":18619,"href":"https:\/\/peoplesphere.be\/fr\/wp-json\/wp\/v2\/posts\/18618\/revisions\/18619"}],"wp:attachment":[{"href":"https:\/\/peoplesphere.be\/fr\/wp-json\/wp\/v2\/media?parent=18618"}],"wp:term":[{"taxonomy":"category","embeddable":true,"href":"https:\/\/peoplesphere.be\/fr\/wp-json\/wp\/v2\/categories?post=18618"},{"taxonomy":"post_tag","embeddable":true,"href":"https:\/\/peoplesphere.be\/fr\/wp-json\/wp\/v2\/tags?post=18618"}],"curies":[{"name":"wp","href":"https:\/\/api.w.org\/{rel}","templated":true}]}}