









{"id":18647,"date":"2026-01-14T18:22:14","date_gmt":"2026-01-14T16:22:14","guid":{"rendered":"https:\/\/peoplesphere.be\/fr\/?p=18647"},"modified":"2026-01-14T18:22:14","modified_gmt":"2026-01-14T16:22:14","slug":"les-entretiens-informels-entre-employeurs-et-travailleurs-se-multiplient-afin-de-rendre-la-reprise-du-travail-possible","status":"publish","type":"post","link":"https:\/\/peoplesphere.be\/fr\/les-entretiens-informels-entre-employeurs-et-travailleurs-se-multiplient-afin-de-rendre-la-reprise-du-travail-possible\/","title":{"rendered":"Les entretiens informels entre employeurs et travailleurs se multiplient afin de rendre la reprise du travail possible."},"content":{"rendered":"<p>De plus en plus d\u2019employeurs et de travailleurs m\u00e8nent, en cas d\u2019incapacit\u00e9 de travail, un entretien informel afin de pr\u00e9parer un retour au travail. En 2025, leur nombre a augment\u00e9 de 50,9 % par rapport \u00e0 2019. \u00ab\u00a0Ces \u00e9changes ont de grandes chances de r\u00e9ussir et permettent d\u2019\u00e9viter un trajet formel de r\u00e9int\u00e9gration. Lorsque c\u2019est possible, ils facilitent un retour rapide au travail et aident \u00e0 maintenir le lien avec l\u2019entreprise. Si nous voulons remettre davantage de personnes au travail, c\u2019est clairement la voie \u00e0 suivre\u00a0\u00bb, explique Sylvia Vanden Avenne, senior manager pr\u00e9vention et bien-\u00eatre chez Liantis.<!--more--><\/p>\n<h3><strong><em>Des d\u00e9marches informelles en plein essor<\/em><\/strong><\/h3>\n<p>Depuis 2019, le nombre de trajets informels de r\u00e9int\u00e9gration est en forte hausse. Selon l\u2019analyse de Liantis, il a progress\u00e9 de 50,9% en 2025. Ces trajets permettent aux travailleurs en incapacit\u00e9 de discuter de mani\u00e8re accessible avec le m\u00e9decin du travail \u2013 et donc aussi avec leur employeur \u2013 d\u2019un \u00e9ventuel retour au travail.<\/p>\n<p>Pour Liantis, cette accessibilit\u00e9 est une cl\u00e9 du succ\u00e8s. <em>\u00ab\u00a0Les travailleurs se sentent moins sous pression que dans un trajet formel, tandis que les employeurs obtiennent plus rapidement une vue claire sur ce qui reste possible, \u00e0 quel moment et de quelle mani\u00e8re. Il s\u2019agit souvent de conversations courtes et humaines, centr\u00e9es sur la compr\u00e9hension mutuelle. Cela facilite la recherche de solutions, comme une adaptation temporaire des t\u00e2ches ou une reprise progressive du travail\u00a0\u00bb.<\/em><\/p>\n<h3><strong><em>Un levier important contre les absences de longue dur\u00e9e<\/em><\/strong><\/h3>\n<p>Cette hausse intervient alors que l\u2019incapacit\u00e9 de longue dur\u00e9e atteint un niveau historique en Belgique. Le gouvernement f\u00e9d\u00e9ral a annonc\u00e9 ces derni\u00e8res ann\u00e9es plusieurs mesures pour r\u00e9duire le nombre de personnes en incapacit\u00e9, notamment via un accompagnement plus pr\u00e9coce et une collaboration renforc\u00e9e entre les acteurs concern\u00e9s.<\/p>\n<p>Liantis voit dans les entretiens informels un levier essentiel pour atteindre ces objectifs. <em>\u00ab\u00a0Plus t\u00f4t l\u2019employeur et le travailleur renouent le dialogue, plus grandes sont les chances d\u2019un retour durable au travail. Les chiffres \u2013 notamment ceux du Conseil sup\u00e9rieur de l\u2019emploi \u2013 montrent clairement que la probabilit\u00e9 de reprise chute tr\u00e8s rapidement apr\u00e8s les six premiers mois d\u2019absence. Durant les premi\u00e8res semaines et mois, les chances sont encore \u00e9lev\u00e9es : beaucoup de travailleurs r\u00e9cup\u00e8rent, reprennent partiellement ou totalement le travail, ou trouvent une solution r\u00e9aliste pour revenir. Mais apr\u00e8s six mois, cette probabilit\u00e9 diminue fortement\u00a0\u00bb<\/em>, souligne Vanden Avenne.<\/p>\n<h3><strong><em>Une nouvelle l\u00e9gislation qui renforce cette approche<\/em><\/strong><\/h3>\n<p>La nouvelle l\u00e9gislation sur la r\u00e9int\u00e9gration met elle aussi l\u2019accent sur cette dynamique informelle. <em>\u00ab\u00a0Le nouvel arr\u00eat\u00e9 royal reconna\u00eet que les trajets informels sont une mani\u00e8re efficace et pr\u00e9cieuse d\u2019aborder la reprise du travail. C\u2019est pourquoi l\u2019employeur peut d\u00e9sormais, lui aussi, demander une visite de pr\u00e9-reprise du travail, et pas uniquement le travailleur.\u00a0\u00bb<\/em><\/p>\n<p>Par ailleurs, les employeurs doivent d\u00e9sormais pr\u00e9voir une proc\u00e9dure de maintien du contact avec les travailleurs absents pour cause de maladie. Cette proc\u00e9dure doit \u00e9galement figurer dans le r\u00e8glement de travail. <em>\u00ab\u00a0L\u2019important est de d\u00e9crire pr\u00e9cis\u00e9ment qui prend contact et de quelle mani\u00e8re. Et il ne faut pas oublier d\u2019accompagner correctement les responsables hi\u00e9rarchiques, notamment via des formations, afin qu\u2019ils puissent appliquer cette proc\u00e9dure de mani\u00e8re ad\u00e9quate\u00a0\u00bb<\/em>, ajoute-t-elle.<\/p>\n<h3><strong><em>Une \u00e9volution qui se confirme<\/em><\/strong><\/h3>\n<p>Les employeurs investissent d\u00e9j\u00e0 depuis plusieurs ann\u00e9es davantage dans la r\u00e9int\u00e9gration. <em>\u00ab\u00a0Nos chiffres montrent que le temps consacr\u00e9 par nos m\u00e9decins du travail aux missions li\u00e9es au retour au travail augmente chaque ann\u00e9e : de 5 % en 2019 \u00e0 plus de 10 % en 2025. Cela inclut les entretiens, les moments de conseil, le soutien aux politiques internes et tout ce qui touche \u00e0 une gestion durable de la pr\u00e9sence. C\u2019est une \u00e9volution tr\u00e8s positive. Elle montre que la nouvelle politique de r\u00e9int\u00e9gration n\u2019est pas une r\u00e9volution, mais une continuit\u00e9. Les employeurs sont d\u00e9j\u00e0 tr\u00e8s actifs en mati\u00e8re de r\u00e9int\u00e9gration, et le nouvel arr\u00eat\u00e9 royal s\u2019inscrit simplement dans cette dynamique\u00a0\u00bb<\/em>, conclut-elle.<\/p>\n<p>&nbsp;<\/p>\n<p><em>Source: Liantis<\/em><\/p>\n","protected":false},"excerpt":{"rendered":"<p>De plus en plus d\u2019employeurs et de travailleurs m\u00e8nent, en cas d\u2019incapacit\u00e9 de travail, un entretien informel afin de pr\u00e9parer un retour au travail. En 2025, leur nombre a augment\u00e9 de 50,9 % par rapport \u00e0 2019. \u00ab\u00a0Ces \u00e9changes ont [&hellip;]<\/p>\n","protected":false},"author":2,"featured_media":0,"comment_status":"closed","ping_status":"open","sticky":false,"template":"","format":"standard","meta":[],"categories":[65,10],"tags":[755,686,639],"yoast_head":"<!-- This site is optimized with the Yoast SEO plugin v21.0 - https:\/\/yoast.com\/wordpress\/plugins\/seo\/ -->\n<title>Les entretiens informels entre employeurs et travailleurs se multiplient afin de rendre la reprise du travail possible. - Peoplesphere<\/title>\n<meta name=\"robots\" content=\"index, follow, max-snippet:-1, max-image-preview:large, max-video-preview:-1\" \/>\n<link rel=\"canonical\" href=\"https:\/\/peoplesphere.be\/fr\/les-entretiens-informels-entre-employeurs-et-travailleurs-se-multiplient-afin-de-rendre-la-reprise-du-travail-possible\/\" \/>\n<meta property=\"og:locale\" content=\"fr_FR\" \/>\n<meta property=\"og:type\" content=\"article\" \/>\n<meta property=\"og:title\" content=\"Les entretiens informels entre employeurs et travailleurs se multiplient afin de rendre la reprise du travail possible. - Peoplesphere\" \/>\n<meta property=\"og:description\" content=\"De plus en plus d\u2019employeurs et de travailleurs m\u00e8nent, en cas d\u2019incapacit\u00e9 de travail, un entretien informel afin de pr\u00e9parer un retour au travail. En 2025, leur nombre a augment\u00e9 de 50,9 % par rapport \u00e0 2019. \u00ab\u00a0Ces \u00e9changes ont [&hellip;]\" \/>\n<meta property=\"og:url\" content=\"https:\/\/peoplesphere.be\/fr\/les-entretiens-informels-entre-employeurs-et-travailleurs-se-multiplient-afin-de-rendre-la-reprise-du-travail-possible\/\" \/>\n<meta property=\"og:site_name\" content=\"Peoplesphere\" \/>\n<meta property=\"article:publisher\" content=\"https:\/\/www.facebook.com\/peoplesphere\" \/>\n<meta property=\"article:published_time\" content=\"2026-01-14T16:22:14+00:00\" \/>\n<meta property=\"og:image\" content=\"http:\/\/www.peoplesphere.be\/fr\/wp-content\/uploads\/2016\/07\/facebook-default-posting-1200x628px.jpg\" \/>\n<meta name=\"author\" content=\"Jean-Paul Erhard\" \/>\n<meta name=\"twitter:card\" content=\"summary_large_image\" \/>\n<meta name=\"twitter:creator\" content=\"@PeoplesphereMag\" \/>\n<meta name=\"twitter:site\" content=\"@PeoplesphereMag\" \/>\n<meta name=\"twitter:label1\" content=\"\u00c9crit par\" \/>\n\t<meta name=\"twitter:data1\" content=\"Jean-Paul Erhard\" \/>\n\t<meta name=\"twitter:label2\" content=\"Dur\u00e9e de lecture estim\u00e9e\" \/>\n\t<meta name=\"twitter:data2\" content=\"4 minutes\" \/>\n<script type=\"application\/ld+json\" class=\"yoast-schema-graph\">{\"@context\":\"https:\/\/schema.org\",\"@graph\":[{\"@type\":\"Article\",\"@id\":\"https:\/\/peoplesphere.be\/fr\/les-entretiens-informels-entre-employeurs-et-travailleurs-se-multiplient-afin-de-rendre-la-reprise-du-travail-possible\/#article\",\"isPartOf\":{\"@id\":\"https:\/\/peoplesphere.be\/fr\/les-entretiens-informels-entre-employeurs-et-travailleurs-se-multiplient-afin-de-rendre-la-reprise-du-travail-possible\/\"},\"author\":{\"name\":\"Jean-Paul Erhard\",\"@id\":\"https:\/\/peoplesphere.be\/fr\/#\/schema\/person\/7976225ff17988604334abb7b3536a7e\"},\"headline\":\"Les entretiens informels entre employeurs et travailleurs se multiplient afin de rendre la reprise du travail possible.\",\"datePublished\":\"2026-01-14T16:22:14+00:00\",\"dateModified\":\"2026-01-14T16:22:14+00:00\",\"mainEntityOfPage\":{\"@id\":\"https:\/\/peoplesphere.be\/fr\/les-entretiens-informels-entre-employeurs-et-travailleurs-se-multiplient-afin-de-rendre-la-reprise-du-travail-possible\/\"},\"wordCount\":728,\"publisher\":{\"@id\":\"https:\/\/peoplesphere.be\/fr\/#organization\"},\"keywords\":[\"absences de longue dur\u00e9e\",\"dialogue\",\"r\u00e9int\u00e9gration\"],\"articleSection\":[\"Actualit\u00e9s\",\"Digital\"],\"inLanguage\":\"fr-FR\"},{\"@type\":\"WebPage\",\"@id\":\"https:\/\/peoplesphere.be\/fr\/les-entretiens-informels-entre-employeurs-et-travailleurs-se-multiplient-afin-de-rendre-la-reprise-du-travail-possible\/\",\"url\":\"https:\/\/peoplesphere.be\/fr\/les-entretiens-informels-entre-employeurs-et-travailleurs-se-multiplient-afin-de-rendre-la-reprise-du-travail-possible\/\",\"name\":\"Les entretiens informels entre employeurs et travailleurs se multiplient afin de rendre la reprise du travail possible. - Peoplesphere\",\"isPartOf\":{\"@id\":\"https:\/\/peoplesphere.be\/fr\/#website\"},\"datePublished\":\"2026-01-14T16:22:14+00:00\",\"dateModified\":\"2026-01-14T16:22:14+00:00\",\"breadcrumb\":{\"@id\":\"https:\/\/peoplesphere.be\/fr\/les-entretiens-informels-entre-employeurs-et-travailleurs-se-multiplient-afin-de-rendre-la-reprise-du-travail-possible\/#breadcrumb\"},\"inLanguage\":\"fr-FR\",\"potentialAction\":[{\"@type\":\"ReadAction\",\"target\":[\"https:\/\/peoplesphere.be\/fr\/les-entretiens-informels-entre-employeurs-et-travailleurs-se-multiplient-afin-de-rendre-la-reprise-du-travail-possible\/\"]}]},{\"@type\":\"BreadcrumbList\",\"@id\":\"https:\/\/peoplesphere.be\/fr\/les-entretiens-informels-entre-employeurs-et-travailleurs-se-multiplient-afin-de-rendre-la-reprise-du-travail-possible\/#breadcrumb\",\"itemListElement\":[{\"@type\":\"ListItem\",\"position\":1,\"name\":\"Accueil\",\"item\":\"https:\/\/peoplesphere.be\/fr\/\"},{\"@type\":\"ListItem\",\"position\":2,\"name\":\"Les entretiens informels entre employeurs et travailleurs se multiplient afin de rendre la reprise du travail possible.\"}]},{\"@type\":\"WebSite\",\"@id\":\"https:\/\/peoplesphere.be\/fr\/#website\",\"url\":\"https:\/\/peoplesphere.be\/fr\/\",\"name\":\"Peoplesphere\",\"description\":\"The People Managers Magazine\",\"publisher\":{\"@id\":\"https:\/\/peoplesphere.be\/fr\/#organization\"},\"potentialAction\":[{\"@type\":\"SearchAction\",\"target\":{\"@type\":\"EntryPoint\",\"urlTemplate\":\"https:\/\/peoplesphere.be\/fr\/?s={search_term_string}\"},\"query-input\":\"required name=search_term_string\"}],\"inLanguage\":\"fr-FR\"},{\"@type\":\"Organization\",\"@id\":\"https:\/\/peoplesphere.be\/fr\/#organization\",\"name\":\"Peoplesphere Company srl\",\"url\":\"https:\/\/peoplesphere.be\/fr\/\",\"logo\":{\"@type\":\"ImageObject\",\"inLanguage\":\"fr-FR\",\"@id\":\"https:\/\/peoplesphere.be\/fr\/#\/schema\/logo\/image\/\",\"url\":\"https:\/\/peoplesphere.be\/fr\/wp-content\/uploads\/2023\/07\/peoplesphere-lgo-new-generik.jpg\",\"contentUrl\":\"https:\/\/peoplesphere.be\/fr\/wp-content\/uploads\/2023\/07\/peoplesphere-lgo-new-generik.jpg\",\"width\":1031,\"height\":1479,\"caption\":\"Peoplesphere Company srl\"},\"image\":{\"@id\":\"https:\/\/peoplesphere.be\/fr\/#\/schema\/logo\/image\/\"},\"sameAs\":[\"https:\/\/www.facebook.com\/peoplesphere\",\"https:\/\/twitter.com\/PeoplesphereMag\",\"https:\/\/www.linkedin.com\/company\/7587361?trk\",\"http:\/\/youtube.com\/peoplesphere\"]},{\"@type\":\"Person\",\"@id\":\"https:\/\/peoplesphere.be\/fr\/#\/schema\/person\/7976225ff17988604334abb7b3536a7e\",\"name\":\"Jean-Paul Erhard\",\"image\":{\"@type\":\"ImageObject\",\"inLanguage\":\"fr-FR\",\"@id\":\"https:\/\/peoplesphere.be\/fr\/#\/schema\/person\/image\/\",\"url\":\"https:\/\/secure.gravatar.com\/avatar\/f941e681460179738071629a51574930?s=96&d=mm&r=g\",\"contentUrl\":\"https:\/\/secure.gravatar.com\/avatar\/f941e681460179738071629a51574930?s=96&d=mm&r=g\",\"caption\":\"Jean-Paul Erhard\"},\"url\":\"https:\/\/peoplesphere.be\/fr\/author\/jpe\/\"}]}<\/script>\n<!-- \/ Yoast SEO plugin. -->","yoast_head_json":{"title":"Les entretiens informels entre employeurs et travailleurs se multiplient afin de rendre la reprise du travail possible. - Peoplesphere","robots":{"index":"index","follow":"follow","max-snippet":"max-snippet:-1","max-image-preview":"max-image-preview:large","max-video-preview":"max-video-preview:-1"},"canonical":"https:\/\/peoplesphere.be\/fr\/les-entretiens-informels-entre-employeurs-et-travailleurs-se-multiplient-afin-de-rendre-la-reprise-du-travail-possible\/","og_locale":"fr_FR","og_type":"article","og_title":"Les entretiens informels entre employeurs et travailleurs se multiplient afin de rendre la reprise du travail possible. - Peoplesphere","og_description":"De plus en plus d\u2019employeurs et de travailleurs m\u00e8nent, en cas d\u2019incapacit\u00e9 de travail, un entretien informel afin de pr\u00e9parer un retour au travail. En 2025, leur nombre a augment\u00e9 de 50,9 % par rapport \u00e0 2019. \u00ab\u00a0Ces \u00e9changes ont [&hellip;]","og_url":"https:\/\/peoplesphere.be\/fr\/les-entretiens-informels-entre-employeurs-et-travailleurs-se-multiplient-afin-de-rendre-la-reprise-du-travail-possible\/","og_site_name":"Peoplesphere","article_publisher":"https:\/\/www.facebook.com\/peoplesphere","article_published_time":"2026-01-14T16:22:14+00:00","og_image":[{"url":"http:\/\/www.peoplesphere.be\/fr\/wp-content\/uploads\/2016\/07\/facebook-default-posting-1200x628px.jpg"}],"author":"Jean-Paul Erhard","twitter_card":"summary_large_image","twitter_creator":"@PeoplesphereMag","twitter_site":"@PeoplesphereMag","twitter_misc":{"\u00c9crit par":"Jean-Paul Erhard","Dur\u00e9e de lecture estim\u00e9e":"4 minutes"},"schema":{"@context":"https:\/\/schema.org","@graph":[{"@type":"Article","@id":"https:\/\/peoplesphere.be\/fr\/les-entretiens-informels-entre-employeurs-et-travailleurs-se-multiplient-afin-de-rendre-la-reprise-du-travail-possible\/#article","isPartOf":{"@id":"https:\/\/peoplesphere.be\/fr\/les-entretiens-informels-entre-employeurs-et-travailleurs-se-multiplient-afin-de-rendre-la-reprise-du-travail-possible\/"},"author":{"name":"Jean-Paul Erhard","@id":"https:\/\/peoplesphere.be\/fr\/#\/schema\/person\/7976225ff17988604334abb7b3536a7e"},"headline":"Les entretiens informels entre employeurs et travailleurs se multiplient afin de rendre la reprise du travail possible.","datePublished":"2026-01-14T16:22:14+00:00","dateModified":"2026-01-14T16:22:14+00:00","mainEntityOfPage":{"@id":"https:\/\/peoplesphere.be\/fr\/les-entretiens-informels-entre-employeurs-et-travailleurs-se-multiplient-afin-de-rendre-la-reprise-du-travail-possible\/"},"wordCount":728,"publisher":{"@id":"https:\/\/peoplesphere.be\/fr\/#organization"},"keywords":["absences de longue dur\u00e9e","dialogue","r\u00e9int\u00e9gration"],"articleSection":["Actualit\u00e9s","Digital"],"inLanguage":"fr-FR"},{"@type":"WebPage","@id":"https:\/\/peoplesphere.be\/fr\/les-entretiens-informels-entre-employeurs-et-travailleurs-se-multiplient-afin-de-rendre-la-reprise-du-travail-possible\/","url":"https:\/\/peoplesphere.be\/fr\/les-entretiens-informels-entre-employeurs-et-travailleurs-se-multiplient-afin-de-rendre-la-reprise-du-travail-possible\/","name":"Les entretiens informels entre employeurs et travailleurs se multiplient afin de rendre la reprise du travail possible. - Peoplesphere","isPartOf":{"@id":"https:\/\/peoplesphere.be\/fr\/#website"},"datePublished":"2026-01-14T16:22:14+00:00","dateModified":"2026-01-14T16:22:14+00:00","breadcrumb":{"@id":"https:\/\/peoplesphere.be\/fr\/les-entretiens-informels-entre-employeurs-et-travailleurs-se-multiplient-afin-de-rendre-la-reprise-du-travail-possible\/#breadcrumb"},"inLanguage":"fr-FR","potentialAction":[{"@type":"ReadAction","target":["https:\/\/peoplesphere.be\/fr\/les-entretiens-informels-entre-employeurs-et-travailleurs-se-multiplient-afin-de-rendre-la-reprise-du-travail-possible\/"]}]},{"@type":"BreadcrumbList","@id":"https:\/\/peoplesphere.be\/fr\/les-entretiens-informels-entre-employeurs-et-travailleurs-se-multiplient-afin-de-rendre-la-reprise-du-travail-possible\/#breadcrumb","itemListElement":[{"@type":"ListItem","position":1,"name":"Accueil","item":"https:\/\/peoplesphere.be\/fr\/"},{"@type":"ListItem","position":2,"name":"Les entretiens informels entre employeurs et travailleurs se multiplient afin de rendre la reprise du travail possible."}]},{"@type":"WebSite","@id":"https:\/\/peoplesphere.be\/fr\/#website","url":"https:\/\/peoplesphere.be\/fr\/","name":"Peoplesphere","description":"The People Managers Magazine","publisher":{"@id":"https:\/\/peoplesphere.be\/fr\/#organization"},"potentialAction":[{"@type":"SearchAction","target":{"@type":"EntryPoint","urlTemplate":"https:\/\/peoplesphere.be\/fr\/?s={search_term_string}"},"query-input":"required name=search_term_string"}],"inLanguage":"fr-FR"},{"@type":"Organization","@id":"https:\/\/peoplesphere.be\/fr\/#organization","name":"Peoplesphere Company srl","url":"https:\/\/peoplesphere.be\/fr\/","logo":{"@type":"ImageObject","inLanguage":"fr-FR","@id":"https:\/\/peoplesphere.be\/fr\/#\/schema\/logo\/image\/","url":"https:\/\/peoplesphere.be\/fr\/wp-content\/uploads\/2023\/07\/peoplesphere-lgo-new-generik.jpg","contentUrl":"https:\/\/peoplesphere.be\/fr\/wp-content\/uploads\/2023\/07\/peoplesphere-lgo-new-generik.jpg","width":1031,"height":1479,"caption":"Peoplesphere Company srl"},"image":{"@id":"https:\/\/peoplesphere.be\/fr\/#\/schema\/logo\/image\/"},"sameAs":["https:\/\/www.facebook.com\/peoplesphere","https:\/\/twitter.com\/PeoplesphereMag","https:\/\/www.linkedin.com\/company\/7587361?trk","http:\/\/youtube.com\/peoplesphere"]},{"@type":"Person","@id":"https:\/\/peoplesphere.be\/fr\/#\/schema\/person\/7976225ff17988604334abb7b3536a7e","name":"Jean-Paul Erhard","image":{"@type":"ImageObject","inLanguage":"fr-FR","@id":"https:\/\/peoplesphere.be\/fr\/#\/schema\/person\/image\/","url":"https:\/\/secure.gravatar.com\/avatar\/f941e681460179738071629a51574930?s=96&d=mm&r=g","contentUrl":"https:\/\/secure.gravatar.com\/avatar\/f941e681460179738071629a51574930?s=96&d=mm&r=g","caption":"Jean-Paul Erhard"},"url":"https:\/\/peoplesphere.be\/fr\/author\/jpe\/"}]}},"_links":{"self":[{"href":"https:\/\/peoplesphere.be\/fr\/wp-json\/wp\/v2\/posts\/18647"}],"collection":[{"href":"https:\/\/peoplesphere.be\/fr\/wp-json\/wp\/v2\/posts"}],"about":[{"href":"https:\/\/peoplesphere.be\/fr\/wp-json\/wp\/v2\/types\/post"}],"author":[{"embeddable":true,"href":"https:\/\/peoplesphere.be\/fr\/wp-json\/wp\/v2\/users\/2"}],"replies":[{"embeddable":true,"href":"https:\/\/peoplesphere.be\/fr\/wp-json\/wp\/v2\/comments?post=18647"}],"version-history":[{"count":1,"href":"https:\/\/peoplesphere.be\/fr\/wp-json\/wp\/v2\/posts\/18647\/revisions"}],"predecessor-version":[{"id":18648,"href":"https:\/\/peoplesphere.be\/fr\/wp-json\/wp\/v2\/posts\/18647\/revisions\/18648"}],"wp:attachment":[{"href":"https:\/\/peoplesphere.be\/fr\/wp-json\/wp\/v2\/media?parent=18647"}],"wp:term":[{"taxonomy":"category","embeddable":true,"href":"https:\/\/peoplesphere.be\/fr\/wp-json\/wp\/v2\/categories?post=18647"},{"taxonomy":"post_tag","embeddable":true,"href":"https:\/\/peoplesphere.be\/fr\/wp-json\/wp\/v2\/tags?post=18647"}],"curies":[{"name":"wp","href":"https:\/\/api.w.org\/{rel}","templated":true}]}}