









{"id":18653,"date":"2026-01-15T09:14:35","date_gmt":"2026-01-15T07:14:35","guid":{"rendered":"https:\/\/peoplesphere.be\/fr\/?p=18653"},"modified":"2026-01-15T09:14:35","modified_gmt":"2026-01-15T07:14:35","slug":"labsenteisme-de-longue-duree-a-encore-augmente-en-2025-le-cout-des-journees-de-travail-perdues-devient-insupportable","status":"publish","type":"post","link":"https:\/\/peoplesphere.be\/fr\/labsenteisme-de-longue-duree-a-encore-augmente-en-2025-le-cout-des-journees-de-travail-perdues-devient-insupportable\/","title":{"rendered":"L&rsquo;absent\u00e9isme de longue dur\u00e9e a encore augment\u00e9 en 2025: le co\u00fbt des journ\u00e9es de travail perdues devient insupportable."},"content":{"rendered":"<p>En 2025, seul l\u2019absent\u00e9isme de longue dur\u00e9e continue d\u2019augmenter. La part des travailleurs absents depuis plus d\u2019un an atteint 3,14% dans le secteur priv\u00e9. Parall\u00e8lement, l\u2019absent\u00e9isme de courte et moyenne dur\u00e9e diminue dans le secteur priv\u00e9. Moins de deux travailleurs sur trois (65%) ont \u00e9t\u00e9 absents au moins un jour pour maladie de courte dur\u00e9e au cours de l\u2019ann\u00e9e. La part des travailleurs absents pour maladie de plus d\u2019un mois tombe juste en dessous de 13%.<!--more--><\/p>\n<p>Pr\u00e8s d\u2019un travailleur sur trois (30%) n\u2019a connu aucune absence de courte ou moyenne dur\u00e9e en 2025, une am\u00e9lioration par rapport \u00e0 l\u2019ann\u00e9e pr\u00e9c\u00e9dente. Malgr\u00e9 cette baisse, plus d\u2019une journ\u00e9e de travail sur dix est toujours perdue \u00e0 cause de maladies (10,14%) et les co\u00fbts li\u00e9s continuent d\u2019augmenter. De grandes diff\u00e9rences se manifestent selon le secteur et la taille de l\u2019organisation.<\/p>\n<h3><strong><em>Moins de malades (de longue dur\u00e9e)<\/em><\/strong><\/h3>\n<p>Thomas Lesseigne, Advanced Legal HR Consultant chez SD Worx explique : <em>\u00ab\u00a0L\u2019ann\u00e9e 2025 a commenc\u00e9 difficilement, avec des chiffres li\u00e9s aux maladies \u00e9lev\u00e9s en janvier et f\u00e9vrier, probablement en raison d\u2019une vague de grippe exceptionnellement forte et longue cette ann\u00e9e-l\u00e0. D\u00e8s mars, nous observons cependant une nette baisse, avec moins de travailleurs malades de courte dur\u00e9e. En octobre, le pourcentage mensuel d\u2019absents pour maladie a de nouveau atteint 18%, mais ce pic \u00e9tait inf\u00e9rieur \u00e0 celui de 2024. Il en va de m\u00eame pour novembre et d\u00e9cembre, bien que les chiffres soient encore provisoires. Il est encourageant de constater que la tendance \u00e0 la hausse de l\u2019absent\u00e9isme de moyenne dur\u00e9e est rompue : pour les travailleurs absents plus d\u2019un mois mais moins d\u2019un an, le nombre de malades est chaque mois inf\u00e9rieur \u00e0 celui de la m\u00eame p\u00e9riode l\u2019ann\u00e9e pr\u00e9c\u00e9dente \u00e0 partir de mai\u00a0\u00bb.<\/em><\/p>\n<p>R\u00e9sultat : moins de personnes ont \u00e9t\u00e9 absentes pour maladie de courte ou moyenne dur\u00e9e au travail. Ceux qui \u00e9taient effectivement malades ont \u00e9t\u00e9 absents en moyenne 17,2 jours ouvrables en 2025, contre 18,3 jours en 2024.<\/p>\n<h3><strong><em>Pr\u00e8s d\u2019un travailleur sur huit absent plus d\u2019un mois<\/em><\/strong><\/h3>\n<p>Les absences de courte dur\u00e9e ne sont pas les seules \u00e0 poser des d\u00e9fis de planification et de co\u00fbts suppl\u00e9mentaires aux employeurs. Les travailleurs absents plus d\u2019un mois entra\u00eeneront, \u00e0 partir de 2026, des co\u00fbts suppl\u00e9mentaires pour les employeurs en raison de la nouvelle contribution de solidarit\u00e9 au cours des 2\u00e8me et 3\u00e8me mois d\u2019absence.<\/p>\n<p><em>\u00ab\u00a0Malgr\u00e9 la l\u00e9g\u00e8re tendance \u00e0 la baisse de l\u2019absent\u00e9isme de courte et moyenne dur\u00e9e, le co\u00fbt de la maladie sur le lieu de travail continue d\u2019augmenter chaque ann\u00e9e. En 2025, le co\u00fbt direct de l\u2019absent\u00e9isme de courte dur\u00e9e atteint en moyenne 160.000 euros pour une organisation de 100 travailleurs ; selon SD Worx, ce co\u00fbt augmentera consid\u00e9rablement dans les ann\u00e9es \u00e0 venir en raison des nouvelles contributions de solidarit\u00e9 pour les absences de plus d\u2019un mois. Pr\u00e8s d\u2019un travailleur sur huit est absent plus d\u2019un mois en 2025. SD Worx a d\u00e9j\u00e0 r\u00e9alis\u00e9 des simulations allant de plusieurs milliers \u00e0 plusieurs centaines de milliers d\u2019euros de co\u00fbts suppl\u00e9mentaires, en cas d\u2019absent\u00e9isme moyen \u00e9lev\u00e9, selon la taille et le secteur\u00a0\u00bb<\/em>, explique Thomas Lesseigne, de SD Worx.<\/p>\n<p>Cette augmentation des co\u00fbts est attendue compte tenu des nouvelles mesures de responsabilisation. \u00c0 partir du 1er janvier 2026, les employeurs comptant au moins 50 travailleurs devront \u00e9galement contribuer financi\u00e8rement \u00e0 l\u2019indemnit\u00e9 de maladie pendant le deuxi\u00e8me et le troisi\u00e8me mois d\u2019incapacit\u00e9 de travail. Il s\u2019agit concr\u00e8tement d\u2019une contribution de solidarit\u00e9 de 30% de l\u2019indemnit\u00e9 que le travailleur per\u00e7oit via la mutuelle.<\/p>\n<h3><strong><em>Les absences de plus d\u2019un an augmentent \u00e0 nouveau en 2025<\/em><\/strong><\/h3>\n<p>Chaque ann\u00e9e, la part des travailleurs absents plus d\u2019un an continue d\u2019augmenter dans le secteur priv\u00e9 : en 2025, elle atteint 3,14%. Cela repr\u00e9sente une augmentation relative de 18% par rapport \u00e0 2020, o\u00f9 elle \u00e9tait de 2,65%.<\/p>\n<p>Les absences de longue dur\u00e9e sont \u00e9galement responsables de la majeure partie des journ\u00e9es de travail perdues : 3,86%, soit une nouvelle hausse par rapport \u00e0 3,75% en 2024.<\/p>\n<h3><strong><em>Les PME affichent le plus faible taux d\u2019absent\u00e9isme<\/em><\/strong><\/h3>\n<p>Outre le secteur et la nature du travail, la taille de l\u2019organisation joue \u00e9galement un r\u00f4le clair dans l\u2019absent\u00e9isme. Les diff\u00e9rences sont particuli\u00e8rement marqu\u00e9es pour les absences de courte dur\u00e9e. Dans les PME de moins de 20 travailleurs, pr\u00e8s de la moiti\u00e9 (45%) n\u2019a pas \u00e9t\u00e9 malade une seule journ\u00e9e de courte dur\u00e9e en 2025. Dans les grandes organisations de plus de 500 travailleurs, cela concerne encore un travailleur sur trois.<\/p>\n<p>Une tendance similaire est visible pour l\u2019absent\u00e9isme de moyenne dur\u00e9e. Dans les plus petites organisations, la part des travailleurs absents plus d\u2019un mois reste limit\u00e9e \u00e0 moins d\u2019un sur dix (9%). Dans les entreprises d\u2019environ 500 travailleurs, cette part atteint un sur sept (13,90%), et dans les organisations de plus de 1.000 travailleurs, cela monte \u00e0 un sur six (16,30%).<\/p>\n<p>La diff\u00e9rence pour les absents de longue dur\u00e9e est encore plus marqu\u00e9e, le pourcentage dans les plus grandes organisations \u00e9tant plus du double de celui des plus petites (moins de 20 travailleurs). En 2025, cette part d\u2019absents de longue dur\u00e9e a encore augment\u00e9 dans les organisations de plus de 250 travailleurs, alors qu\u2019elle a diminu\u00e9 dans les plus petites.<\/p>\n<p><em>\u00ab\u00a0Plus l\u2019organisation est petite, plus les dirigeants sont proches des travailleurs. N\u00e9anmoins, nous constatons que les grandes organisations s\u2019efforcent \u00e9galement de r\u00e9int\u00e9grer les travailleurs apr\u00e8s une absence pour maladie. Les employeurs ont tout int\u00e9r\u00eat \u00e0 affiner leur politique avec des actions cibl\u00e9es. Ceux qui souhaitent \u00e9valuer si l\u2019absent\u00e9isme dans leur organisation est anormalement \u00e9lev\u00e9 ou faible doivent se comparer \u00e0 d\u2019autres employeurs de m\u00eame taille et du m\u00eame secteur\u00a0\u00bb<\/em>, ajoute Thomas Lesseigne.<\/p>\n<p>&nbsp;<\/p>\n<p><em>Source: SD Worx<\/em><\/p>\n","protected":false},"excerpt":{"rendered":"<p>En 2025, seul l\u2019absent\u00e9isme de longue dur\u00e9e continue d\u2019augmenter. La part des travailleurs absents depuis plus d\u2019un an atteint 3,14% dans le secteur priv\u00e9. Parall\u00e8lement, l\u2019absent\u00e9isme de courte et moyenne dur\u00e9e diminue dans le secteur priv\u00e9. Moins de deux travailleurs [&hellip;]<\/p>\n","protected":false},"author":2,"featured_media":0,"comment_status":"closed","ping_status":"open","sticky":false,"template":"","format":"standard","meta":[],"categories":[65,10],"tags":[145,55,16,179],"yoast_head":"<!-- This site is optimized with the Yoast SEO plugin v21.0 - https:\/\/yoast.com\/wordpress\/plugins\/seo\/ -->\n<title>L&#039;absent\u00e9isme de longue dur\u00e9e a encore augment\u00e9 en 2025: le co\u00fbt des journ\u00e9es de travail perdues devient insupportable. - Peoplesphere<\/title>\n<meta name=\"robots\" content=\"index, follow, max-snippet:-1, max-image-preview:large, max-video-preview:-1\" \/>\n<link rel=\"canonical\" href=\"https:\/\/peoplesphere.be\/fr\/labsenteisme-de-longue-duree-a-encore-augmente-en-2025-le-cout-des-journees-de-travail-perdues-devient-insupportable\/\" \/>\n<meta property=\"og:locale\" content=\"fr_FR\" \/>\n<meta property=\"og:type\" content=\"article\" \/>\n<meta property=\"og:title\" content=\"L&#039;absent\u00e9isme de longue dur\u00e9e a encore augment\u00e9 en 2025: le co\u00fbt des journ\u00e9es de travail perdues devient insupportable. - Peoplesphere\" \/>\n<meta property=\"og:description\" content=\"En 2025, seul l\u2019absent\u00e9isme de longue dur\u00e9e continue d\u2019augmenter. La part des travailleurs absents depuis plus d\u2019un an atteint 3,14% dans le secteur priv\u00e9. Parall\u00e8lement, l\u2019absent\u00e9isme de courte et moyenne dur\u00e9e diminue dans le secteur priv\u00e9. Moins de deux travailleurs [&hellip;]\" \/>\n<meta property=\"og:url\" content=\"https:\/\/peoplesphere.be\/fr\/labsenteisme-de-longue-duree-a-encore-augmente-en-2025-le-cout-des-journees-de-travail-perdues-devient-insupportable\/\" \/>\n<meta property=\"og:site_name\" content=\"Peoplesphere\" \/>\n<meta property=\"article:publisher\" content=\"https:\/\/www.facebook.com\/peoplesphere\" \/>\n<meta property=\"article:published_time\" content=\"2026-01-15T07:14:35+00:00\" \/>\n<meta property=\"og:image\" content=\"http:\/\/www.peoplesphere.be\/fr\/wp-content\/uploads\/2016\/07\/facebook-default-posting-1200x628px.jpg\" \/>\n<meta name=\"author\" content=\"Jean-Paul Erhard\" \/>\n<meta name=\"twitter:card\" content=\"summary_large_image\" \/>\n<meta name=\"twitter:creator\" content=\"@PeoplesphereMag\" \/>\n<meta name=\"twitter:site\" content=\"@PeoplesphereMag\" \/>\n<meta name=\"twitter:label1\" content=\"\u00c9crit par\" \/>\n\t<meta name=\"twitter:data1\" content=\"Jean-Paul Erhard\" \/>\n\t<meta name=\"twitter:label2\" content=\"Dur\u00e9e de lecture estim\u00e9e\" \/>\n\t<meta name=\"twitter:data2\" content=\"5 minutes\" \/>\n<script type=\"application\/ld+json\" class=\"yoast-schema-graph\">{\"@context\":\"https:\/\/schema.org\",\"@graph\":[{\"@type\":\"Article\",\"@id\":\"https:\/\/peoplesphere.be\/fr\/labsenteisme-de-longue-duree-a-encore-augmente-en-2025-le-cout-des-journees-de-travail-perdues-devient-insupportable\/#article\",\"isPartOf\":{\"@id\":\"https:\/\/peoplesphere.be\/fr\/labsenteisme-de-longue-duree-a-encore-augmente-en-2025-le-cout-des-journees-de-travail-perdues-devient-insupportable\/\"},\"author\":{\"name\":\"Jean-Paul Erhard\",\"@id\":\"https:\/\/peoplesphere.be\/fr\/#\/schema\/person\/7976225ff17988604334abb7b3536a7e\"},\"headline\":\"L&rsquo;absent\u00e9isme de longue dur\u00e9e a encore augment\u00e9 en 2025: le co\u00fbt des journ\u00e9es de travail perdues devient insupportable.\",\"datePublished\":\"2026-01-15T07:14:35+00:00\",\"dateModified\":\"2026-01-15T07:14:35+00:00\",\"mainEntityOfPage\":{\"@id\":\"https:\/\/peoplesphere.be\/fr\/labsenteisme-de-longue-duree-a-encore-augmente-en-2025-le-cout-des-journees-de-travail-perdues-devient-insupportable\/\"},\"wordCount\":1033,\"publisher\":{\"@id\":\"https:\/\/peoplesphere.be\/fr\/#organization\"},\"keywords\":[\"absent\u00e9isme\",\"co\u00fbt du travail\",\"Maladie\",\"productivit\u00e9\"],\"articleSection\":[\"Actualit\u00e9s\",\"Digital\"],\"inLanguage\":\"fr-FR\"},{\"@type\":\"WebPage\",\"@id\":\"https:\/\/peoplesphere.be\/fr\/labsenteisme-de-longue-duree-a-encore-augmente-en-2025-le-cout-des-journees-de-travail-perdues-devient-insupportable\/\",\"url\":\"https:\/\/peoplesphere.be\/fr\/labsenteisme-de-longue-duree-a-encore-augmente-en-2025-le-cout-des-journees-de-travail-perdues-devient-insupportable\/\",\"name\":\"L'absent\u00e9isme de longue dur\u00e9e a encore augment\u00e9 en 2025: le co\u00fbt des journ\u00e9es de travail perdues devient insupportable. - Peoplesphere\",\"isPartOf\":{\"@id\":\"https:\/\/peoplesphere.be\/fr\/#website\"},\"datePublished\":\"2026-01-15T07:14:35+00:00\",\"dateModified\":\"2026-01-15T07:14:35+00:00\",\"breadcrumb\":{\"@id\":\"https:\/\/peoplesphere.be\/fr\/labsenteisme-de-longue-duree-a-encore-augmente-en-2025-le-cout-des-journees-de-travail-perdues-devient-insupportable\/#breadcrumb\"},\"inLanguage\":\"fr-FR\",\"potentialAction\":[{\"@type\":\"ReadAction\",\"target\":[\"https:\/\/peoplesphere.be\/fr\/labsenteisme-de-longue-duree-a-encore-augmente-en-2025-le-cout-des-journees-de-travail-perdues-devient-insupportable\/\"]}]},{\"@type\":\"BreadcrumbList\",\"@id\":\"https:\/\/peoplesphere.be\/fr\/labsenteisme-de-longue-duree-a-encore-augmente-en-2025-le-cout-des-journees-de-travail-perdues-devient-insupportable\/#breadcrumb\",\"itemListElement\":[{\"@type\":\"ListItem\",\"position\":1,\"name\":\"Accueil\",\"item\":\"https:\/\/peoplesphere.be\/fr\/\"},{\"@type\":\"ListItem\",\"position\":2,\"name\":\"L&rsquo;absent\u00e9isme de longue dur\u00e9e a encore augment\u00e9 en 2025: le co\u00fbt des journ\u00e9es de travail perdues devient insupportable.\"}]},{\"@type\":\"WebSite\",\"@id\":\"https:\/\/peoplesphere.be\/fr\/#website\",\"url\":\"https:\/\/peoplesphere.be\/fr\/\",\"name\":\"Peoplesphere\",\"description\":\"The People Managers Magazine\",\"publisher\":{\"@id\":\"https:\/\/peoplesphere.be\/fr\/#organization\"},\"potentialAction\":[{\"@type\":\"SearchAction\",\"target\":{\"@type\":\"EntryPoint\",\"urlTemplate\":\"https:\/\/peoplesphere.be\/fr\/?s={search_term_string}\"},\"query-input\":\"required name=search_term_string\"}],\"inLanguage\":\"fr-FR\"},{\"@type\":\"Organization\",\"@id\":\"https:\/\/peoplesphere.be\/fr\/#organization\",\"name\":\"Peoplesphere Company srl\",\"url\":\"https:\/\/peoplesphere.be\/fr\/\",\"logo\":{\"@type\":\"ImageObject\",\"inLanguage\":\"fr-FR\",\"@id\":\"https:\/\/peoplesphere.be\/fr\/#\/schema\/logo\/image\/\",\"url\":\"https:\/\/peoplesphere.be\/fr\/wp-content\/uploads\/2023\/07\/peoplesphere-lgo-new-generik.jpg\",\"contentUrl\":\"https:\/\/peoplesphere.be\/fr\/wp-content\/uploads\/2023\/07\/peoplesphere-lgo-new-generik.jpg\",\"width\":1031,\"height\":1479,\"caption\":\"Peoplesphere Company srl\"},\"image\":{\"@id\":\"https:\/\/peoplesphere.be\/fr\/#\/schema\/logo\/image\/\"},\"sameAs\":[\"https:\/\/www.facebook.com\/peoplesphere\",\"https:\/\/twitter.com\/PeoplesphereMag\",\"https:\/\/www.linkedin.com\/company\/7587361?trk\",\"http:\/\/youtube.com\/peoplesphere\"]},{\"@type\":\"Person\",\"@id\":\"https:\/\/peoplesphere.be\/fr\/#\/schema\/person\/7976225ff17988604334abb7b3536a7e\",\"name\":\"Jean-Paul Erhard\",\"image\":{\"@type\":\"ImageObject\",\"inLanguage\":\"fr-FR\",\"@id\":\"https:\/\/peoplesphere.be\/fr\/#\/schema\/person\/image\/\",\"url\":\"https:\/\/secure.gravatar.com\/avatar\/f941e681460179738071629a51574930?s=96&d=mm&r=g\",\"contentUrl\":\"https:\/\/secure.gravatar.com\/avatar\/f941e681460179738071629a51574930?s=96&d=mm&r=g\",\"caption\":\"Jean-Paul Erhard\"},\"url\":\"https:\/\/peoplesphere.be\/fr\/author\/jpe\/\"}]}<\/script>\n<!-- \/ Yoast SEO plugin. -->","yoast_head_json":{"title":"L'absent\u00e9isme de longue dur\u00e9e a encore augment\u00e9 en 2025: le co\u00fbt des journ\u00e9es de travail perdues devient insupportable. - Peoplesphere","robots":{"index":"index","follow":"follow","max-snippet":"max-snippet:-1","max-image-preview":"max-image-preview:large","max-video-preview":"max-video-preview:-1"},"canonical":"https:\/\/peoplesphere.be\/fr\/labsenteisme-de-longue-duree-a-encore-augmente-en-2025-le-cout-des-journees-de-travail-perdues-devient-insupportable\/","og_locale":"fr_FR","og_type":"article","og_title":"L'absent\u00e9isme de longue dur\u00e9e a encore augment\u00e9 en 2025: le co\u00fbt des journ\u00e9es de travail perdues devient insupportable. - Peoplesphere","og_description":"En 2025, seul l\u2019absent\u00e9isme de longue dur\u00e9e continue d\u2019augmenter. La part des travailleurs absents depuis plus d\u2019un an atteint 3,14% dans le secteur priv\u00e9. Parall\u00e8lement, l\u2019absent\u00e9isme de courte et moyenne dur\u00e9e diminue dans le secteur priv\u00e9. Moins de deux travailleurs [&hellip;]","og_url":"https:\/\/peoplesphere.be\/fr\/labsenteisme-de-longue-duree-a-encore-augmente-en-2025-le-cout-des-journees-de-travail-perdues-devient-insupportable\/","og_site_name":"Peoplesphere","article_publisher":"https:\/\/www.facebook.com\/peoplesphere","article_published_time":"2026-01-15T07:14:35+00:00","og_image":[{"url":"http:\/\/www.peoplesphere.be\/fr\/wp-content\/uploads\/2016\/07\/facebook-default-posting-1200x628px.jpg"}],"author":"Jean-Paul Erhard","twitter_card":"summary_large_image","twitter_creator":"@PeoplesphereMag","twitter_site":"@PeoplesphereMag","twitter_misc":{"\u00c9crit par":"Jean-Paul Erhard","Dur\u00e9e de lecture estim\u00e9e":"5 minutes"},"schema":{"@context":"https:\/\/schema.org","@graph":[{"@type":"Article","@id":"https:\/\/peoplesphere.be\/fr\/labsenteisme-de-longue-duree-a-encore-augmente-en-2025-le-cout-des-journees-de-travail-perdues-devient-insupportable\/#article","isPartOf":{"@id":"https:\/\/peoplesphere.be\/fr\/labsenteisme-de-longue-duree-a-encore-augmente-en-2025-le-cout-des-journees-de-travail-perdues-devient-insupportable\/"},"author":{"name":"Jean-Paul Erhard","@id":"https:\/\/peoplesphere.be\/fr\/#\/schema\/person\/7976225ff17988604334abb7b3536a7e"},"headline":"L&rsquo;absent\u00e9isme de longue dur\u00e9e a encore augment\u00e9 en 2025: le co\u00fbt des journ\u00e9es de travail perdues devient insupportable.","datePublished":"2026-01-15T07:14:35+00:00","dateModified":"2026-01-15T07:14:35+00:00","mainEntityOfPage":{"@id":"https:\/\/peoplesphere.be\/fr\/labsenteisme-de-longue-duree-a-encore-augmente-en-2025-le-cout-des-journees-de-travail-perdues-devient-insupportable\/"},"wordCount":1033,"publisher":{"@id":"https:\/\/peoplesphere.be\/fr\/#organization"},"keywords":["absent\u00e9isme","co\u00fbt du travail","Maladie","productivit\u00e9"],"articleSection":["Actualit\u00e9s","Digital"],"inLanguage":"fr-FR"},{"@type":"WebPage","@id":"https:\/\/peoplesphere.be\/fr\/labsenteisme-de-longue-duree-a-encore-augmente-en-2025-le-cout-des-journees-de-travail-perdues-devient-insupportable\/","url":"https:\/\/peoplesphere.be\/fr\/labsenteisme-de-longue-duree-a-encore-augmente-en-2025-le-cout-des-journees-de-travail-perdues-devient-insupportable\/","name":"L'absent\u00e9isme de longue dur\u00e9e a encore augment\u00e9 en 2025: le co\u00fbt des journ\u00e9es de travail perdues devient insupportable. - Peoplesphere","isPartOf":{"@id":"https:\/\/peoplesphere.be\/fr\/#website"},"datePublished":"2026-01-15T07:14:35+00:00","dateModified":"2026-01-15T07:14:35+00:00","breadcrumb":{"@id":"https:\/\/peoplesphere.be\/fr\/labsenteisme-de-longue-duree-a-encore-augmente-en-2025-le-cout-des-journees-de-travail-perdues-devient-insupportable\/#breadcrumb"},"inLanguage":"fr-FR","potentialAction":[{"@type":"ReadAction","target":["https:\/\/peoplesphere.be\/fr\/labsenteisme-de-longue-duree-a-encore-augmente-en-2025-le-cout-des-journees-de-travail-perdues-devient-insupportable\/"]}]},{"@type":"BreadcrumbList","@id":"https:\/\/peoplesphere.be\/fr\/labsenteisme-de-longue-duree-a-encore-augmente-en-2025-le-cout-des-journees-de-travail-perdues-devient-insupportable\/#breadcrumb","itemListElement":[{"@type":"ListItem","position":1,"name":"Accueil","item":"https:\/\/peoplesphere.be\/fr\/"},{"@type":"ListItem","position":2,"name":"L&rsquo;absent\u00e9isme de longue dur\u00e9e a encore augment\u00e9 en 2025: le co\u00fbt des journ\u00e9es de travail perdues devient insupportable."}]},{"@type":"WebSite","@id":"https:\/\/peoplesphere.be\/fr\/#website","url":"https:\/\/peoplesphere.be\/fr\/","name":"Peoplesphere","description":"The People Managers Magazine","publisher":{"@id":"https:\/\/peoplesphere.be\/fr\/#organization"},"potentialAction":[{"@type":"SearchAction","target":{"@type":"EntryPoint","urlTemplate":"https:\/\/peoplesphere.be\/fr\/?s={search_term_string}"},"query-input":"required name=search_term_string"}],"inLanguage":"fr-FR"},{"@type":"Organization","@id":"https:\/\/peoplesphere.be\/fr\/#organization","name":"Peoplesphere Company srl","url":"https:\/\/peoplesphere.be\/fr\/","logo":{"@type":"ImageObject","inLanguage":"fr-FR","@id":"https:\/\/peoplesphere.be\/fr\/#\/schema\/logo\/image\/","url":"https:\/\/peoplesphere.be\/fr\/wp-content\/uploads\/2023\/07\/peoplesphere-lgo-new-generik.jpg","contentUrl":"https:\/\/peoplesphere.be\/fr\/wp-content\/uploads\/2023\/07\/peoplesphere-lgo-new-generik.jpg","width":1031,"height":1479,"caption":"Peoplesphere Company srl"},"image":{"@id":"https:\/\/peoplesphere.be\/fr\/#\/schema\/logo\/image\/"},"sameAs":["https:\/\/www.facebook.com\/peoplesphere","https:\/\/twitter.com\/PeoplesphereMag","https:\/\/www.linkedin.com\/company\/7587361?trk","http:\/\/youtube.com\/peoplesphere"]},{"@type":"Person","@id":"https:\/\/peoplesphere.be\/fr\/#\/schema\/person\/7976225ff17988604334abb7b3536a7e","name":"Jean-Paul Erhard","image":{"@type":"ImageObject","inLanguage":"fr-FR","@id":"https:\/\/peoplesphere.be\/fr\/#\/schema\/person\/image\/","url":"https:\/\/secure.gravatar.com\/avatar\/f941e681460179738071629a51574930?s=96&d=mm&r=g","contentUrl":"https:\/\/secure.gravatar.com\/avatar\/f941e681460179738071629a51574930?s=96&d=mm&r=g","caption":"Jean-Paul Erhard"},"url":"https:\/\/peoplesphere.be\/fr\/author\/jpe\/"}]}},"_links":{"self":[{"href":"https:\/\/peoplesphere.be\/fr\/wp-json\/wp\/v2\/posts\/18653"}],"collection":[{"href":"https:\/\/peoplesphere.be\/fr\/wp-json\/wp\/v2\/posts"}],"about":[{"href":"https:\/\/peoplesphere.be\/fr\/wp-json\/wp\/v2\/types\/post"}],"author":[{"embeddable":true,"href":"https:\/\/peoplesphere.be\/fr\/wp-json\/wp\/v2\/users\/2"}],"replies":[{"embeddable":true,"href":"https:\/\/peoplesphere.be\/fr\/wp-json\/wp\/v2\/comments?post=18653"}],"version-history":[{"count":1,"href":"https:\/\/peoplesphere.be\/fr\/wp-json\/wp\/v2\/posts\/18653\/revisions"}],"predecessor-version":[{"id":18654,"href":"https:\/\/peoplesphere.be\/fr\/wp-json\/wp\/v2\/posts\/18653\/revisions\/18654"}],"wp:attachment":[{"href":"https:\/\/peoplesphere.be\/fr\/wp-json\/wp\/v2\/media?parent=18653"}],"wp:term":[{"taxonomy":"category","embeddable":true,"href":"https:\/\/peoplesphere.be\/fr\/wp-json\/wp\/v2\/categories?post=18653"},{"taxonomy":"post_tag","embeddable":true,"href":"https:\/\/peoplesphere.be\/fr\/wp-json\/wp\/v2\/tags?post=18653"}],"curies":[{"name":"wp","href":"https:\/\/api.w.org\/{rel}","templated":true}]}}