









{"id":18657,"date":"2026-01-16T10:21:29","date_gmt":"2026-01-16T08:21:29","guid":{"rendered":"https:\/\/peoplesphere.be\/fr\/?p=18657"},"modified":"2026-01-16T10:21:29","modified_gmt":"2026-01-16T08:21:29","slug":"opinion-2026-sera-lannee-du-risk-manager-et-cest-une-excellente-nouvelle","status":"publish","type":"post","link":"https:\/\/peoplesphere.be\/fr\/opinion-2026-sera-lannee-du-risk-manager-et-cest-une-excellente-nouvelle\/","title":{"rendered":"Opinion &#8211; 2026 sera l\u2019ann\u00e9e du risk manager\u2026 et c\u2019est une excellente nouvelle."},"content":{"rendered":"<p>2026 s\u2019annonce comme un moment charni\u00e8re pour les entreprises belges. Nous entrons dans une nouvelle \u00e8re o\u00f9 les risques classiques \u2013 incendie, responsabilit\u00e9, incidents op\u00e9rationnels \u2013 ne disparaissent pas, mais sont d\u00e9sormais \u00e9clips\u00e9s par des risques d\u2019une tout autre nature : cybermenaces, tensions g\u00e9opolitiques, impact climatique, d\u00e9pendance \u00e0 l\u2019\u00e9gard de cha\u00eenes d\u2019approvisionnement complexes et, surtout, attentes soci\u00e9tales accrues en mati\u00e8re d\u2019int\u00e9grit\u00e9 et de transparence.<!--more--><\/p>\n<p>Les entreprises doivent d\u00e9sormais \u00e0 la fois r\u00e9agir et anticiper. \u00c9teindre les incendies du quotidien tout en repensant leur organisation. Et c\u2019est pr\u00e9cis\u00e9ment dans ce contexte que le r\u00f4le du risk manager devient non seulement pertinent, mais strat\u00e9giquement indispensable.<\/p>\n<h3><strong><em>Pourquoi 2026 sera une ann\u00e9e charni\u00e8re<\/em><\/strong><\/h3>\n<p>Les signaux r\u00e9cents sont clairs. Les entreprises belges ont enregistr\u00e9 en 2024 un nombre record d\u2019incidents cyber. Les inondations en Wallonie rappellent brutalement que les impacts climatiques ne sont plus un sc\u00e9nario lointain. Et ceux qui tentent aujourd\u2019hui de s\u2019approvisionner en pi\u00e8ces d\u00e9tach\u00e9es venant d\u2019Asie ou m\u00eame d\u2019Allemagne savent que les chocs logistiques ne sont plus l\u2019exception, mais bien la nouvelle norme.<\/p>\n<p>Qu\u2019ont ces \u00e9volutions en commun ? Elles s\u2019entrecroisent. Une cyberattaque peut paralyser une usine ou mettre hors service une plateforme de vente en ligne pendant plusieurs mois comme ce fut le cas r\u00e9cemment pour le britannique Marks &amp; Spencer, ce qui p\u00e8se sur le carnet de commandes et influence ensuite des d\u00e9cisions financi\u00e8res ou d\u2019investissement. Un incident climatique extr\u00eame peut affecter simultan\u00e9ment la s\u00e9curit\u00e9 du personnel, la production et la r\u00e9putation. En 2026, la gestion des risques ne sera plus un appendice du plan strat\u00e9gique. Elle sera le plan strat\u00e9gique.<\/p>\n<h3><strong><em>L\u00e0 o\u00f9 les risk managers font la diff\u00e9rence<\/em><\/strong><\/h3>\n<p>L\u2019image du risk manager r\u00e9duit \u00e0 un acheteur d\u2019assurances ou \u00e0 un expert technique persiste encore trop souvent. Pourtant, la r\u00e9alit\u00e9 est toute autre. Le risk manager en 2026 n\u2019est pas un poste de d\u00e9penses, mais un v\u00e9ritable dispositif de pilotage strat\u00e9gique. Dans les entreprises belges, trois domaines illustrent particuli\u00e8rement sa valeur ajout\u00e9e :<\/p>\n<p><strong><em>Des plans d\u2019action concrets<\/em><\/strong><\/p>\n<p>Les entreprises les plus avant-gardistes travaillent aujourd\u2019hui avec des sc\u00e9narios : Et si une cyberattaque paralysait notre plateforme de r\u00e9servation en pleine haute saison ? Et si un fournisseur cl\u00e9 faisait faillite ? Et si de nouvelles r\u00e9glementations ESG r\u00e9duisaient nos marges de moiti\u00e9 ? Les risk managers traduisent ces sc\u00e9narios en plans d\u2019action concrets et en d\u00e9cisions d\u2019investissement. Ce n\u2019est pas un exercice th\u00e9orique : c\u2019est la raison pour laquelle certaines organisations se rel\u00e8vent en quelques jours apr\u00e8s une crise, quand d\u2019autres y perdent des mois.<\/p>\n<p><strong><em>Une vision transversale de l\u2019entreprise<\/em><\/strong><\/p>\n<p>Un bon risk manager traverse les silos. Il ou elle comprend le fonctionnement de l\u2019usine, les rapports financiers, l\u2019architecture IT \u2014 mais surtout, comment ces univers interagissent. Cette vision transversale en fait l\u2019une des rares fonctions capables d\u2019avoir une compr\u00e9hension holistique de l\u2019entreprise et de f\u00e9d\u00e9rer les parties prenantes autour des risques \u00e9mergents. En Belgique, ce sont pr\u00e9cis\u00e9ment ces profils qui aident les dirigeants \u00e0 devenir plus agiles, \u00e0 prot\u00e9ger l\u2019entreprise contre les menaces potentielles, mais aussi \u00e0 agir comme un catalyseur d\u2019innovation, de croissance et de r\u00e9silience.<\/p>\n<p><strong><em>Une culture du risque mature<\/em><\/strong><\/p>\n<p>C\u2019est peut-\u00eatre la plus grande valeur ajout\u00e9e du risk manager : l\u2019instauration d\u2019une v\u00e9ritable culture du risque. Pas comme un frein, mais comme un levier. Une entreprise o\u00f9 chaque collaborateur comprend que le risque est partag\u00e9 \u2013 de la production aux ventes, de l\u2019IT aux RH \u2013 devient plus rapide, plus intelligente et plus r\u00e9siliente. Ce n\u2019est pas un hasard si les entreprises dot\u00e9es d\u2019une culture du risque mature sont, sans surprise, souvent les plus innovantes et performantes.<\/p>\n<h3><strong><em>La Belgique a besoin de plus de risk managers\u2026 et de plus de formations<\/em><\/strong><\/h3>\n<p>Notre \u00e9conomie devient plus complexe, mais notre pipeline de talents ne suit pas. Les universit\u00e9s et hautes \u00e9coles belges proposent encore tr\u00e8s peu de programmes sp\u00e9cialis\u00e9s en gestion des risques d\u2019entreprise (risk management). C\u2019est une occasion manqu\u00e9e.<\/p>\n<p>La gestion des risques par une approche globale couvrant l\u2019ensemble de la cha\u00eene de valeur n\u2019est plus une niche. C\u2019est une discipline qui combine strat\u00e9gie, analyse de donn\u00e9es, psychologie, durabilit\u00e9 et technologie. Un domaine o\u00f9 les jeunes talents peuvent avoir un impact d\u00e8s le premier jour.<\/p>\n<p>Il est temps de lui accorder la m\u00eame attention acad\u00e9mique que celle donn\u00e9e ces derni\u00e8res ann\u00e9es \u00e0 la cybers\u00e9curit\u00e9, au d\u00e9veloppement durable ou \u00e0 la supply chain. La demande des entreprises existe, le besoin soci\u00e9tal aussi.<\/p>\n<h3><strong><em>Choisir un risk manager strat\u00e9gique n\u2019est pas de la prudence, c\u2019est de l\u2019ambition<\/em><\/strong><\/h3>\n<p>Dans un monde o\u00f9 la disruption est la norme, les entreprises qui accordent une place strat\u00e9gique \u00e0 leur risk manager choisissent le progr\u00e8s, pas la prudence. Elles optent pour la rapidit\u00e9, la confiance interne et la capacit\u00e9 non seulement \u00e0 r\u00e9sister aux chocs, mais \u00e0 s\u2019en renforcer.<\/p>\n<p>2026 apportera son lot de nouveaux risques. C\u2019est in\u00e9vitable. Mais pour ceux qui les comprennent, ils ne sont pas une menace : ils deviennent une source d\u2019insight, d\u2019innovation et, finalement, d\u2019avantage concurrentiel.<\/p>\n<p>La v\u00e9ritable question n\u2019est donc plus : Avons-nous besoin d\u2019un risk manager ? Mais bien : Pouvons-nous encore nous permettre de ne pas en avoir ?<\/p>\n<p>&nbsp;<\/p>\n<p><em>Opinion &#8211; Typhaine Beaup\u00e9rin, Risk Management Client Leader, Marsh Europe<\/em><\/p>\n","protected":false},"excerpt":{"rendered":"<p>2026 s\u2019annonce comme un moment charni\u00e8re pour les entreprises belges. Nous entrons dans une nouvelle \u00e8re o\u00f9 les risques classiques \u2013 incendie, responsabilit\u00e9, incidents op\u00e9rationnels \u2013 ne disparaissent pas, mais sont d\u00e9sormais \u00e9clips\u00e9s par des risques d\u2019une tout autre nature [&hellip;]<\/p>\n","protected":false},"author":2,"featured_media":0,"comment_status":"closed","ping_status":"open","sticky":false,"template":"","format":"standard","meta":[],"categories":[65,10],"tags":[1072,272,541],"yoast_head":"<!-- This site is optimized with the Yoast SEO plugin v21.0 - https:\/\/yoast.com\/wordpress\/plugins\/seo\/ -->\n<title>Opinion - 2026 sera l\u2019ann\u00e9e du risk manager\u2026 et c\u2019est une excellente nouvelle. - Peoplesphere<\/title>\n<meta name=\"robots\" content=\"index, follow, max-snippet:-1, max-image-preview:large, max-video-preview:-1\" \/>\n<link rel=\"canonical\" href=\"https:\/\/peoplesphere.be\/fr\/opinion-2026-sera-lannee-du-risk-manager-et-cest-une-excellente-nouvelle\/\" \/>\n<meta property=\"og:locale\" content=\"fr_FR\" \/>\n<meta property=\"og:type\" content=\"article\" \/>\n<meta property=\"og:title\" content=\"Opinion - 2026 sera l\u2019ann\u00e9e du risk manager\u2026 et c\u2019est une excellente nouvelle. - Peoplesphere\" \/>\n<meta property=\"og:description\" content=\"2026 s\u2019annonce comme un moment charni\u00e8re pour les entreprises belges. Nous entrons dans une nouvelle \u00e8re o\u00f9 les risques classiques \u2013 incendie, responsabilit\u00e9, incidents op\u00e9rationnels \u2013 ne disparaissent pas, mais sont d\u00e9sormais \u00e9clips\u00e9s par des risques d\u2019une tout autre nature [&hellip;]\" \/>\n<meta property=\"og:url\" content=\"https:\/\/peoplesphere.be\/fr\/opinion-2026-sera-lannee-du-risk-manager-et-cest-une-excellente-nouvelle\/\" \/>\n<meta property=\"og:site_name\" content=\"Peoplesphere\" \/>\n<meta property=\"article:publisher\" content=\"https:\/\/www.facebook.com\/peoplesphere\" \/>\n<meta property=\"article:published_time\" content=\"2026-01-16T08:21:29+00:00\" \/>\n<meta property=\"og:image\" content=\"http:\/\/www.peoplesphere.be\/fr\/wp-content\/uploads\/2016\/07\/facebook-default-posting-1200x628px.jpg\" \/>\n<meta name=\"author\" content=\"Jean-Paul Erhard\" \/>\n<meta name=\"twitter:card\" content=\"summary_large_image\" \/>\n<meta name=\"twitter:creator\" content=\"@PeoplesphereMag\" \/>\n<meta name=\"twitter:site\" content=\"@PeoplesphereMag\" \/>\n<meta name=\"twitter:label1\" content=\"\u00c9crit par\" \/>\n\t<meta name=\"twitter:data1\" content=\"Jean-Paul Erhard\" \/>\n\t<meta name=\"twitter:label2\" content=\"Dur\u00e9e de lecture estim\u00e9e\" \/>\n\t<meta name=\"twitter:data2\" content=\"5 minutes\" \/>\n<script type=\"application\/ld+json\" class=\"yoast-schema-graph\">{\"@context\":\"https:\/\/schema.org\",\"@graph\":[{\"@type\":\"Article\",\"@id\":\"https:\/\/peoplesphere.be\/fr\/opinion-2026-sera-lannee-du-risk-manager-et-cest-une-excellente-nouvelle\/#article\",\"isPartOf\":{\"@id\":\"https:\/\/peoplesphere.be\/fr\/opinion-2026-sera-lannee-du-risk-manager-et-cest-une-excellente-nouvelle\/\"},\"author\":{\"name\":\"Jean-Paul Erhard\",\"@id\":\"https:\/\/peoplesphere.be\/fr\/#\/schema\/person\/7976225ff17988604334abb7b3536a7e\"},\"headline\":\"Opinion &#8211; 2026 sera l\u2019ann\u00e9e du risk manager\u2026 et c\u2019est une excellente nouvelle.\",\"datePublished\":\"2026-01-16T08:21:29+00:00\",\"dateModified\":\"2026-01-16T08:21:29+00:00\",\"mainEntityOfPage\":{\"@id\":\"https:\/\/peoplesphere.be\/fr\/opinion-2026-sera-lannee-du-risk-manager-et-cest-une-excellente-nouvelle\/\"},\"wordCount\":971,\"publisher\":{\"@id\":\"https:\/\/peoplesphere.be\/fr\/#organization\"},\"keywords\":[\"cybers\u00e9curit\u00e9\",\"r\u00e9glementation\",\"Risk Management\"],\"articleSection\":[\"Actualit\u00e9s\",\"Digital\"],\"inLanguage\":\"fr-FR\"},{\"@type\":\"WebPage\",\"@id\":\"https:\/\/peoplesphere.be\/fr\/opinion-2026-sera-lannee-du-risk-manager-et-cest-une-excellente-nouvelle\/\",\"url\":\"https:\/\/peoplesphere.be\/fr\/opinion-2026-sera-lannee-du-risk-manager-et-cest-une-excellente-nouvelle\/\",\"name\":\"Opinion - 2026 sera l\u2019ann\u00e9e du risk manager\u2026 et c\u2019est une excellente nouvelle. - Peoplesphere\",\"isPartOf\":{\"@id\":\"https:\/\/peoplesphere.be\/fr\/#website\"},\"datePublished\":\"2026-01-16T08:21:29+00:00\",\"dateModified\":\"2026-01-16T08:21:29+00:00\",\"breadcrumb\":{\"@id\":\"https:\/\/peoplesphere.be\/fr\/opinion-2026-sera-lannee-du-risk-manager-et-cest-une-excellente-nouvelle\/#breadcrumb\"},\"inLanguage\":\"fr-FR\",\"potentialAction\":[{\"@type\":\"ReadAction\",\"target\":[\"https:\/\/peoplesphere.be\/fr\/opinion-2026-sera-lannee-du-risk-manager-et-cest-une-excellente-nouvelle\/\"]}]},{\"@type\":\"BreadcrumbList\",\"@id\":\"https:\/\/peoplesphere.be\/fr\/opinion-2026-sera-lannee-du-risk-manager-et-cest-une-excellente-nouvelle\/#breadcrumb\",\"itemListElement\":[{\"@type\":\"ListItem\",\"position\":1,\"name\":\"Accueil\",\"item\":\"https:\/\/peoplesphere.be\/fr\/\"},{\"@type\":\"ListItem\",\"position\":2,\"name\":\"Opinion &#8211; 2026 sera l\u2019ann\u00e9e du risk manager\u2026 et c\u2019est une excellente nouvelle.\"}]},{\"@type\":\"WebSite\",\"@id\":\"https:\/\/peoplesphere.be\/fr\/#website\",\"url\":\"https:\/\/peoplesphere.be\/fr\/\",\"name\":\"Peoplesphere\",\"description\":\"The People Managers Magazine\",\"publisher\":{\"@id\":\"https:\/\/peoplesphere.be\/fr\/#organization\"},\"potentialAction\":[{\"@type\":\"SearchAction\",\"target\":{\"@type\":\"EntryPoint\",\"urlTemplate\":\"https:\/\/peoplesphere.be\/fr\/?s={search_term_string}\"},\"query-input\":\"required name=search_term_string\"}],\"inLanguage\":\"fr-FR\"},{\"@type\":\"Organization\",\"@id\":\"https:\/\/peoplesphere.be\/fr\/#organization\",\"name\":\"Peoplesphere Company srl\",\"url\":\"https:\/\/peoplesphere.be\/fr\/\",\"logo\":{\"@type\":\"ImageObject\",\"inLanguage\":\"fr-FR\",\"@id\":\"https:\/\/peoplesphere.be\/fr\/#\/schema\/logo\/image\/\",\"url\":\"https:\/\/peoplesphere.be\/fr\/wp-content\/uploads\/2023\/07\/peoplesphere-lgo-new-generik.jpg\",\"contentUrl\":\"https:\/\/peoplesphere.be\/fr\/wp-content\/uploads\/2023\/07\/peoplesphere-lgo-new-generik.jpg\",\"width\":1031,\"height\":1479,\"caption\":\"Peoplesphere Company srl\"},\"image\":{\"@id\":\"https:\/\/peoplesphere.be\/fr\/#\/schema\/logo\/image\/\"},\"sameAs\":[\"https:\/\/www.facebook.com\/peoplesphere\",\"https:\/\/twitter.com\/PeoplesphereMag\",\"https:\/\/www.linkedin.com\/company\/7587361?trk\",\"http:\/\/youtube.com\/peoplesphere\"]},{\"@type\":\"Person\",\"@id\":\"https:\/\/peoplesphere.be\/fr\/#\/schema\/person\/7976225ff17988604334abb7b3536a7e\",\"name\":\"Jean-Paul Erhard\",\"image\":{\"@type\":\"ImageObject\",\"inLanguage\":\"fr-FR\",\"@id\":\"https:\/\/peoplesphere.be\/fr\/#\/schema\/person\/image\/\",\"url\":\"https:\/\/secure.gravatar.com\/avatar\/f941e681460179738071629a51574930?s=96&d=mm&r=g\",\"contentUrl\":\"https:\/\/secure.gravatar.com\/avatar\/f941e681460179738071629a51574930?s=96&d=mm&r=g\",\"caption\":\"Jean-Paul Erhard\"},\"url\":\"https:\/\/peoplesphere.be\/fr\/author\/jpe\/\"}]}<\/script>\n<!-- \/ Yoast SEO plugin. -->","yoast_head_json":{"title":"Opinion - 2026 sera l\u2019ann\u00e9e du risk manager\u2026 et c\u2019est une excellente nouvelle. - Peoplesphere","robots":{"index":"index","follow":"follow","max-snippet":"max-snippet:-1","max-image-preview":"max-image-preview:large","max-video-preview":"max-video-preview:-1"},"canonical":"https:\/\/peoplesphere.be\/fr\/opinion-2026-sera-lannee-du-risk-manager-et-cest-une-excellente-nouvelle\/","og_locale":"fr_FR","og_type":"article","og_title":"Opinion - 2026 sera l\u2019ann\u00e9e du risk manager\u2026 et c\u2019est une excellente nouvelle. - Peoplesphere","og_description":"2026 s\u2019annonce comme un moment charni\u00e8re pour les entreprises belges. Nous entrons dans une nouvelle \u00e8re o\u00f9 les risques classiques \u2013 incendie, responsabilit\u00e9, incidents op\u00e9rationnels \u2013 ne disparaissent pas, mais sont d\u00e9sormais \u00e9clips\u00e9s par des risques d\u2019une tout autre nature [&hellip;]","og_url":"https:\/\/peoplesphere.be\/fr\/opinion-2026-sera-lannee-du-risk-manager-et-cest-une-excellente-nouvelle\/","og_site_name":"Peoplesphere","article_publisher":"https:\/\/www.facebook.com\/peoplesphere","article_published_time":"2026-01-16T08:21:29+00:00","og_image":[{"url":"http:\/\/www.peoplesphere.be\/fr\/wp-content\/uploads\/2016\/07\/facebook-default-posting-1200x628px.jpg"}],"author":"Jean-Paul Erhard","twitter_card":"summary_large_image","twitter_creator":"@PeoplesphereMag","twitter_site":"@PeoplesphereMag","twitter_misc":{"\u00c9crit par":"Jean-Paul Erhard","Dur\u00e9e de lecture estim\u00e9e":"5 minutes"},"schema":{"@context":"https:\/\/schema.org","@graph":[{"@type":"Article","@id":"https:\/\/peoplesphere.be\/fr\/opinion-2026-sera-lannee-du-risk-manager-et-cest-une-excellente-nouvelle\/#article","isPartOf":{"@id":"https:\/\/peoplesphere.be\/fr\/opinion-2026-sera-lannee-du-risk-manager-et-cest-une-excellente-nouvelle\/"},"author":{"name":"Jean-Paul Erhard","@id":"https:\/\/peoplesphere.be\/fr\/#\/schema\/person\/7976225ff17988604334abb7b3536a7e"},"headline":"Opinion &#8211; 2026 sera l\u2019ann\u00e9e du risk manager\u2026 et c\u2019est une excellente nouvelle.","datePublished":"2026-01-16T08:21:29+00:00","dateModified":"2026-01-16T08:21:29+00:00","mainEntityOfPage":{"@id":"https:\/\/peoplesphere.be\/fr\/opinion-2026-sera-lannee-du-risk-manager-et-cest-une-excellente-nouvelle\/"},"wordCount":971,"publisher":{"@id":"https:\/\/peoplesphere.be\/fr\/#organization"},"keywords":["cybers\u00e9curit\u00e9","r\u00e9glementation","Risk Management"],"articleSection":["Actualit\u00e9s","Digital"],"inLanguage":"fr-FR"},{"@type":"WebPage","@id":"https:\/\/peoplesphere.be\/fr\/opinion-2026-sera-lannee-du-risk-manager-et-cest-une-excellente-nouvelle\/","url":"https:\/\/peoplesphere.be\/fr\/opinion-2026-sera-lannee-du-risk-manager-et-cest-une-excellente-nouvelle\/","name":"Opinion - 2026 sera l\u2019ann\u00e9e du risk manager\u2026 et c\u2019est une excellente nouvelle. - Peoplesphere","isPartOf":{"@id":"https:\/\/peoplesphere.be\/fr\/#website"},"datePublished":"2026-01-16T08:21:29+00:00","dateModified":"2026-01-16T08:21:29+00:00","breadcrumb":{"@id":"https:\/\/peoplesphere.be\/fr\/opinion-2026-sera-lannee-du-risk-manager-et-cest-une-excellente-nouvelle\/#breadcrumb"},"inLanguage":"fr-FR","potentialAction":[{"@type":"ReadAction","target":["https:\/\/peoplesphere.be\/fr\/opinion-2026-sera-lannee-du-risk-manager-et-cest-une-excellente-nouvelle\/"]}]},{"@type":"BreadcrumbList","@id":"https:\/\/peoplesphere.be\/fr\/opinion-2026-sera-lannee-du-risk-manager-et-cest-une-excellente-nouvelle\/#breadcrumb","itemListElement":[{"@type":"ListItem","position":1,"name":"Accueil","item":"https:\/\/peoplesphere.be\/fr\/"},{"@type":"ListItem","position":2,"name":"Opinion &#8211; 2026 sera l\u2019ann\u00e9e du risk manager\u2026 et c\u2019est une excellente nouvelle."}]},{"@type":"WebSite","@id":"https:\/\/peoplesphere.be\/fr\/#website","url":"https:\/\/peoplesphere.be\/fr\/","name":"Peoplesphere","description":"The People Managers Magazine","publisher":{"@id":"https:\/\/peoplesphere.be\/fr\/#organization"},"potentialAction":[{"@type":"SearchAction","target":{"@type":"EntryPoint","urlTemplate":"https:\/\/peoplesphere.be\/fr\/?s={search_term_string}"},"query-input":"required name=search_term_string"}],"inLanguage":"fr-FR"},{"@type":"Organization","@id":"https:\/\/peoplesphere.be\/fr\/#organization","name":"Peoplesphere Company srl","url":"https:\/\/peoplesphere.be\/fr\/","logo":{"@type":"ImageObject","inLanguage":"fr-FR","@id":"https:\/\/peoplesphere.be\/fr\/#\/schema\/logo\/image\/","url":"https:\/\/peoplesphere.be\/fr\/wp-content\/uploads\/2023\/07\/peoplesphere-lgo-new-generik.jpg","contentUrl":"https:\/\/peoplesphere.be\/fr\/wp-content\/uploads\/2023\/07\/peoplesphere-lgo-new-generik.jpg","width":1031,"height":1479,"caption":"Peoplesphere Company srl"},"image":{"@id":"https:\/\/peoplesphere.be\/fr\/#\/schema\/logo\/image\/"},"sameAs":["https:\/\/www.facebook.com\/peoplesphere","https:\/\/twitter.com\/PeoplesphereMag","https:\/\/www.linkedin.com\/company\/7587361?trk","http:\/\/youtube.com\/peoplesphere"]},{"@type":"Person","@id":"https:\/\/peoplesphere.be\/fr\/#\/schema\/person\/7976225ff17988604334abb7b3536a7e","name":"Jean-Paul Erhard","image":{"@type":"ImageObject","inLanguage":"fr-FR","@id":"https:\/\/peoplesphere.be\/fr\/#\/schema\/person\/image\/","url":"https:\/\/secure.gravatar.com\/avatar\/f941e681460179738071629a51574930?s=96&d=mm&r=g","contentUrl":"https:\/\/secure.gravatar.com\/avatar\/f941e681460179738071629a51574930?s=96&d=mm&r=g","caption":"Jean-Paul Erhard"},"url":"https:\/\/peoplesphere.be\/fr\/author\/jpe\/"}]}},"_links":{"self":[{"href":"https:\/\/peoplesphere.be\/fr\/wp-json\/wp\/v2\/posts\/18657"}],"collection":[{"href":"https:\/\/peoplesphere.be\/fr\/wp-json\/wp\/v2\/posts"}],"about":[{"href":"https:\/\/peoplesphere.be\/fr\/wp-json\/wp\/v2\/types\/post"}],"author":[{"embeddable":true,"href":"https:\/\/peoplesphere.be\/fr\/wp-json\/wp\/v2\/users\/2"}],"replies":[{"embeddable":true,"href":"https:\/\/peoplesphere.be\/fr\/wp-json\/wp\/v2\/comments?post=18657"}],"version-history":[{"count":1,"href":"https:\/\/peoplesphere.be\/fr\/wp-json\/wp\/v2\/posts\/18657\/revisions"}],"predecessor-version":[{"id":18658,"href":"https:\/\/peoplesphere.be\/fr\/wp-json\/wp\/v2\/posts\/18657\/revisions\/18658"}],"wp:attachment":[{"href":"https:\/\/peoplesphere.be\/fr\/wp-json\/wp\/v2\/media?parent=18657"}],"wp:term":[{"taxonomy":"category","embeddable":true,"href":"https:\/\/peoplesphere.be\/fr\/wp-json\/wp\/v2\/categories?post=18657"},{"taxonomy":"post_tag","embeddable":true,"href":"https:\/\/peoplesphere.be\/fr\/wp-json\/wp\/v2\/tags?post=18657"}],"curies":[{"name":"wp","href":"https:\/\/api.w.org\/{rel}","templated":true}]}}