









{"id":18678,"date":"2026-01-22T10:12:13","date_gmt":"2026-01-22T08:12:13","guid":{"rendered":"https:\/\/peoplesphere.be\/fr\/?p=18678"},"modified":"2026-01-22T10:12:13","modified_gmt":"2026-01-22T08:12:13","slug":"la-region-bruxelloise-renforce-le-controle-de-disponibilite-des-jeunes-de-moins-de-25-ans-pour-les-activer-plus-vite-sur-le-marche-de-lemploi","status":"publish","type":"post","link":"https:\/\/peoplesphere.be\/fr\/la-region-bruxelloise-renforce-le-controle-de-disponibilite-des-jeunes-de-moins-de-25-ans-pour-les-activer-plus-vite-sur-le-marche-de-lemploi\/","title":{"rendered":"La R\u00e9gion bruxelloise renforce le contr\u00f4le de disponibilit\u00e9 des jeunes de moins de 25 ans pour les activer plus vite sur le march\u00e9 de l&#8217;emploi."},"content":{"rendered":"<p>Hier, en Commission des Affaires \u00e9conomiques du Parlement bruxellois, Bernard Clerfayt, Ministre bruxellois de l\u2019Emploi et de la Formation professionnelle, a fait le point sur la r\u00e9forme en cours du contr\u00f4le de la disponibilit\u00e9 dans le cadre de l\u2019examen de plusieurs propositions de r\u00e9solution parlementaires. Cette r\u00e9forme s\u2019inscrit dans un contexte particuli\u00e8rement sensible : entre 2026 et 2027, pr\u00e8s de 40.000 chercheurs d\u2019emploi bruxellois perdront progressivement leurs allocations suite \u00e0 la r\u00e9forme f\u00e9d\u00e9rale du ch\u00f4mage.<!--more--><\/p>\n<p>Pour Bruxelles, l\u2019enjeu est double : pr\u00e9venir les ruptures de parcours et garantir des proc\u00e9dures de contr\u00f4le efficaces, juridiquement solides et orient\u00e9es vers l\u2019emploi.<\/p>\n<h3><strong><em>Contr\u00f4le de la disponibilit\u00e9 des jeunes (moins de 25 ans) : un dispositif renforc\u00e9<\/em><\/strong><\/h3>\n<p>Le Gouvernement bruxellois adapte le dispositif de contr\u00f4le de disponibilit\u00e9 des jeunes en stage d\u2019insertion professionnelle (moins de 25 ans).<\/p>\n<p>Un texte d\u2019adaptation a \u00e9t\u00e9 adopt\u00e9 et soumis au Conseil d\u2019\u00c9tat. L\u2019avis a \u00e9t\u00e9 re\u00e7u la semaine derni\u00e8re et le texte sera pr\u00e9sent\u00e9 au Gouvernement la semaine prochaine. En cas d\u2019approbation, les mesures pourront \u00eatre mises en \u0153uvre d\u00e8s le 1er mars. Elles visent notamment \u00e0 garantir le maintien du droit au stage d\u2019insertion pour pr\u00e8s de 1.500 jeunes de moins de 25 ans, selon les derni\u00e8res estimations de l\u2019ONEM.<\/p>\n<p><strong><em>Objectifs clairs de la r\u00e9forme<\/em><\/strong><\/p>\n<ul>\n<li>R\u00e9duire les d\u00e9lais de traitement, pour \u00e9viter que les jeunes ne restent bloqu\u00e9s dans une proc\u00e9dure administrative et pour leur permettre d\u2019acc\u00e9der rapidement \u00e0 un accompagnement vers l\u2019emploi.<\/li>\n<li>Renforcer la s\u00e9curit\u00e9 juridique, car sans cadre clair, certains jeunes risquent de ne pas percevoir leur allocation d\u2019insertion.<\/li>\n<li>Rendre le contr\u00f4le plus effectif, en le reliant directement \u00e0 un accompagnement renforc\u00e9 vers l\u2019emploi, dans un contexte o\u00f9 les jeunes sont particuli\u00e8rement expos\u00e9s aux effets de la r\u00e9forme f\u00e9d\u00e9rale.<\/li>\n<\/ul>\n<h3><strong><em>Un contr\u00f4le inscrit dans une logique d\u2019activation<\/em><\/strong><\/h3>\n<p>Le Ministre l\u2019a rappel\u00e9 en Commission : le contr\u00f4le de la disponibilit\u00e9 n\u2019a de sens que s\u2019il est pleinement int\u00e9gr\u00e9 \u00e0 une d\u00e9marche d\u2019activation, orient\u00e9e vers des solutions concr\u00e8tes.<\/p>\n<p>C\u2019est pourquoi Actiris a d\u00e9j\u00e0 engag\u00e9 :<\/p>\n<ul>\n<li>un accompagnement renforc\u00e9 d\u00e8s l\u2019inscription;<\/li>\n<li>un premier contact dans les 15 jours suivant l\u2019inscription;<\/li>\n<li>l\u2019\u00e9laboration syst\u00e9matique d\u2019un Plan d\u2019action individuel;<\/li>\n<li>des propositions imm\u00e9diates en mati\u00e8re d\u2019emploi, de formation ou de stage;<\/li>\n<li>un bilan de comp\u00e9tences renforc\u00e9, pilier du parcours d\u2019activation.<\/li>\n<\/ul>\n<h3><strong><em>Une action positive, au b\u00e9n\u00e9fice des jeunes<\/em><\/strong><\/h3>\n<p>Le contr\u00f4le de la disponibilit\u00e9 n\u2019est pas une mesure punitive. C\u2019est une action positive, pens\u00e9e au b\u00e9n\u00e9fice des jeunes : plus vite on active, plus grandes sont les chances de retour vers l\u2019emploi.<\/p>\n<p>L\u2019objectif est clair : aider les jeunes \u00e0 retrouver un emploi durable en renfor\u00e7ant l\u2019accompagnement d\u00e8s l\u2019inscription, afin de leur proposer rapidement des pistes concr\u00e8tes.<\/p>\n<p>Le march\u00e9 de l\u2019emploi bruxellois reste dynamique : Bruxelles cr\u00e9e beaucoup d\u2019emplois, et plus de la moiti\u00e9 sont occup\u00e9s par des Bruxellois. Pour que la R\u00e9gion continue \u00e0 se d\u00e9velopper, il est essentiel que les jeunes Bruxellois puissent saisir une part encore plus grande de ces emplois.<\/p>\n<p>Aujourd\u2019hui, Bruxelles a encore des parts de march\u00e9 \u00e0 conqu\u00e9rir. Cela passe par une meilleure ad\u00e9quation entre les comp\u00e9tences disponibles et les besoins r\u00e9els des entreprises.<\/p>\n<h3><strong><em>Agir malgr\u00e9 les affaires courantes<\/em><\/strong><\/h3>\n<p>Dans un contexte d\u2019affaires courantes, le Gouvernement bruxellois agit via des adaptations r\u00e9glementaires cibl\u00e9es, des proc\u00e9dures internes \u00e0 Actiris et une coordination renforc\u00e9e avec les CPAS, Bruxelles Formation et le VDAB.<\/p>\n<p><em>\u00ab\u00a0Le contr\u00f4le de la disponibilit\u00e9 doit \u00eatre un levier vers l\u2019emploi, pas une sanction administrative d\u00e9connect\u00e9e des r\u00e9alit\u00e9s. Bruxelles agit pour offrir aux jeunes un accompagnement rapide, concret et orient\u00e9 vers des solutions durables.\u00a0\u00bb<\/em><\/p>\n<p>Le Gouvernement bruxellois poursuivra ses travaux afin d\u2019assurer un contr\u00f4le de la disponibilit\u00e9 \u00e0 la fois rigoureux, humain et orient\u00e9 vers l\u2019emploi, au b\u00e9n\u00e9fice des jeunes et de la coh\u00e9sion sociale de la R\u00e9gion.<\/p>\n<p>&nbsp;<\/p>\n<p><em>Source: Cabinet du Ministre Bernard Clerfayt &#8211; Gouvernement de la R\u00e9gion Bruxelles Capitale<\/em><\/p>\n","protected":false},"excerpt":{"rendered":"<p>Hier, en Commission des Affaires \u00e9conomiques du Parlement bruxellois, Bernard Clerfayt, Ministre bruxellois de l\u2019Emploi et de la Formation professionnelle, a fait le point sur la r\u00e9forme en cours du contr\u00f4le de la disponibilit\u00e9 dans le cadre de l\u2019examen de [&hellip;]<\/p>\n","protected":false},"author":2,"featured_media":0,"comment_status":"closed","ping_status":"open","sticky":false,"template":"","format":"standard","meta":[],"categories":[65,10],"tags":[93,92,653,195,394],"yoast_head":"<!-- This site is optimized with the Yoast SEO plugin v21.0 - https:\/\/yoast.com\/wordpress\/plugins\/seo\/ -->\n<title>La R\u00e9gion bruxelloise renforce le contr\u00f4le de disponibilit\u00e9 des jeunes de moins de 25 ans pour les activer plus vite sur le march\u00e9 de l&#039;emploi. - Peoplesphere<\/title>\n<meta name=\"robots\" content=\"index, follow, max-snippet:-1, max-image-preview:large, max-video-preview:-1\" \/>\n<link rel=\"canonical\" href=\"https:\/\/peoplesphere.be\/fr\/la-region-bruxelloise-renforce-le-controle-de-disponibilite-des-jeunes-de-moins-de-25-ans-pour-les-activer-plus-vite-sur-le-marche-de-lemploi\/\" \/>\n<meta property=\"og:locale\" content=\"fr_FR\" \/>\n<meta property=\"og:type\" content=\"article\" \/>\n<meta property=\"og:title\" content=\"La R\u00e9gion bruxelloise renforce le contr\u00f4le de disponibilit\u00e9 des jeunes de moins de 25 ans pour les activer plus vite sur le march\u00e9 de l&#039;emploi. - Peoplesphere\" \/>\n<meta property=\"og:description\" content=\"Hier, en Commission des Affaires \u00e9conomiques du Parlement bruxellois, Bernard Clerfayt, Ministre bruxellois de l\u2019Emploi et de la Formation professionnelle, a fait le point sur la r\u00e9forme en cours du contr\u00f4le de la disponibilit\u00e9 dans le cadre de l\u2019examen de [&hellip;]\" \/>\n<meta property=\"og:url\" content=\"https:\/\/peoplesphere.be\/fr\/la-region-bruxelloise-renforce-le-controle-de-disponibilite-des-jeunes-de-moins-de-25-ans-pour-les-activer-plus-vite-sur-le-marche-de-lemploi\/\" \/>\n<meta property=\"og:site_name\" content=\"Peoplesphere\" \/>\n<meta property=\"article:publisher\" content=\"https:\/\/www.facebook.com\/peoplesphere\" \/>\n<meta property=\"article:published_time\" content=\"2026-01-22T08:12:13+00:00\" \/>\n<meta property=\"og:image\" content=\"http:\/\/www.peoplesphere.be\/fr\/wp-content\/uploads\/2016\/07\/facebook-default-posting-1200x628px.jpg\" \/>\n<meta name=\"author\" content=\"Jean-Paul Erhard\" \/>\n<meta name=\"twitter:card\" content=\"summary_large_image\" \/>\n<meta name=\"twitter:creator\" content=\"@PeoplesphereMag\" \/>\n<meta name=\"twitter:site\" content=\"@PeoplesphereMag\" \/>\n<meta name=\"twitter:label1\" content=\"\u00c9crit par\" \/>\n\t<meta name=\"twitter:data1\" content=\"Jean-Paul Erhard\" \/>\n\t<meta name=\"twitter:label2\" content=\"Dur\u00e9e de lecture estim\u00e9e\" \/>\n\t<meta name=\"twitter:data2\" content=\"4 minutes\" \/>\n<script type=\"application\/ld+json\" class=\"yoast-schema-graph\">{\"@context\":\"https:\/\/schema.org\",\"@graph\":[{\"@type\":\"Article\",\"@id\":\"https:\/\/peoplesphere.be\/fr\/la-region-bruxelloise-renforce-le-controle-de-disponibilite-des-jeunes-de-moins-de-25-ans-pour-les-activer-plus-vite-sur-le-marche-de-lemploi\/#article\",\"isPartOf\":{\"@id\":\"https:\/\/peoplesphere.be\/fr\/la-region-bruxelloise-renforce-le-controle-de-disponibilite-des-jeunes-de-moins-de-25-ans-pour-les-activer-plus-vite-sur-le-marche-de-lemploi\/\"},\"author\":{\"name\":\"Jean-Paul Erhard\",\"@id\":\"https:\/\/peoplesphere.be\/fr\/#\/schema\/person\/7976225ff17988604334abb7b3536a7e\"},\"headline\":\"La R\u00e9gion bruxelloise renforce le contr\u00f4le de disponibilit\u00e9 des jeunes de moins de 25 ans pour les activer plus vite sur le march\u00e9 de l&#8217;emploi.\",\"datePublished\":\"2026-01-22T08:12:13+00:00\",\"dateModified\":\"2026-01-22T08:12:13+00:00\",\"mainEntityOfPage\":{\"@id\":\"https:\/\/peoplesphere.be\/fr\/la-region-bruxelloise-renforce-le-controle-de-disponibilite-des-jeunes-de-moins-de-25-ans-pour-les-activer-plus-vite-sur-le-marche-de-lemploi\/\"},\"wordCount\":745,\"publisher\":{\"@id\":\"https:\/\/peoplesphere.be\/fr\/#organization\"},\"keywords\":[\"bruxelles\",\"ch\u00f4mage\",\"demandeurs d'emploi\",\"insertion\",\"taux d'emploi\"],\"articleSection\":[\"Actualit\u00e9s\",\"Digital\"],\"inLanguage\":\"fr-FR\"},{\"@type\":\"WebPage\",\"@id\":\"https:\/\/peoplesphere.be\/fr\/la-region-bruxelloise-renforce-le-controle-de-disponibilite-des-jeunes-de-moins-de-25-ans-pour-les-activer-plus-vite-sur-le-marche-de-lemploi\/\",\"url\":\"https:\/\/peoplesphere.be\/fr\/la-region-bruxelloise-renforce-le-controle-de-disponibilite-des-jeunes-de-moins-de-25-ans-pour-les-activer-plus-vite-sur-le-marche-de-lemploi\/\",\"name\":\"La R\u00e9gion bruxelloise renforce le contr\u00f4le de disponibilit\u00e9 des jeunes de moins de 25 ans pour les activer plus vite sur le march\u00e9 de l'emploi. - Peoplesphere\",\"isPartOf\":{\"@id\":\"https:\/\/peoplesphere.be\/fr\/#website\"},\"datePublished\":\"2026-01-22T08:12:13+00:00\",\"dateModified\":\"2026-01-22T08:12:13+00:00\",\"breadcrumb\":{\"@id\":\"https:\/\/peoplesphere.be\/fr\/la-region-bruxelloise-renforce-le-controle-de-disponibilite-des-jeunes-de-moins-de-25-ans-pour-les-activer-plus-vite-sur-le-marche-de-lemploi\/#breadcrumb\"},\"inLanguage\":\"fr-FR\",\"potentialAction\":[{\"@type\":\"ReadAction\",\"target\":[\"https:\/\/peoplesphere.be\/fr\/la-region-bruxelloise-renforce-le-controle-de-disponibilite-des-jeunes-de-moins-de-25-ans-pour-les-activer-plus-vite-sur-le-marche-de-lemploi\/\"]}]},{\"@type\":\"BreadcrumbList\",\"@id\":\"https:\/\/peoplesphere.be\/fr\/la-region-bruxelloise-renforce-le-controle-de-disponibilite-des-jeunes-de-moins-de-25-ans-pour-les-activer-plus-vite-sur-le-marche-de-lemploi\/#breadcrumb\",\"itemListElement\":[{\"@type\":\"ListItem\",\"position\":1,\"name\":\"Accueil\",\"item\":\"https:\/\/peoplesphere.be\/fr\/\"},{\"@type\":\"ListItem\",\"position\":2,\"name\":\"La R\u00e9gion bruxelloise renforce le contr\u00f4le de disponibilit\u00e9 des jeunes de moins de 25 ans pour les activer plus vite sur le march\u00e9 de l&#8217;emploi.\"}]},{\"@type\":\"WebSite\",\"@id\":\"https:\/\/peoplesphere.be\/fr\/#website\",\"url\":\"https:\/\/peoplesphere.be\/fr\/\",\"name\":\"Peoplesphere\",\"description\":\"The People Managers Magazine\",\"publisher\":{\"@id\":\"https:\/\/peoplesphere.be\/fr\/#organization\"},\"potentialAction\":[{\"@type\":\"SearchAction\",\"target\":{\"@type\":\"EntryPoint\",\"urlTemplate\":\"https:\/\/peoplesphere.be\/fr\/?s={search_term_string}\"},\"query-input\":\"required name=search_term_string\"}],\"inLanguage\":\"fr-FR\"},{\"@type\":\"Organization\",\"@id\":\"https:\/\/peoplesphere.be\/fr\/#organization\",\"name\":\"Peoplesphere Company srl\",\"url\":\"https:\/\/peoplesphere.be\/fr\/\",\"logo\":{\"@type\":\"ImageObject\",\"inLanguage\":\"fr-FR\",\"@id\":\"https:\/\/peoplesphere.be\/fr\/#\/schema\/logo\/image\/\",\"url\":\"https:\/\/peoplesphere.be\/fr\/wp-content\/uploads\/2023\/07\/peoplesphere-lgo-new-generik.jpg\",\"contentUrl\":\"https:\/\/peoplesphere.be\/fr\/wp-content\/uploads\/2023\/07\/peoplesphere-lgo-new-generik.jpg\",\"width\":1031,\"height\":1479,\"caption\":\"Peoplesphere Company srl\"},\"image\":{\"@id\":\"https:\/\/peoplesphere.be\/fr\/#\/schema\/logo\/image\/\"},\"sameAs\":[\"https:\/\/www.facebook.com\/peoplesphere\",\"https:\/\/twitter.com\/PeoplesphereMag\",\"https:\/\/www.linkedin.com\/company\/7587361?trk\",\"http:\/\/youtube.com\/peoplesphere\"]},{\"@type\":\"Person\",\"@id\":\"https:\/\/peoplesphere.be\/fr\/#\/schema\/person\/7976225ff17988604334abb7b3536a7e\",\"name\":\"Jean-Paul Erhard\",\"image\":{\"@type\":\"ImageObject\",\"inLanguage\":\"fr-FR\",\"@id\":\"https:\/\/peoplesphere.be\/fr\/#\/schema\/person\/image\/\",\"url\":\"https:\/\/secure.gravatar.com\/avatar\/f941e681460179738071629a51574930?s=96&d=mm&r=g\",\"contentUrl\":\"https:\/\/secure.gravatar.com\/avatar\/f941e681460179738071629a51574930?s=96&d=mm&r=g\",\"caption\":\"Jean-Paul Erhard\"},\"url\":\"https:\/\/peoplesphere.be\/fr\/author\/jpe\/\"}]}<\/script>\n<!-- \/ Yoast SEO plugin. -->","yoast_head_json":{"title":"La R\u00e9gion bruxelloise renforce le contr\u00f4le de disponibilit\u00e9 des jeunes de moins de 25 ans pour les activer plus vite sur le march\u00e9 de l'emploi. - Peoplesphere","robots":{"index":"index","follow":"follow","max-snippet":"max-snippet:-1","max-image-preview":"max-image-preview:large","max-video-preview":"max-video-preview:-1"},"canonical":"https:\/\/peoplesphere.be\/fr\/la-region-bruxelloise-renforce-le-controle-de-disponibilite-des-jeunes-de-moins-de-25-ans-pour-les-activer-plus-vite-sur-le-marche-de-lemploi\/","og_locale":"fr_FR","og_type":"article","og_title":"La R\u00e9gion bruxelloise renforce le contr\u00f4le de disponibilit\u00e9 des jeunes de moins de 25 ans pour les activer plus vite sur le march\u00e9 de l'emploi. - Peoplesphere","og_description":"Hier, en Commission des Affaires \u00e9conomiques du Parlement bruxellois, Bernard Clerfayt, Ministre bruxellois de l\u2019Emploi et de la Formation professionnelle, a fait le point sur la r\u00e9forme en cours du contr\u00f4le de la disponibilit\u00e9 dans le cadre de l\u2019examen de [&hellip;]","og_url":"https:\/\/peoplesphere.be\/fr\/la-region-bruxelloise-renforce-le-controle-de-disponibilite-des-jeunes-de-moins-de-25-ans-pour-les-activer-plus-vite-sur-le-marche-de-lemploi\/","og_site_name":"Peoplesphere","article_publisher":"https:\/\/www.facebook.com\/peoplesphere","article_published_time":"2026-01-22T08:12:13+00:00","og_image":[{"url":"http:\/\/www.peoplesphere.be\/fr\/wp-content\/uploads\/2016\/07\/facebook-default-posting-1200x628px.jpg"}],"author":"Jean-Paul Erhard","twitter_card":"summary_large_image","twitter_creator":"@PeoplesphereMag","twitter_site":"@PeoplesphereMag","twitter_misc":{"\u00c9crit par":"Jean-Paul Erhard","Dur\u00e9e de lecture estim\u00e9e":"4 minutes"},"schema":{"@context":"https:\/\/schema.org","@graph":[{"@type":"Article","@id":"https:\/\/peoplesphere.be\/fr\/la-region-bruxelloise-renforce-le-controle-de-disponibilite-des-jeunes-de-moins-de-25-ans-pour-les-activer-plus-vite-sur-le-marche-de-lemploi\/#article","isPartOf":{"@id":"https:\/\/peoplesphere.be\/fr\/la-region-bruxelloise-renforce-le-controle-de-disponibilite-des-jeunes-de-moins-de-25-ans-pour-les-activer-plus-vite-sur-le-marche-de-lemploi\/"},"author":{"name":"Jean-Paul Erhard","@id":"https:\/\/peoplesphere.be\/fr\/#\/schema\/person\/7976225ff17988604334abb7b3536a7e"},"headline":"La R\u00e9gion bruxelloise renforce le contr\u00f4le de disponibilit\u00e9 des jeunes de moins de 25 ans pour les activer plus vite sur le march\u00e9 de l&#8217;emploi.","datePublished":"2026-01-22T08:12:13+00:00","dateModified":"2026-01-22T08:12:13+00:00","mainEntityOfPage":{"@id":"https:\/\/peoplesphere.be\/fr\/la-region-bruxelloise-renforce-le-controle-de-disponibilite-des-jeunes-de-moins-de-25-ans-pour-les-activer-plus-vite-sur-le-marche-de-lemploi\/"},"wordCount":745,"publisher":{"@id":"https:\/\/peoplesphere.be\/fr\/#organization"},"keywords":["bruxelles","ch\u00f4mage","demandeurs d'emploi","insertion","taux d'emploi"],"articleSection":["Actualit\u00e9s","Digital"],"inLanguage":"fr-FR"},{"@type":"WebPage","@id":"https:\/\/peoplesphere.be\/fr\/la-region-bruxelloise-renforce-le-controle-de-disponibilite-des-jeunes-de-moins-de-25-ans-pour-les-activer-plus-vite-sur-le-marche-de-lemploi\/","url":"https:\/\/peoplesphere.be\/fr\/la-region-bruxelloise-renforce-le-controle-de-disponibilite-des-jeunes-de-moins-de-25-ans-pour-les-activer-plus-vite-sur-le-marche-de-lemploi\/","name":"La R\u00e9gion bruxelloise renforce le contr\u00f4le de disponibilit\u00e9 des jeunes de moins de 25 ans pour les activer plus vite sur le march\u00e9 de l'emploi. - Peoplesphere","isPartOf":{"@id":"https:\/\/peoplesphere.be\/fr\/#website"},"datePublished":"2026-01-22T08:12:13+00:00","dateModified":"2026-01-22T08:12:13+00:00","breadcrumb":{"@id":"https:\/\/peoplesphere.be\/fr\/la-region-bruxelloise-renforce-le-controle-de-disponibilite-des-jeunes-de-moins-de-25-ans-pour-les-activer-plus-vite-sur-le-marche-de-lemploi\/#breadcrumb"},"inLanguage":"fr-FR","potentialAction":[{"@type":"ReadAction","target":["https:\/\/peoplesphere.be\/fr\/la-region-bruxelloise-renforce-le-controle-de-disponibilite-des-jeunes-de-moins-de-25-ans-pour-les-activer-plus-vite-sur-le-marche-de-lemploi\/"]}]},{"@type":"BreadcrumbList","@id":"https:\/\/peoplesphere.be\/fr\/la-region-bruxelloise-renforce-le-controle-de-disponibilite-des-jeunes-de-moins-de-25-ans-pour-les-activer-plus-vite-sur-le-marche-de-lemploi\/#breadcrumb","itemListElement":[{"@type":"ListItem","position":1,"name":"Accueil","item":"https:\/\/peoplesphere.be\/fr\/"},{"@type":"ListItem","position":2,"name":"La R\u00e9gion bruxelloise renforce le contr\u00f4le de disponibilit\u00e9 des jeunes de moins de 25 ans pour les activer plus vite sur le march\u00e9 de l&#8217;emploi."}]},{"@type":"WebSite","@id":"https:\/\/peoplesphere.be\/fr\/#website","url":"https:\/\/peoplesphere.be\/fr\/","name":"Peoplesphere","description":"The People Managers Magazine","publisher":{"@id":"https:\/\/peoplesphere.be\/fr\/#organization"},"potentialAction":[{"@type":"SearchAction","target":{"@type":"EntryPoint","urlTemplate":"https:\/\/peoplesphere.be\/fr\/?s={search_term_string}"},"query-input":"required name=search_term_string"}],"inLanguage":"fr-FR"},{"@type":"Organization","@id":"https:\/\/peoplesphere.be\/fr\/#organization","name":"Peoplesphere Company srl","url":"https:\/\/peoplesphere.be\/fr\/","logo":{"@type":"ImageObject","inLanguage":"fr-FR","@id":"https:\/\/peoplesphere.be\/fr\/#\/schema\/logo\/image\/","url":"https:\/\/peoplesphere.be\/fr\/wp-content\/uploads\/2023\/07\/peoplesphere-lgo-new-generik.jpg","contentUrl":"https:\/\/peoplesphere.be\/fr\/wp-content\/uploads\/2023\/07\/peoplesphere-lgo-new-generik.jpg","width":1031,"height":1479,"caption":"Peoplesphere Company srl"},"image":{"@id":"https:\/\/peoplesphere.be\/fr\/#\/schema\/logo\/image\/"},"sameAs":["https:\/\/www.facebook.com\/peoplesphere","https:\/\/twitter.com\/PeoplesphereMag","https:\/\/www.linkedin.com\/company\/7587361?trk","http:\/\/youtube.com\/peoplesphere"]},{"@type":"Person","@id":"https:\/\/peoplesphere.be\/fr\/#\/schema\/person\/7976225ff17988604334abb7b3536a7e","name":"Jean-Paul Erhard","image":{"@type":"ImageObject","inLanguage":"fr-FR","@id":"https:\/\/peoplesphere.be\/fr\/#\/schema\/person\/image\/","url":"https:\/\/secure.gravatar.com\/avatar\/f941e681460179738071629a51574930?s=96&d=mm&r=g","contentUrl":"https:\/\/secure.gravatar.com\/avatar\/f941e681460179738071629a51574930?s=96&d=mm&r=g","caption":"Jean-Paul Erhard"},"url":"https:\/\/peoplesphere.be\/fr\/author\/jpe\/"}]}},"_links":{"self":[{"href":"https:\/\/peoplesphere.be\/fr\/wp-json\/wp\/v2\/posts\/18678"}],"collection":[{"href":"https:\/\/peoplesphere.be\/fr\/wp-json\/wp\/v2\/posts"}],"about":[{"href":"https:\/\/peoplesphere.be\/fr\/wp-json\/wp\/v2\/types\/post"}],"author":[{"embeddable":true,"href":"https:\/\/peoplesphere.be\/fr\/wp-json\/wp\/v2\/users\/2"}],"replies":[{"embeddable":true,"href":"https:\/\/peoplesphere.be\/fr\/wp-json\/wp\/v2\/comments?post=18678"}],"version-history":[{"count":1,"href":"https:\/\/peoplesphere.be\/fr\/wp-json\/wp\/v2\/posts\/18678\/revisions"}],"predecessor-version":[{"id":18679,"href":"https:\/\/peoplesphere.be\/fr\/wp-json\/wp\/v2\/posts\/18678\/revisions\/18679"}],"wp:attachment":[{"href":"https:\/\/peoplesphere.be\/fr\/wp-json\/wp\/v2\/media?parent=18678"}],"wp:term":[{"taxonomy":"category","embeddable":true,"href":"https:\/\/peoplesphere.be\/fr\/wp-json\/wp\/v2\/categories?post=18678"},{"taxonomy":"post_tag","embeddable":true,"href":"https:\/\/peoplesphere.be\/fr\/wp-json\/wp\/v2\/tags?post=18678"}],"curies":[{"name":"wp","href":"https:\/\/api.w.org\/{rel}","templated":true}]}}