









{"id":18683,"date":"2026-01-23T12:12:23","date_gmt":"2026-01-23T10:12:23","guid":{"rendered":"https:\/\/peoplesphere.be\/fr\/?p=18683"},"modified":"2026-01-25T21:18:01","modified_gmt":"2026-01-25T19:18:01","slug":"le-triste-bilan-de-la-demande-demploi-en-wallonie-pour-lannee-2025-victime-de-la-conjoncture-et-de-la-reglementation","status":"publish","type":"post","link":"https:\/\/peoplesphere.be\/fr\/le-triste-bilan-de-la-demande-demploi-en-wallonie-pour-lannee-2025-victime-de-la-conjoncture-et-de-la-reglementation\/","title":{"rendered":"Le triste bilan de la demande d\u2019emploi en Wallonie pour l\u2019ann\u00e9e 2025, victime de la conjoncture et de la r\u00e9glementation."},"content":{"rendered":"<p>En 2025, la Wallonie a compt\u00e9 en moyenne 257.551 chercheurs d\u2019emploi inoccup\u00e9s, dont 120.530 demandeurs d\u2019allocation. Entre l\u2019ann\u00e9e 2024 et l\u2019ann\u00e9e 2025, la demande d\u2019emploi a augment\u00e9 de 9,6%, sous l\u2019effet conjugu\u00e9 de la conjoncture sur le march\u00e9 du travail et de modifications r\u00e9glementaires, ce qui correspond \u00e0 une hausse nette de 22.540 personnes dont 15.855 inscrits librement.<!--more--><\/p>\n<p>L\u2019ann\u00e9e 2025 voit diminuer de 3,8 % le nombre de jeunes en stage d\u2019insertion. Par ailleurs, 405.035 offres ont \u00e9t\u00e9 diffus\u00e9es par le Forem en 2025 (hors offres des autres Services Publics de l\u2019Emploi).<\/p>\n<p>Sur l\u2019ensemble de l\u2019ann\u00e9e 2025, la Wallonie a compt\u00e9 en moyenne 257.551 chercheurs d\u2019emploi inoccup\u00e9s (tous statuts administratifs confondus), soit 15,6 % de la population active wallonne. Parmi ces chercheurs d\u2019emploi :<\/p>\n<ul>\n<li>53% sont des hommes;<\/li>\n<li>18% ont moins de 25 ans, 25% sont \u00e2g\u00e9s de 50 ans et plus;<\/li>\n<li>40% sont dipl\u00f4m\u00e9s, au plus, de l\u2019enseignement secondaire du 2\u00e8me degr\u00e9;<\/li>\n<li>21% sont inoccup\u00e9s depuis moins de six mois et 48% comptent au moins deux ans d\u2019inoccupation.<\/li>\n<\/ul>\n<p>Pour la moyenne annuelle des diff\u00e9rentes cat\u00e9gories administratives :<\/p>\n<ul>\n<li>46,8% des chercheurs d\u2019emploi sont demandeurs d\u2019allocations, soit 120.530 personnes ;<\/li>\n<li>11,6% sont des jeunes en stage d\u2019insertion, soit 29.927 personnes ;<\/li>\n<li>11% sont des personnes obligatoirement inscrites, soit 28.226 personnes ;<\/li>\n<li>30,6% sont des personnes librement inscrites dans la demande d\u2019emploi, soit 78.868.<\/li>\n<\/ul>\n<h3><strong><em>Evolution de la demande d\u2019emploi entre 2024 et 2025<\/em><\/strong><\/h3>\n<p>La demande d\u2019emploi en 2025 est 9,6% plus \u00e9lev\u00e9e qu\u2019en 2024, soit une hausse nette de 22.540 chercheurs d\u2019emploi inoccup\u00e9s.<\/p>\n<p>L\u2019analyse des cat\u00e9gories administratives montre que :<\/p>\n<ul>\n<li>le nombre moyen de chercheurs d\u2019emploi qui touchent des allocations de ch\u00f4mage ou d\u2019insertion a augment\u00e9 de 5 %, soit 5.740 personnes ;<\/li>\n<li>les jeunes en stage d\u2019insertion diminuent de 3,8 %, soit un recul moyen de 1.178 personnes ;<\/li>\n<li>les autres inscrits obligatoirement augmentent de 8,1 %, soit 2.121 personnes ;<\/li>\n<\/ul>\n<p>Enfin, le nombre moyen de personnes librement inscrites dans la demande d\u2019emploi a augment\u00e9 de 25,2% (soit + 15.855 personnes).<\/p>\n<h3><strong><em>Trois explications<\/em><\/strong><\/h3>\n<p>Pour rappel, depuis janvier 2022, le maintien automatique de l\u2019inscription des chercheurs d\u2019emploi dans la cat\u00e9gorie des \u00ab\u00a0librement inscrits\u00a0\u00bb (r\u00e9glementation propre \u00e0 la Wallonie) entra\u00eene une augmentation moyenne de leur nombre de 638 \u00a0depuis la mise en \u0153uvre de la mesure et ainsi, une augmentation graduelle du volume total de la demande d\u2019emploi. En 2025, l\u2019augmentation de la demande d\u2019emploi serait de 3,9 \u00a0sans les inscrits librement.<\/p>\n<p>Notons que le rel\u00e8vement de l\u2019\u00e2ge l\u00e9gal de la pension au 1er janvier 2025[1], donc l\u2019obligation de rester disponible plus longtemps sur le march\u00e9 du travail, a aussi l\u00e9g\u00e8rement tir\u00e9 la demande d\u2019emploi \u00e0 la hausse en 2025, par rapport \u00e0 2024.<\/p>\n<p>La hausse totale de la demande d\u2019emploi est donc \u00e0 la fois le produit de modifications r\u00e9glementaires en mati\u00e8re d\u2019emploi et de la conjoncture \u00e9conomique.<\/p>\n<h3><strong><em>Le profil socio-d\u00e9mographique des chercheurs d\u2019emploi inoccup\u00e9s<\/em><\/strong><\/h3>\n<p>En 2025, toutes les classes d\u2019\u00e2ge qui composent la demande d\u2019emploi augmentent :<\/p>\n<p>+ 7% de DEI de moins de 25 ans ;<br \/>\n+ 11% de personnes de 25 \u00e0 29 ans ;<br \/>\n+ 10,2% de personnes de 30 \u00e0 39 ans ;<br \/>\n+ 9,8% de personnes de 40 \u00e0 49 ans ;<br \/>\n+ 10,2 \u00a0de personnes de 50 ans et plus (notamment en raison du recul de l\u2019\u00e2ge de la pension).<\/p>\n<p>Concernant les dur\u00e9es d\u2019inoccupation, toutes les cat\u00e9gories font l\u2019objet d\u2019une augmentation :<\/p>\n<p>+ 3,7 % pour les personnes inoccup\u00e9es depuis moins d\u2019un an ;<br \/>\n+ 9,7 % depuis un an \u00e0 deux ans ;<br \/>\n+ 14,2 % DEI depuis 2 ans et plus.<\/p>\n<h3><strong><em>Evolution du nombre d\u2019opportunit\u00e9s d\u2019emploi diffus\u00e9es par le Forem<\/em><\/strong><\/h3>\n<p>Sur l\u2019ensemble de l\u2019ann\u00e9e 2025, 405.035 offres d\u2019emploi ont \u00e9t\u00e9 diffus\u00e9es par le Forem (hors offres provenant des autres Services publics de l\u2019emploi). Un tiers de ces postes de travail propos\u00e9s en 2025 sur le site du Forem concerne une fonction critique ou en p\u00e9nurie. Le nombre d\u2019offres d\u2019emploi diffus\u00e9es est 24 % plus faible qu\u2019en 2024. Cette \u00e9volution refl\u00e8te notamment la diversification des canaux de recrutement utilis\u00e9s par les entreprises. Pour mieux objectiver la r\u00e9alit\u00e9 du march\u00e9 du travail, le Forem a lanc\u00e9 une grande enqu\u00eate annuelle, en partenariat avec AKT for Wallonia et l\u2019UCM, aupr\u00e8s de pr\u00e8s de 80.000 entreprises wallonnes \u2014 soit l\u2019ensemble des employeurs comptant au moins un travailleur salari\u00e9 \u2014 afin d\u2019am\u00e9liorer l\u2019identification des besoins, des m\u00e9tiers en tension et des intentions d\u2019embauche, et ainsi renforcer la captation des offres d\u2019emploi.<\/p>\n<p>Le circuit int\u00e9rimaire repr\u00e9sente 59 % des offres diffus\u00e9es en 2025 sur le site du Forem (total hors offres des autres Services publics de l\u2019Emploi), soit un peu moins que l\u2019ann\u00e9e pr\u00e9c\u00e9dente (63,4 %). Ce circuit totalise pr\u00e8s de 239.000 offres de contrats int\u00e9rimaires, dont 68,9 % avec option sur dur\u00e9e ind\u00e9termin\u00e9e.<\/p>\n<p>Les autres contrats de travail propos\u00e9s en 2025 se r\u00e9partissent comme suit :<\/p>\n<ul>\n<li>27,3% de contrats \u00e0 dur\u00e9e ind\u00e9termin\u00e9e (part en hausse par rapport en 2024) soit 110.559 offres ;<\/li>\n<li>9,1% de contrats \u00e0 dur\u00e9e d\u00e9termin\u00e9e (part analogue \u00e0 2024) soit 36.749 offres ;<\/li>\n<\/ul>\n<p>Par ailleurs, durant l\u2019ann\u00e9e \u00e9coul\u00e9e, 90.203 offres ont fait l\u2019objet d\u2019une diffusion par le Forem pour un autre Service Public de l\u2019emploi, pour un total de 495.238 offres visibilis\u00e9es sur le site du Forem en 2025.<\/p>\n<p><strong><em>Top 5 des emplois propos\u00e9s en 2025 :<\/em><\/strong><\/p>\n<ul>\n<li>Conduite de poids lourds (requ\u00e9rant le permis C\/CE) pour le transport longue distance de marchandises (14.600 offres)<\/li>\n<li>M\u00e9canique automobile et entretien de v\u00e9hicules divers (12.600 offres)<\/li>\n<li>Installation et maintenance d&rsquo;\u00e9quipements industriels et d&rsquo;exploitation (12.500 offres)<\/li>\n<li>Magasinage et pr\u00e9paration de commandes (11.100 offres)<\/li>\n<li>Maintenance m\u00e9canique industrielle (9.300 offres).<\/li>\n<\/ul>\n<p>&nbsp;<\/p>\n<p><em>Source: Forem<\/em><\/p>\n","protected":false},"excerpt":{"rendered":"<p>En 2025, la Wallonie a compt\u00e9 en moyenne 257.551 chercheurs d\u2019emploi inoccup\u00e9s, dont 120.530 demandeurs d\u2019allocation. Entre l\u2019ann\u00e9e 2024 et l\u2019ann\u00e9e 2025, la demande d\u2019emploi a augment\u00e9 de 9,6%, sous l\u2019effet conjugu\u00e9 de la conjoncture sur le march\u00e9 du travail [&hellip;]<\/p>\n","protected":false},"author":2,"featured_media":0,"comment_status":"closed","ping_status":"open","sticky":false,"template":"","format":"standard","meta":[],"categories":[65,10],"tags":[92,2166],"yoast_head":"<!-- This site is optimized with the Yoast SEO plugin v21.0 - https:\/\/yoast.com\/wordpress\/plugins\/seo\/ -->\n<title>Le triste bilan de la demande d\u2019emploi en Wallonie pour l\u2019ann\u00e9e 2025, victime de la conjoncture et de la r\u00e9glementation. - Peoplesphere<\/title>\n<meta name=\"robots\" content=\"index, follow, max-snippet:-1, max-image-preview:large, max-video-preview:-1\" \/>\n<link rel=\"canonical\" href=\"https:\/\/peoplesphere.be\/fr\/le-triste-bilan-de-la-demande-demploi-en-wallonie-pour-lannee-2025-victime-de-la-conjoncture-et-de-la-reglementation\/\" \/>\n<meta property=\"og:locale\" content=\"fr_FR\" \/>\n<meta property=\"og:type\" content=\"article\" \/>\n<meta property=\"og:title\" content=\"Le triste bilan de la demande d\u2019emploi en Wallonie pour l\u2019ann\u00e9e 2025, victime de la conjoncture et de la r\u00e9glementation. - Peoplesphere\" \/>\n<meta property=\"og:description\" content=\"En 2025, la Wallonie a compt\u00e9 en moyenne 257.551 chercheurs d\u2019emploi inoccup\u00e9s, dont 120.530 demandeurs d\u2019allocation. Entre l\u2019ann\u00e9e 2024 et l\u2019ann\u00e9e 2025, la demande d\u2019emploi a augment\u00e9 de 9,6%, sous l\u2019effet conjugu\u00e9 de la conjoncture sur le march\u00e9 du travail [&hellip;]\" \/>\n<meta property=\"og:url\" content=\"https:\/\/peoplesphere.be\/fr\/le-triste-bilan-de-la-demande-demploi-en-wallonie-pour-lannee-2025-victime-de-la-conjoncture-et-de-la-reglementation\/\" \/>\n<meta property=\"og:site_name\" content=\"Peoplesphere\" \/>\n<meta property=\"article:publisher\" content=\"https:\/\/www.facebook.com\/peoplesphere\" \/>\n<meta property=\"article:published_time\" content=\"2026-01-23T10:12:23+00:00\" \/>\n<meta property=\"article:modified_time\" content=\"2026-01-25T19:18:01+00:00\" \/>\n<meta property=\"og:image\" content=\"http:\/\/www.peoplesphere.be\/fr\/wp-content\/uploads\/2016\/07\/facebook-default-posting-1200x628px.jpg\" \/>\n<meta name=\"author\" content=\"Jean-Paul Erhard\" \/>\n<meta name=\"twitter:card\" content=\"summary_large_image\" \/>\n<meta name=\"twitter:creator\" content=\"@PeoplesphereMag\" \/>\n<meta name=\"twitter:site\" content=\"@PeoplesphereMag\" \/>\n<meta name=\"twitter:label1\" content=\"\u00c9crit par\" \/>\n\t<meta name=\"twitter:data1\" content=\"Jean-Paul Erhard\" \/>\n\t<meta name=\"twitter:label2\" content=\"Dur\u00e9e de lecture estim\u00e9e\" \/>\n\t<meta name=\"twitter:data2\" content=\"5 minutes\" \/>\n<script type=\"application\/ld+json\" class=\"yoast-schema-graph\">{\"@context\":\"https:\/\/schema.org\",\"@graph\":[{\"@type\":\"Article\",\"@id\":\"https:\/\/peoplesphere.be\/fr\/le-triste-bilan-de-la-demande-demploi-en-wallonie-pour-lannee-2025-victime-de-la-conjoncture-et-de-la-reglementation\/#article\",\"isPartOf\":{\"@id\":\"https:\/\/peoplesphere.be\/fr\/le-triste-bilan-de-la-demande-demploi-en-wallonie-pour-lannee-2025-victime-de-la-conjoncture-et-de-la-reglementation\/\"},\"author\":{\"name\":\"Jean-Paul Erhard\",\"@id\":\"https:\/\/peoplesphere.be\/fr\/#\/schema\/person\/7976225ff17988604334abb7b3536a7e\"},\"headline\":\"Le triste bilan de la demande d\u2019emploi en Wallonie pour l\u2019ann\u00e9e 2025, victime de la conjoncture et de la r\u00e9glementation.\",\"datePublished\":\"2026-01-23T10:12:23+00:00\",\"dateModified\":\"2026-01-25T19:18:01+00:00\",\"mainEntityOfPage\":{\"@id\":\"https:\/\/peoplesphere.be\/fr\/le-triste-bilan-de-la-demande-demploi-en-wallonie-pour-lannee-2025-victime-de-la-conjoncture-et-de-la-reglementation\/\"},\"wordCount\":936,\"publisher\":{\"@id\":\"https:\/\/peoplesphere.be\/fr\/#organization\"},\"keywords\":[\"ch\u00f4mage\",\"demande d'emploi\"],\"articleSection\":[\"Actualit\u00e9s\",\"Digital\"],\"inLanguage\":\"fr-FR\"},{\"@type\":\"WebPage\",\"@id\":\"https:\/\/peoplesphere.be\/fr\/le-triste-bilan-de-la-demande-demploi-en-wallonie-pour-lannee-2025-victime-de-la-conjoncture-et-de-la-reglementation\/\",\"url\":\"https:\/\/peoplesphere.be\/fr\/le-triste-bilan-de-la-demande-demploi-en-wallonie-pour-lannee-2025-victime-de-la-conjoncture-et-de-la-reglementation\/\",\"name\":\"Le triste bilan de la demande d\u2019emploi en Wallonie pour l\u2019ann\u00e9e 2025, victime de la conjoncture et de la r\u00e9glementation. - Peoplesphere\",\"isPartOf\":{\"@id\":\"https:\/\/peoplesphere.be\/fr\/#website\"},\"datePublished\":\"2026-01-23T10:12:23+00:00\",\"dateModified\":\"2026-01-25T19:18:01+00:00\",\"breadcrumb\":{\"@id\":\"https:\/\/peoplesphere.be\/fr\/le-triste-bilan-de-la-demande-demploi-en-wallonie-pour-lannee-2025-victime-de-la-conjoncture-et-de-la-reglementation\/#breadcrumb\"},\"inLanguage\":\"fr-FR\",\"potentialAction\":[{\"@type\":\"ReadAction\",\"target\":[\"https:\/\/peoplesphere.be\/fr\/le-triste-bilan-de-la-demande-demploi-en-wallonie-pour-lannee-2025-victime-de-la-conjoncture-et-de-la-reglementation\/\"]}]},{\"@type\":\"BreadcrumbList\",\"@id\":\"https:\/\/peoplesphere.be\/fr\/le-triste-bilan-de-la-demande-demploi-en-wallonie-pour-lannee-2025-victime-de-la-conjoncture-et-de-la-reglementation\/#breadcrumb\",\"itemListElement\":[{\"@type\":\"ListItem\",\"position\":1,\"name\":\"Accueil\",\"item\":\"https:\/\/peoplesphere.be\/fr\/\"},{\"@type\":\"ListItem\",\"position\":2,\"name\":\"Le triste bilan de la demande d\u2019emploi en Wallonie pour l\u2019ann\u00e9e 2025, victime de la conjoncture et de la r\u00e9glementation.\"}]},{\"@type\":\"WebSite\",\"@id\":\"https:\/\/peoplesphere.be\/fr\/#website\",\"url\":\"https:\/\/peoplesphere.be\/fr\/\",\"name\":\"Peoplesphere\",\"description\":\"The People Managers Magazine\",\"publisher\":{\"@id\":\"https:\/\/peoplesphere.be\/fr\/#organization\"},\"potentialAction\":[{\"@type\":\"SearchAction\",\"target\":{\"@type\":\"EntryPoint\",\"urlTemplate\":\"https:\/\/peoplesphere.be\/fr\/?s={search_term_string}\"},\"query-input\":\"required name=search_term_string\"}],\"inLanguage\":\"fr-FR\"},{\"@type\":\"Organization\",\"@id\":\"https:\/\/peoplesphere.be\/fr\/#organization\",\"name\":\"Peoplesphere Company srl\",\"url\":\"https:\/\/peoplesphere.be\/fr\/\",\"logo\":{\"@type\":\"ImageObject\",\"inLanguage\":\"fr-FR\",\"@id\":\"https:\/\/peoplesphere.be\/fr\/#\/schema\/logo\/image\/\",\"url\":\"https:\/\/peoplesphere.be\/fr\/wp-content\/uploads\/2023\/07\/peoplesphere-lgo-new-generik.jpg\",\"contentUrl\":\"https:\/\/peoplesphere.be\/fr\/wp-content\/uploads\/2023\/07\/peoplesphere-lgo-new-generik.jpg\",\"width\":1031,\"height\":1479,\"caption\":\"Peoplesphere Company srl\"},\"image\":{\"@id\":\"https:\/\/peoplesphere.be\/fr\/#\/schema\/logo\/image\/\"},\"sameAs\":[\"https:\/\/www.facebook.com\/peoplesphere\",\"https:\/\/twitter.com\/PeoplesphereMag\",\"https:\/\/www.linkedin.com\/company\/7587361?trk\",\"http:\/\/youtube.com\/peoplesphere\"]},{\"@type\":\"Person\",\"@id\":\"https:\/\/peoplesphere.be\/fr\/#\/schema\/person\/7976225ff17988604334abb7b3536a7e\",\"name\":\"Jean-Paul Erhard\",\"image\":{\"@type\":\"ImageObject\",\"inLanguage\":\"fr-FR\",\"@id\":\"https:\/\/peoplesphere.be\/fr\/#\/schema\/person\/image\/\",\"url\":\"https:\/\/secure.gravatar.com\/avatar\/f941e681460179738071629a51574930?s=96&d=mm&r=g\",\"contentUrl\":\"https:\/\/secure.gravatar.com\/avatar\/f941e681460179738071629a51574930?s=96&d=mm&r=g\",\"caption\":\"Jean-Paul Erhard\"},\"url\":\"https:\/\/peoplesphere.be\/fr\/author\/jpe\/\"}]}<\/script>\n<!-- \/ Yoast SEO plugin. -->","yoast_head_json":{"title":"Le triste bilan de la demande d\u2019emploi en Wallonie pour l\u2019ann\u00e9e 2025, victime de la conjoncture et de la r\u00e9glementation. - Peoplesphere","robots":{"index":"index","follow":"follow","max-snippet":"max-snippet:-1","max-image-preview":"max-image-preview:large","max-video-preview":"max-video-preview:-1"},"canonical":"https:\/\/peoplesphere.be\/fr\/le-triste-bilan-de-la-demande-demploi-en-wallonie-pour-lannee-2025-victime-de-la-conjoncture-et-de-la-reglementation\/","og_locale":"fr_FR","og_type":"article","og_title":"Le triste bilan de la demande d\u2019emploi en Wallonie pour l\u2019ann\u00e9e 2025, victime de la conjoncture et de la r\u00e9glementation. - Peoplesphere","og_description":"En 2025, la Wallonie a compt\u00e9 en moyenne 257.551 chercheurs d\u2019emploi inoccup\u00e9s, dont 120.530 demandeurs d\u2019allocation. Entre l\u2019ann\u00e9e 2024 et l\u2019ann\u00e9e 2025, la demande d\u2019emploi a augment\u00e9 de 9,6%, sous l\u2019effet conjugu\u00e9 de la conjoncture sur le march\u00e9 du travail [&hellip;]","og_url":"https:\/\/peoplesphere.be\/fr\/le-triste-bilan-de-la-demande-demploi-en-wallonie-pour-lannee-2025-victime-de-la-conjoncture-et-de-la-reglementation\/","og_site_name":"Peoplesphere","article_publisher":"https:\/\/www.facebook.com\/peoplesphere","article_published_time":"2026-01-23T10:12:23+00:00","article_modified_time":"2026-01-25T19:18:01+00:00","og_image":[{"url":"http:\/\/www.peoplesphere.be\/fr\/wp-content\/uploads\/2016\/07\/facebook-default-posting-1200x628px.jpg"}],"author":"Jean-Paul Erhard","twitter_card":"summary_large_image","twitter_creator":"@PeoplesphereMag","twitter_site":"@PeoplesphereMag","twitter_misc":{"\u00c9crit par":"Jean-Paul Erhard","Dur\u00e9e de lecture estim\u00e9e":"5 minutes"},"schema":{"@context":"https:\/\/schema.org","@graph":[{"@type":"Article","@id":"https:\/\/peoplesphere.be\/fr\/le-triste-bilan-de-la-demande-demploi-en-wallonie-pour-lannee-2025-victime-de-la-conjoncture-et-de-la-reglementation\/#article","isPartOf":{"@id":"https:\/\/peoplesphere.be\/fr\/le-triste-bilan-de-la-demande-demploi-en-wallonie-pour-lannee-2025-victime-de-la-conjoncture-et-de-la-reglementation\/"},"author":{"name":"Jean-Paul Erhard","@id":"https:\/\/peoplesphere.be\/fr\/#\/schema\/person\/7976225ff17988604334abb7b3536a7e"},"headline":"Le triste bilan de la demande d\u2019emploi en Wallonie pour l\u2019ann\u00e9e 2025, victime de la conjoncture et de la r\u00e9glementation.","datePublished":"2026-01-23T10:12:23+00:00","dateModified":"2026-01-25T19:18:01+00:00","mainEntityOfPage":{"@id":"https:\/\/peoplesphere.be\/fr\/le-triste-bilan-de-la-demande-demploi-en-wallonie-pour-lannee-2025-victime-de-la-conjoncture-et-de-la-reglementation\/"},"wordCount":936,"publisher":{"@id":"https:\/\/peoplesphere.be\/fr\/#organization"},"keywords":["ch\u00f4mage","demande d'emploi"],"articleSection":["Actualit\u00e9s","Digital"],"inLanguage":"fr-FR"},{"@type":"WebPage","@id":"https:\/\/peoplesphere.be\/fr\/le-triste-bilan-de-la-demande-demploi-en-wallonie-pour-lannee-2025-victime-de-la-conjoncture-et-de-la-reglementation\/","url":"https:\/\/peoplesphere.be\/fr\/le-triste-bilan-de-la-demande-demploi-en-wallonie-pour-lannee-2025-victime-de-la-conjoncture-et-de-la-reglementation\/","name":"Le triste bilan de la demande d\u2019emploi en Wallonie pour l\u2019ann\u00e9e 2025, victime de la conjoncture et de la r\u00e9glementation. - Peoplesphere","isPartOf":{"@id":"https:\/\/peoplesphere.be\/fr\/#website"},"datePublished":"2026-01-23T10:12:23+00:00","dateModified":"2026-01-25T19:18:01+00:00","breadcrumb":{"@id":"https:\/\/peoplesphere.be\/fr\/le-triste-bilan-de-la-demande-demploi-en-wallonie-pour-lannee-2025-victime-de-la-conjoncture-et-de-la-reglementation\/#breadcrumb"},"inLanguage":"fr-FR","potentialAction":[{"@type":"ReadAction","target":["https:\/\/peoplesphere.be\/fr\/le-triste-bilan-de-la-demande-demploi-en-wallonie-pour-lannee-2025-victime-de-la-conjoncture-et-de-la-reglementation\/"]}]},{"@type":"BreadcrumbList","@id":"https:\/\/peoplesphere.be\/fr\/le-triste-bilan-de-la-demande-demploi-en-wallonie-pour-lannee-2025-victime-de-la-conjoncture-et-de-la-reglementation\/#breadcrumb","itemListElement":[{"@type":"ListItem","position":1,"name":"Accueil","item":"https:\/\/peoplesphere.be\/fr\/"},{"@type":"ListItem","position":2,"name":"Le triste bilan de la demande d\u2019emploi en Wallonie pour l\u2019ann\u00e9e 2025, victime de la conjoncture et de la r\u00e9glementation."}]},{"@type":"WebSite","@id":"https:\/\/peoplesphere.be\/fr\/#website","url":"https:\/\/peoplesphere.be\/fr\/","name":"Peoplesphere","description":"The People Managers Magazine","publisher":{"@id":"https:\/\/peoplesphere.be\/fr\/#organization"},"potentialAction":[{"@type":"SearchAction","target":{"@type":"EntryPoint","urlTemplate":"https:\/\/peoplesphere.be\/fr\/?s={search_term_string}"},"query-input":"required name=search_term_string"}],"inLanguage":"fr-FR"},{"@type":"Organization","@id":"https:\/\/peoplesphere.be\/fr\/#organization","name":"Peoplesphere Company srl","url":"https:\/\/peoplesphere.be\/fr\/","logo":{"@type":"ImageObject","inLanguage":"fr-FR","@id":"https:\/\/peoplesphere.be\/fr\/#\/schema\/logo\/image\/","url":"https:\/\/peoplesphere.be\/fr\/wp-content\/uploads\/2023\/07\/peoplesphere-lgo-new-generik.jpg","contentUrl":"https:\/\/peoplesphere.be\/fr\/wp-content\/uploads\/2023\/07\/peoplesphere-lgo-new-generik.jpg","width":1031,"height":1479,"caption":"Peoplesphere Company srl"},"image":{"@id":"https:\/\/peoplesphere.be\/fr\/#\/schema\/logo\/image\/"},"sameAs":["https:\/\/www.facebook.com\/peoplesphere","https:\/\/twitter.com\/PeoplesphereMag","https:\/\/www.linkedin.com\/company\/7587361?trk","http:\/\/youtube.com\/peoplesphere"]},{"@type":"Person","@id":"https:\/\/peoplesphere.be\/fr\/#\/schema\/person\/7976225ff17988604334abb7b3536a7e","name":"Jean-Paul Erhard","image":{"@type":"ImageObject","inLanguage":"fr-FR","@id":"https:\/\/peoplesphere.be\/fr\/#\/schema\/person\/image\/","url":"https:\/\/secure.gravatar.com\/avatar\/f941e681460179738071629a51574930?s=96&d=mm&r=g","contentUrl":"https:\/\/secure.gravatar.com\/avatar\/f941e681460179738071629a51574930?s=96&d=mm&r=g","caption":"Jean-Paul Erhard"},"url":"https:\/\/peoplesphere.be\/fr\/author\/jpe\/"}]}},"_links":{"self":[{"href":"https:\/\/peoplesphere.be\/fr\/wp-json\/wp\/v2\/posts\/18683"}],"collection":[{"href":"https:\/\/peoplesphere.be\/fr\/wp-json\/wp\/v2\/posts"}],"about":[{"href":"https:\/\/peoplesphere.be\/fr\/wp-json\/wp\/v2\/types\/post"}],"author":[{"embeddable":true,"href":"https:\/\/peoplesphere.be\/fr\/wp-json\/wp\/v2\/users\/2"}],"replies":[{"embeddable":true,"href":"https:\/\/peoplesphere.be\/fr\/wp-json\/wp\/v2\/comments?post=18683"}],"version-history":[{"count":1,"href":"https:\/\/peoplesphere.be\/fr\/wp-json\/wp\/v2\/posts\/18683\/revisions"}],"predecessor-version":[{"id":18684,"href":"https:\/\/peoplesphere.be\/fr\/wp-json\/wp\/v2\/posts\/18683\/revisions\/18684"}],"wp:attachment":[{"href":"https:\/\/peoplesphere.be\/fr\/wp-json\/wp\/v2\/media?parent=18683"}],"wp:term":[{"taxonomy":"category","embeddable":true,"href":"https:\/\/peoplesphere.be\/fr\/wp-json\/wp\/v2\/categories?post=18683"},{"taxonomy":"post_tag","embeddable":true,"href":"https:\/\/peoplesphere.be\/fr\/wp-json\/wp\/v2\/tags?post=18683"}],"curies":[{"name":"wp","href":"https:\/\/api.w.org\/{rel}","templated":true}]}}