









{"id":18688,"date":"2026-01-24T07:03:16","date_gmt":"2026-01-24T05:03:16","guid":{"rendered":"https:\/\/peoplesphere.be\/fr\/?p=18688"},"modified":"2026-01-26T07:09:19","modified_gmt":"2026-01-26T05:09:19","slug":"augmenter-les-remunerations-la-marge-budgetaire-est-faible-au-sein-des-pme-coincees-entre-moderation-salariale-et-indexation-automatique","status":"publish","type":"post","link":"https:\/\/peoplesphere.be\/fr\/augmenter-les-remunerations-la-marge-budgetaire-est-faible-au-sein-des-pme-coincees-entre-moderation-salariale-et-indexation-automatique\/","title":{"rendered":"Augmenter les r\u00e9mun\u00e9rations? La marge budg\u00e9taire est faible au sein des PME, coinc\u00e9es entre mod\u00e9ration salariale et indexation automatique."},"content":{"rendered":"<p>Trois quarts des PME belges (entreprises jusqu\u2019\u00e0 250 travailleurs) indiquent que l\u2019accord budg\u00e9taire de d\u00e9cembre a un impact sur leur politique de r\u00e9mun\u00e9ration. Quatre PME sur dix n\u2019ont pas de marge budg\u00e9taire pour des avantages suppl\u00e9mentaires en 2026. Concernant les nouveaux leviers, quelques \u00e9volutions sont \u00e0 noter. Les ch\u00e8ques-repas sont d\u00e9sormais l\u2019avantage le plus populaire : une PME sur quatre souhaite en augmenter le montant. Quatre PME sur dix ne voient aucune marge budg\u00e9taire pour des extras. Celles qui peuvent agir privil\u00e9gient des avantages cibl\u00e9s comme les ch\u00e8ques-repas, cadeaux et primes. <!--more--><\/p>\n<p>Les PME doivent r\u00e9compenser leurs collaborateurs dans un contexte de politique salariale stricte. Avec une norme salariale de 0 % et une indexation automatique, il y a peu de marge pour des augmentations classiques. Pourtant, les PME cherchent des alternatives.<\/p>\n<h3><strong><em>Les ch\u00e8ques-repas en t\u00eate<\/em><\/strong><\/h3>\n<p>Pr\u00e8s de 4 PME sur 10 ne voient aucune marge budg\u00e9taire pour de nouveaux avantages en 2026. Une sur cinq pointe explicitement la norme salariale de 0% comme raison. Pour celles qui disposent d\u2019une marge, voici le top 5 des nouveaux avantages :<\/p>\n<ul>\n<li>Ch\u00e8ques-repas : 25%<\/li>\n<li>Cadeaux (comme les cadeaux de fin d\u2019ann\u00e9e) : 11%<\/li>\n<li>Nouveaux bonus : 10%<\/li>\n<li>Augmentation salariale hors indexation : 10%<\/li>\n<li>Budget mobilit\u00e9 : 8%<\/li>\n<\/ul>\n<p>Les v\u00e9los d\u2019entreprise (5%) et les plans caf\u00e9t\u00e9ria (4%) suivent, un peu \u00e0 la tra\u00eene. Le secteur et la taille de l\u2019organisation jouent tous deux un r\u00f4le : le budget mobilit\u00e9 et les bonus sont surtout populaires aupr\u00e8s des plus grandes PME, tandis que les cadeaux sont plus fr\u00e9quents dans les plus petites organisations.<\/p>\n<p>Compar\u00e9 \u00e0 l\u2019an dernier, l\u2019int\u00e9r\u00eat pour les ch\u00e8ques-repas a fortement augment\u00e9: en 2025, il a plus que doubl\u00e9 par rapport \u00e0 fin 2024 (11%). Cette tendance \u00e9tait d\u00e9j\u00e0 visible en septembre. Parall\u00e8lement, l\u2019int\u00e9r\u00eat pour les voitures de soci\u00e9t\u00e9 et la participation aux b\u00e9n\u00e9fices diminue : voitures de soci\u00e9t\u00e9 de 6% \u00e0 3%, participation aux b\u00e9n\u00e9fices de 4% \u00e0 2,5%.<\/p>\n<h3><strong><em>Un quart voit un avantage dans la prime collective<\/em><\/strong><\/h3>\n<p>Pr\u00e8s d\u2019une PME sur trois pr\u00e9f\u00e8re les bonus individuels. Environ une sur cinq opte pour une prime pour tous en cas de b\u00e9n\u00e9fice, tandis qu\u2019une sur sept pr\u00e9f\u00e8re une prime collective. Un petit groupe (10%) combine les deux syst\u00e8mes. Les secteurs des services (tertiaire et quaternaire) montrent un int\u00e9r\u00eat particulier.<\/p>\n<p>Avec la norme salariale \u00e0 0%, plus d\u2019un quart des PME se dit (plut\u00f4t ou tr\u00e8s) ouvert \u00e0 une prime collective. Les avis divergent toutefois : pr\u00e8s d\u2019une PME sur quatre n\u2019est pas du tout int\u00e9ress\u00e9e. Ce sont surtout les PME du secteur secondaire et celles avec beaucoup d\u2019ouvriers qui montrent moins d\u2019int\u00e9r\u00eat pour une prime collective CCT 90.<\/p>\n<h3><strong><em>Crit\u00e8res de r\u00e9compense adapt\u00e9s aux objectifs propres<\/em><\/strong><\/h3>\n<p>Les PME qui r\u00e9compensent via des primes collectives le font selon des crit\u00e8res importants pour leur organisation, afin d\u2019orienter les r\u00e9sultats :<br \/>\nPour pr\u00e8s de 7 PME sur 10 ouvertes \u00e0 la prime collective, les r\u00e9sultats financiers comme la croissance du chiffre d\u2019affaires ou la r\u00e9duction des co\u00fbts jouent le plus souvent un r\u00f4le (69%).<\/p>\n<p>Viennent ensuite :<\/p>\n<ul>\n<li>La productivit\u00e9 et l\u2019efficacit\u00e9 (44%) \u2013 volume de production ou taux d\u2019erreur<\/li>\n<li>La qualit\u00e9 et la satisfaction client (41%) \u2013 fiabilit\u00e9 des livraisons ou gestion des plaintes<\/li>\n<li>Les RH et le bien-\u00eatre (34%) \u2013 r\u00e9duction de l\u2019absent\u00e9isme et des accidents du travail<\/li>\n<li>L\u2019innovation et l\u2019am\u00e9lioration des processus (30%)<\/li>\n<li>La durabilit\u00e9 et l\u2019ESG (14%) \u2013 gestion des d\u00e9chets, r\u00e9duction du CO2, efficacit\u00e9 \u00e9nerg\u00e9tique : une PME sur sept en fait un axe de travail.<\/li>\n<\/ul>\n<h3><strong><em>Impact de l&rsquo;accord budg\u00e9taire sur la politique du personnel<\/em><\/strong><\/h3>\n<p>Les PME signalent un impact sur diff\u00e9rents volets de leur politique RH. Trois quarts constatent des cons\u00e9quences sur la politique salariale (index, ch\u00e8ques-repas, budget mobilit\u00e9). Pr\u00e8s de la moiti\u00e9 (47 %) ressent une pression sur le respect de la nouvelle r\u00e9glementation, tandis que 45 % anticipent des changements dans l\u2019organisation du travail, la flexibilit\u00e9 et la planification strat\u00e9gique.<\/p>\n<p>Tulay Kasap, conseill\u00e8re PME chez SD Worx, r\u00e9sume l\u2019\u00e9tude : \u00ab\u00a0<em>Pour les PME, 2026 sera une ann\u00e9e faite de complexit\u00e9 et de choix. Comment obtenir un impact maximal avec des moyens limit\u00e9s ? Cela ne peut se faire qu\u2019avec des d\u00e9cisions intelligentes, strat\u00e9giques et souvent cr\u00e9atives en mati\u00e8re de r\u00e9mun\u00e9ration. Ce ne sont pas les grosses primes, mais les petits avantages qui font la diff\u00e9rence : une PME sur quatre envisage par exemple les ch\u00e8ques-repas et pr\u00e8s d\u2019une sur dix est favorable \u00e0 des formes de r\u00e9mun\u00e9ration flexibles. M\u00eame avec de petits \u00e9l\u00e9ments, on peut assembler un puzzle solide. Il reste important pour les PME d\u2019explorer les possibilit\u00e9s d\u2019impact maximal et d\u2019apporter leur propre touche cr\u00e9ative\u00a0\u00bb.<\/em><\/p>\n<p><em>\u00ab\u00a0En ce qui concerne la r\u00e9mun\u00e9ration en 2026, les PME doivent naviguer entre les attentes des collaborateurs et la contrainte budg\u00e9taire ; l\u2019augmentation des ch\u00e8ques-repas est l\u2019avantage le plus populaire pour 2026, mais la prime b\u00e9n\u00e9ficiaire, la prime collective et la r\u00e9mun\u00e9ration flexible restent possibles avec une norme salariale \u00e0 0%\u00a0\u00bb,<\/em> conclut Tulay Kasap.<\/p>\n<p>&nbsp;<\/p>\n<p><em>Source: SD Worx &#8211; enqu\u00eate trimestrielle men\u00e9e aupr\u00e8s de 535 PME.<\/em><\/p>\n","protected":false},"excerpt":{"rendered":"<p>Trois quarts des PME belges (entreprises jusqu\u2019\u00e0 250 travailleurs) indiquent que l\u2019accord budg\u00e9taire de d\u00e9cembre a un impact sur leur politique de r\u00e9mun\u00e9ration. Quatre PME sur dix n\u2019ont pas de marge budg\u00e9taire pour des avantages suppl\u00e9mentaires en 2026. Concernant les [&hellip;]<\/p>\n","protected":false},"author":2,"featured_media":0,"comment_status":"closed","ping_status":"open","sticky":false,"template":"","format":"standard","meta":[],"categories":[65,10],"tags":[1703,374,108],"yoast_head":"<!-- This site is optimized with the Yoast SEO plugin v21.0 - https:\/\/yoast.com\/wordpress\/plugins\/seo\/ -->\n<title>Augmenter les r\u00e9mun\u00e9rations? La marge budg\u00e9taire est faible au sein des PME, coinc\u00e9es entre mod\u00e9ration salariale et indexation automatique. - Peoplesphere<\/title>\n<meta name=\"robots\" content=\"index, follow, max-snippet:-1, max-image-preview:large, max-video-preview:-1\" \/>\n<link rel=\"canonical\" href=\"https:\/\/peoplesphere.be\/fr\/augmenter-les-remunerations-la-marge-budgetaire-est-faible-au-sein-des-pme-coincees-entre-moderation-salariale-et-indexation-automatique\/\" \/>\n<meta property=\"og:locale\" content=\"fr_FR\" \/>\n<meta property=\"og:type\" content=\"article\" \/>\n<meta property=\"og:title\" content=\"Augmenter les r\u00e9mun\u00e9rations? La marge budg\u00e9taire est faible au sein des PME, coinc\u00e9es entre mod\u00e9ration salariale et indexation automatique. - Peoplesphere\" \/>\n<meta property=\"og:description\" content=\"Trois quarts des PME belges (entreprises jusqu\u2019\u00e0 250 travailleurs) indiquent que l\u2019accord budg\u00e9taire de d\u00e9cembre a un impact sur leur politique de r\u00e9mun\u00e9ration. Quatre PME sur dix n\u2019ont pas de marge budg\u00e9taire pour des avantages suppl\u00e9mentaires en 2026. Concernant les [&hellip;]\" \/>\n<meta property=\"og:url\" content=\"https:\/\/peoplesphere.be\/fr\/augmenter-les-remunerations-la-marge-budgetaire-est-faible-au-sein-des-pme-coincees-entre-moderation-salariale-et-indexation-automatique\/\" \/>\n<meta property=\"og:site_name\" content=\"Peoplesphere\" \/>\n<meta property=\"article:publisher\" content=\"https:\/\/www.facebook.com\/peoplesphere\" \/>\n<meta property=\"article:published_time\" content=\"2026-01-24T05:03:16+00:00\" \/>\n<meta property=\"article:modified_time\" content=\"2026-01-26T05:09:19+00:00\" \/>\n<meta property=\"og:image\" content=\"http:\/\/www.peoplesphere.be\/fr\/wp-content\/uploads\/2016\/07\/facebook-default-posting-1200x628px.jpg\" \/>\n<meta name=\"author\" content=\"Jean-Paul Erhard\" \/>\n<meta name=\"twitter:card\" content=\"summary_large_image\" \/>\n<meta name=\"twitter:creator\" content=\"@PeoplesphereMag\" \/>\n<meta name=\"twitter:site\" content=\"@PeoplesphereMag\" \/>\n<meta name=\"twitter:label1\" content=\"\u00c9crit par\" \/>\n\t<meta name=\"twitter:data1\" content=\"Jean-Paul Erhard\" \/>\n\t<meta name=\"twitter:label2\" content=\"Dur\u00e9e de lecture estim\u00e9e\" \/>\n\t<meta name=\"twitter:data2\" content=\"5 minutes\" \/>\n<script type=\"application\/ld+json\" class=\"yoast-schema-graph\">{\"@context\":\"https:\/\/schema.org\",\"@graph\":[{\"@type\":\"Article\",\"@id\":\"https:\/\/peoplesphere.be\/fr\/augmenter-les-remunerations-la-marge-budgetaire-est-faible-au-sein-des-pme-coincees-entre-moderation-salariale-et-indexation-automatique\/#article\",\"isPartOf\":{\"@id\":\"https:\/\/peoplesphere.be\/fr\/augmenter-les-remunerations-la-marge-budgetaire-est-faible-au-sein-des-pme-coincees-entre-moderation-salariale-et-indexation-automatique\/\"},\"author\":{\"name\":\"Jean-Paul Erhard\",\"@id\":\"https:\/\/peoplesphere.be\/fr\/#\/schema\/person\/7976225ff17988604334abb7b3536a7e\"},\"headline\":\"Augmenter les r\u00e9mun\u00e9rations? La marge budg\u00e9taire est faible au sein des PME, coinc\u00e9es entre mod\u00e9ration salariale et indexation automatique.\",\"datePublished\":\"2026-01-24T05:03:16+00:00\",\"dateModified\":\"2026-01-26T05:09:19+00:00\",\"mainEntityOfPage\":{\"@id\":\"https:\/\/peoplesphere.be\/fr\/augmenter-les-remunerations-la-marge-budgetaire-est-faible-au-sein-des-pme-coincees-entre-moderation-salariale-et-indexation-automatique\/\"},\"wordCount\":916,\"publisher\":{\"@id\":\"https:\/\/peoplesphere.be\/fr\/#organization\"},\"keywords\":[\"incentives\",\"r\u00e9mun\u00e9rations\",\"salaires\"],\"articleSection\":[\"Actualit\u00e9s\",\"Digital\"],\"inLanguage\":\"fr-FR\"},{\"@type\":\"WebPage\",\"@id\":\"https:\/\/peoplesphere.be\/fr\/augmenter-les-remunerations-la-marge-budgetaire-est-faible-au-sein-des-pme-coincees-entre-moderation-salariale-et-indexation-automatique\/\",\"url\":\"https:\/\/peoplesphere.be\/fr\/augmenter-les-remunerations-la-marge-budgetaire-est-faible-au-sein-des-pme-coincees-entre-moderation-salariale-et-indexation-automatique\/\",\"name\":\"Augmenter les r\u00e9mun\u00e9rations? La marge budg\u00e9taire est faible au sein des PME, coinc\u00e9es entre mod\u00e9ration salariale et indexation automatique. - Peoplesphere\",\"isPartOf\":{\"@id\":\"https:\/\/peoplesphere.be\/fr\/#website\"},\"datePublished\":\"2026-01-24T05:03:16+00:00\",\"dateModified\":\"2026-01-26T05:09:19+00:00\",\"breadcrumb\":{\"@id\":\"https:\/\/peoplesphere.be\/fr\/augmenter-les-remunerations-la-marge-budgetaire-est-faible-au-sein-des-pme-coincees-entre-moderation-salariale-et-indexation-automatique\/#breadcrumb\"},\"inLanguage\":\"fr-FR\",\"potentialAction\":[{\"@type\":\"ReadAction\",\"target\":[\"https:\/\/peoplesphere.be\/fr\/augmenter-les-remunerations-la-marge-budgetaire-est-faible-au-sein-des-pme-coincees-entre-moderation-salariale-et-indexation-automatique\/\"]}]},{\"@type\":\"BreadcrumbList\",\"@id\":\"https:\/\/peoplesphere.be\/fr\/augmenter-les-remunerations-la-marge-budgetaire-est-faible-au-sein-des-pme-coincees-entre-moderation-salariale-et-indexation-automatique\/#breadcrumb\",\"itemListElement\":[{\"@type\":\"ListItem\",\"position\":1,\"name\":\"Accueil\",\"item\":\"https:\/\/peoplesphere.be\/fr\/\"},{\"@type\":\"ListItem\",\"position\":2,\"name\":\"Augmenter les r\u00e9mun\u00e9rations? La marge budg\u00e9taire est faible au sein des PME, coinc\u00e9es entre mod\u00e9ration salariale et indexation automatique.\"}]},{\"@type\":\"WebSite\",\"@id\":\"https:\/\/peoplesphere.be\/fr\/#website\",\"url\":\"https:\/\/peoplesphere.be\/fr\/\",\"name\":\"Peoplesphere\",\"description\":\"The People Managers Magazine\",\"publisher\":{\"@id\":\"https:\/\/peoplesphere.be\/fr\/#organization\"},\"potentialAction\":[{\"@type\":\"SearchAction\",\"target\":{\"@type\":\"EntryPoint\",\"urlTemplate\":\"https:\/\/peoplesphere.be\/fr\/?s={search_term_string}\"},\"query-input\":\"required name=search_term_string\"}],\"inLanguage\":\"fr-FR\"},{\"@type\":\"Organization\",\"@id\":\"https:\/\/peoplesphere.be\/fr\/#organization\",\"name\":\"Peoplesphere Company srl\",\"url\":\"https:\/\/peoplesphere.be\/fr\/\",\"logo\":{\"@type\":\"ImageObject\",\"inLanguage\":\"fr-FR\",\"@id\":\"https:\/\/peoplesphere.be\/fr\/#\/schema\/logo\/image\/\",\"url\":\"https:\/\/peoplesphere.be\/fr\/wp-content\/uploads\/2023\/07\/peoplesphere-lgo-new-generik.jpg\",\"contentUrl\":\"https:\/\/peoplesphere.be\/fr\/wp-content\/uploads\/2023\/07\/peoplesphere-lgo-new-generik.jpg\",\"width\":1031,\"height\":1479,\"caption\":\"Peoplesphere Company srl\"},\"image\":{\"@id\":\"https:\/\/peoplesphere.be\/fr\/#\/schema\/logo\/image\/\"},\"sameAs\":[\"https:\/\/www.facebook.com\/peoplesphere\",\"https:\/\/twitter.com\/PeoplesphereMag\",\"https:\/\/www.linkedin.com\/company\/7587361?trk\",\"http:\/\/youtube.com\/peoplesphere\"]},{\"@type\":\"Person\",\"@id\":\"https:\/\/peoplesphere.be\/fr\/#\/schema\/person\/7976225ff17988604334abb7b3536a7e\",\"name\":\"Jean-Paul Erhard\",\"image\":{\"@type\":\"ImageObject\",\"inLanguage\":\"fr-FR\",\"@id\":\"https:\/\/peoplesphere.be\/fr\/#\/schema\/person\/image\/\",\"url\":\"https:\/\/secure.gravatar.com\/avatar\/f941e681460179738071629a51574930?s=96&d=mm&r=g\",\"contentUrl\":\"https:\/\/secure.gravatar.com\/avatar\/f941e681460179738071629a51574930?s=96&d=mm&r=g\",\"caption\":\"Jean-Paul Erhard\"},\"url\":\"https:\/\/peoplesphere.be\/fr\/author\/jpe\/\"}]}<\/script>\n<!-- \/ Yoast SEO plugin. -->","yoast_head_json":{"title":"Augmenter les r\u00e9mun\u00e9rations? La marge budg\u00e9taire est faible au sein des PME, coinc\u00e9es entre mod\u00e9ration salariale et indexation automatique. - Peoplesphere","robots":{"index":"index","follow":"follow","max-snippet":"max-snippet:-1","max-image-preview":"max-image-preview:large","max-video-preview":"max-video-preview:-1"},"canonical":"https:\/\/peoplesphere.be\/fr\/augmenter-les-remunerations-la-marge-budgetaire-est-faible-au-sein-des-pme-coincees-entre-moderation-salariale-et-indexation-automatique\/","og_locale":"fr_FR","og_type":"article","og_title":"Augmenter les r\u00e9mun\u00e9rations? La marge budg\u00e9taire est faible au sein des PME, coinc\u00e9es entre mod\u00e9ration salariale et indexation automatique. - Peoplesphere","og_description":"Trois quarts des PME belges (entreprises jusqu\u2019\u00e0 250 travailleurs) indiquent que l\u2019accord budg\u00e9taire de d\u00e9cembre a un impact sur leur politique de r\u00e9mun\u00e9ration. Quatre PME sur dix n\u2019ont pas de marge budg\u00e9taire pour des avantages suppl\u00e9mentaires en 2026. Concernant les [&hellip;]","og_url":"https:\/\/peoplesphere.be\/fr\/augmenter-les-remunerations-la-marge-budgetaire-est-faible-au-sein-des-pme-coincees-entre-moderation-salariale-et-indexation-automatique\/","og_site_name":"Peoplesphere","article_publisher":"https:\/\/www.facebook.com\/peoplesphere","article_published_time":"2026-01-24T05:03:16+00:00","article_modified_time":"2026-01-26T05:09:19+00:00","og_image":[{"url":"http:\/\/www.peoplesphere.be\/fr\/wp-content\/uploads\/2016\/07\/facebook-default-posting-1200x628px.jpg"}],"author":"Jean-Paul Erhard","twitter_card":"summary_large_image","twitter_creator":"@PeoplesphereMag","twitter_site":"@PeoplesphereMag","twitter_misc":{"\u00c9crit par":"Jean-Paul Erhard","Dur\u00e9e de lecture estim\u00e9e":"5 minutes"},"schema":{"@context":"https:\/\/schema.org","@graph":[{"@type":"Article","@id":"https:\/\/peoplesphere.be\/fr\/augmenter-les-remunerations-la-marge-budgetaire-est-faible-au-sein-des-pme-coincees-entre-moderation-salariale-et-indexation-automatique\/#article","isPartOf":{"@id":"https:\/\/peoplesphere.be\/fr\/augmenter-les-remunerations-la-marge-budgetaire-est-faible-au-sein-des-pme-coincees-entre-moderation-salariale-et-indexation-automatique\/"},"author":{"name":"Jean-Paul Erhard","@id":"https:\/\/peoplesphere.be\/fr\/#\/schema\/person\/7976225ff17988604334abb7b3536a7e"},"headline":"Augmenter les r\u00e9mun\u00e9rations? La marge budg\u00e9taire est faible au sein des PME, coinc\u00e9es entre mod\u00e9ration salariale et indexation automatique.","datePublished":"2026-01-24T05:03:16+00:00","dateModified":"2026-01-26T05:09:19+00:00","mainEntityOfPage":{"@id":"https:\/\/peoplesphere.be\/fr\/augmenter-les-remunerations-la-marge-budgetaire-est-faible-au-sein-des-pme-coincees-entre-moderation-salariale-et-indexation-automatique\/"},"wordCount":916,"publisher":{"@id":"https:\/\/peoplesphere.be\/fr\/#organization"},"keywords":["incentives","r\u00e9mun\u00e9rations","salaires"],"articleSection":["Actualit\u00e9s","Digital"],"inLanguage":"fr-FR"},{"@type":"WebPage","@id":"https:\/\/peoplesphere.be\/fr\/augmenter-les-remunerations-la-marge-budgetaire-est-faible-au-sein-des-pme-coincees-entre-moderation-salariale-et-indexation-automatique\/","url":"https:\/\/peoplesphere.be\/fr\/augmenter-les-remunerations-la-marge-budgetaire-est-faible-au-sein-des-pme-coincees-entre-moderation-salariale-et-indexation-automatique\/","name":"Augmenter les r\u00e9mun\u00e9rations? La marge budg\u00e9taire est faible au sein des PME, coinc\u00e9es entre mod\u00e9ration salariale et indexation automatique. - Peoplesphere","isPartOf":{"@id":"https:\/\/peoplesphere.be\/fr\/#website"},"datePublished":"2026-01-24T05:03:16+00:00","dateModified":"2026-01-26T05:09:19+00:00","breadcrumb":{"@id":"https:\/\/peoplesphere.be\/fr\/augmenter-les-remunerations-la-marge-budgetaire-est-faible-au-sein-des-pme-coincees-entre-moderation-salariale-et-indexation-automatique\/#breadcrumb"},"inLanguage":"fr-FR","potentialAction":[{"@type":"ReadAction","target":["https:\/\/peoplesphere.be\/fr\/augmenter-les-remunerations-la-marge-budgetaire-est-faible-au-sein-des-pme-coincees-entre-moderation-salariale-et-indexation-automatique\/"]}]},{"@type":"BreadcrumbList","@id":"https:\/\/peoplesphere.be\/fr\/augmenter-les-remunerations-la-marge-budgetaire-est-faible-au-sein-des-pme-coincees-entre-moderation-salariale-et-indexation-automatique\/#breadcrumb","itemListElement":[{"@type":"ListItem","position":1,"name":"Accueil","item":"https:\/\/peoplesphere.be\/fr\/"},{"@type":"ListItem","position":2,"name":"Augmenter les r\u00e9mun\u00e9rations? La marge budg\u00e9taire est faible au sein des PME, coinc\u00e9es entre mod\u00e9ration salariale et indexation automatique."}]},{"@type":"WebSite","@id":"https:\/\/peoplesphere.be\/fr\/#website","url":"https:\/\/peoplesphere.be\/fr\/","name":"Peoplesphere","description":"The People Managers Magazine","publisher":{"@id":"https:\/\/peoplesphere.be\/fr\/#organization"},"potentialAction":[{"@type":"SearchAction","target":{"@type":"EntryPoint","urlTemplate":"https:\/\/peoplesphere.be\/fr\/?s={search_term_string}"},"query-input":"required name=search_term_string"}],"inLanguage":"fr-FR"},{"@type":"Organization","@id":"https:\/\/peoplesphere.be\/fr\/#organization","name":"Peoplesphere Company srl","url":"https:\/\/peoplesphere.be\/fr\/","logo":{"@type":"ImageObject","inLanguage":"fr-FR","@id":"https:\/\/peoplesphere.be\/fr\/#\/schema\/logo\/image\/","url":"https:\/\/peoplesphere.be\/fr\/wp-content\/uploads\/2023\/07\/peoplesphere-lgo-new-generik.jpg","contentUrl":"https:\/\/peoplesphere.be\/fr\/wp-content\/uploads\/2023\/07\/peoplesphere-lgo-new-generik.jpg","width":1031,"height":1479,"caption":"Peoplesphere Company srl"},"image":{"@id":"https:\/\/peoplesphere.be\/fr\/#\/schema\/logo\/image\/"},"sameAs":["https:\/\/www.facebook.com\/peoplesphere","https:\/\/twitter.com\/PeoplesphereMag","https:\/\/www.linkedin.com\/company\/7587361?trk","http:\/\/youtube.com\/peoplesphere"]},{"@type":"Person","@id":"https:\/\/peoplesphere.be\/fr\/#\/schema\/person\/7976225ff17988604334abb7b3536a7e","name":"Jean-Paul Erhard","image":{"@type":"ImageObject","inLanguage":"fr-FR","@id":"https:\/\/peoplesphere.be\/fr\/#\/schema\/person\/image\/","url":"https:\/\/secure.gravatar.com\/avatar\/f941e681460179738071629a51574930?s=96&d=mm&r=g","contentUrl":"https:\/\/secure.gravatar.com\/avatar\/f941e681460179738071629a51574930?s=96&d=mm&r=g","caption":"Jean-Paul Erhard"},"url":"https:\/\/peoplesphere.be\/fr\/author\/jpe\/"}]}},"_links":{"self":[{"href":"https:\/\/peoplesphere.be\/fr\/wp-json\/wp\/v2\/posts\/18688"}],"collection":[{"href":"https:\/\/peoplesphere.be\/fr\/wp-json\/wp\/v2\/posts"}],"about":[{"href":"https:\/\/peoplesphere.be\/fr\/wp-json\/wp\/v2\/types\/post"}],"author":[{"embeddable":true,"href":"https:\/\/peoplesphere.be\/fr\/wp-json\/wp\/v2\/users\/2"}],"replies":[{"embeddable":true,"href":"https:\/\/peoplesphere.be\/fr\/wp-json\/wp\/v2\/comments?post=18688"}],"version-history":[{"count":1,"href":"https:\/\/peoplesphere.be\/fr\/wp-json\/wp\/v2\/posts\/18688\/revisions"}],"predecessor-version":[{"id":18689,"href":"https:\/\/peoplesphere.be\/fr\/wp-json\/wp\/v2\/posts\/18688\/revisions\/18689"}],"wp:attachment":[{"href":"https:\/\/peoplesphere.be\/fr\/wp-json\/wp\/v2\/media?parent=18688"}],"wp:term":[{"taxonomy":"category","embeddable":true,"href":"https:\/\/peoplesphere.be\/fr\/wp-json\/wp\/v2\/categories?post=18688"},{"taxonomy":"post_tag","embeddable":true,"href":"https:\/\/peoplesphere.be\/fr\/wp-json\/wp\/v2\/tags?post=18688"}],"curies":[{"name":"wp","href":"https:\/\/api.w.org\/{rel}","templated":true}]}}