









{"id":18692,"date":"2026-01-26T11:30:00","date_gmt":"2026-01-26T09:30:00","guid":{"rendered":"https:\/\/peoplesphere.be\/fr\/?p=18692"},"modified":"2026-01-26T11:30:00","modified_gmt":"2026-01-26T09:30:00","slug":"une-semaine-de-greve-sans-impact-majeur-pour-nos-entreprises-sauf-a-bruxelles","status":"publish","type":"post","link":"https:\/\/peoplesphere.be\/fr\/une-semaine-de-greve-sans-impact-majeur-pour-nos-entreprises-sauf-a-bruxelles\/","title":{"rendered":"Une semaine de gr\u00e8ve sans impact majeur pour nos entreprises, sauf \u00e0 Bruxelles?"},"content":{"rendered":"<p>Alors que la Belgique se pr\u00e9pare \u00e0 une semaine de gr\u00e8ve des chemins de fer, du lundi 26 au vendredi 30 janvier 2026, de nouveaux chiffres du prestataire de services RH SD Worx r\u00e9v\u00e8lent que les PME r\u00e9agissent tr\u00e8s diff\u00e9remment face aux d\u00e9sagr\u00e9ments attendus. La majorit\u00e9 des employeurs flamands (56 %) et wallons (54 %) ne prennent aucune mesure sp\u00e9cifique et s\u2019adaptent uniquement de mani\u00e8re ponctuelle. \u00c0 Bruxelles, la situation est nettement diff\u00e9rente&#8230;<!--more--><\/p>\n<p>Une PME bruxelloise sur deux a recours au t\u00e9l\u00e9travail pour limiter les perturbations. En moyenne, une PME sur dix doit informer ses clients ou fournisseurs de retards potentiels. Les secteurs de l\u2019industrie et du b\u00e2timent sont particuli\u00e8rement touch\u00e9s et prennent le plus de mesures pour prot\u00e9ger leur planning et leur production. Ces chiffres proviennent d\u2019une enqu\u00eate men\u00e9e aupr\u00e8s de 535 PME belges en d\u00e9cembre 2025.<\/p>\n<h3><strong><em>Les PME bruxelloises optent plus rapidement pour le t\u00e9l\u00e9travail<\/em><\/strong><\/h3>\n<p>L\u2019enqu\u00eate de SD Worx montre que les employeurs bruxellois anticipent davantage les perturbations :<\/p>\n<ul>\n<li>50% mettent en place le t\u00e9l\u00e9travail pour faire face \u00e0 la gr\u00e8ve<\/li>\n<li>En Wallonie, ce chiffre est de 21%<\/li>\n<li>En Flandre, seulement 11%<\/li>\n<\/ul>\n<p>Une \u00e9tude pr\u00e9c\u00e9dente de SD Worx (2025) avait d\u00e9j\u00e0 d\u00e9montr\u00e9 que les travailleurs bruxellois sont les plus impact\u00e9s par les gr\u00e8ves des transports publics, ce qui explique en partie pourquoi les entreprises de la capitale adoptent plus rapidement des solutions structurelles.<\/p>\n<h3><strong><em>L\u2019industrie et le b\u00e2timent, les plus touch\u00e9s<\/em><\/strong><\/h3>\n<p>Dans les secteurs de l\u2019industrie et du b\u00e2timent, les entreprises sont contraintes d\u2019ajuster leur fonctionnement :<\/p>\n<ul>\n<li>19% revoient leur planning ou reportent les \u00e9ch\u00e9ances<\/li>\n<li>16% informent clients et fournisseurs des \u00e9ventuels retards<\/li>\n<li>5% adaptent leur production<\/li>\n<\/ul>\n<p>Seules 10% peuvent recourir au t\u00e9l\u00e9travail pour les fonctions ne n\u00e9cessitant pas de pr\u00e9sence physique.<\/p>\n<p><em>\u00ab\u00a0Je ne sais pas si l\u2019on peut vraiment parler de lassitude face aux gr\u00e8ves, mais il est logique que les PME belges g\u00e8rent cette r\u00e9alit\u00e9 de mani\u00e8re pragmatique\u00a0\u00bb,<\/em> d\u00e9clare Georges Verleyen, Director SME Wallonie-Bruxelles chez SD Worx. <em>\u00ab\u00a0En Flandre et en Wallonie, la majorit\u00e9 ne s\u2019en pr\u00e9occupe pas, mais les plus grandes difficult\u00e9s op\u00e9rationnelles se concentrent clairement dans l\u2019industrie et le b\u00e2timent, o\u00f9 la planification et la production sont rapidement mises sous pression.\u00a0\u00bb<\/em><\/p>\n<h3><strong><em>Une communication en temps utile peut aider<\/em><\/strong><\/h3>\n<p>Seule une PME sur sept communique de mani\u00e8re proactive sur les gr\u00e8ves en Flandre (14%), contre 16% \u00e0 Bruxelles et 11% en Wallonie. Le report des \u00e9ch\u00e9ances concerne en moyenne 8% des PME.<\/p>\n<h3><strong><em>Pas de salaire en cas de retard ou d\u2019absence des travailleurs<\/em><\/strong><\/h3>\n<p>En raison de la gr\u00e8ve annonc\u00e9e \u00e0 l\u2019avance, les employeurs belges \u2014 et en particulier les PME \u2014 risquent de faire face \u00e0 des absences suppl\u00e9mentaires et \u00e0 des difficult\u00e9s organisationnelles. Comme la gr\u00e8ve a \u00e9t\u00e9 annonc\u00e9e en temps utile, les travailleurs n\u2019ont pas droit au salaire garanti s\u2019ils ne peuvent pas se rendre au travail ou s\u2019ils arrivent en retard. Les travailleurs sont cens\u00e9s pr\u00e9voir des alternatives, telles que le covoiturage, un transport priv\u00e9, le t\u00e9l\u00e9travail ou le travail dans un bureau satellite.<\/p>\n<p>\u00c0 la SNCB, le r\u00e9gime de service minimum s\u2019applique \u00e0 nouveau : les gr\u00e9vistes doivent annoncer leur participation 72 heures \u00e0 l\u2019avance, apr\u00e8s quoi la SNCB fixe l\u2019offre de transport disponible et communique 24 heures \u00e0 l\u2019avance.<\/p>\n<p>La manifestation du 26 janvier a \u00e9galement des cons\u00e9quences :<\/p>\n<ul>\n<li>Les travailleurs gr\u00e9vistes n\u2019ont pas droit au salaire, mais les membres de syndicats re\u00e7oivent une indemnit\u00e9 via leur organisation syndicale.<\/li>\n<li>Les travailleurs non-gr\u00e9vistes qui ne peuvent pas commencer leur travail \u00e0 cause de la gr\u00e8ve n\u2019ont pas non plus droit au salaire et ne peuvent pratiquement pas pr\u00e9tendre au ch\u00f4mage temporaire, en raison du caract\u00e8re g\u00e9n\u00e9ral de la gr\u00e8ve.<\/li>\n<li>L\u2019impact concerne aussi bien le secteur priv\u00e9, les contractuels du secteur public que les fonctionnaires statutaires, bien que des dispositions sp\u00e9cifiques s\u2019appliquent \u00e0 ces derniers.<\/li>\n<\/ul>\n<p>&nbsp;<\/p>\n<p><em>Source: SD Worx<\/em><\/p>\n","protected":false},"excerpt":{"rendered":"<p>Alors que la Belgique se pr\u00e9pare \u00e0 une semaine de gr\u00e8ve des chemins de fer, du lundi 26 au vendredi 30 janvier 2026, de nouveaux chiffres du prestataire de services RH SD Worx r\u00e9v\u00e8lent que les PME r\u00e9agissent tr\u00e8s diff\u00e9remment [&hellip;]<\/p>\n","protected":false},"author":2,"featured_media":18694,"comment_status":"closed","ping_status":"open","sticky":false,"template":"","format":"standard","meta":[],"categories":[65,10],"tags":[2398,21,4391,219],"yoast_head":"<!-- This site is optimized with the Yoast SEO plugin v21.0 - https:\/\/yoast.com\/wordpress\/plugins\/seo\/ -->\n<title>Une semaine de gr\u00e8ve sans impact majeur pour nos entreprises, sauf \u00e0 Bruxelles? - Peoplesphere<\/title>\n<meta name=\"robots\" content=\"index, follow, max-snippet:-1, max-image-preview:large, max-video-preview:-1\" \/>\n<link rel=\"canonical\" href=\"https:\/\/peoplesphere.be\/fr\/une-semaine-de-greve-sans-impact-majeur-pour-nos-entreprises-sauf-a-bruxelles\/\" \/>\n<meta property=\"og:locale\" content=\"fr_FR\" \/>\n<meta property=\"og:type\" content=\"article\" \/>\n<meta property=\"og:title\" content=\"Une semaine de gr\u00e8ve sans impact majeur pour nos entreprises, sauf \u00e0 Bruxelles? - Peoplesphere\" \/>\n<meta property=\"og:description\" content=\"Alors que la Belgique se pr\u00e9pare \u00e0 une semaine de gr\u00e8ve des chemins de fer, du lundi 26 au vendredi 30 janvier 2026, de nouveaux chiffres du prestataire de services RH SD Worx r\u00e9v\u00e8lent que les PME r\u00e9agissent tr\u00e8s diff\u00e9remment [&hellip;]\" \/>\n<meta property=\"og:url\" content=\"https:\/\/peoplesphere.be\/fr\/une-semaine-de-greve-sans-impact-majeur-pour-nos-entreprises-sauf-a-bruxelles\/\" \/>\n<meta property=\"og:site_name\" content=\"Peoplesphere\" \/>\n<meta property=\"article:publisher\" content=\"https:\/\/www.facebook.com\/peoplesphere\" \/>\n<meta property=\"article:published_time\" content=\"2026-01-26T09:30:00+00:00\" \/>\n<meta property=\"og:image\" content=\"https:\/\/peoplesphere.be\/fr\/wp-content\/uploads\/2026\/01\/20260126emptystation.jpg\" \/>\n\t<meta property=\"og:image:width\" content=\"1000\" \/>\n\t<meta property=\"og:image:height\" content=\"667\" \/>\n\t<meta property=\"og:image:type\" content=\"image\/jpeg\" \/>\n<meta name=\"author\" content=\"Jean-Paul Erhard\" \/>\n<meta name=\"twitter:card\" content=\"summary_large_image\" \/>\n<meta name=\"twitter:creator\" content=\"@PeoplesphereMag\" \/>\n<meta name=\"twitter:site\" content=\"@PeoplesphereMag\" \/>\n<meta name=\"twitter:label1\" content=\"\u00c9crit par\" \/>\n\t<meta name=\"twitter:data1\" content=\"Jean-Paul Erhard\" \/>\n\t<meta name=\"twitter:label2\" content=\"Dur\u00e9e de lecture estim\u00e9e\" \/>\n\t<meta name=\"twitter:data2\" content=\"4 minutes\" \/>\n<script type=\"application\/ld+json\" class=\"yoast-schema-graph\">{\"@context\":\"https:\/\/schema.org\",\"@graph\":[{\"@type\":\"Article\",\"@id\":\"https:\/\/peoplesphere.be\/fr\/une-semaine-de-greve-sans-impact-majeur-pour-nos-entreprises-sauf-a-bruxelles\/#article\",\"isPartOf\":{\"@id\":\"https:\/\/peoplesphere.be\/fr\/une-semaine-de-greve-sans-impact-majeur-pour-nos-entreprises-sauf-a-bruxelles\/\"},\"author\":{\"name\":\"Jean-Paul Erhard\",\"@id\":\"https:\/\/peoplesphere.be\/fr\/#\/schema\/person\/7976225ff17988604334abb7b3536a7e\"},\"headline\":\"Une semaine de gr\u00e8ve sans impact majeur pour nos entreprises, sauf \u00e0 Bruxelles?\",\"datePublished\":\"2026-01-26T09:30:00+00:00\",\"dateModified\":\"2026-01-26T09:30:00+00:00\",\"mainEntityOfPage\":{\"@id\":\"https:\/\/peoplesphere.be\/fr\/une-semaine-de-greve-sans-impact-majeur-pour-nos-entreprises-sauf-a-bruxelles\/\"},\"wordCount\":698,\"publisher\":{\"@id\":\"https:\/\/peoplesphere.be\/fr\/#organization\"},\"keywords\":[\"gr\u00e8ve nationale\",\"Organisation\",\"planification des effectifs\",\"t\u00e9l\u00e9travail\"],\"articleSection\":[\"Actualit\u00e9s\",\"Digital\"],\"inLanguage\":\"fr-FR\"},{\"@type\":\"WebPage\",\"@id\":\"https:\/\/peoplesphere.be\/fr\/une-semaine-de-greve-sans-impact-majeur-pour-nos-entreprises-sauf-a-bruxelles\/\",\"url\":\"https:\/\/peoplesphere.be\/fr\/une-semaine-de-greve-sans-impact-majeur-pour-nos-entreprises-sauf-a-bruxelles\/\",\"name\":\"Une semaine de gr\u00e8ve sans impact majeur pour nos entreprises, sauf \u00e0 Bruxelles? - Peoplesphere\",\"isPartOf\":{\"@id\":\"https:\/\/peoplesphere.be\/fr\/#website\"},\"datePublished\":\"2026-01-26T09:30:00+00:00\",\"dateModified\":\"2026-01-26T09:30:00+00:00\",\"breadcrumb\":{\"@id\":\"https:\/\/peoplesphere.be\/fr\/une-semaine-de-greve-sans-impact-majeur-pour-nos-entreprises-sauf-a-bruxelles\/#breadcrumb\"},\"inLanguage\":\"fr-FR\",\"potentialAction\":[{\"@type\":\"ReadAction\",\"target\":[\"https:\/\/peoplesphere.be\/fr\/une-semaine-de-greve-sans-impact-majeur-pour-nos-entreprises-sauf-a-bruxelles\/\"]}]},{\"@type\":\"BreadcrumbList\",\"@id\":\"https:\/\/peoplesphere.be\/fr\/une-semaine-de-greve-sans-impact-majeur-pour-nos-entreprises-sauf-a-bruxelles\/#breadcrumb\",\"itemListElement\":[{\"@type\":\"ListItem\",\"position\":1,\"name\":\"Accueil\",\"item\":\"https:\/\/peoplesphere.be\/fr\/\"},{\"@type\":\"ListItem\",\"position\":2,\"name\":\"Une semaine de gr\u00e8ve sans impact majeur pour nos entreprises, sauf \u00e0 Bruxelles?\"}]},{\"@type\":\"WebSite\",\"@id\":\"https:\/\/peoplesphere.be\/fr\/#website\",\"url\":\"https:\/\/peoplesphere.be\/fr\/\",\"name\":\"Peoplesphere\",\"description\":\"The People Managers Magazine\",\"publisher\":{\"@id\":\"https:\/\/peoplesphere.be\/fr\/#organization\"},\"potentialAction\":[{\"@type\":\"SearchAction\",\"target\":{\"@type\":\"EntryPoint\",\"urlTemplate\":\"https:\/\/peoplesphere.be\/fr\/?s={search_term_string}\"},\"query-input\":\"required name=search_term_string\"}],\"inLanguage\":\"fr-FR\"},{\"@type\":\"Organization\",\"@id\":\"https:\/\/peoplesphere.be\/fr\/#organization\",\"name\":\"Peoplesphere Company srl\",\"url\":\"https:\/\/peoplesphere.be\/fr\/\",\"logo\":{\"@type\":\"ImageObject\",\"inLanguage\":\"fr-FR\",\"@id\":\"https:\/\/peoplesphere.be\/fr\/#\/schema\/logo\/image\/\",\"url\":\"https:\/\/peoplesphere.be\/fr\/wp-content\/uploads\/2023\/07\/peoplesphere-lgo-new-generik.jpg\",\"contentUrl\":\"https:\/\/peoplesphere.be\/fr\/wp-content\/uploads\/2023\/07\/peoplesphere-lgo-new-generik.jpg\",\"width\":1031,\"height\":1479,\"caption\":\"Peoplesphere Company srl\"},\"image\":{\"@id\":\"https:\/\/peoplesphere.be\/fr\/#\/schema\/logo\/image\/\"},\"sameAs\":[\"https:\/\/www.facebook.com\/peoplesphere\",\"https:\/\/twitter.com\/PeoplesphereMag\",\"https:\/\/www.linkedin.com\/company\/7587361?trk\",\"http:\/\/youtube.com\/peoplesphere\"]},{\"@type\":\"Person\",\"@id\":\"https:\/\/peoplesphere.be\/fr\/#\/schema\/person\/7976225ff17988604334abb7b3536a7e\",\"name\":\"Jean-Paul Erhard\",\"image\":{\"@type\":\"ImageObject\",\"inLanguage\":\"fr-FR\",\"@id\":\"https:\/\/peoplesphere.be\/fr\/#\/schema\/person\/image\/\",\"url\":\"https:\/\/secure.gravatar.com\/avatar\/f941e681460179738071629a51574930?s=96&d=mm&r=g\",\"contentUrl\":\"https:\/\/secure.gravatar.com\/avatar\/f941e681460179738071629a51574930?s=96&d=mm&r=g\",\"caption\":\"Jean-Paul Erhard\"},\"url\":\"https:\/\/peoplesphere.be\/fr\/author\/jpe\/\"}]}<\/script>\n<!-- \/ Yoast SEO plugin. -->","yoast_head_json":{"title":"Une semaine de gr\u00e8ve sans impact majeur pour nos entreprises, sauf \u00e0 Bruxelles? - Peoplesphere","robots":{"index":"index","follow":"follow","max-snippet":"max-snippet:-1","max-image-preview":"max-image-preview:large","max-video-preview":"max-video-preview:-1"},"canonical":"https:\/\/peoplesphere.be\/fr\/une-semaine-de-greve-sans-impact-majeur-pour-nos-entreprises-sauf-a-bruxelles\/","og_locale":"fr_FR","og_type":"article","og_title":"Une semaine de gr\u00e8ve sans impact majeur pour nos entreprises, sauf \u00e0 Bruxelles? - Peoplesphere","og_description":"Alors que la Belgique se pr\u00e9pare \u00e0 une semaine de gr\u00e8ve des chemins de fer, du lundi 26 au vendredi 30 janvier 2026, de nouveaux chiffres du prestataire de services RH SD Worx r\u00e9v\u00e8lent que les PME r\u00e9agissent tr\u00e8s diff\u00e9remment [&hellip;]","og_url":"https:\/\/peoplesphere.be\/fr\/une-semaine-de-greve-sans-impact-majeur-pour-nos-entreprises-sauf-a-bruxelles\/","og_site_name":"Peoplesphere","article_publisher":"https:\/\/www.facebook.com\/peoplesphere","article_published_time":"2026-01-26T09:30:00+00:00","og_image":[{"width":1000,"height":667,"url":"https:\/\/peoplesphere.be\/fr\/wp-content\/uploads\/2026\/01\/20260126emptystation.jpg","type":"image\/jpeg"}],"author":"Jean-Paul Erhard","twitter_card":"summary_large_image","twitter_creator":"@PeoplesphereMag","twitter_site":"@PeoplesphereMag","twitter_misc":{"\u00c9crit par":"Jean-Paul Erhard","Dur\u00e9e de lecture estim\u00e9e":"4 minutes"},"schema":{"@context":"https:\/\/schema.org","@graph":[{"@type":"Article","@id":"https:\/\/peoplesphere.be\/fr\/une-semaine-de-greve-sans-impact-majeur-pour-nos-entreprises-sauf-a-bruxelles\/#article","isPartOf":{"@id":"https:\/\/peoplesphere.be\/fr\/une-semaine-de-greve-sans-impact-majeur-pour-nos-entreprises-sauf-a-bruxelles\/"},"author":{"name":"Jean-Paul Erhard","@id":"https:\/\/peoplesphere.be\/fr\/#\/schema\/person\/7976225ff17988604334abb7b3536a7e"},"headline":"Une semaine de gr\u00e8ve sans impact majeur pour nos entreprises, sauf \u00e0 Bruxelles?","datePublished":"2026-01-26T09:30:00+00:00","dateModified":"2026-01-26T09:30:00+00:00","mainEntityOfPage":{"@id":"https:\/\/peoplesphere.be\/fr\/une-semaine-de-greve-sans-impact-majeur-pour-nos-entreprises-sauf-a-bruxelles\/"},"wordCount":698,"publisher":{"@id":"https:\/\/peoplesphere.be\/fr\/#organization"},"keywords":["gr\u00e8ve nationale","Organisation","planification des effectifs","t\u00e9l\u00e9travail"],"articleSection":["Actualit\u00e9s","Digital"],"inLanguage":"fr-FR"},{"@type":"WebPage","@id":"https:\/\/peoplesphere.be\/fr\/une-semaine-de-greve-sans-impact-majeur-pour-nos-entreprises-sauf-a-bruxelles\/","url":"https:\/\/peoplesphere.be\/fr\/une-semaine-de-greve-sans-impact-majeur-pour-nos-entreprises-sauf-a-bruxelles\/","name":"Une semaine de gr\u00e8ve sans impact majeur pour nos entreprises, sauf \u00e0 Bruxelles? - Peoplesphere","isPartOf":{"@id":"https:\/\/peoplesphere.be\/fr\/#website"},"datePublished":"2026-01-26T09:30:00+00:00","dateModified":"2026-01-26T09:30:00+00:00","breadcrumb":{"@id":"https:\/\/peoplesphere.be\/fr\/une-semaine-de-greve-sans-impact-majeur-pour-nos-entreprises-sauf-a-bruxelles\/#breadcrumb"},"inLanguage":"fr-FR","potentialAction":[{"@type":"ReadAction","target":["https:\/\/peoplesphere.be\/fr\/une-semaine-de-greve-sans-impact-majeur-pour-nos-entreprises-sauf-a-bruxelles\/"]}]},{"@type":"BreadcrumbList","@id":"https:\/\/peoplesphere.be\/fr\/une-semaine-de-greve-sans-impact-majeur-pour-nos-entreprises-sauf-a-bruxelles\/#breadcrumb","itemListElement":[{"@type":"ListItem","position":1,"name":"Accueil","item":"https:\/\/peoplesphere.be\/fr\/"},{"@type":"ListItem","position":2,"name":"Une semaine de gr\u00e8ve sans impact majeur pour nos entreprises, sauf \u00e0 Bruxelles?"}]},{"@type":"WebSite","@id":"https:\/\/peoplesphere.be\/fr\/#website","url":"https:\/\/peoplesphere.be\/fr\/","name":"Peoplesphere","description":"The People Managers Magazine","publisher":{"@id":"https:\/\/peoplesphere.be\/fr\/#organization"},"potentialAction":[{"@type":"SearchAction","target":{"@type":"EntryPoint","urlTemplate":"https:\/\/peoplesphere.be\/fr\/?s={search_term_string}"},"query-input":"required name=search_term_string"}],"inLanguage":"fr-FR"},{"@type":"Organization","@id":"https:\/\/peoplesphere.be\/fr\/#organization","name":"Peoplesphere Company srl","url":"https:\/\/peoplesphere.be\/fr\/","logo":{"@type":"ImageObject","inLanguage":"fr-FR","@id":"https:\/\/peoplesphere.be\/fr\/#\/schema\/logo\/image\/","url":"https:\/\/peoplesphere.be\/fr\/wp-content\/uploads\/2023\/07\/peoplesphere-lgo-new-generik.jpg","contentUrl":"https:\/\/peoplesphere.be\/fr\/wp-content\/uploads\/2023\/07\/peoplesphere-lgo-new-generik.jpg","width":1031,"height":1479,"caption":"Peoplesphere Company srl"},"image":{"@id":"https:\/\/peoplesphere.be\/fr\/#\/schema\/logo\/image\/"},"sameAs":["https:\/\/www.facebook.com\/peoplesphere","https:\/\/twitter.com\/PeoplesphereMag","https:\/\/www.linkedin.com\/company\/7587361?trk","http:\/\/youtube.com\/peoplesphere"]},{"@type":"Person","@id":"https:\/\/peoplesphere.be\/fr\/#\/schema\/person\/7976225ff17988604334abb7b3536a7e","name":"Jean-Paul Erhard","image":{"@type":"ImageObject","inLanguage":"fr-FR","@id":"https:\/\/peoplesphere.be\/fr\/#\/schema\/person\/image\/","url":"https:\/\/secure.gravatar.com\/avatar\/f941e681460179738071629a51574930?s=96&d=mm&r=g","contentUrl":"https:\/\/secure.gravatar.com\/avatar\/f941e681460179738071629a51574930?s=96&d=mm&r=g","caption":"Jean-Paul Erhard"},"url":"https:\/\/peoplesphere.be\/fr\/author\/jpe\/"}]}},"_links":{"self":[{"href":"https:\/\/peoplesphere.be\/fr\/wp-json\/wp\/v2\/posts\/18692"}],"collection":[{"href":"https:\/\/peoplesphere.be\/fr\/wp-json\/wp\/v2\/posts"}],"about":[{"href":"https:\/\/peoplesphere.be\/fr\/wp-json\/wp\/v2\/types\/post"}],"author":[{"embeddable":true,"href":"https:\/\/peoplesphere.be\/fr\/wp-json\/wp\/v2\/users\/2"}],"replies":[{"embeddable":true,"href":"https:\/\/peoplesphere.be\/fr\/wp-json\/wp\/v2\/comments?post=18692"}],"version-history":[{"count":1,"href":"https:\/\/peoplesphere.be\/fr\/wp-json\/wp\/v2\/posts\/18692\/revisions"}],"predecessor-version":[{"id":18695,"href":"https:\/\/peoplesphere.be\/fr\/wp-json\/wp\/v2\/posts\/18692\/revisions\/18695"}],"wp:featuredmedia":[{"embeddable":true,"href":"https:\/\/peoplesphere.be\/fr\/wp-json\/wp\/v2\/media\/18694"}],"wp:attachment":[{"href":"https:\/\/peoplesphere.be\/fr\/wp-json\/wp\/v2\/media?parent=18692"}],"wp:term":[{"taxonomy":"category","embeddable":true,"href":"https:\/\/peoplesphere.be\/fr\/wp-json\/wp\/v2\/categories?post=18692"},{"taxonomy":"post_tag","embeddable":true,"href":"https:\/\/peoplesphere.be\/fr\/wp-json\/wp\/v2\/tags?post=18692"}],"curies":[{"name":"wp","href":"https:\/\/api.w.org\/{rel}","templated":true}]}}