









{"id":18704,"date":"2026-01-28T15:03:55","date_gmt":"2026-01-28T13:03:55","guid":{"rendered":"https:\/\/peoplesphere.be\/fr\/?p=18704"},"modified":"2026-01-28T15:03:55","modified_gmt":"2026-01-28T13:03:55","slug":"le-secteur-chimique-europeen-en-phase-de-contraction-fermetures-dentreprise-en-hausse-investissements-au-point-mort","status":"publish","type":"post","link":"https:\/\/peoplesphere.be\/fr\/le-secteur-chimique-europeen-en-phase-de-contraction-fermetures-dentreprise-en-hausse-investissements-au-point-mort\/","title":{"rendered":"Le secteur chimique europ\u00e9en en phase de contraction: fermetures d&rsquo;entreprise en hausse, investissements au point mort."},"content":{"rendered":"<p>Le secteur chimique europ\u00e9en enregistre une perte rapide de capacit\u00e9s de production et d\u2019emplois, alors que les nouveaux investissements sont quasiment \u00e0 l\u2019arr\u00eat. C\u2019est ce qui ressort d\u2019une nouvelle \u00e9tude r\u00e9alis\u00e9e \u00e0 la demande de la f\u00e9d\u00e9ration europ\u00e9enne de l\u2019industrie chimique, le Cefic. Depuis 2022, le nombre de fermetures a \u00e9t\u00e9 multipli\u00e9 par six, entra\u00eenant la disparition d\u2019environ 9% de la capacit\u00e9 totale de production en Europe et la perte de 20.000 emplois directs. Le co\u00fbt \u00e9lev\u00e9 de l\u2019\u00e9nergie appara\u00eet comme la principale cause. La chimie belge r\u00e9siste relativement mieux, mais n\u2019\u00e9chappe pas \u00e0 la crise qui touche l\u2019industrie europ\u00e9enne.<!--more--><\/p>\n<p>Les chiffres du rapport illustrent de mani\u00e8re frappante les cons\u00e9quences de la crise \u00e9nerg\u00e9tique et de l\u2019affaiblissement de la comp\u00e9titivit\u00e9 de l\u2019industrie europ\u00e9enne. Entre 2022 et 2025 inclus, 126 fermetures d\u2019installations de production ont \u00e9t\u00e9 annonc\u00e9es dans la chimie europ\u00e9enne, dont 9 steam crackers. Cela repr\u00e9sente une perte de 37 millions de tonnes de capacit\u00e9 de production, soit pr\u00e8s de 9% de la capacit\u00e9 totale en Europe. Ces fermetures ont entra\u00een\u00e9 la suppression de 20.000 emplois directs et de pr\u00e8s de 90.000 emplois indirects, sans m\u00eame tenir compte des pertes d\u2019emplois li\u00e9es aux r\u00e9organisations et restructurations.<\/p>\n<h3><strong><em>Des fermetures caus\u00e9es par des co\u00fbts \u00e9nerg\u00e9tiques \u00e9lev\u00e9s<\/em><\/strong><\/h3>\n<p>Les entreprises chimiques indiquent que les co\u00fbts \u00e9nerg\u00e9tiques \u00e9lev\u00e9s constituent la principale raison des fermetures, suivis par la baisse de la demande, une r\u00e9glementation trop stricte et la concurrence des importations \u00e0 bas prix. Il est particuli\u00e8rement pr\u00e9occupant de constater que le rythme des fermetures d\u2019entreprises a doubl\u00e9 en 2025. Dans le m\u00eame temps, les investissements dans de nouvelles capacit\u00e9s de production ont chut\u00e9 de 90% l\u2019an dernier, pour atteindre \u00e0 peine 0,3 million de tonnes. En raison de handicaps structurels en mati\u00e8re de comp\u00e9titivit\u00e9, l\u2019Europe n\u2019est plus attractive comme site d\u2019investissement industriel, ce qui menace la disparition de maillons essentiels dans des cha\u00eenes de valeur strat\u00e9giques.<\/p>\n<h3><strong><em>La chimie belge \u00e9galement touch\u00e9e<\/em><\/strong><\/h3>\n<p>La majorit\u00e9 des fermetures dans la chimie europ\u00e9enne ont lieu en Allemagne, aux Pays-Bas, au Royaume-Uni et en France. Ces quatre pays concentrent \u00e0 eux seuls deux tiers de la perte totale de capacit\u00e9. La Belgique r\u00e9siste relativement mieux et est le seul pays europ\u00e9en o\u00f9 des capacit\u00e9s de production suppl\u00e9mentaires ont encore \u00e9t\u00e9 r\u00e9cemment mises en service dans le secteur chimique. Pas moins de 39% de la nouvelle capacit\u00e9 de production cr\u00e9\u00e9e ces derni\u00e8res ann\u00e9es dans la chimie europ\u00e9enne l\u2019a \u00e9t\u00e9 dans notre pays.<\/p>\n<p>Cela illustre que la Belgique dispose d\u2019un secteur chimique solide, qui continue d\u2019occuper une position de premier plan en Europe. Malgr\u00e9 ces atouts, la chimie belge est elle aussi confront\u00e9e \u00e0 une forte d\u00e9gradation de sa comp\u00e9titivit\u00e9. Certaines grandes d\u00e9cisions d\u2019investissement prises il y a quelques ann\u00e9es \u2013 avec Project One d\u2019INEOS comme exemple embl\u00e9matique \u2013 ne peuvent masquer la d\u00e9t\u00e9rioration rapide de la r\u00e9alit\u00e9 \u00e9conomique. Les fermetures annonc\u00e9es et les d\u00e9cisions d\u2019investissement n\u00e9gatives des derni\u00e8res semaines constituent des signaux d\u2019alarme inqui\u00e9tants, indiquant que le secteur se trouve dans une situation de crise aigu\u00eb.<\/p>\n<p>Yves Verschueren, administrateur d\u00e9l\u00e9gu\u00e9 d\u2019essenscia, d\u00e9clare : <em>\u00ab\u00a0Le secteur chimique europ\u00e9en est soumis \u00e0 une pression extr\u00eame. Le nombre de fermetures augmente \u00e0 une vitesse alarmante, tandis que les investissements atteignent un niveau historiquement bas. C\u2019est une combinaison extr\u00eamement dangereuse qui peut provoquer un effet domino dans l\u2019ensemble de l\u2019\u00e9conomie. La chimie belge se trouve elle aussi \u00e0 un point de bascule. Sans mesures d\u2019urgence, nous risquons de nouvelles pertes d\u2019emplois. C\u2019est le moment de v\u00e9rit\u00e9 pour inverser la tendance. Dans un monde instable, l\u2019Europe a justement besoin d\u2019une industrie plus forte. Il ne s\u2019agit pas d\u2019un simple probl\u00e8me \u00e9conomique, mais de notre autonomie g\u00e9ostrat\u00e9gique et de l\u2019avenir de notre prosp\u00e9rit\u00e9. Les sommets europ\u00e9ens de f\u00e9vrier doivent d\u00e9boucher sur des r\u00e9sultats concrets.\u00a0\u00bb<\/em><\/p>\n<p>&nbsp;<\/p>\n<p><em>Source: \u00e9tude &lsquo;European Chemical Closures and Investments Radar: 2022 2025&rsquo; &#8211; le rapport a \u00e9t\u00e9 r\u00e9dig\u00e9 par le cabinet de conseil strat\u00e9gique Roland Berger, \u00e0 la demande de la f\u00e9d\u00e9ration europ\u00e9enne de l\u2019industrie chimique Cefic. Il offre une vue d\u2019ensemble \u00e9tay\u00e9e des fermetures et des investissements, ainsi que de leur impact sur la capacit\u00e9 de production de la chimie europ\u00e9enne (UE27 + Royaume Uni, Norv\u00e8ge et Suisse). L\u2019analyse repose sur des contributions du secteur et des donn\u00e9es publiques.<\/em><\/p>\n","protected":false},"excerpt":{"rendered":"<p>Le secteur chimique europ\u00e9en enregistre une perte rapide de capacit\u00e9s de production et d\u2019emplois, alors que les nouveaux investissements sont quasiment \u00e0 l\u2019arr\u00eat. C\u2019est ce qui ressort d\u2019une nouvelle \u00e9tude r\u00e9alis\u00e9e \u00e0 la demande de la f\u00e9d\u00e9ration europ\u00e9enne de l\u2019industrie [&hellip;]<\/p>\n","protected":false},"author":2,"featured_media":0,"comment_status":"closed","ping_status":"open","sticky":false,"template":"","format":"standard","meta":[],"categories":[65,10],"tags":[804,3702,1926,3492],"yoast_head":"<!-- This site is optimized with the Yoast SEO plugin v21.0 - https:\/\/yoast.com\/wordpress\/plugins\/seo\/ -->\n<title>Le secteur chimique europ\u00e9en en phase de contraction: fermetures d&#039;entreprise en hausse, investissements au point mort. - Peoplesphere<\/title>\n<meta name=\"robots\" content=\"index, follow, max-snippet:-1, max-image-preview:large, max-video-preview:-1\" \/>\n<link rel=\"canonical\" href=\"https:\/\/peoplesphere.be\/fr\/le-secteur-chimique-europeen-en-phase-de-contraction-fermetures-dentreprise-en-hausse-investissements-au-point-mort\/\" \/>\n<meta property=\"og:locale\" content=\"fr_FR\" \/>\n<meta property=\"og:type\" content=\"article\" \/>\n<meta property=\"og:title\" content=\"Le secteur chimique europ\u00e9en en phase de contraction: fermetures d&#039;entreprise en hausse, investissements au point mort. - Peoplesphere\" \/>\n<meta property=\"og:description\" content=\"Le secteur chimique europ\u00e9en enregistre une perte rapide de capacit\u00e9s de production et d\u2019emplois, alors que les nouveaux investissements sont quasiment \u00e0 l\u2019arr\u00eat. C\u2019est ce qui ressort d\u2019une nouvelle \u00e9tude r\u00e9alis\u00e9e \u00e0 la demande de la f\u00e9d\u00e9ration europ\u00e9enne de l\u2019industrie [&hellip;]\" \/>\n<meta property=\"og:url\" content=\"https:\/\/peoplesphere.be\/fr\/le-secteur-chimique-europeen-en-phase-de-contraction-fermetures-dentreprise-en-hausse-investissements-au-point-mort\/\" \/>\n<meta property=\"og:site_name\" content=\"Peoplesphere\" \/>\n<meta property=\"article:publisher\" content=\"https:\/\/www.facebook.com\/peoplesphere\" \/>\n<meta property=\"article:published_time\" content=\"2026-01-28T13:03:55+00:00\" \/>\n<meta property=\"og:image\" content=\"http:\/\/www.peoplesphere.be\/fr\/wp-content\/uploads\/2016\/07\/facebook-default-posting-1200x628px.jpg\" \/>\n<meta name=\"author\" content=\"Jean-Paul Erhard\" \/>\n<meta name=\"twitter:card\" content=\"summary_large_image\" \/>\n<meta name=\"twitter:creator\" content=\"@PeoplesphereMag\" \/>\n<meta name=\"twitter:site\" content=\"@PeoplesphereMag\" \/>\n<meta name=\"twitter:label1\" content=\"\u00c9crit par\" \/>\n\t<meta name=\"twitter:data1\" content=\"Jean-Paul Erhard\" \/>\n\t<meta name=\"twitter:label2\" content=\"Dur\u00e9e de lecture estim\u00e9e\" \/>\n\t<meta name=\"twitter:data2\" content=\"4 minutes\" \/>\n<script type=\"application\/ld+json\" class=\"yoast-schema-graph\">{\"@context\":\"https:\/\/schema.org\",\"@graph\":[{\"@type\":\"Article\",\"@id\":\"https:\/\/peoplesphere.be\/fr\/le-secteur-chimique-europeen-en-phase-de-contraction-fermetures-dentreprise-en-hausse-investissements-au-point-mort\/#article\",\"isPartOf\":{\"@id\":\"https:\/\/peoplesphere.be\/fr\/le-secteur-chimique-europeen-en-phase-de-contraction-fermetures-dentreprise-en-hausse-investissements-au-point-mort\/\"},\"author\":{\"name\":\"Jean-Paul Erhard\",\"@id\":\"https:\/\/peoplesphere.be\/fr\/#\/schema\/person\/7976225ff17988604334abb7b3536a7e\"},\"headline\":\"Le secteur chimique europ\u00e9en en phase de contraction: fermetures d&rsquo;entreprise en hausse, investissements au point mort.\",\"datePublished\":\"2026-01-28T13:03:55+00:00\",\"dateModified\":\"2026-01-28T13:03:55+00:00\",\"mainEntityOfPage\":{\"@id\":\"https:\/\/peoplesphere.be\/fr\/le-secteur-chimique-europeen-en-phase-de-contraction-fermetures-dentreprise-en-hausse-investissements-au-point-mort\/\"},\"wordCount\":814,\"publisher\":{\"@id\":\"https:\/\/peoplesphere.be\/fr\/#organization\"},\"keywords\":[\"conjoncture\",\"co\u00fbts \u00e9nerg\u00e9tiques\",\"perte d'emplois\",\"secteur chimique\"],\"articleSection\":[\"Actualit\u00e9s\",\"Digital\"],\"inLanguage\":\"fr-FR\"},{\"@type\":\"WebPage\",\"@id\":\"https:\/\/peoplesphere.be\/fr\/le-secteur-chimique-europeen-en-phase-de-contraction-fermetures-dentreprise-en-hausse-investissements-au-point-mort\/\",\"url\":\"https:\/\/peoplesphere.be\/fr\/le-secteur-chimique-europeen-en-phase-de-contraction-fermetures-dentreprise-en-hausse-investissements-au-point-mort\/\",\"name\":\"Le secteur chimique europ\u00e9en en phase de contraction: fermetures d'entreprise en hausse, investissements au point mort. - Peoplesphere\",\"isPartOf\":{\"@id\":\"https:\/\/peoplesphere.be\/fr\/#website\"},\"datePublished\":\"2026-01-28T13:03:55+00:00\",\"dateModified\":\"2026-01-28T13:03:55+00:00\",\"breadcrumb\":{\"@id\":\"https:\/\/peoplesphere.be\/fr\/le-secteur-chimique-europeen-en-phase-de-contraction-fermetures-dentreprise-en-hausse-investissements-au-point-mort\/#breadcrumb\"},\"inLanguage\":\"fr-FR\",\"potentialAction\":[{\"@type\":\"ReadAction\",\"target\":[\"https:\/\/peoplesphere.be\/fr\/le-secteur-chimique-europeen-en-phase-de-contraction-fermetures-dentreprise-en-hausse-investissements-au-point-mort\/\"]}]},{\"@type\":\"BreadcrumbList\",\"@id\":\"https:\/\/peoplesphere.be\/fr\/le-secteur-chimique-europeen-en-phase-de-contraction-fermetures-dentreprise-en-hausse-investissements-au-point-mort\/#breadcrumb\",\"itemListElement\":[{\"@type\":\"ListItem\",\"position\":1,\"name\":\"Accueil\",\"item\":\"https:\/\/peoplesphere.be\/fr\/\"},{\"@type\":\"ListItem\",\"position\":2,\"name\":\"Le secteur chimique europ\u00e9en en phase de contraction: fermetures d&rsquo;entreprise en hausse, investissements au point mort.\"}]},{\"@type\":\"WebSite\",\"@id\":\"https:\/\/peoplesphere.be\/fr\/#website\",\"url\":\"https:\/\/peoplesphere.be\/fr\/\",\"name\":\"Peoplesphere\",\"description\":\"The People Managers Magazine\",\"publisher\":{\"@id\":\"https:\/\/peoplesphere.be\/fr\/#organization\"},\"potentialAction\":[{\"@type\":\"SearchAction\",\"target\":{\"@type\":\"EntryPoint\",\"urlTemplate\":\"https:\/\/peoplesphere.be\/fr\/?s={search_term_string}\"},\"query-input\":\"required name=search_term_string\"}],\"inLanguage\":\"fr-FR\"},{\"@type\":\"Organization\",\"@id\":\"https:\/\/peoplesphere.be\/fr\/#organization\",\"name\":\"Peoplesphere Company srl\",\"url\":\"https:\/\/peoplesphere.be\/fr\/\",\"logo\":{\"@type\":\"ImageObject\",\"inLanguage\":\"fr-FR\",\"@id\":\"https:\/\/peoplesphere.be\/fr\/#\/schema\/logo\/image\/\",\"url\":\"https:\/\/peoplesphere.be\/fr\/wp-content\/uploads\/2023\/07\/peoplesphere-lgo-new-generik.jpg\",\"contentUrl\":\"https:\/\/peoplesphere.be\/fr\/wp-content\/uploads\/2023\/07\/peoplesphere-lgo-new-generik.jpg\",\"width\":1031,\"height\":1479,\"caption\":\"Peoplesphere Company srl\"},\"image\":{\"@id\":\"https:\/\/peoplesphere.be\/fr\/#\/schema\/logo\/image\/\"},\"sameAs\":[\"https:\/\/www.facebook.com\/peoplesphere\",\"https:\/\/twitter.com\/PeoplesphereMag\",\"https:\/\/www.linkedin.com\/company\/7587361?trk\",\"http:\/\/youtube.com\/peoplesphere\"]},{\"@type\":\"Person\",\"@id\":\"https:\/\/peoplesphere.be\/fr\/#\/schema\/person\/7976225ff17988604334abb7b3536a7e\",\"name\":\"Jean-Paul Erhard\",\"image\":{\"@type\":\"ImageObject\",\"inLanguage\":\"fr-FR\",\"@id\":\"https:\/\/peoplesphere.be\/fr\/#\/schema\/person\/image\/\",\"url\":\"https:\/\/secure.gravatar.com\/avatar\/f941e681460179738071629a51574930?s=96&d=mm&r=g\",\"contentUrl\":\"https:\/\/secure.gravatar.com\/avatar\/f941e681460179738071629a51574930?s=96&d=mm&r=g\",\"caption\":\"Jean-Paul Erhard\"},\"url\":\"https:\/\/peoplesphere.be\/fr\/author\/jpe\/\"}]}<\/script>\n<!-- \/ Yoast SEO plugin. -->","yoast_head_json":{"title":"Le secteur chimique europ\u00e9en en phase de contraction: fermetures d'entreprise en hausse, investissements au point mort. - Peoplesphere","robots":{"index":"index","follow":"follow","max-snippet":"max-snippet:-1","max-image-preview":"max-image-preview:large","max-video-preview":"max-video-preview:-1"},"canonical":"https:\/\/peoplesphere.be\/fr\/le-secteur-chimique-europeen-en-phase-de-contraction-fermetures-dentreprise-en-hausse-investissements-au-point-mort\/","og_locale":"fr_FR","og_type":"article","og_title":"Le secteur chimique europ\u00e9en en phase de contraction: fermetures d'entreprise en hausse, investissements au point mort. - Peoplesphere","og_description":"Le secteur chimique europ\u00e9en enregistre une perte rapide de capacit\u00e9s de production et d\u2019emplois, alors que les nouveaux investissements sont quasiment \u00e0 l\u2019arr\u00eat. C\u2019est ce qui ressort d\u2019une nouvelle \u00e9tude r\u00e9alis\u00e9e \u00e0 la demande de la f\u00e9d\u00e9ration europ\u00e9enne de l\u2019industrie [&hellip;]","og_url":"https:\/\/peoplesphere.be\/fr\/le-secteur-chimique-europeen-en-phase-de-contraction-fermetures-dentreprise-en-hausse-investissements-au-point-mort\/","og_site_name":"Peoplesphere","article_publisher":"https:\/\/www.facebook.com\/peoplesphere","article_published_time":"2026-01-28T13:03:55+00:00","og_image":[{"url":"http:\/\/www.peoplesphere.be\/fr\/wp-content\/uploads\/2016\/07\/facebook-default-posting-1200x628px.jpg"}],"author":"Jean-Paul Erhard","twitter_card":"summary_large_image","twitter_creator":"@PeoplesphereMag","twitter_site":"@PeoplesphereMag","twitter_misc":{"\u00c9crit par":"Jean-Paul Erhard","Dur\u00e9e de lecture estim\u00e9e":"4 minutes"},"schema":{"@context":"https:\/\/schema.org","@graph":[{"@type":"Article","@id":"https:\/\/peoplesphere.be\/fr\/le-secteur-chimique-europeen-en-phase-de-contraction-fermetures-dentreprise-en-hausse-investissements-au-point-mort\/#article","isPartOf":{"@id":"https:\/\/peoplesphere.be\/fr\/le-secteur-chimique-europeen-en-phase-de-contraction-fermetures-dentreprise-en-hausse-investissements-au-point-mort\/"},"author":{"name":"Jean-Paul Erhard","@id":"https:\/\/peoplesphere.be\/fr\/#\/schema\/person\/7976225ff17988604334abb7b3536a7e"},"headline":"Le secteur chimique europ\u00e9en en phase de contraction: fermetures d&rsquo;entreprise en hausse, investissements au point mort.","datePublished":"2026-01-28T13:03:55+00:00","dateModified":"2026-01-28T13:03:55+00:00","mainEntityOfPage":{"@id":"https:\/\/peoplesphere.be\/fr\/le-secteur-chimique-europeen-en-phase-de-contraction-fermetures-dentreprise-en-hausse-investissements-au-point-mort\/"},"wordCount":814,"publisher":{"@id":"https:\/\/peoplesphere.be\/fr\/#organization"},"keywords":["conjoncture","co\u00fbts \u00e9nerg\u00e9tiques","perte d'emplois","secteur chimique"],"articleSection":["Actualit\u00e9s","Digital"],"inLanguage":"fr-FR"},{"@type":"WebPage","@id":"https:\/\/peoplesphere.be\/fr\/le-secteur-chimique-europeen-en-phase-de-contraction-fermetures-dentreprise-en-hausse-investissements-au-point-mort\/","url":"https:\/\/peoplesphere.be\/fr\/le-secteur-chimique-europeen-en-phase-de-contraction-fermetures-dentreprise-en-hausse-investissements-au-point-mort\/","name":"Le secteur chimique europ\u00e9en en phase de contraction: fermetures d'entreprise en hausse, investissements au point mort. - Peoplesphere","isPartOf":{"@id":"https:\/\/peoplesphere.be\/fr\/#website"},"datePublished":"2026-01-28T13:03:55+00:00","dateModified":"2026-01-28T13:03:55+00:00","breadcrumb":{"@id":"https:\/\/peoplesphere.be\/fr\/le-secteur-chimique-europeen-en-phase-de-contraction-fermetures-dentreprise-en-hausse-investissements-au-point-mort\/#breadcrumb"},"inLanguage":"fr-FR","potentialAction":[{"@type":"ReadAction","target":["https:\/\/peoplesphere.be\/fr\/le-secteur-chimique-europeen-en-phase-de-contraction-fermetures-dentreprise-en-hausse-investissements-au-point-mort\/"]}]},{"@type":"BreadcrumbList","@id":"https:\/\/peoplesphere.be\/fr\/le-secteur-chimique-europeen-en-phase-de-contraction-fermetures-dentreprise-en-hausse-investissements-au-point-mort\/#breadcrumb","itemListElement":[{"@type":"ListItem","position":1,"name":"Accueil","item":"https:\/\/peoplesphere.be\/fr\/"},{"@type":"ListItem","position":2,"name":"Le secteur chimique europ\u00e9en en phase de contraction: fermetures d&rsquo;entreprise en hausse, investissements au point mort."}]},{"@type":"WebSite","@id":"https:\/\/peoplesphere.be\/fr\/#website","url":"https:\/\/peoplesphere.be\/fr\/","name":"Peoplesphere","description":"The People Managers Magazine","publisher":{"@id":"https:\/\/peoplesphere.be\/fr\/#organization"},"potentialAction":[{"@type":"SearchAction","target":{"@type":"EntryPoint","urlTemplate":"https:\/\/peoplesphere.be\/fr\/?s={search_term_string}"},"query-input":"required name=search_term_string"}],"inLanguage":"fr-FR"},{"@type":"Organization","@id":"https:\/\/peoplesphere.be\/fr\/#organization","name":"Peoplesphere Company srl","url":"https:\/\/peoplesphere.be\/fr\/","logo":{"@type":"ImageObject","inLanguage":"fr-FR","@id":"https:\/\/peoplesphere.be\/fr\/#\/schema\/logo\/image\/","url":"https:\/\/peoplesphere.be\/fr\/wp-content\/uploads\/2023\/07\/peoplesphere-lgo-new-generik.jpg","contentUrl":"https:\/\/peoplesphere.be\/fr\/wp-content\/uploads\/2023\/07\/peoplesphere-lgo-new-generik.jpg","width":1031,"height":1479,"caption":"Peoplesphere Company srl"},"image":{"@id":"https:\/\/peoplesphere.be\/fr\/#\/schema\/logo\/image\/"},"sameAs":["https:\/\/www.facebook.com\/peoplesphere","https:\/\/twitter.com\/PeoplesphereMag","https:\/\/www.linkedin.com\/company\/7587361?trk","http:\/\/youtube.com\/peoplesphere"]},{"@type":"Person","@id":"https:\/\/peoplesphere.be\/fr\/#\/schema\/person\/7976225ff17988604334abb7b3536a7e","name":"Jean-Paul Erhard","image":{"@type":"ImageObject","inLanguage":"fr-FR","@id":"https:\/\/peoplesphere.be\/fr\/#\/schema\/person\/image\/","url":"https:\/\/secure.gravatar.com\/avatar\/f941e681460179738071629a51574930?s=96&d=mm&r=g","contentUrl":"https:\/\/secure.gravatar.com\/avatar\/f941e681460179738071629a51574930?s=96&d=mm&r=g","caption":"Jean-Paul Erhard"},"url":"https:\/\/peoplesphere.be\/fr\/author\/jpe\/"}]}},"_links":{"self":[{"href":"https:\/\/peoplesphere.be\/fr\/wp-json\/wp\/v2\/posts\/18704"}],"collection":[{"href":"https:\/\/peoplesphere.be\/fr\/wp-json\/wp\/v2\/posts"}],"about":[{"href":"https:\/\/peoplesphere.be\/fr\/wp-json\/wp\/v2\/types\/post"}],"author":[{"embeddable":true,"href":"https:\/\/peoplesphere.be\/fr\/wp-json\/wp\/v2\/users\/2"}],"replies":[{"embeddable":true,"href":"https:\/\/peoplesphere.be\/fr\/wp-json\/wp\/v2\/comments?post=18704"}],"version-history":[{"count":1,"href":"https:\/\/peoplesphere.be\/fr\/wp-json\/wp\/v2\/posts\/18704\/revisions"}],"predecessor-version":[{"id":18705,"href":"https:\/\/peoplesphere.be\/fr\/wp-json\/wp\/v2\/posts\/18704\/revisions\/18705"}],"wp:attachment":[{"href":"https:\/\/peoplesphere.be\/fr\/wp-json\/wp\/v2\/media?parent=18704"}],"wp:term":[{"taxonomy":"category","embeddable":true,"href":"https:\/\/peoplesphere.be\/fr\/wp-json\/wp\/v2\/categories?post=18704"},{"taxonomy":"post_tag","embeddable":true,"href":"https:\/\/peoplesphere.be\/fr\/wp-json\/wp\/v2\/tags?post=18704"}],"curies":[{"name":"wp","href":"https:\/\/api.w.org\/{rel}","templated":true}]}}