









{"id":18718,"date":"2026-02-01T06:42:26","date_gmt":"2026-02-01T04:42:26","guid":{"rendered":"https:\/\/peoplesphere.be\/fr\/?p=18718"},"modified":"2026-02-01T06:42:26","modified_gmt":"2026-02-01T04:42:26","slug":"bruxelles-et-anvers-enregistrent-les-flux-migratoires-les-plus-eleves-du-pays","status":"publish","type":"post","link":"https:\/\/peoplesphere.be\/fr\/bruxelles-et-anvers-enregistrent-les-flux-migratoires-les-plus-eleves-du-pays\/","title":{"rendered":"Bruxelles et Anvers enregistrent les flux migratoires les plus \u00e9lev\u00e9s du pays."},"content":{"rendered":"<p>Au cours de l\u2019ann\u00e9e 2024, la Belgique a compt\u00e9 171.706 immigrations ainsi que 91.866 \u00e9migrations \u00e9trang\u00e8res, soit des chiffres similaires \u00e0 2023. Alors que les immigrations concernaient habituellement davantage les citoyens de l\u2019UE, l\u2019ann\u00e9e 2022 a marqu\u00e9 un renversement de cette tendance, en raison de la forte augmentation des migrations li\u00e9es au conflit russo-ukrainien. <!--more--><\/p>\n<p>Les immigrations \u00e9trang\u00e8res des citoyens europ\u00e9ens restent de ce fait moins importantes que celles des pays tiers en 2024 (48% contre 52%). Les \u00e9migrations concernent quant \u00e0 elles davantage les citoyens de l\u2019UE que les ressortissants de pays tiers (67 % contre 33 %).<\/p>\n<p>Les immigrations et les \u00e9migrations \u00e9trang\u00e8res sont r\u00e9parties de mani\u00e8re in\u00e9gale entre les diff\u00e9rentes provinces et la R\u00e9gion Bruxelles-Capitale. Les deux entit\u00e9s g\u00e9ographiques accueillant le plus d\u2019immigrations \u00e9trang\u00e8res sont la province d\u2019Anvers ainsi que la r\u00e9gion Bruxelles-Capitale. Ce sont \u00e9galement ces deux entit\u00e9s qui rencontrent le chiffre le plus haut d\u2019\u00e9migrations \u00e9trang\u00e8res. La r\u00e9gion Bruxelles-Capitale pr\u00e9sente le nombre le plus \u00e9lev\u00e9, avec 29,4% des immigrations et 31,5% des \u00e9migrations \u00e9trang\u00e8res du pays. Vient ensuite la province d\u2019Anvers o\u00f9 16,6% d\u2019immigrations \u00e9trang\u00e8res y sont concentr\u00e9es ainsi que 15,5% de l\u2019ensemble des \u00e9migrations \u00e9trang\u00e8res. Les autres provinces affichent des proportions d\u2019immigrations et d\u2019\u00e9migrations \u00e9trang\u00e8res oscillant entre 1,5% et 11%. Lorsque l\u2019on observe les proportions d\u2019immigrations ou d\u2019\u00e9migrations \u00e9trang\u00e8res dans une province, on constate que celles-ci sont globalement \u00e9quilibr\u00e9es au sein de chaque entit\u00e9.<\/p>\n<p>&nbsp;<\/p>\n<p><em>Source : Myria &#8211; Statbel<\/em><\/p>\n","protected":false},"excerpt":{"rendered":"<p>Au cours de l\u2019ann\u00e9e 2024, la Belgique a compt\u00e9 171.706 immigrations ainsi que 91.866 \u00e9migrations \u00e9trang\u00e8res, soit des chiffres similaires \u00e0 2023. Alors que les immigrations concernaient habituellement davantage les citoyens de l\u2019UE, l\u2019ann\u00e9e 2022 a marqu\u00e9 un renversement de [&hellip;]<\/p>\n","protected":false},"author":2,"featured_media":0,"comment_status":"closed","ping_status":"open","sticky":false,"template":"","format":"standard","meta":[],"categories":[65,10],"tags":[1593,93,656,1464],"yoast_head":"<!-- This site is optimized with the Yoast SEO plugin v21.0 - https:\/\/yoast.com\/wordpress\/plugins\/seo\/ -->\n<title>Bruxelles et Anvers enregistrent les flux migratoires les plus \u00e9lev\u00e9s du pays. - Peoplesphere<\/title>\n<meta name=\"robots\" content=\"index, follow, max-snippet:-1, max-image-preview:large, max-video-preview:-1\" \/>\n<link rel=\"canonical\" href=\"https:\/\/peoplesphere.be\/fr\/bruxelles-et-anvers-enregistrent-les-flux-migratoires-les-plus-eleves-du-pays\/\" \/>\n<meta property=\"og:locale\" content=\"fr_FR\" \/>\n<meta property=\"og:type\" content=\"article\" \/>\n<meta property=\"og:title\" content=\"Bruxelles et Anvers enregistrent les flux migratoires les plus \u00e9lev\u00e9s du pays. - Peoplesphere\" \/>\n<meta property=\"og:description\" content=\"Au cours de l\u2019ann\u00e9e 2024, la Belgique a compt\u00e9 171.706 immigrations ainsi que 91.866 \u00e9migrations \u00e9trang\u00e8res, soit des chiffres similaires \u00e0 2023. Alors que les immigrations concernaient habituellement davantage les citoyens de l\u2019UE, l\u2019ann\u00e9e 2022 a marqu\u00e9 un renversement de [&hellip;]\" \/>\n<meta property=\"og:url\" content=\"https:\/\/peoplesphere.be\/fr\/bruxelles-et-anvers-enregistrent-les-flux-migratoires-les-plus-eleves-du-pays\/\" \/>\n<meta property=\"og:site_name\" content=\"Peoplesphere\" \/>\n<meta property=\"article:publisher\" content=\"https:\/\/www.facebook.com\/peoplesphere\" \/>\n<meta property=\"article:published_time\" content=\"2026-02-01T04:42:26+00:00\" \/>\n<meta property=\"og:image\" content=\"http:\/\/www.peoplesphere.be\/fr\/wp-content\/uploads\/2016\/07\/facebook-default-posting-1200x628px.jpg\" \/>\n<meta name=\"author\" content=\"Jean-Paul Erhard\" \/>\n<meta name=\"twitter:card\" content=\"summary_large_image\" \/>\n<meta name=\"twitter:creator\" content=\"@PeoplesphereMag\" \/>\n<meta name=\"twitter:site\" content=\"@PeoplesphereMag\" \/>\n<meta name=\"twitter:label1\" content=\"\u00c9crit par\" \/>\n\t<meta name=\"twitter:data1\" content=\"Jean-Paul Erhard\" \/>\n\t<meta name=\"twitter:label2\" content=\"Dur\u00e9e de lecture estim\u00e9e\" \/>\n\t<meta name=\"twitter:data2\" content=\"2 minutes\" \/>\n<script type=\"application\/ld+json\" class=\"yoast-schema-graph\">{\"@context\":\"https:\/\/schema.org\",\"@graph\":[{\"@type\":\"Article\",\"@id\":\"https:\/\/peoplesphere.be\/fr\/bruxelles-et-anvers-enregistrent-les-flux-migratoires-les-plus-eleves-du-pays\/#article\",\"isPartOf\":{\"@id\":\"https:\/\/peoplesphere.be\/fr\/bruxelles-et-anvers-enregistrent-les-flux-migratoires-les-plus-eleves-du-pays\/\"},\"author\":{\"name\":\"Jean-Paul Erhard\",\"@id\":\"https:\/\/peoplesphere.be\/fr\/#\/schema\/person\/7976225ff17988604334abb7b3536a7e\"},\"headline\":\"Bruxelles et Anvers enregistrent les flux migratoires les plus \u00e9lev\u00e9s du pays.\",\"datePublished\":\"2026-02-01T04:42:26+00:00\",\"dateModified\":\"2026-02-01T04:42:26+00:00\",\"mainEntityOfPage\":{\"@id\":\"https:\/\/peoplesphere.be\/fr\/bruxelles-et-anvers-enregistrent-les-flux-migratoires-les-plus-eleves-du-pays\/\"},\"wordCount\":269,\"publisher\":{\"@id\":\"https:\/\/peoplesphere.be\/fr\/#organization\"},\"keywords\":[\"Anvers\",\"bruxelles\",\"migration\",\"soci\u00e9t\u00e9\"],\"articleSection\":[\"Actualit\u00e9s\",\"Digital\"],\"inLanguage\":\"fr-FR\"},{\"@type\":\"WebPage\",\"@id\":\"https:\/\/peoplesphere.be\/fr\/bruxelles-et-anvers-enregistrent-les-flux-migratoires-les-plus-eleves-du-pays\/\",\"url\":\"https:\/\/peoplesphere.be\/fr\/bruxelles-et-anvers-enregistrent-les-flux-migratoires-les-plus-eleves-du-pays\/\",\"name\":\"Bruxelles et Anvers enregistrent les flux migratoires les plus \u00e9lev\u00e9s du pays. - Peoplesphere\",\"isPartOf\":{\"@id\":\"https:\/\/peoplesphere.be\/fr\/#website\"},\"datePublished\":\"2026-02-01T04:42:26+00:00\",\"dateModified\":\"2026-02-01T04:42:26+00:00\",\"breadcrumb\":{\"@id\":\"https:\/\/peoplesphere.be\/fr\/bruxelles-et-anvers-enregistrent-les-flux-migratoires-les-plus-eleves-du-pays\/#breadcrumb\"},\"inLanguage\":\"fr-FR\",\"potentialAction\":[{\"@type\":\"ReadAction\",\"target\":[\"https:\/\/peoplesphere.be\/fr\/bruxelles-et-anvers-enregistrent-les-flux-migratoires-les-plus-eleves-du-pays\/\"]}]},{\"@type\":\"BreadcrumbList\",\"@id\":\"https:\/\/peoplesphere.be\/fr\/bruxelles-et-anvers-enregistrent-les-flux-migratoires-les-plus-eleves-du-pays\/#breadcrumb\",\"itemListElement\":[{\"@type\":\"ListItem\",\"position\":1,\"name\":\"Accueil\",\"item\":\"https:\/\/peoplesphere.be\/fr\/\"},{\"@type\":\"ListItem\",\"position\":2,\"name\":\"Bruxelles et Anvers enregistrent les flux migratoires les plus \u00e9lev\u00e9s du pays.\"}]},{\"@type\":\"WebSite\",\"@id\":\"https:\/\/peoplesphere.be\/fr\/#website\",\"url\":\"https:\/\/peoplesphere.be\/fr\/\",\"name\":\"Peoplesphere\",\"description\":\"The People Managers Magazine\",\"publisher\":{\"@id\":\"https:\/\/peoplesphere.be\/fr\/#organization\"},\"potentialAction\":[{\"@type\":\"SearchAction\",\"target\":{\"@type\":\"EntryPoint\",\"urlTemplate\":\"https:\/\/peoplesphere.be\/fr\/?s={search_term_string}\"},\"query-input\":\"required name=search_term_string\"}],\"inLanguage\":\"fr-FR\"},{\"@type\":\"Organization\",\"@id\":\"https:\/\/peoplesphere.be\/fr\/#organization\",\"name\":\"Peoplesphere Company srl\",\"url\":\"https:\/\/peoplesphere.be\/fr\/\",\"logo\":{\"@type\":\"ImageObject\",\"inLanguage\":\"fr-FR\",\"@id\":\"https:\/\/peoplesphere.be\/fr\/#\/schema\/logo\/image\/\",\"url\":\"https:\/\/peoplesphere.be\/fr\/wp-content\/uploads\/2023\/07\/peoplesphere-lgo-new-generik.jpg\",\"contentUrl\":\"https:\/\/peoplesphere.be\/fr\/wp-content\/uploads\/2023\/07\/peoplesphere-lgo-new-generik.jpg\",\"width\":1031,\"height\":1479,\"caption\":\"Peoplesphere Company srl\"},\"image\":{\"@id\":\"https:\/\/peoplesphere.be\/fr\/#\/schema\/logo\/image\/\"},\"sameAs\":[\"https:\/\/www.facebook.com\/peoplesphere\",\"https:\/\/twitter.com\/PeoplesphereMag\",\"https:\/\/www.linkedin.com\/company\/7587361?trk\",\"http:\/\/youtube.com\/peoplesphere\"]},{\"@type\":\"Person\",\"@id\":\"https:\/\/peoplesphere.be\/fr\/#\/schema\/person\/7976225ff17988604334abb7b3536a7e\",\"name\":\"Jean-Paul Erhard\",\"image\":{\"@type\":\"ImageObject\",\"inLanguage\":\"fr-FR\",\"@id\":\"https:\/\/peoplesphere.be\/fr\/#\/schema\/person\/image\/\",\"url\":\"https:\/\/secure.gravatar.com\/avatar\/f941e681460179738071629a51574930?s=96&d=mm&r=g\",\"contentUrl\":\"https:\/\/secure.gravatar.com\/avatar\/f941e681460179738071629a51574930?s=96&d=mm&r=g\",\"caption\":\"Jean-Paul Erhard\"},\"url\":\"https:\/\/peoplesphere.be\/fr\/author\/jpe\/\"}]}<\/script>\n<!-- \/ Yoast SEO plugin. -->","yoast_head_json":{"title":"Bruxelles et Anvers enregistrent les flux migratoires les plus \u00e9lev\u00e9s du pays. - Peoplesphere","robots":{"index":"index","follow":"follow","max-snippet":"max-snippet:-1","max-image-preview":"max-image-preview:large","max-video-preview":"max-video-preview:-1"},"canonical":"https:\/\/peoplesphere.be\/fr\/bruxelles-et-anvers-enregistrent-les-flux-migratoires-les-plus-eleves-du-pays\/","og_locale":"fr_FR","og_type":"article","og_title":"Bruxelles et Anvers enregistrent les flux migratoires les plus \u00e9lev\u00e9s du pays. - Peoplesphere","og_description":"Au cours de l\u2019ann\u00e9e 2024, la Belgique a compt\u00e9 171.706 immigrations ainsi que 91.866 \u00e9migrations \u00e9trang\u00e8res, soit des chiffres similaires \u00e0 2023. Alors que les immigrations concernaient habituellement davantage les citoyens de l\u2019UE, l\u2019ann\u00e9e 2022 a marqu\u00e9 un renversement de [&hellip;]","og_url":"https:\/\/peoplesphere.be\/fr\/bruxelles-et-anvers-enregistrent-les-flux-migratoires-les-plus-eleves-du-pays\/","og_site_name":"Peoplesphere","article_publisher":"https:\/\/www.facebook.com\/peoplesphere","article_published_time":"2026-02-01T04:42:26+00:00","og_image":[{"url":"http:\/\/www.peoplesphere.be\/fr\/wp-content\/uploads\/2016\/07\/facebook-default-posting-1200x628px.jpg"}],"author":"Jean-Paul Erhard","twitter_card":"summary_large_image","twitter_creator":"@PeoplesphereMag","twitter_site":"@PeoplesphereMag","twitter_misc":{"\u00c9crit par":"Jean-Paul Erhard","Dur\u00e9e de lecture estim\u00e9e":"2 minutes"},"schema":{"@context":"https:\/\/schema.org","@graph":[{"@type":"Article","@id":"https:\/\/peoplesphere.be\/fr\/bruxelles-et-anvers-enregistrent-les-flux-migratoires-les-plus-eleves-du-pays\/#article","isPartOf":{"@id":"https:\/\/peoplesphere.be\/fr\/bruxelles-et-anvers-enregistrent-les-flux-migratoires-les-plus-eleves-du-pays\/"},"author":{"name":"Jean-Paul Erhard","@id":"https:\/\/peoplesphere.be\/fr\/#\/schema\/person\/7976225ff17988604334abb7b3536a7e"},"headline":"Bruxelles et Anvers enregistrent les flux migratoires les plus \u00e9lev\u00e9s du pays.","datePublished":"2026-02-01T04:42:26+00:00","dateModified":"2026-02-01T04:42:26+00:00","mainEntityOfPage":{"@id":"https:\/\/peoplesphere.be\/fr\/bruxelles-et-anvers-enregistrent-les-flux-migratoires-les-plus-eleves-du-pays\/"},"wordCount":269,"publisher":{"@id":"https:\/\/peoplesphere.be\/fr\/#organization"},"keywords":["Anvers","bruxelles","migration","soci\u00e9t\u00e9"],"articleSection":["Actualit\u00e9s","Digital"],"inLanguage":"fr-FR"},{"@type":"WebPage","@id":"https:\/\/peoplesphere.be\/fr\/bruxelles-et-anvers-enregistrent-les-flux-migratoires-les-plus-eleves-du-pays\/","url":"https:\/\/peoplesphere.be\/fr\/bruxelles-et-anvers-enregistrent-les-flux-migratoires-les-plus-eleves-du-pays\/","name":"Bruxelles et Anvers enregistrent les flux migratoires les plus \u00e9lev\u00e9s du pays. - Peoplesphere","isPartOf":{"@id":"https:\/\/peoplesphere.be\/fr\/#website"},"datePublished":"2026-02-01T04:42:26+00:00","dateModified":"2026-02-01T04:42:26+00:00","breadcrumb":{"@id":"https:\/\/peoplesphere.be\/fr\/bruxelles-et-anvers-enregistrent-les-flux-migratoires-les-plus-eleves-du-pays\/#breadcrumb"},"inLanguage":"fr-FR","potentialAction":[{"@type":"ReadAction","target":["https:\/\/peoplesphere.be\/fr\/bruxelles-et-anvers-enregistrent-les-flux-migratoires-les-plus-eleves-du-pays\/"]}]},{"@type":"BreadcrumbList","@id":"https:\/\/peoplesphere.be\/fr\/bruxelles-et-anvers-enregistrent-les-flux-migratoires-les-plus-eleves-du-pays\/#breadcrumb","itemListElement":[{"@type":"ListItem","position":1,"name":"Accueil","item":"https:\/\/peoplesphere.be\/fr\/"},{"@type":"ListItem","position":2,"name":"Bruxelles et Anvers enregistrent les flux migratoires les plus \u00e9lev\u00e9s du pays."}]},{"@type":"WebSite","@id":"https:\/\/peoplesphere.be\/fr\/#website","url":"https:\/\/peoplesphere.be\/fr\/","name":"Peoplesphere","description":"The People Managers Magazine","publisher":{"@id":"https:\/\/peoplesphere.be\/fr\/#organization"},"potentialAction":[{"@type":"SearchAction","target":{"@type":"EntryPoint","urlTemplate":"https:\/\/peoplesphere.be\/fr\/?s={search_term_string}"},"query-input":"required name=search_term_string"}],"inLanguage":"fr-FR"},{"@type":"Organization","@id":"https:\/\/peoplesphere.be\/fr\/#organization","name":"Peoplesphere Company srl","url":"https:\/\/peoplesphere.be\/fr\/","logo":{"@type":"ImageObject","inLanguage":"fr-FR","@id":"https:\/\/peoplesphere.be\/fr\/#\/schema\/logo\/image\/","url":"https:\/\/peoplesphere.be\/fr\/wp-content\/uploads\/2023\/07\/peoplesphere-lgo-new-generik.jpg","contentUrl":"https:\/\/peoplesphere.be\/fr\/wp-content\/uploads\/2023\/07\/peoplesphere-lgo-new-generik.jpg","width":1031,"height":1479,"caption":"Peoplesphere Company srl"},"image":{"@id":"https:\/\/peoplesphere.be\/fr\/#\/schema\/logo\/image\/"},"sameAs":["https:\/\/www.facebook.com\/peoplesphere","https:\/\/twitter.com\/PeoplesphereMag","https:\/\/www.linkedin.com\/company\/7587361?trk","http:\/\/youtube.com\/peoplesphere"]},{"@type":"Person","@id":"https:\/\/peoplesphere.be\/fr\/#\/schema\/person\/7976225ff17988604334abb7b3536a7e","name":"Jean-Paul Erhard","image":{"@type":"ImageObject","inLanguage":"fr-FR","@id":"https:\/\/peoplesphere.be\/fr\/#\/schema\/person\/image\/","url":"https:\/\/secure.gravatar.com\/avatar\/f941e681460179738071629a51574930?s=96&d=mm&r=g","contentUrl":"https:\/\/secure.gravatar.com\/avatar\/f941e681460179738071629a51574930?s=96&d=mm&r=g","caption":"Jean-Paul Erhard"},"url":"https:\/\/peoplesphere.be\/fr\/author\/jpe\/"}]}},"_links":{"self":[{"href":"https:\/\/peoplesphere.be\/fr\/wp-json\/wp\/v2\/posts\/18718"}],"collection":[{"href":"https:\/\/peoplesphere.be\/fr\/wp-json\/wp\/v2\/posts"}],"about":[{"href":"https:\/\/peoplesphere.be\/fr\/wp-json\/wp\/v2\/types\/post"}],"author":[{"embeddable":true,"href":"https:\/\/peoplesphere.be\/fr\/wp-json\/wp\/v2\/users\/2"}],"replies":[{"embeddable":true,"href":"https:\/\/peoplesphere.be\/fr\/wp-json\/wp\/v2\/comments?post=18718"}],"version-history":[{"count":2,"href":"https:\/\/peoplesphere.be\/fr\/wp-json\/wp\/v2\/posts\/18718\/revisions"}],"predecessor-version":[{"id":18720,"href":"https:\/\/peoplesphere.be\/fr\/wp-json\/wp\/v2\/posts\/18718\/revisions\/18720"}],"wp:attachment":[{"href":"https:\/\/peoplesphere.be\/fr\/wp-json\/wp\/v2\/media?parent=18718"}],"wp:term":[{"taxonomy":"category","embeddable":true,"href":"https:\/\/peoplesphere.be\/fr\/wp-json\/wp\/v2\/categories?post=18718"},{"taxonomy":"post_tag","embeddable":true,"href":"https:\/\/peoplesphere.be\/fr\/wp-json\/wp\/v2\/tags?post=18718"}],"curies":[{"name":"wp","href":"https:\/\/api.w.org\/{rel}","templated":true}]}}