









{"id":18728,"date":"2026-02-04T07:04:53","date_gmt":"2026-02-04T05:04:53","guid":{"rendered":"https:\/\/peoplesphere.be\/fr\/?p=18728"},"modified":"2026-02-04T07:04:53","modified_gmt":"2026-02-04T05:04:53","slug":"le-chomage-temporaire-economique-un-bouclier-de-protection-utile-pour-nos-entreprises","status":"publish","type":"post","link":"https:\/\/peoplesphere.be\/fr\/le-chomage-temporaire-economique-un-bouclier-de-protection-utile-pour-nos-entreprises\/","title":{"rendered":"Le ch\u00f4mage temporaire \u00e9conomique: un bouclier de protection utile pour nos entreprises"},"content":{"rendered":"<p>Le ch\u00f4mage temporaire prot\u00e8ge-t-il vraiment nos entreprises? Une nouvelle \u00e9tude de l\u2019ONEM analyse pour la premi\u00e8re fois les trajectoires des employeurs ayant recours au ch\u00f4mage temporaire pour raisons \u00e9conomiques. L\u2019\u00e9tude repose sur les donn\u00e9es de plus de 67.000 employeurs sur la p\u00e9riode 2012\u20132019. <em>\u00ab\u00a0Le ch\u00f4mage temporaire \u00e9conomique appara\u00eet dans la majorit\u00e9 des cas comme un amortisseur de choc efficace et temporaire\u00a0\u00bb<\/em>, explique Michiel Segaert, chef du service \u00e9tudes de l\u2019ONEM, <em>\u00ab\u00a0mais il est utilis\u00e9 dans des contextes tr\u00e8s diff\u00e9rents.\u00a0\u00bb<\/em><!--more--><br \/>\nLe ch\u00f4mage temporaire est surtout connu comme un m\u00e9canisme de protection des travailleurs, mais ses effets sur les entreprises ont jusqu\u2019ici \u00e9t\u00e9 peu \u00e9tudi\u00e9s. Le ch\u00f4mage temporaire pour raisons \u00e9conomiques permet aux employeurs de lever momentan\u00e9ment le pied sans devoir proc\u00e9der imm\u00e9diatement \u00e0 des licenciements ou \u00e0 une fermeture, lorsqu\u2019ils sont confront\u00e9s \u00e0 une baisse temporaire de l\u2019activit\u00e9. La critique parfois formul\u00e9e selon laquelle le dispositif maintiendrait artificiellement en vie des emplois ou des entreprises qui ne seraient plus viables trouve peu d\u2019\u00e9cho dans les donn\u00e9es.<\/p>\n<p>En croisant les donn\u00e9es de l\u2019ONEM avec celles relatives aux faillites et aux restructurations, l\u2019\u00e9tude a pu examiner pour la premi\u00e8re fois de mani\u00e8re concr\u00e8te le lien entre ch\u00f4mage temporaire \u00e9conomique et continuit\u00e9 des entreprises. <a href=\"https:\/\/www.onem.be\/file\/cc73d96153bbd5448a56f19d925d05b1379c7f21\/04f9c410578e14f05cf1a8141b586160192ecc46\/etude-economischetw-fr-newbis.pdf?name=Etude_economischeTW_FR_NEWbis.pdf&amp;type=application\/pdf\">L\u2019un des principaux r\u00e9sultats<\/a> montre que la majorit\u00e9 des employeurs recourent au ch\u00f4mage temporaire de mani\u00e8re limit\u00e9e et de courte dur\u00e9e. <em>\u00ab\u00a0Dans la plupart des cas, il s\u2019agit d\u2019un nombre restreint de travailleurs et d\u2019un nombre limit\u00e9 de jours de ch\u00f4mage temporaire, apr\u00e8s quoi l\u2019activit\u00e9 peut reprendre\u00a0\u00bb<\/em>, pr\u00e9cise Michiel Segaert. <em>\u00ab\u00a0Cela dit, ce n\u2019est \u00e9videmment pas une solution miracle : les petites entreprises se r\u00e9v\u00e8lent plus vuln\u00e9rables face \u00e0 des chocs \u00e9conomiques soudains. Dans ces situations, le ch\u00f4mage temporaire ne suffit pas toujours \u00e0 \u00e9viter une faillite. Mais l\u00e0 encore, rien n\u2019indique que le syst\u00e8me prolongerait inutilement l\u2019in\u00e9vitable.\u00a0\u00bb<\/em><\/p>\n<h3><strong><em>Du ch\u00f4mage \u00ab\u00a0temporaire\u00a0\u00bb\u2026 tous les mois ?<\/em><\/strong><\/h3>\n<p>L\u2019\u00e9tude confirme que certains employeurs utilisent le dispositif sur une p\u00e9riode plus longue, mais les situations de ch\u00f4mage temporaire mois apr\u00e8s mois sans interruption restent exceptionnelles. Cet usage dit \u00ab\u00a0structurel\u00a0\u00bb concerne principalement de grandes entreprises et ne porte g\u00e9n\u00e9ralement que sur une partie limit\u00e9e du personnel et sur un nombre restreint de jours. Les p\u00e9riodes de restructuration s\u2019accompagnent \u00e9galement souvent d\u2019un recours au ch\u00f4mage temporaire : les emplois sont ainsi temporairement prot\u00e9g\u00e9s pendant que l\u2019entreprise cherche des solutions structurelles pour son avenir.<\/p>\n<p>Selon l\u2019\u00e9tude, seule une tr\u00e8s petite minorit\u00e9 d\u2019employeurs recourt au ch\u00f4mage temporaire de mani\u00e8re prolong\u00e9e et \u00e0 grande \u00e9chelle. <em>\u00ab\u00a0Ces entreprises sont surtout actives dans des secteurs fortement expos\u00e9s aux fluctuations \u00e9conomiques, comme certaines branches industrielles et une partie de l\u2019\u00e9conomie sociale\u00a0\u00bb<\/em>, explique Michiel Segaert. <em>\u00ab\u00a0Leur personnel est \u00e9galement plus vuln\u00e9rable sur le march\u00e9 du travail, ce qui implique des besoins de protection plus importants.\u00a0\u00bb<\/em><\/p>\n<p><a href=\"https:\/\/www.onem.be\/file\/cc73d96153bbd5448a56f19d925d05b1379c7f21\/04f9c410578e14f05cf1a8141b586160192ecc46\/etude-economischetw-fr-newbis.pdf?name=Etude_economischeTW_FR_NEWbis.pdf&amp;type=application\/pdf\">Vers l\u2019\u00e9tude, intitul\u00e9e \u00ab\u00a0Dynamiques du recours au ch\u00f4mage temporaire \u00e9conomique par les employeurs\u00a0\u00bb consultable ici<\/a><\/p>\n<p>La FEB se f\u00e9licite de l\u2019efficience et de l\u2019utilit\u00e9 de ce dispositif public: <em>\u00ab\u00a0Bien que certaines critiques ont r\u00e9cemment \u00e9voqu\u00e9 le risque d\u2019un maintien artificiel d\u2019emplois ou d\u2019entreprises non viables, cela ne ressort pas du tout de l\u2019analyse des donn\u00e9es r\u00e9alis\u00e9e par l\u2019ONEM. Au contraire, en recoupant les donn\u00e9es de plus de 67.000 employeurs sur la p\u00e9riode 2012\u20132019, et celles relatives aux faillites et restructurations, l\u2019ONEM a soulign\u00e9 la pertinence du dispositif en d\u00e9montrant que la majorit\u00e9 des employeurs recouraient au dispositif de fa\u00e7on limit\u00e9e et sur de courtes p\u00e9riodes. G\u00e9n\u00e9ralement, il s\u2019agit seulement de quelques travailleurs concern\u00e9s et le nombre de jours de ch\u00f4mage temporaire reste faible, permettant ensuite une reprise de l\u2019activit\u00e9. Bien s\u00fbr, ce syst\u00e8me ne suffit pas toujours \u00e0 amortir les difficult\u00e9s \u00e9conomiques et des mesures compl\u00e9mentaires doivent \u00eatre prises, avec parfois des pertes d\u2019emplois ou des fermetures \u00e0 la cl\u00e9. Rien n\u2019indique toutefois que le ch\u00f4mage temporaire prolongerait inutilement des situations in\u00e9luctables.\u00a0\u00bb<\/em><\/p>\n<p><em>\u00ab\u00a0L\u2019\u00e9tude de l\u2019ONEM confirme que les entreprises font un usage raisonn\u00e9 du dispositif et qu\u2019il y a peu ou pas d\u2019abus \u00e0 signaler. Enfin, il ressort \u00e9galement de l\u2019\u00e9tude que seule une tr\u00e8s petite minorit\u00e9 d\u2019entreprises recourent de mani\u00e8re structurelle, prolong\u00e9e et (quasi) continue au ch\u00f4mage temporaire \u00e9conomique. Cet usage concerne en majorit\u00e9 de grandes entreprises, impliquant g\u00e9n\u00e9ralement une partie restreinte du personnel et un nombre limit\u00e9 de jours. Ces entreprises sont \u00e9videmment expos\u00e9es \u00e0 de plus nombreux facteurs justifiant localement le recours au ch\u00f4mage temporaire pour raisons \u00e9conomiques. \u00ab\u00a0<\/em><\/p>\n<p>&nbsp;<\/p>\n<p><em>Source: ONEM &#8211; FEB<\/em><\/p>\n","protected":false},"excerpt":{"rendered":"<p>Le ch\u00f4mage temporaire prot\u00e8ge-t-il vraiment nos entreprises? Une nouvelle \u00e9tude de l\u2019ONEM analyse pour la premi\u00e8re fois les trajectoires des employeurs ayant recours au ch\u00f4mage temporaire pour raisons \u00e9conomiques. L\u2019\u00e9tude repose sur les donn\u00e9es de plus de 67.000 employeurs sur [&hellip;]<\/p>\n","protected":false},"author":2,"featured_media":0,"comment_status":"closed","ping_status":"open","sticky":false,"template":"","format":"standard","meta":[],"categories":[65,10],"tags":[502,397,1892],"yoast_head":"<!-- This site is optimized with the Yoast SEO plugin v21.0 - https:\/\/yoast.com\/wordpress\/plugins\/seo\/ -->\n<title>Le ch\u00f4mage temporaire \u00e9conomique: un bouclier de protection utile pour nos entreprises - Peoplesphere<\/title>\n<meta name=\"robots\" content=\"index, follow, max-snippet:-1, max-image-preview:large, max-video-preview:-1\" \/>\n<link rel=\"canonical\" href=\"https:\/\/peoplesphere.be\/fr\/le-chomage-temporaire-economique-un-bouclier-de-protection-utile-pour-nos-entreprises\/\" \/>\n<meta property=\"og:locale\" content=\"fr_FR\" \/>\n<meta property=\"og:type\" content=\"article\" \/>\n<meta property=\"og:title\" content=\"Le ch\u00f4mage temporaire \u00e9conomique: un bouclier de protection utile pour nos entreprises - Peoplesphere\" \/>\n<meta property=\"og:description\" content=\"Le ch\u00f4mage temporaire prot\u00e8ge-t-il vraiment nos entreprises? Une nouvelle \u00e9tude de l\u2019ONEM analyse pour la premi\u00e8re fois les trajectoires des employeurs ayant recours au ch\u00f4mage temporaire pour raisons \u00e9conomiques. L\u2019\u00e9tude repose sur les donn\u00e9es de plus de 67.000 employeurs sur [&hellip;]\" \/>\n<meta property=\"og:url\" content=\"https:\/\/peoplesphere.be\/fr\/le-chomage-temporaire-economique-un-bouclier-de-protection-utile-pour-nos-entreprises\/\" \/>\n<meta property=\"og:site_name\" content=\"Peoplesphere\" \/>\n<meta property=\"article:publisher\" content=\"https:\/\/www.facebook.com\/peoplesphere\" \/>\n<meta property=\"article:published_time\" content=\"2026-02-04T05:04:53+00:00\" \/>\n<meta property=\"og:image\" content=\"http:\/\/www.peoplesphere.be\/fr\/wp-content\/uploads\/2016\/07\/facebook-default-posting-1200x628px.jpg\" \/>\n<meta name=\"author\" content=\"Jean-Paul Erhard\" \/>\n<meta name=\"twitter:card\" content=\"summary_large_image\" \/>\n<meta name=\"twitter:creator\" content=\"@PeoplesphereMag\" \/>\n<meta name=\"twitter:site\" content=\"@PeoplesphereMag\" \/>\n<meta name=\"twitter:label1\" content=\"\u00c9crit par\" \/>\n\t<meta name=\"twitter:data1\" content=\"Jean-Paul Erhard\" \/>\n\t<meta name=\"twitter:label2\" content=\"Dur\u00e9e de lecture estim\u00e9e\" \/>\n\t<meta name=\"twitter:data2\" content=\"4 minutes\" \/>\n<script type=\"application\/ld+json\" class=\"yoast-schema-graph\">{\"@context\":\"https:\/\/schema.org\",\"@graph\":[{\"@type\":\"Article\",\"@id\":\"https:\/\/peoplesphere.be\/fr\/le-chomage-temporaire-economique-un-bouclier-de-protection-utile-pour-nos-entreprises\/#article\",\"isPartOf\":{\"@id\":\"https:\/\/peoplesphere.be\/fr\/le-chomage-temporaire-economique-un-bouclier-de-protection-utile-pour-nos-entreprises\/\"},\"author\":{\"name\":\"Jean-Paul Erhard\",\"@id\":\"https:\/\/peoplesphere.be\/fr\/#\/schema\/person\/7976225ff17988604334abb7b3536a7e\"},\"headline\":\"Le ch\u00f4mage temporaire \u00e9conomique: un bouclier de protection utile pour nos entreprises\",\"datePublished\":\"2026-02-04T05:04:53+00:00\",\"dateModified\":\"2026-02-04T05:04:53+00:00\",\"mainEntityOfPage\":{\"@id\":\"https:\/\/peoplesphere.be\/fr\/le-chomage-temporaire-economique-un-bouclier-de-protection-utile-pour-nos-entreprises\/\"},\"wordCount\":844,\"publisher\":{\"@id\":\"https:\/\/peoplesphere.be\/fr\/#organization\"},\"keywords\":[\"ch\u00f4mage \u00e9conomique\",\"ONEM\",\"r\u00e9organisation\"],\"articleSection\":[\"Actualit\u00e9s\",\"Digital\"],\"inLanguage\":\"fr-FR\"},{\"@type\":\"WebPage\",\"@id\":\"https:\/\/peoplesphere.be\/fr\/le-chomage-temporaire-economique-un-bouclier-de-protection-utile-pour-nos-entreprises\/\",\"url\":\"https:\/\/peoplesphere.be\/fr\/le-chomage-temporaire-economique-un-bouclier-de-protection-utile-pour-nos-entreprises\/\",\"name\":\"Le ch\u00f4mage temporaire \u00e9conomique: un bouclier de protection utile pour nos entreprises - Peoplesphere\",\"isPartOf\":{\"@id\":\"https:\/\/peoplesphere.be\/fr\/#website\"},\"datePublished\":\"2026-02-04T05:04:53+00:00\",\"dateModified\":\"2026-02-04T05:04:53+00:00\",\"breadcrumb\":{\"@id\":\"https:\/\/peoplesphere.be\/fr\/le-chomage-temporaire-economique-un-bouclier-de-protection-utile-pour-nos-entreprises\/#breadcrumb\"},\"inLanguage\":\"fr-FR\",\"potentialAction\":[{\"@type\":\"ReadAction\",\"target\":[\"https:\/\/peoplesphere.be\/fr\/le-chomage-temporaire-economique-un-bouclier-de-protection-utile-pour-nos-entreprises\/\"]}]},{\"@type\":\"BreadcrumbList\",\"@id\":\"https:\/\/peoplesphere.be\/fr\/le-chomage-temporaire-economique-un-bouclier-de-protection-utile-pour-nos-entreprises\/#breadcrumb\",\"itemListElement\":[{\"@type\":\"ListItem\",\"position\":1,\"name\":\"Accueil\",\"item\":\"https:\/\/peoplesphere.be\/fr\/\"},{\"@type\":\"ListItem\",\"position\":2,\"name\":\"Le ch\u00f4mage temporaire \u00e9conomique: un bouclier de protection utile pour nos entreprises\"}]},{\"@type\":\"WebSite\",\"@id\":\"https:\/\/peoplesphere.be\/fr\/#website\",\"url\":\"https:\/\/peoplesphere.be\/fr\/\",\"name\":\"Peoplesphere\",\"description\":\"The People Managers Magazine\",\"publisher\":{\"@id\":\"https:\/\/peoplesphere.be\/fr\/#organization\"},\"potentialAction\":[{\"@type\":\"SearchAction\",\"target\":{\"@type\":\"EntryPoint\",\"urlTemplate\":\"https:\/\/peoplesphere.be\/fr\/?s={search_term_string}\"},\"query-input\":\"required name=search_term_string\"}],\"inLanguage\":\"fr-FR\"},{\"@type\":\"Organization\",\"@id\":\"https:\/\/peoplesphere.be\/fr\/#organization\",\"name\":\"Peoplesphere Company srl\",\"url\":\"https:\/\/peoplesphere.be\/fr\/\",\"logo\":{\"@type\":\"ImageObject\",\"inLanguage\":\"fr-FR\",\"@id\":\"https:\/\/peoplesphere.be\/fr\/#\/schema\/logo\/image\/\",\"url\":\"https:\/\/peoplesphere.be\/fr\/wp-content\/uploads\/2023\/07\/peoplesphere-lgo-new-generik.jpg\",\"contentUrl\":\"https:\/\/peoplesphere.be\/fr\/wp-content\/uploads\/2023\/07\/peoplesphere-lgo-new-generik.jpg\",\"width\":1031,\"height\":1479,\"caption\":\"Peoplesphere Company srl\"},\"image\":{\"@id\":\"https:\/\/peoplesphere.be\/fr\/#\/schema\/logo\/image\/\"},\"sameAs\":[\"https:\/\/www.facebook.com\/peoplesphere\",\"https:\/\/twitter.com\/PeoplesphereMag\",\"https:\/\/www.linkedin.com\/company\/7587361?trk\",\"http:\/\/youtube.com\/peoplesphere\"]},{\"@type\":\"Person\",\"@id\":\"https:\/\/peoplesphere.be\/fr\/#\/schema\/person\/7976225ff17988604334abb7b3536a7e\",\"name\":\"Jean-Paul Erhard\",\"image\":{\"@type\":\"ImageObject\",\"inLanguage\":\"fr-FR\",\"@id\":\"https:\/\/peoplesphere.be\/fr\/#\/schema\/person\/image\/\",\"url\":\"https:\/\/secure.gravatar.com\/avatar\/f941e681460179738071629a51574930?s=96&d=mm&r=g\",\"contentUrl\":\"https:\/\/secure.gravatar.com\/avatar\/f941e681460179738071629a51574930?s=96&d=mm&r=g\",\"caption\":\"Jean-Paul Erhard\"},\"url\":\"https:\/\/peoplesphere.be\/fr\/author\/jpe\/\"}]}<\/script>\n<!-- \/ Yoast SEO plugin. -->","yoast_head_json":{"title":"Le ch\u00f4mage temporaire \u00e9conomique: un bouclier de protection utile pour nos entreprises - Peoplesphere","robots":{"index":"index","follow":"follow","max-snippet":"max-snippet:-1","max-image-preview":"max-image-preview:large","max-video-preview":"max-video-preview:-1"},"canonical":"https:\/\/peoplesphere.be\/fr\/le-chomage-temporaire-economique-un-bouclier-de-protection-utile-pour-nos-entreprises\/","og_locale":"fr_FR","og_type":"article","og_title":"Le ch\u00f4mage temporaire \u00e9conomique: un bouclier de protection utile pour nos entreprises - Peoplesphere","og_description":"Le ch\u00f4mage temporaire prot\u00e8ge-t-il vraiment nos entreprises? Une nouvelle \u00e9tude de l\u2019ONEM analyse pour la premi\u00e8re fois les trajectoires des employeurs ayant recours au ch\u00f4mage temporaire pour raisons \u00e9conomiques. L\u2019\u00e9tude repose sur les donn\u00e9es de plus de 67.000 employeurs sur [&hellip;]","og_url":"https:\/\/peoplesphere.be\/fr\/le-chomage-temporaire-economique-un-bouclier-de-protection-utile-pour-nos-entreprises\/","og_site_name":"Peoplesphere","article_publisher":"https:\/\/www.facebook.com\/peoplesphere","article_published_time":"2026-02-04T05:04:53+00:00","og_image":[{"url":"http:\/\/www.peoplesphere.be\/fr\/wp-content\/uploads\/2016\/07\/facebook-default-posting-1200x628px.jpg"}],"author":"Jean-Paul Erhard","twitter_card":"summary_large_image","twitter_creator":"@PeoplesphereMag","twitter_site":"@PeoplesphereMag","twitter_misc":{"\u00c9crit par":"Jean-Paul Erhard","Dur\u00e9e de lecture estim\u00e9e":"4 minutes"},"schema":{"@context":"https:\/\/schema.org","@graph":[{"@type":"Article","@id":"https:\/\/peoplesphere.be\/fr\/le-chomage-temporaire-economique-un-bouclier-de-protection-utile-pour-nos-entreprises\/#article","isPartOf":{"@id":"https:\/\/peoplesphere.be\/fr\/le-chomage-temporaire-economique-un-bouclier-de-protection-utile-pour-nos-entreprises\/"},"author":{"name":"Jean-Paul Erhard","@id":"https:\/\/peoplesphere.be\/fr\/#\/schema\/person\/7976225ff17988604334abb7b3536a7e"},"headline":"Le ch\u00f4mage temporaire \u00e9conomique: un bouclier de protection utile pour nos entreprises","datePublished":"2026-02-04T05:04:53+00:00","dateModified":"2026-02-04T05:04:53+00:00","mainEntityOfPage":{"@id":"https:\/\/peoplesphere.be\/fr\/le-chomage-temporaire-economique-un-bouclier-de-protection-utile-pour-nos-entreprises\/"},"wordCount":844,"publisher":{"@id":"https:\/\/peoplesphere.be\/fr\/#organization"},"keywords":["ch\u00f4mage \u00e9conomique","ONEM","r\u00e9organisation"],"articleSection":["Actualit\u00e9s","Digital"],"inLanguage":"fr-FR"},{"@type":"WebPage","@id":"https:\/\/peoplesphere.be\/fr\/le-chomage-temporaire-economique-un-bouclier-de-protection-utile-pour-nos-entreprises\/","url":"https:\/\/peoplesphere.be\/fr\/le-chomage-temporaire-economique-un-bouclier-de-protection-utile-pour-nos-entreprises\/","name":"Le ch\u00f4mage temporaire \u00e9conomique: un bouclier de protection utile pour nos entreprises - Peoplesphere","isPartOf":{"@id":"https:\/\/peoplesphere.be\/fr\/#website"},"datePublished":"2026-02-04T05:04:53+00:00","dateModified":"2026-02-04T05:04:53+00:00","breadcrumb":{"@id":"https:\/\/peoplesphere.be\/fr\/le-chomage-temporaire-economique-un-bouclier-de-protection-utile-pour-nos-entreprises\/#breadcrumb"},"inLanguage":"fr-FR","potentialAction":[{"@type":"ReadAction","target":["https:\/\/peoplesphere.be\/fr\/le-chomage-temporaire-economique-un-bouclier-de-protection-utile-pour-nos-entreprises\/"]}]},{"@type":"BreadcrumbList","@id":"https:\/\/peoplesphere.be\/fr\/le-chomage-temporaire-economique-un-bouclier-de-protection-utile-pour-nos-entreprises\/#breadcrumb","itemListElement":[{"@type":"ListItem","position":1,"name":"Accueil","item":"https:\/\/peoplesphere.be\/fr\/"},{"@type":"ListItem","position":2,"name":"Le ch\u00f4mage temporaire \u00e9conomique: un bouclier de protection utile pour nos entreprises"}]},{"@type":"WebSite","@id":"https:\/\/peoplesphere.be\/fr\/#website","url":"https:\/\/peoplesphere.be\/fr\/","name":"Peoplesphere","description":"The People Managers Magazine","publisher":{"@id":"https:\/\/peoplesphere.be\/fr\/#organization"},"potentialAction":[{"@type":"SearchAction","target":{"@type":"EntryPoint","urlTemplate":"https:\/\/peoplesphere.be\/fr\/?s={search_term_string}"},"query-input":"required name=search_term_string"}],"inLanguage":"fr-FR"},{"@type":"Organization","@id":"https:\/\/peoplesphere.be\/fr\/#organization","name":"Peoplesphere Company srl","url":"https:\/\/peoplesphere.be\/fr\/","logo":{"@type":"ImageObject","inLanguage":"fr-FR","@id":"https:\/\/peoplesphere.be\/fr\/#\/schema\/logo\/image\/","url":"https:\/\/peoplesphere.be\/fr\/wp-content\/uploads\/2023\/07\/peoplesphere-lgo-new-generik.jpg","contentUrl":"https:\/\/peoplesphere.be\/fr\/wp-content\/uploads\/2023\/07\/peoplesphere-lgo-new-generik.jpg","width":1031,"height":1479,"caption":"Peoplesphere Company srl"},"image":{"@id":"https:\/\/peoplesphere.be\/fr\/#\/schema\/logo\/image\/"},"sameAs":["https:\/\/www.facebook.com\/peoplesphere","https:\/\/twitter.com\/PeoplesphereMag","https:\/\/www.linkedin.com\/company\/7587361?trk","http:\/\/youtube.com\/peoplesphere"]},{"@type":"Person","@id":"https:\/\/peoplesphere.be\/fr\/#\/schema\/person\/7976225ff17988604334abb7b3536a7e","name":"Jean-Paul Erhard","image":{"@type":"ImageObject","inLanguage":"fr-FR","@id":"https:\/\/peoplesphere.be\/fr\/#\/schema\/person\/image\/","url":"https:\/\/secure.gravatar.com\/avatar\/f941e681460179738071629a51574930?s=96&d=mm&r=g","contentUrl":"https:\/\/secure.gravatar.com\/avatar\/f941e681460179738071629a51574930?s=96&d=mm&r=g","caption":"Jean-Paul Erhard"},"url":"https:\/\/peoplesphere.be\/fr\/author\/jpe\/"}]}},"_links":{"self":[{"href":"https:\/\/peoplesphere.be\/fr\/wp-json\/wp\/v2\/posts\/18728"}],"collection":[{"href":"https:\/\/peoplesphere.be\/fr\/wp-json\/wp\/v2\/posts"}],"about":[{"href":"https:\/\/peoplesphere.be\/fr\/wp-json\/wp\/v2\/types\/post"}],"author":[{"embeddable":true,"href":"https:\/\/peoplesphere.be\/fr\/wp-json\/wp\/v2\/users\/2"}],"replies":[{"embeddable":true,"href":"https:\/\/peoplesphere.be\/fr\/wp-json\/wp\/v2\/comments?post=18728"}],"version-history":[{"count":1,"href":"https:\/\/peoplesphere.be\/fr\/wp-json\/wp\/v2\/posts\/18728\/revisions"}],"predecessor-version":[{"id":18729,"href":"https:\/\/peoplesphere.be\/fr\/wp-json\/wp\/v2\/posts\/18728\/revisions\/18729"}],"wp:attachment":[{"href":"https:\/\/peoplesphere.be\/fr\/wp-json\/wp\/v2\/media?parent=18728"}],"wp:term":[{"taxonomy":"category","embeddable":true,"href":"https:\/\/peoplesphere.be\/fr\/wp-json\/wp\/v2\/categories?post=18728"},{"taxonomy":"post_tag","embeddable":true,"href":"https:\/\/peoplesphere.be\/fr\/wp-json\/wp\/v2\/tags?post=18728"}],"curies":[{"name":"wp","href":"https:\/\/api.w.org\/{rel}","templated":true}]}}