









{"id":18760,"date":"2026-02-11T10:25:58","date_gmt":"2026-02-11T08:25:58","guid":{"rendered":"https:\/\/peoplesphere.be\/fr\/?p=18760"},"modified":"2026-02-11T10:25:58","modified_gmt":"2026-02-11T08:25:58","slug":"les-ecocheques-au-soutien-de-leconomie-locale-et-durable-leur-taux-dutilisation-plaide-pour-la-continuite","status":"publish","type":"post","link":"https:\/\/peoplesphere.be\/fr\/les-ecocheques-au-soutien-de-leconomie-locale-et-durable-leur-taux-dutilisation-plaide-pour-la-continuite\/","title":{"rendered":"Les \u00e9coch\u00e8ques au soutien de l&rsquo;\u00e9conomie locale et durable: leur taux d&rsquo;utilisation plaide pour la continuit\u00e9."},"content":{"rendered":"<p>Une \u00e9tude nationale men\u00e9e par le bureau d\u2019\u00e9tude ind\u00e9pendant IPSOS aupr\u00e8s de 1000 b\u00e9n\u00e9ficiaires d&rsquo;\u00e9coch\u00e8ques en Belgique montre \u00e0 quel point les \u00e9coch\u00e8ques font aujourd\u2019hui partie du quotidien des salari\u00e9s belges. Loin d\u2019\u00eatre per\u00e7us comme un avantage accessoire, les \u00e9coch\u00e8ques repr\u00e9sentent un soutien concret au pouvoir d\u2019achat. Dans un contexte de hausse des co\u00fbts, ils permettent aussi d\u2019orienter la consommation vers des choix plus durables et de soutenir l\u2019\u00e9conomie locale. <!--more--><\/p>\n<p>Les chiffres montrent que, bien que les \u00e9coch\u00e8ques soient valables pendant deux ans, 90% des b\u00e9n\u00e9ficiaires d\u00e9pensent l\u2019int\u00e9gralit\u00e9 de leur montant en moins d\u2019un an, et pr\u00e8s de 60% en moins de six mois. Ce taux d\u2019utilisation \u00e9lev\u00e9 confirme que l\u2019\u00e9coch\u00e8que r\u00e9pond \u00e0 un besoin r\u00e9el. Pour de nombreux m\u00e9nages, il constitue un compl\u00e9ment tangible au salaire, destin\u00e9 \u00e0 financer des d\u00e9penses utiles, parfois difficile \u00e0 assumer autrement.<\/p>\n<h3><strong><em>Un levier concret pour des choix de consommation durables et locaux<\/em><\/strong><\/h3>\n<p>Les r\u00e9pondants pouvaient cocher plusieurs cat\u00e9gories d\u2019achat. Pr\u00e8s d\u2019un b\u00e9n\u00e9ficiaire sur deux utilise ses \u00e9coch\u00e8ques pour des achats li\u00e9s au bricolage ou au jardinage durables. 44% les consacrent \u00e0 du mat\u00e9riel \u00e9conome en \u00e9nergie, tandis que pr\u00e8s d\u2019un quart investit dans des solutions de mobilit\u00e9 douce, comme des v\u00e9los ou des accessoires associ\u00e9s. Par ailleurs, un b\u00e9n\u00e9ficiaire sur trois indique utiliser principalement ses \u00e9coch\u00e8ques dans un commerce de proximit\u00e9, une proportion encore plus marqu\u00e9e chez les jeunes adultes actifs.<\/p>\n<p><em>\u00ab\u00a0Il \u00e9tait important de pouvoir conna\u00eetre de mani\u00e8re objective ce que les Belges pensent de l\u2019\u00e9coch\u00e8que. Cette \u00e9tude confirme les autres enqu\u00eates que nous avions men\u00e9es pr\u00e9c\u00e9demment aupr\u00e8s de nos propres utilisateurs et montre clairement que les \u00e9coch\u00e8ques jouent un r\u00f4le concret dans le quotidien des m\u00e9nages. Ils aident concr\u00e8tement les m\u00e9nages \u00e0 faire des choix plus durables, tout en soutenant les commerces locaux\u00a0\u00bb,<\/em> explique Jean-Louis Van Houwe, CEO de Monizze.<\/p>\n<h3><strong><em>Des effets notables en cas de suppression?<\/em><\/strong><\/h3>\n<p>L\u2019\u00e9tude met \u00e9galement en \u00e9vidence les effets qu\u2019aurait une \u00e9ventuelle suppression. Pr\u00e8s d\u2019un b\u00e9n\u00e9ficiaire sur deux verrait son niveau de consommation impact\u00e9, et une part importante devrait revoir certains achats responsables sans ce soutien.<\/p>\n<p>L\u2019\u00e9coch\u00e8que joue en effet un r\u00f4le incitatif. Plus de sept b\u00e9n\u00e9ficiaires sur dix (72%) reconnaissent qu\u2019il influence positivement leurs d\u00e9cisions d\u2019achat en faveur de produits durables qu\u2019ils n\u2019auraient pas acquis sans cet avantage. En cas de suppression, 77% des b\u00e9n\u00e9ficiaires se d\u00e9clareraient tr\u00e8s insatisfaits et consid\u00e9reraient cette mesure comme une perte de salaire net, tandis que pr\u00e8s de la moiti\u00e9 estiment que le dispositif devrait \u00eatre renforc\u00e9.<\/p>\n<h3><strong><em>Un soutien reconnu au pouvoir d\u2019achat&#8230;<\/em><\/strong><\/h3>\n<p>En Belgique, l\u2019\u00e9coch\u00e8que b\u00e9n\u00e9ficie \u00e0 environ 2,3 millions de travailleurs, selon des donn\u00e9es sectorielles. Pour pr\u00e8s d\u2019un million d\u2019entre eux, il s\u2019agit de l\u2019unique ch\u00e8que social int\u00e9gr\u00e9 \u00e0 leur package salarial. Pr\u00e8s de neuf b\u00e9n\u00e9ficiaires sur dix consid\u00e8rent l\u2019\u00e9coch\u00e8que comme utile, voire indispensable, pour maintenir leur niveau de consommation et acc\u00e9der \u00e0 des produits essentiels et de qualit\u00e9. Par ailleurs, pr\u00e8s de 70% des b\u00e9n\u00e9ficiaires craignent que leur employeur ne compense pas la disparition de l\u2019\u00e9coch\u00e8que, ou seulement de mani\u00e8re moins avantageuse.<\/p>\n<h3><strong><em>&#8230; et au commerce de proximit\u00e9<\/em><\/strong><\/h3>\n<p>Au-del\u00e0 de son impact sur les m\u00e9nages, l\u2019\u00e9coch\u00e8que joue \u00e9galement un r\u00f4le important pour l\u2019\u00e9conomie locale. Plus d\u2019un tiers des b\u00e9n\u00e9ficiaires les d\u00e9pensent dans des commerces de proximit\u00e9, une proportion qui atteint 41% chez les 18\u201334 ans. Pour de nombreux petits commerces, ces d\u00e9penses repr\u00e9sentent une part non n\u00e9gligeable du chiffre d\u2019affaires, en particulier dans les secteurs li\u00e9s aux \u00e9quipements durables.<\/p>\n<p>Le constat reste clair : l\u2019\u00e9coch\u00e8que s\u2019est impos\u00e9 comme un outil structurant du pouvoir d\u2019achat en Belgique, dont l\u2019\u00e9volution m\u00e9rite d\u2019\u00eatre envisag\u00e9e avec attention au regard de ses effets sur les m\u00e9nages, la consommation responsable et l\u2019\u00e9conomie locale.<\/p>\n<p>&nbsp;<\/p>\n","protected":false},"excerpt":{"rendered":"<p>Une \u00e9tude nationale men\u00e9e par le bureau d\u2019\u00e9tude ind\u00e9pendant IPSOS aupr\u00e8s de 1000 b\u00e9n\u00e9ficiaires d&rsquo;\u00e9coch\u00e8ques en Belgique montre \u00e0 quel point les \u00e9coch\u00e8ques font aujourd\u2019hui partie du quotidien des salari\u00e9s belges. Loin d\u2019\u00eatre per\u00e7us comme un avantage accessoire, les \u00e9coch\u00e8ques [&hellip;]<\/p>\n","protected":false},"author":2,"featured_media":0,"comment_status":"closed","ping_status":"open","sticky":false,"template":"","format":"standard","meta":[],"categories":[65,10],"tags":[355,148,358],"yoast_head":"<!-- This site is optimized with the Yoast SEO plugin v21.0 - https:\/\/yoast.com\/wordpress\/plugins\/seo\/ -->\n<title>Les \u00e9coch\u00e8ques au soutien de l&#039;\u00e9conomie locale et durable: leur taux d&#039;utilisation plaide pour la continuit\u00e9. - Peoplesphere<\/title>\n<meta name=\"robots\" content=\"index, follow, max-snippet:-1, max-image-preview:large, max-video-preview:-1\" \/>\n<link rel=\"canonical\" href=\"https:\/\/peoplesphere.be\/fr\/les-ecocheques-au-soutien-de-leconomie-locale-et-durable-leur-taux-dutilisation-plaide-pour-la-continuite\/\" \/>\n<meta property=\"og:locale\" content=\"fr_FR\" \/>\n<meta property=\"og:type\" content=\"article\" \/>\n<meta property=\"og:title\" content=\"Les \u00e9coch\u00e8ques au soutien de l&#039;\u00e9conomie locale et durable: leur taux d&#039;utilisation plaide pour la continuit\u00e9. - Peoplesphere\" \/>\n<meta property=\"og:description\" content=\"Une \u00e9tude nationale men\u00e9e par le bureau d\u2019\u00e9tude ind\u00e9pendant IPSOS aupr\u00e8s de 1000 b\u00e9n\u00e9ficiaires d&rsquo;\u00e9coch\u00e8ques en Belgique montre \u00e0 quel point les \u00e9coch\u00e8ques font aujourd\u2019hui partie du quotidien des salari\u00e9s belges. Loin d\u2019\u00eatre per\u00e7us comme un avantage accessoire, les \u00e9coch\u00e8ques [&hellip;]\" \/>\n<meta property=\"og:url\" content=\"https:\/\/peoplesphere.be\/fr\/les-ecocheques-au-soutien-de-leconomie-locale-et-durable-leur-taux-dutilisation-plaide-pour-la-continuite\/\" \/>\n<meta property=\"og:site_name\" content=\"Peoplesphere\" \/>\n<meta property=\"article:publisher\" content=\"https:\/\/www.facebook.com\/peoplesphere\" \/>\n<meta property=\"article:published_time\" content=\"2026-02-11T08:25:58+00:00\" \/>\n<meta property=\"og:image\" content=\"http:\/\/www.peoplesphere.be\/fr\/wp-content\/uploads\/2016\/07\/facebook-default-posting-1200x628px.jpg\" \/>\n<meta name=\"author\" content=\"Jean-Paul Erhard\" \/>\n<meta name=\"twitter:card\" content=\"summary_large_image\" \/>\n<meta name=\"twitter:creator\" content=\"@PeoplesphereMag\" \/>\n<meta name=\"twitter:site\" content=\"@PeoplesphereMag\" \/>\n<meta name=\"twitter:label1\" content=\"\u00c9crit par\" \/>\n\t<meta name=\"twitter:data1\" content=\"Jean-Paul Erhard\" \/>\n\t<meta name=\"twitter:label2\" content=\"Dur\u00e9e de lecture estim\u00e9e\" \/>\n\t<meta name=\"twitter:data2\" content=\"4 minutes\" \/>\n<script type=\"application\/ld+json\" class=\"yoast-schema-graph\">{\"@context\":\"https:\/\/schema.org\",\"@graph\":[{\"@type\":\"Article\",\"@id\":\"https:\/\/peoplesphere.be\/fr\/les-ecocheques-au-soutien-de-leconomie-locale-et-durable-leur-taux-dutilisation-plaide-pour-la-continuite\/#article\",\"isPartOf\":{\"@id\":\"https:\/\/peoplesphere.be\/fr\/les-ecocheques-au-soutien-de-leconomie-locale-et-durable-leur-taux-dutilisation-plaide-pour-la-continuite\/\"},\"author\":{\"name\":\"Jean-Paul Erhard\",\"@id\":\"https:\/\/peoplesphere.be\/fr\/#\/schema\/person\/7976225ff17988604334abb7b3536a7e\"},\"headline\":\"Les \u00e9coch\u00e8ques au soutien de l&rsquo;\u00e9conomie locale et durable: leur taux d&rsquo;utilisation plaide pour la continuit\u00e9.\",\"datePublished\":\"2026-02-11T08:25:58+00:00\",\"dateModified\":\"2026-02-11T08:25:58+00:00\",\"mainEntityOfPage\":{\"@id\":\"https:\/\/peoplesphere.be\/fr\/les-ecocheques-au-soutien-de-leconomie-locale-et-durable-leur-taux-dutilisation-plaide-pour-la-continuite\/\"},\"wordCount\":737,\"publisher\":{\"@id\":\"https:\/\/peoplesphere.be\/fr\/#organization\"},\"keywords\":[\"\u00e9coch\u00e8ques\",\"pouvoir d'achat\",\"r\u00e9mun\u00e9rations alternatives\"],\"articleSection\":[\"Actualit\u00e9s\",\"Digital\"],\"inLanguage\":\"fr-FR\"},{\"@type\":\"WebPage\",\"@id\":\"https:\/\/peoplesphere.be\/fr\/les-ecocheques-au-soutien-de-leconomie-locale-et-durable-leur-taux-dutilisation-plaide-pour-la-continuite\/\",\"url\":\"https:\/\/peoplesphere.be\/fr\/les-ecocheques-au-soutien-de-leconomie-locale-et-durable-leur-taux-dutilisation-plaide-pour-la-continuite\/\",\"name\":\"Les \u00e9coch\u00e8ques au soutien de l'\u00e9conomie locale et durable: leur taux d'utilisation plaide pour la continuit\u00e9. - Peoplesphere\",\"isPartOf\":{\"@id\":\"https:\/\/peoplesphere.be\/fr\/#website\"},\"datePublished\":\"2026-02-11T08:25:58+00:00\",\"dateModified\":\"2026-02-11T08:25:58+00:00\",\"breadcrumb\":{\"@id\":\"https:\/\/peoplesphere.be\/fr\/les-ecocheques-au-soutien-de-leconomie-locale-et-durable-leur-taux-dutilisation-plaide-pour-la-continuite\/#breadcrumb\"},\"inLanguage\":\"fr-FR\",\"potentialAction\":[{\"@type\":\"ReadAction\",\"target\":[\"https:\/\/peoplesphere.be\/fr\/les-ecocheques-au-soutien-de-leconomie-locale-et-durable-leur-taux-dutilisation-plaide-pour-la-continuite\/\"]}]},{\"@type\":\"BreadcrumbList\",\"@id\":\"https:\/\/peoplesphere.be\/fr\/les-ecocheques-au-soutien-de-leconomie-locale-et-durable-leur-taux-dutilisation-plaide-pour-la-continuite\/#breadcrumb\",\"itemListElement\":[{\"@type\":\"ListItem\",\"position\":1,\"name\":\"Accueil\",\"item\":\"https:\/\/peoplesphere.be\/fr\/\"},{\"@type\":\"ListItem\",\"position\":2,\"name\":\"Les \u00e9coch\u00e8ques au soutien de l&rsquo;\u00e9conomie locale et durable: leur taux d&rsquo;utilisation plaide pour la continuit\u00e9.\"}]},{\"@type\":\"WebSite\",\"@id\":\"https:\/\/peoplesphere.be\/fr\/#website\",\"url\":\"https:\/\/peoplesphere.be\/fr\/\",\"name\":\"Peoplesphere\",\"description\":\"The People Managers Magazine\",\"publisher\":{\"@id\":\"https:\/\/peoplesphere.be\/fr\/#organization\"},\"potentialAction\":[{\"@type\":\"SearchAction\",\"target\":{\"@type\":\"EntryPoint\",\"urlTemplate\":\"https:\/\/peoplesphere.be\/fr\/?s={search_term_string}\"},\"query-input\":\"required name=search_term_string\"}],\"inLanguage\":\"fr-FR\"},{\"@type\":\"Organization\",\"@id\":\"https:\/\/peoplesphere.be\/fr\/#organization\",\"name\":\"Peoplesphere Company srl\",\"url\":\"https:\/\/peoplesphere.be\/fr\/\",\"logo\":{\"@type\":\"ImageObject\",\"inLanguage\":\"fr-FR\",\"@id\":\"https:\/\/peoplesphere.be\/fr\/#\/schema\/logo\/image\/\",\"url\":\"https:\/\/peoplesphere.be\/fr\/wp-content\/uploads\/2023\/07\/peoplesphere-lgo-new-generik.jpg\",\"contentUrl\":\"https:\/\/peoplesphere.be\/fr\/wp-content\/uploads\/2023\/07\/peoplesphere-lgo-new-generik.jpg\",\"width\":1031,\"height\":1479,\"caption\":\"Peoplesphere Company srl\"},\"image\":{\"@id\":\"https:\/\/peoplesphere.be\/fr\/#\/schema\/logo\/image\/\"},\"sameAs\":[\"https:\/\/www.facebook.com\/peoplesphere\",\"https:\/\/twitter.com\/PeoplesphereMag\",\"https:\/\/www.linkedin.com\/company\/7587361?trk\",\"http:\/\/youtube.com\/peoplesphere\"]},{\"@type\":\"Person\",\"@id\":\"https:\/\/peoplesphere.be\/fr\/#\/schema\/person\/7976225ff17988604334abb7b3536a7e\",\"name\":\"Jean-Paul Erhard\",\"image\":{\"@type\":\"ImageObject\",\"inLanguage\":\"fr-FR\",\"@id\":\"https:\/\/peoplesphere.be\/fr\/#\/schema\/person\/image\/\",\"url\":\"https:\/\/secure.gravatar.com\/avatar\/f941e681460179738071629a51574930?s=96&d=mm&r=g\",\"contentUrl\":\"https:\/\/secure.gravatar.com\/avatar\/f941e681460179738071629a51574930?s=96&d=mm&r=g\",\"caption\":\"Jean-Paul Erhard\"},\"url\":\"https:\/\/peoplesphere.be\/fr\/author\/jpe\/\"}]}<\/script>\n<!-- \/ Yoast SEO plugin. -->","yoast_head_json":{"title":"Les \u00e9coch\u00e8ques au soutien de l'\u00e9conomie locale et durable: leur taux d'utilisation plaide pour la continuit\u00e9. - Peoplesphere","robots":{"index":"index","follow":"follow","max-snippet":"max-snippet:-1","max-image-preview":"max-image-preview:large","max-video-preview":"max-video-preview:-1"},"canonical":"https:\/\/peoplesphere.be\/fr\/les-ecocheques-au-soutien-de-leconomie-locale-et-durable-leur-taux-dutilisation-plaide-pour-la-continuite\/","og_locale":"fr_FR","og_type":"article","og_title":"Les \u00e9coch\u00e8ques au soutien de l'\u00e9conomie locale et durable: leur taux d'utilisation plaide pour la continuit\u00e9. - Peoplesphere","og_description":"Une \u00e9tude nationale men\u00e9e par le bureau d\u2019\u00e9tude ind\u00e9pendant IPSOS aupr\u00e8s de 1000 b\u00e9n\u00e9ficiaires d&rsquo;\u00e9coch\u00e8ques en Belgique montre \u00e0 quel point les \u00e9coch\u00e8ques font aujourd\u2019hui partie du quotidien des salari\u00e9s belges. Loin d\u2019\u00eatre per\u00e7us comme un avantage accessoire, les \u00e9coch\u00e8ques [&hellip;]","og_url":"https:\/\/peoplesphere.be\/fr\/les-ecocheques-au-soutien-de-leconomie-locale-et-durable-leur-taux-dutilisation-plaide-pour-la-continuite\/","og_site_name":"Peoplesphere","article_publisher":"https:\/\/www.facebook.com\/peoplesphere","article_published_time":"2026-02-11T08:25:58+00:00","og_image":[{"url":"http:\/\/www.peoplesphere.be\/fr\/wp-content\/uploads\/2016\/07\/facebook-default-posting-1200x628px.jpg"}],"author":"Jean-Paul Erhard","twitter_card":"summary_large_image","twitter_creator":"@PeoplesphereMag","twitter_site":"@PeoplesphereMag","twitter_misc":{"\u00c9crit par":"Jean-Paul Erhard","Dur\u00e9e de lecture estim\u00e9e":"4 minutes"},"schema":{"@context":"https:\/\/schema.org","@graph":[{"@type":"Article","@id":"https:\/\/peoplesphere.be\/fr\/les-ecocheques-au-soutien-de-leconomie-locale-et-durable-leur-taux-dutilisation-plaide-pour-la-continuite\/#article","isPartOf":{"@id":"https:\/\/peoplesphere.be\/fr\/les-ecocheques-au-soutien-de-leconomie-locale-et-durable-leur-taux-dutilisation-plaide-pour-la-continuite\/"},"author":{"name":"Jean-Paul Erhard","@id":"https:\/\/peoplesphere.be\/fr\/#\/schema\/person\/7976225ff17988604334abb7b3536a7e"},"headline":"Les \u00e9coch\u00e8ques au soutien de l&rsquo;\u00e9conomie locale et durable: leur taux d&rsquo;utilisation plaide pour la continuit\u00e9.","datePublished":"2026-02-11T08:25:58+00:00","dateModified":"2026-02-11T08:25:58+00:00","mainEntityOfPage":{"@id":"https:\/\/peoplesphere.be\/fr\/les-ecocheques-au-soutien-de-leconomie-locale-et-durable-leur-taux-dutilisation-plaide-pour-la-continuite\/"},"wordCount":737,"publisher":{"@id":"https:\/\/peoplesphere.be\/fr\/#organization"},"keywords":["\u00e9coch\u00e8ques","pouvoir d'achat","r\u00e9mun\u00e9rations alternatives"],"articleSection":["Actualit\u00e9s","Digital"],"inLanguage":"fr-FR"},{"@type":"WebPage","@id":"https:\/\/peoplesphere.be\/fr\/les-ecocheques-au-soutien-de-leconomie-locale-et-durable-leur-taux-dutilisation-plaide-pour-la-continuite\/","url":"https:\/\/peoplesphere.be\/fr\/les-ecocheques-au-soutien-de-leconomie-locale-et-durable-leur-taux-dutilisation-plaide-pour-la-continuite\/","name":"Les \u00e9coch\u00e8ques au soutien de l'\u00e9conomie locale et durable: leur taux d'utilisation plaide pour la continuit\u00e9. - Peoplesphere","isPartOf":{"@id":"https:\/\/peoplesphere.be\/fr\/#website"},"datePublished":"2026-02-11T08:25:58+00:00","dateModified":"2026-02-11T08:25:58+00:00","breadcrumb":{"@id":"https:\/\/peoplesphere.be\/fr\/les-ecocheques-au-soutien-de-leconomie-locale-et-durable-leur-taux-dutilisation-plaide-pour-la-continuite\/#breadcrumb"},"inLanguage":"fr-FR","potentialAction":[{"@type":"ReadAction","target":["https:\/\/peoplesphere.be\/fr\/les-ecocheques-au-soutien-de-leconomie-locale-et-durable-leur-taux-dutilisation-plaide-pour-la-continuite\/"]}]},{"@type":"BreadcrumbList","@id":"https:\/\/peoplesphere.be\/fr\/les-ecocheques-au-soutien-de-leconomie-locale-et-durable-leur-taux-dutilisation-plaide-pour-la-continuite\/#breadcrumb","itemListElement":[{"@type":"ListItem","position":1,"name":"Accueil","item":"https:\/\/peoplesphere.be\/fr\/"},{"@type":"ListItem","position":2,"name":"Les \u00e9coch\u00e8ques au soutien de l&rsquo;\u00e9conomie locale et durable: leur taux d&rsquo;utilisation plaide pour la continuit\u00e9."}]},{"@type":"WebSite","@id":"https:\/\/peoplesphere.be\/fr\/#website","url":"https:\/\/peoplesphere.be\/fr\/","name":"Peoplesphere","description":"The People Managers Magazine","publisher":{"@id":"https:\/\/peoplesphere.be\/fr\/#organization"},"potentialAction":[{"@type":"SearchAction","target":{"@type":"EntryPoint","urlTemplate":"https:\/\/peoplesphere.be\/fr\/?s={search_term_string}"},"query-input":"required name=search_term_string"}],"inLanguage":"fr-FR"},{"@type":"Organization","@id":"https:\/\/peoplesphere.be\/fr\/#organization","name":"Peoplesphere Company srl","url":"https:\/\/peoplesphere.be\/fr\/","logo":{"@type":"ImageObject","inLanguage":"fr-FR","@id":"https:\/\/peoplesphere.be\/fr\/#\/schema\/logo\/image\/","url":"https:\/\/peoplesphere.be\/fr\/wp-content\/uploads\/2023\/07\/peoplesphere-lgo-new-generik.jpg","contentUrl":"https:\/\/peoplesphere.be\/fr\/wp-content\/uploads\/2023\/07\/peoplesphere-lgo-new-generik.jpg","width":1031,"height":1479,"caption":"Peoplesphere Company srl"},"image":{"@id":"https:\/\/peoplesphere.be\/fr\/#\/schema\/logo\/image\/"},"sameAs":["https:\/\/www.facebook.com\/peoplesphere","https:\/\/twitter.com\/PeoplesphereMag","https:\/\/www.linkedin.com\/company\/7587361?trk","http:\/\/youtube.com\/peoplesphere"]},{"@type":"Person","@id":"https:\/\/peoplesphere.be\/fr\/#\/schema\/person\/7976225ff17988604334abb7b3536a7e","name":"Jean-Paul Erhard","image":{"@type":"ImageObject","inLanguage":"fr-FR","@id":"https:\/\/peoplesphere.be\/fr\/#\/schema\/person\/image\/","url":"https:\/\/secure.gravatar.com\/avatar\/f941e681460179738071629a51574930?s=96&d=mm&r=g","contentUrl":"https:\/\/secure.gravatar.com\/avatar\/f941e681460179738071629a51574930?s=96&d=mm&r=g","caption":"Jean-Paul Erhard"},"url":"https:\/\/peoplesphere.be\/fr\/author\/jpe\/"}]}},"_links":{"self":[{"href":"https:\/\/peoplesphere.be\/fr\/wp-json\/wp\/v2\/posts\/18760"}],"collection":[{"href":"https:\/\/peoplesphere.be\/fr\/wp-json\/wp\/v2\/posts"}],"about":[{"href":"https:\/\/peoplesphere.be\/fr\/wp-json\/wp\/v2\/types\/post"}],"author":[{"embeddable":true,"href":"https:\/\/peoplesphere.be\/fr\/wp-json\/wp\/v2\/users\/2"}],"replies":[{"embeddable":true,"href":"https:\/\/peoplesphere.be\/fr\/wp-json\/wp\/v2\/comments?post=18760"}],"version-history":[{"count":1,"href":"https:\/\/peoplesphere.be\/fr\/wp-json\/wp\/v2\/posts\/18760\/revisions"}],"predecessor-version":[{"id":18761,"href":"https:\/\/peoplesphere.be\/fr\/wp-json\/wp\/v2\/posts\/18760\/revisions\/18761"}],"wp:attachment":[{"href":"https:\/\/peoplesphere.be\/fr\/wp-json\/wp\/v2\/media?parent=18760"}],"wp:term":[{"taxonomy":"category","embeddable":true,"href":"https:\/\/peoplesphere.be\/fr\/wp-json\/wp\/v2\/categories?post=18760"},{"taxonomy":"post_tag","embeddable":true,"href":"https:\/\/peoplesphere.be\/fr\/wp-json\/wp\/v2\/tags?post=18760"}],"curies":[{"name":"wp","href":"https:\/\/api.w.org\/{rel}","templated":true}]}}