









{"id":18776,"date":"2026-02-16T06:07:24","date_gmt":"2026-02-16T04:07:24","guid":{"rendered":"https:\/\/peoplesphere.be\/fr\/?p=18776"},"modified":"2026-02-16T06:07:24","modified_gmt":"2026-02-16T04:07:24","slug":"la-quatrieme-vague-de-reformes-concernant-la-politique-de-retour-au-travail-est-en-marche","status":"publish","type":"post","link":"https:\/\/peoplesphere.be\/fr\/la-quatrieme-vague-de-reformes-concernant-la-politique-de-retour-au-travail-est-en-marche\/","title":{"rendered":"La quatri\u00e8me vague de r\u00e9formes concernant la politique de &lsquo;Retour au Travail&rsquo; est en marche."},"content":{"rendered":"<p>Sur proposition du ministre des Affaires sociales Frank Vandenbroucke, le Conseil des ministres a approuv\u00e9 un avant-projet de loi mettant en \u0153uvre une politique \u00ab\u00a0Retour au travail\u00a0\u00bb renforc\u00e9e dans le cas d\u2019une incapacit\u00e9 de travail.<!--more--><\/p>\n<p>L\u2019avant-projet de loi vise \u00e0 mettre en \u0153uvre la quatri\u00e8me vague de r\u00e9formes dans le cadre de la politique renforc\u00e9e en mati\u00e8re de retour au travail, articul\u00e9e autour de trois priorit\u00e9s :<\/p>\n<ul>\n<li>pr\u00e9venir les entr\u00e9es en incapacit\u00e9 de travail gr\u00e2ce \u00e0 la pr\u00e9vention et \u00e0 la d\u00e9tection pr\u00e9coce<\/li>\n<li>renforcer le suivi m\u00e9dical et la r\u00e9\u00e9valuation annuelle des dossiers<\/li>\n<li>acc\u00e9l\u00e9rer la r\u00e9int\u00e9gration et responsabiliser l\u2019ensemble des acteurs concern\u00e9s.<\/li>\n<\/ul>\n<p>Concr\u00e8tement, l&rsquo;avant-projet comprend des mesures relatives \u00e0 la prescription d&rsquo;incapacit\u00e9 de travail et \u00e0 un suivi renforc\u00e9 de l&rsquo;\u00e9tat d&rsquo;invalidit\u00e9, l&rsquo;augmentation du montant de la prime de reprise du travail, l&rsquo;\u00e9largissement des b\u00e9n\u00e9ficiaires du Fonds Retour au travail, une adaptation des frais administratifs des unions nationales des mutualit\u00e9s, ainsi que des mesures relatives \u00e0 la responsabilisation des m\u00e9decins traitants.<\/p>\n<p>L\u2019avant-projet est transmis pour avis \u00e0 l\u2019Autorit\u00e9 de protection des donn\u00e9es.<\/p>\n<p>&nbsp;<\/p>\n<p><em>Source: Cabinet de Frank Vandenbroucke, Vice-premier ministre et ministre des Affaires sociales et de la Sant\u00e9 publique, charg\u00e9 de la Lutte contre la pauvret\u00e9<\/em><\/p>\n","protected":false},"excerpt":{"rendered":"<p>Sur proposition du ministre des Affaires sociales Frank Vandenbroucke, le Conseil des ministres a approuv\u00e9 un avant-projet de loi mettant en \u0153uvre une politique \u00ab\u00a0Retour au travail\u00a0\u00bb renforc\u00e9e dans le cas d\u2019une incapacit\u00e9 de travail.<\/p>\n","protected":false},"author":2,"featured_media":18777,"comment_status":"closed","ping_status":"open","sticky":false,"template":"","format":"standard","meta":[],"categories":[65,10],"tags":[3696,42,687,639,2269,17],"yoast_head":"<!-- This site is optimized with the Yoast SEO plugin v21.0 - https:\/\/yoast.com\/wordpress\/plugins\/seo\/ -->\n<title>La quatri\u00e8me vague de r\u00e9formes concernant la politique de &#039;Retour au Travail&#039; est en marche. - Peoplesphere<\/title>\n<meta name=\"robots\" content=\"index, follow, max-snippet:-1, max-image-preview:large, max-video-preview:-1\" \/>\n<link rel=\"canonical\" href=\"https:\/\/peoplesphere.be\/fr\/la-quatrieme-vague-de-reformes-concernant-la-politique-de-retour-au-travail-est-en-marche\/\" \/>\n<meta property=\"og:locale\" content=\"fr_FR\" \/>\n<meta property=\"og:type\" content=\"article\" \/>\n<meta property=\"og:title\" content=\"La quatri\u00e8me vague de r\u00e9formes concernant la politique de &#039;Retour au Travail&#039; est en marche. - Peoplesphere\" \/>\n<meta property=\"og:description\" content=\"Sur proposition du ministre des Affaires sociales Frank Vandenbroucke, le Conseil des ministres a approuv\u00e9 un avant-projet de loi mettant en \u0153uvre une politique \u00ab\u00a0Retour au travail\u00a0\u00bb renforc\u00e9e dans le cas d\u2019une incapacit\u00e9 de travail.\" \/>\n<meta property=\"og:url\" content=\"https:\/\/peoplesphere.be\/fr\/la-quatrieme-vague-de-reformes-concernant-la-politique-de-retour-au-travail-est-en-marche\/\" \/>\n<meta property=\"og:site_name\" content=\"Peoplesphere\" \/>\n<meta property=\"article:publisher\" content=\"https:\/\/www.facebook.com\/peoplesphere\" \/>\n<meta property=\"article:published_time\" content=\"2026-02-16T04:07:24+00:00\" \/>\n<meta property=\"og:image\" content=\"https:\/\/peoplesphere.be\/fr\/wp-content\/uploads\/2026\/02\/20240719reintegration.jpg\" \/>\n\t<meta property=\"og:image:width\" content=\"800\" \/>\n\t<meta property=\"og:image:height\" content=\"320\" \/>\n\t<meta property=\"og:image:type\" content=\"image\/jpeg\" \/>\n<meta name=\"author\" content=\"Jean-Paul Erhard\" \/>\n<meta name=\"twitter:card\" content=\"summary_large_image\" \/>\n<meta name=\"twitter:creator\" content=\"@PeoplesphereMag\" \/>\n<meta name=\"twitter:site\" content=\"@PeoplesphereMag\" \/>\n<meta name=\"twitter:label1\" content=\"\u00c9crit par\" \/>\n\t<meta name=\"twitter:data1\" content=\"Jean-Paul Erhard\" \/>\n\t<meta name=\"twitter:label2\" content=\"Dur\u00e9e de lecture estim\u00e9e\" \/>\n\t<meta name=\"twitter:data2\" content=\"1 minute\" \/>\n<script type=\"application\/ld+json\" class=\"yoast-schema-graph\">{\"@context\":\"https:\/\/schema.org\",\"@graph\":[{\"@type\":\"Article\",\"@id\":\"https:\/\/peoplesphere.be\/fr\/la-quatrieme-vague-de-reformes-concernant-la-politique-de-retour-au-travail-est-en-marche\/#article\",\"isPartOf\":{\"@id\":\"https:\/\/peoplesphere.be\/fr\/la-quatrieme-vague-de-reformes-concernant-la-politique-de-retour-au-travail-est-en-marche\/\"},\"author\":{\"name\":\"Jean-Paul Erhard\",\"@id\":\"https:\/\/peoplesphere.be\/fr\/#\/schema\/person\/7976225ff17988604334abb7b3536a7e\"},\"headline\":\"La quatri\u00e8me vague de r\u00e9formes concernant la politique de &lsquo;Retour au Travail&rsquo; est en marche.\",\"datePublished\":\"2026-02-16T04:07:24+00:00\",\"dateModified\":\"2026-02-16T04:07:24+00:00\",\"mainEntityOfPage\":{\"@id\":\"https:\/\/peoplesphere.be\/fr\/la-quatrieme-vague-de-reformes-concernant-la-politique-de-retour-au-travail-est-en-marche\/\"},\"wordCount\":239,\"publisher\":{\"@id\":\"https:\/\/peoplesphere.be\/fr\/#organization\"},\"keywords\":[\"absents de longue dur\u00e9e\",\"Pr\u00e9vention\",\"r\u00e9forme\",\"r\u00e9int\u00e9gration\",\"retour au travail\",\"Sant\u00e9\"],\"articleSection\":[\"Actualit\u00e9s\",\"Digital\"],\"inLanguage\":\"fr-FR\"},{\"@type\":\"WebPage\",\"@id\":\"https:\/\/peoplesphere.be\/fr\/la-quatrieme-vague-de-reformes-concernant-la-politique-de-retour-au-travail-est-en-marche\/\",\"url\":\"https:\/\/peoplesphere.be\/fr\/la-quatrieme-vague-de-reformes-concernant-la-politique-de-retour-au-travail-est-en-marche\/\",\"name\":\"La quatri\u00e8me vague de r\u00e9formes concernant la politique de 'Retour au Travail' est en marche. - Peoplesphere\",\"isPartOf\":{\"@id\":\"https:\/\/peoplesphere.be\/fr\/#website\"},\"datePublished\":\"2026-02-16T04:07:24+00:00\",\"dateModified\":\"2026-02-16T04:07:24+00:00\",\"breadcrumb\":{\"@id\":\"https:\/\/peoplesphere.be\/fr\/la-quatrieme-vague-de-reformes-concernant-la-politique-de-retour-au-travail-est-en-marche\/#breadcrumb\"},\"inLanguage\":\"fr-FR\",\"potentialAction\":[{\"@type\":\"ReadAction\",\"target\":[\"https:\/\/peoplesphere.be\/fr\/la-quatrieme-vague-de-reformes-concernant-la-politique-de-retour-au-travail-est-en-marche\/\"]}]},{\"@type\":\"BreadcrumbList\",\"@id\":\"https:\/\/peoplesphere.be\/fr\/la-quatrieme-vague-de-reformes-concernant-la-politique-de-retour-au-travail-est-en-marche\/#breadcrumb\",\"itemListElement\":[{\"@type\":\"ListItem\",\"position\":1,\"name\":\"Accueil\",\"item\":\"https:\/\/peoplesphere.be\/fr\/\"},{\"@type\":\"ListItem\",\"position\":2,\"name\":\"La quatri\u00e8me vague de r\u00e9formes concernant la politique de &lsquo;Retour au Travail&rsquo; est en marche.\"}]},{\"@type\":\"WebSite\",\"@id\":\"https:\/\/peoplesphere.be\/fr\/#website\",\"url\":\"https:\/\/peoplesphere.be\/fr\/\",\"name\":\"Peoplesphere\",\"description\":\"The People Managers Magazine\",\"publisher\":{\"@id\":\"https:\/\/peoplesphere.be\/fr\/#organization\"},\"potentialAction\":[{\"@type\":\"SearchAction\",\"target\":{\"@type\":\"EntryPoint\",\"urlTemplate\":\"https:\/\/peoplesphere.be\/fr\/?s={search_term_string}\"},\"query-input\":\"required name=search_term_string\"}],\"inLanguage\":\"fr-FR\"},{\"@type\":\"Organization\",\"@id\":\"https:\/\/peoplesphere.be\/fr\/#organization\",\"name\":\"Peoplesphere Company srl\",\"url\":\"https:\/\/peoplesphere.be\/fr\/\",\"logo\":{\"@type\":\"ImageObject\",\"inLanguage\":\"fr-FR\",\"@id\":\"https:\/\/peoplesphere.be\/fr\/#\/schema\/logo\/image\/\",\"url\":\"https:\/\/peoplesphere.be\/fr\/wp-content\/uploads\/2023\/07\/peoplesphere-lgo-new-generik.jpg\",\"contentUrl\":\"https:\/\/peoplesphere.be\/fr\/wp-content\/uploads\/2023\/07\/peoplesphere-lgo-new-generik.jpg\",\"width\":1031,\"height\":1479,\"caption\":\"Peoplesphere Company srl\"},\"image\":{\"@id\":\"https:\/\/peoplesphere.be\/fr\/#\/schema\/logo\/image\/\"},\"sameAs\":[\"https:\/\/www.facebook.com\/peoplesphere\",\"https:\/\/twitter.com\/PeoplesphereMag\",\"https:\/\/www.linkedin.com\/company\/7587361?trk\",\"http:\/\/youtube.com\/peoplesphere\"]},{\"@type\":\"Person\",\"@id\":\"https:\/\/peoplesphere.be\/fr\/#\/schema\/person\/7976225ff17988604334abb7b3536a7e\",\"name\":\"Jean-Paul Erhard\",\"image\":{\"@type\":\"ImageObject\",\"inLanguage\":\"fr-FR\",\"@id\":\"https:\/\/peoplesphere.be\/fr\/#\/schema\/person\/image\/\",\"url\":\"https:\/\/secure.gravatar.com\/avatar\/f941e681460179738071629a51574930?s=96&d=mm&r=g\",\"contentUrl\":\"https:\/\/secure.gravatar.com\/avatar\/f941e681460179738071629a51574930?s=96&d=mm&r=g\",\"caption\":\"Jean-Paul Erhard\"},\"url\":\"https:\/\/peoplesphere.be\/fr\/author\/jpe\/\"}]}<\/script>\n<!-- \/ Yoast SEO plugin. -->","yoast_head_json":{"title":"La quatri\u00e8me vague de r\u00e9formes concernant la politique de 'Retour au Travail' est en marche. - Peoplesphere","robots":{"index":"index","follow":"follow","max-snippet":"max-snippet:-1","max-image-preview":"max-image-preview:large","max-video-preview":"max-video-preview:-1"},"canonical":"https:\/\/peoplesphere.be\/fr\/la-quatrieme-vague-de-reformes-concernant-la-politique-de-retour-au-travail-est-en-marche\/","og_locale":"fr_FR","og_type":"article","og_title":"La quatri\u00e8me vague de r\u00e9formes concernant la politique de 'Retour au Travail' est en marche. - Peoplesphere","og_description":"Sur proposition du ministre des Affaires sociales Frank Vandenbroucke, le Conseil des ministres a approuv\u00e9 un avant-projet de loi mettant en \u0153uvre une politique \u00ab\u00a0Retour au travail\u00a0\u00bb renforc\u00e9e dans le cas d\u2019une incapacit\u00e9 de travail.","og_url":"https:\/\/peoplesphere.be\/fr\/la-quatrieme-vague-de-reformes-concernant-la-politique-de-retour-au-travail-est-en-marche\/","og_site_name":"Peoplesphere","article_publisher":"https:\/\/www.facebook.com\/peoplesphere","article_published_time":"2026-02-16T04:07:24+00:00","og_image":[{"width":800,"height":320,"url":"https:\/\/peoplesphere.be\/fr\/wp-content\/uploads\/2026\/02\/20240719reintegration.jpg","type":"image\/jpeg"}],"author":"Jean-Paul Erhard","twitter_card":"summary_large_image","twitter_creator":"@PeoplesphereMag","twitter_site":"@PeoplesphereMag","twitter_misc":{"\u00c9crit par":"Jean-Paul Erhard","Dur\u00e9e de lecture estim\u00e9e":"1 minute"},"schema":{"@context":"https:\/\/schema.org","@graph":[{"@type":"Article","@id":"https:\/\/peoplesphere.be\/fr\/la-quatrieme-vague-de-reformes-concernant-la-politique-de-retour-au-travail-est-en-marche\/#article","isPartOf":{"@id":"https:\/\/peoplesphere.be\/fr\/la-quatrieme-vague-de-reformes-concernant-la-politique-de-retour-au-travail-est-en-marche\/"},"author":{"name":"Jean-Paul Erhard","@id":"https:\/\/peoplesphere.be\/fr\/#\/schema\/person\/7976225ff17988604334abb7b3536a7e"},"headline":"La quatri\u00e8me vague de r\u00e9formes concernant la politique de &lsquo;Retour au Travail&rsquo; est en marche.","datePublished":"2026-02-16T04:07:24+00:00","dateModified":"2026-02-16T04:07:24+00:00","mainEntityOfPage":{"@id":"https:\/\/peoplesphere.be\/fr\/la-quatrieme-vague-de-reformes-concernant-la-politique-de-retour-au-travail-est-en-marche\/"},"wordCount":239,"publisher":{"@id":"https:\/\/peoplesphere.be\/fr\/#organization"},"keywords":["absents de longue dur\u00e9e","Pr\u00e9vention","r\u00e9forme","r\u00e9int\u00e9gration","retour au travail","Sant\u00e9"],"articleSection":["Actualit\u00e9s","Digital"],"inLanguage":"fr-FR"},{"@type":"WebPage","@id":"https:\/\/peoplesphere.be\/fr\/la-quatrieme-vague-de-reformes-concernant-la-politique-de-retour-au-travail-est-en-marche\/","url":"https:\/\/peoplesphere.be\/fr\/la-quatrieme-vague-de-reformes-concernant-la-politique-de-retour-au-travail-est-en-marche\/","name":"La quatri\u00e8me vague de r\u00e9formes concernant la politique de 'Retour au Travail' est en marche. - Peoplesphere","isPartOf":{"@id":"https:\/\/peoplesphere.be\/fr\/#website"},"datePublished":"2026-02-16T04:07:24+00:00","dateModified":"2026-02-16T04:07:24+00:00","breadcrumb":{"@id":"https:\/\/peoplesphere.be\/fr\/la-quatrieme-vague-de-reformes-concernant-la-politique-de-retour-au-travail-est-en-marche\/#breadcrumb"},"inLanguage":"fr-FR","potentialAction":[{"@type":"ReadAction","target":["https:\/\/peoplesphere.be\/fr\/la-quatrieme-vague-de-reformes-concernant-la-politique-de-retour-au-travail-est-en-marche\/"]}]},{"@type":"BreadcrumbList","@id":"https:\/\/peoplesphere.be\/fr\/la-quatrieme-vague-de-reformes-concernant-la-politique-de-retour-au-travail-est-en-marche\/#breadcrumb","itemListElement":[{"@type":"ListItem","position":1,"name":"Accueil","item":"https:\/\/peoplesphere.be\/fr\/"},{"@type":"ListItem","position":2,"name":"La quatri\u00e8me vague de r\u00e9formes concernant la politique de &lsquo;Retour au Travail&rsquo; est en marche."}]},{"@type":"WebSite","@id":"https:\/\/peoplesphere.be\/fr\/#website","url":"https:\/\/peoplesphere.be\/fr\/","name":"Peoplesphere","description":"The People Managers Magazine","publisher":{"@id":"https:\/\/peoplesphere.be\/fr\/#organization"},"potentialAction":[{"@type":"SearchAction","target":{"@type":"EntryPoint","urlTemplate":"https:\/\/peoplesphere.be\/fr\/?s={search_term_string}"},"query-input":"required name=search_term_string"}],"inLanguage":"fr-FR"},{"@type":"Organization","@id":"https:\/\/peoplesphere.be\/fr\/#organization","name":"Peoplesphere Company srl","url":"https:\/\/peoplesphere.be\/fr\/","logo":{"@type":"ImageObject","inLanguage":"fr-FR","@id":"https:\/\/peoplesphere.be\/fr\/#\/schema\/logo\/image\/","url":"https:\/\/peoplesphere.be\/fr\/wp-content\/uploads\/2023\/07\/peoplesphere-lgo-new-generik.jpg","contentUrl":"https:\/\/peoplesphere.be\/fr\/wp-content\/uploads\/2023\/07\/peoplesphere-lgo-new-generik.jpg","width":1031,"height":1479,"caption":"Peoplesphere Company srl"},"image":{"@id":"https:\/\/peoplesphere.be\/fr\/#\/schema\/logo\/image\/"},"sameAs":["https:\/\/www.facebook.com\/peoplesphere","https:\/\/twitter.com\/PeoplesphereMag","https:\/\/www.linkedin.com\/company\/7587361?trk","http:\/\/youtube.com\/peoplesphere"]},{"@type":"Person","@id":"https:\/\/peoplesphere.be\/fr\/#\/schema\/person\/7976225ff17988604334abb7b3536a7e","name":"Jean-Paul Erhard","image":{"@type":"ImageObject","inLanguage":"fr-FR","@id":"https:\/\/peoplesphere.be\/fr\/#\/schema\/person\/image\/","url":"https:\/\/secure.gravatar.com\/avatar\/f941e681460179738071629a51574930?s=96&d=mm&r=g","contentUrl":"https:\/\/secure.gravatar.com\/avatar\/f941e681460179738071629a51574930?s=96&d=mm&r=g","caption":"Jean-Paul Erhard"},"url":"https:\/\/peoplesphere.be\/fr\/author\/jpe\/"}]}},"_links":{"self":[{"href":"https:\/\/peoplesphere.be\/fr\/wp-json\/wp\/v2\/posts\/18776"}],"collection":[{"href":"https:\/\/peoplesphere.be\/fr\/wp-json\/wp\/v2\/posts"}],"about":[{"href":"https:\/\/peoplesphere.be\/fr\/wp-json\/wp\/v2\/types\/post"}],"author":[{"embeddable":true,"href":"https:\/\/peoplesphere.be\/fr\/wp-json\/wp\/v2\/users\/2"}],"replies":[{"embeddable":true,"href":"https:\/\/peoplesphere.be\/fr\/wp-json\/wp\/v2\/comments?post=18776"}],"version-history":[{"count":1,"href":"https:\/\/peoplesphere.be\/fr\/wp-json\/wp\/v2\/posts\/18776\/revisions"}],"predecessor-version":[{"id":18778,"href":"https:\/\/peoplesphere.be\/fr\/wp-json\/wp\/v2\/posts\/18776\/revisions\/18778"}],"wp:featuredmedia":[{"embeddable":true,"href":"https:\/\/peoplesphere.be\/fr\/wp-json\/wp\/v2\/media\/18777"}],"wp:attachment":[{"href":"https:\/\/peoplesphere.be\/fr\/wp-json\/wp\/v2\/media?parent=18776"}],"wp:term":[{"taxonomy":"category","embeddable":true,"href":"https:\/\/peoplesphere.be\/fr\/wp-json\/wp\/v2\/categories?post=18776"},{"taxonomy":"post_tag","embeddable":true,"href":"https:\/\/peoplesphere.be\/fr\/wp-json\/wp\/v2\/tags?post=18776"}],"curies":[{"name":"wp","href":"https:\/\/api.w.org\/{rel}","templated":true}]}}