









{"id":18835,"date":"2026-03-02T18:23:49","date_gmt":"2026-03-02T16:23:49","guid":{"rendered":"https:\/\/peoplesphere.be\/fr\/?p=18835"},"modified":"2026-03-03T18:24:27","modified_gmt":"2026-03-03T16:24:27","slug":"premieres-periodes-de-vacances-en-vue-le-secteur-du-tourisme-reste-un-important-vecteur-demplois-en-wallonie","status":"publish","type":"post","link":"https:\/\/peoplesphere.be\/fr\/premieres-periodes-de-vacances-en-vue-le-secteur-du-tourisme-reste-un-important-vecteur-demplois-en-wallonie\/","title":{"rendered":"Premi\u00e8res p\u00e9riodes de vacances en vue: le secteur du tourisme reste un important vecteur d&#8217;emplois en Wallonie."},"content":{"rendered":"<p>Avec l\u2019arriv\u00e9e du printemps, parcs d\u2019attractions, sites touristiques, h\u00f4tels, caf\u00e9s et commerces terminent de renforcer leurs \u00e9quipes : pr\u00e8s de 1.000 offres d\u2019emploi sont encore disponibles sur leforem.be pour les secteurs du tourisme et de l\u2019horeca en Wallonie, soit autant d\u2019opportunit\u00e9s pour s\u2019ins\u00e9rer rapidement dans un secteur porteur. Pour r\u00e9pondre \u00e0 ce besoin urgent de main-d\u2019\u0153uvre, le Forem organise 5 jobdays en collaboration avec les entreprises et les acteurs locaux.<!--more--><\/p>\n<p>Apr\u00e8s le succ\u00e8s des vacances d\u2019hiver 2025-2026 (entre 10 et 20% de fr\u00e9quentation en plus par rapport \u00e0 la m\u00eame p\u00e9riode l\u2019ann\u00e9e derni\u00e8re), les premi\u00e8res tendances des cong\u00e9s de d\u00e9tente, rassembl\u00e9es par VISITWallonia aupr\u00e8s des op\u00e9rateurs touristiques, indiquent une situation globalement comparable \u00e0 celle de l\u2019an dernier, malgr\u00e9 une m\u00e9t\u00e9o capricieuse la premi\u00e8re semaine.<\/p>\n<h3><strong><em>972 offres d\u2019emploi sur leforem.be<\/em><\/strong><\/h3>\n<p>Pour la saison estivale, 972 offres d\u2019emploi sont diffus\u00e9es actuellement pour la Wallonie via le site internet du Forem, dans des m\u00e9tiers aussi vari\u00e9s que l\u2019Horeca, l\u2019animation, l\u2019accueil, la logistique \u00e9v\u00e9nementielle ou la promotion touristique. Sachant qu\u2019une offre peut contenir plusieurs postes \u00e0 pourvoir, ce sont donc plus de 1.000 personnes qui sont actuellement recherch\u00e9es par les entreprises ; des opportunit\u00e9s qui permettent de s\u2019ins\u00e9rer rapidement sur le march\u00e9 de l\u2019emploi. En outre, 4 offres sur 10 ne n\u00e9cessitent pas d\u2019exp\u00e9rience.<\/p>\n<h3><strong><em>Des profils vari\u00e9s pour contribuer au rayonnement de la Wallonie<\/em><\/strong><\/h3>\n<p>Cuisinier, commis de cuisine, serveur, barman, r\u00e9ceptionniste, animateur d\u2019activit\u00e9s sportives et de loisirs, agent d\u2019accueil, guide touristique\u2026 autant de m\u00e9tiers indispensables pour les op\u00e9rateurs touristiques de notre r\u00e9gion et contribuant ainsi \u00e0 l\u2019attractivit\u00e9 locale. Afin de r\u00e9pondre \u00e0 ces besoins de main-d\u2019\u0153uvre, le Forem organise trois jobdays en collaboration avec les villes et acteurs locaux : le 3 mars \u00e0 Rochefort, le 17 mars \u00e0 Dinant et le 13 avril \u00e0 Jambes.<\/p>\n<h3><strong><em>Acqu\u00e9rir de nouvelles comp\u00e9tences<\/em><\/strong><\/h3>\n<p>Pour les personnes qui n\u2019auraient pas toutes les comp\u00e9tences pour postuler, Forem Tourisme est le centre de r\u00e9f\u00e9rence pour se former \u00e0 ces m\u00e9tiers et am\u00e9liorer son niveau de n\u00e9erlandais ou d\u2019anglais. Bas\u00e9 \u00e0 Marche-en-Famenne, le centre de comp\u00e9tence organise un essai m\u00e9tiers du 23 au 26 mars (s\u00e9ance d\u2019infos le 12 mars) pour permettre aux chercheurs d\u2019emploi de d\u00e9couvrir ce secteur. Le centre organise \u00e9galement une formation d\u2019agent d\u2019accueil en tourisme (s\u00e9ances d\u2019infos les 31 mars et 7 avril). Forem Tourisme propose aussi des formations dans d\u2019autres provinces, notamment pour guider et animer des groupes de visiteurs, \u00e0 La Louvi\u00e8re (s\u00e9ance d\u2019infos le 13 mars), ou encore d\u2019agent de voyage \u00e0 Li\u00e8ge (s\u00e9ances d\u2019infos les 4 et 11 mars). Au total, 1.231 personnes (chercheurs d\u2019emploi, travailleurs du secteur et \u00e9tudiants) ont \u00e9t\u00e9 form\u00e9es par le centre de comp\u00e9tence Forem Tourisme en 2025.<\/p>\n<p>&nbsp;<\/p>\n<p><em>Source: Forem<\/em><\/p>\n","protected":false},"excerpt":{"rendered":"<p>Avec l\u2019arriv\u00e9e du printemps, parcs d\u2019attractions, sites touristiques, h\u00f4tels, caf\u00e9s et commerces terminent de renforcer leurs \u00e9quipes : pr\u00e8s de 1.000 offres d\u2019emploi sont encore disponibles sur leforem.be pour les secteurs du tourisme et de l\u2019horeca en Wallonie, soit autant [&hellip;]<\/p>\n","protected":false},"author":2,"featured_media":0,"comment_status":"closed","ping_status":"open","sticky":false,"template":"","format":"standard","meta":[],"categories":[65,10],"tags":[116,48,72,4207,28],"yoast_head":"<!-- This site is optimized with the Yoast SEO plugin v21.0 - https:\/\/yoast.com\/wordpress\/plugins\/seo\/ -->\n<title>Premi\u00e8res p\u00e9riodes de vacances en vue: le secteur du tourisme reste un important vecteur d&#039;emplois en Wallonie. - Peoplesphere<\/title>\n<meta name=\"robots\" content=\"index, follow, max-snippet:-1, max-image-preview:large, max-video-preview:-1\" \/>\n<link rel=\"canonical\" href=\"https:\/\/peoplesphere.be\/fr\/premieres-periodes-de-vacances-en-vue-le-secteur-du-tourisme-reste-un-important-vecteur-demplois-en-wallonie\/\" \/>\n<meta property=\"og:locale\" content=\"fr_FR\" \/>\n<meta property=\"og:type\" content=\"article\" \/>\n<meta property=\"og:title\" content=\"Premi\u00e8res p\u00e9riodes de vacances en vue: le secteur du tourisme reste un important vecteur d&#039;emplois en Wallonie. - Peoplesphere\" \/>\n<meta property=\"og:description\" content=\"Avec l\u2019arriv\u00e9e du printemps, parcs d\u2019attractions, sites touristiques, h\u00f4tels, caf\u00e9s et commerces terminent de renforcer leurs \u00e9quipes : pr\u00e8s de 1.000 offres d\u2019emploi sont encore disponibles sur leforem.be pour les secteurs du tourisme et de l\u2019horeca en Wallonie, soit autant [&hellip;]\" \/>\n<meta property=\"og:url\" content=\"https:\/\/peoplesphere.be\/fr\/premieres-periodes-de-vacances-en-vue-le-secteur-du-tourisme-reste-un-important-vecteur-demplois-en-wallonie\/\" \/>\n<meta property=\"og:site_name\" content=\"Peoplesphere\" \/>\n<meta property=\"article:publisher\" content=\"https:\/\/www.facebook.com\/peoplesphere\" \/>\n<meta property=\"article:published_time\" content=\"2026-03-02T16:23:49+00:00\" \/>\n<meta property=\"article:modified_time\" content=\"2026-03-03T16:24:27+00:00\" \/>\n<meta property=\"og:image\" content=\"http:\/\/www.peoplesphere.be\/fr\/wp-content\/uploads\/2016\/07\/facebook-default-posting-1200x628px.jpg\" \/>\n<meta name=\"author\" content=\"Jean-Paul Erhard\" \/>\n<meta name=\"twitter:card\" content=\"summary_large_image\" \/>\n<meta name=\"twitter:creator\" content=\"@PeoplesphereMag\" \/>\n<meta name=\"twitter:site\" content=\"@PeoplesphereMag\" \/>\n<meta name=\"twitter:label1\" content=\"\u00c9crit par\" \/>\n\t<meta name=\"twitter:data1\" content=\"Jean-Paul Erhard\" \/>\n\t<meta name=\"twitter:label2\" content=\"Dur\u00e9e de lecture estim\u00e9e\" \/>\n\t<meta name=\"twitter:data2\" content=\"3 minutes\" \/>\n<script type=\"application\/ld+json\" class=\"yoast-schema-graph\">{\"@context\":\"https:\/\/schema.org\",\"@graph\":[{\"@type\":\"Article\",\"@id\":\"https:\/\/peoplesphere.be\/fr\/premieres-periodes-de-vacances-en-vue-le-secteur-du-tourisme-reste-un-important-vecteur-demplois-en-wallonie\/#article\",\"isPartOf\":{\"@id\":\"https:\/\/peoplesphere.be\/fr\/premieres-periodes-de-vacances-en-vue-le-secteur-du-tourisme-reste-un-important-vecteur-demplois-en-wallonie\/\"},\"author\":{\"name\":\"Jean-Paul Erhard\",\"@id\":\"https:\/\/peoplesphere.be\/fr\/#\/schema\/person\/7976225ff17988604334abb7b3536a7e\"},\"headline\":\"Premi\u00e8res p\u00e9riodes de vacances en vue: le secteur du tourisme reste un important vecteur d&#8217;emplois en Wallonie.\",\"datePublished\":\"2026-03-02T16:23:49+00:00\",\"dateModified\":\"2026-03-03T16:24:27+00:00\",\"mainEntityOfPage\":{\"@id\":\"https:\/\/peoplesphere.be\/fr\/premieres-periodes-de-vacances-en-vue-le-secteur-du-tourisme-reste-un-important-vecteur-demplois-en-wallonie\/\"},\"wordCount\":518,\"publisher\":{\"@id\":\"https:\/\/peoplesphere.be\/fr\/#organization\"},\"keywords\":[\"comp\u00e9tences\",\"Formation\",\"recrutement\",\"tourisme\",\"Wallonie\"],\"articleSection\":[\"Actualit\u00e9s\",\"Digital\"],\"inLanguage\":\"fr-FR\"},{\"@type\":\"WebPage\",\"@id\":\"https:\/\/peoplesphere.be\/fr\/premieres-periodes-de-vacances-en-vue-le-secteur-du-tourisme-reste-un-important-vecteur-demplois-en-wallonie\/\",\"url\":\"https:\/\/peoplesphere.be\/fr\/premieres-periodes-de-vacances-en-vue-le-secteur-du-tourisme-reste-un-important-vecteur-demplois-en-wallonie\/\",\"name\":\"Premi\u00e8res p\u00e9riodes de vacances en vue: le secteur du tourisme reste un important vecteur d'emplois en Wallonie. - Peoplesphere\",\"isPartOf\":{\"@id\":\"https:\/\/peoplesphere.be\/fr\/#website\"},\"datePublished\":\"2026-03-02T16:23:49+00:00\",\"dateModified\":\"2026-03-03T16:24:27+00:00\",\"breadcrumb\":{\"@id\":\"https:\/\/peoplesphere.be\/fr\/premieres-periodes-de-vacances-en-vue-le-secteur-du-tourisme-reste-un-important-vecteur-demplois-en-wallonie\/#breadcrumb\"},\"inLanguage\":\"fr-FR\",\"potentialAction\":[{\"@type\":\"ReadAction\",\"target\":[\"https:\/\/peoplesphere.be\/fr\/premieres-periodes-de-vacances-en-vue-le-secteur-du-tourisme-reste-un-important-vecteur-demplois-en-wallonie\/\"]}]},{\"@type\":\"BreadcrumbList\",\"@id\":\"https:\/\/peoplesphere.be\/fr\/premieres-periodes-de-vacances-en-vue-le-secteur-du-tourisme-reste-un-important-vecteur-demplois-en-wallonie\/#breadcrumb\",\"itemListElement\":[{\"@type\":\"ListItem\",\"position\":1,\"name\":\"Accueil\",\"item\":\"https:\/\/peoplesphere.be\/fr\/\"},{\"@type\":\"ListItem\",\"position\":2,\"name\":\"Premi\u00e8res p\u00e9riodes de vacances en vue: le secteur du tourisme reste un important vecteur d&#8217;emplois en Wallonie.\"}]},{\"@type\":\"WebSite\",\"@id\":\"https:\/\/peoplesphere.be\/fr\/#website\",\"url\":\"https:\/\/peoplesphere.be\/fr\/\",\"name\":\"Peoplesphere\",\"description\":\"The People Managers Magazine\",\"publisher\":{\"@id\":\"https:\/\/peoplesphere.be\/fr\/#organization\"},\"potentialAction\":[{\"@type\":\"SearchAction\",\"target\":{\"@type\":\"EntryPoint\",\"urlTemplate\":\"https:\/\/peoplesphere.be\/fr\/?s={search_term_string}\"},\"query-input\":\"required name=search_term_string\"}],\"inLanguage\":\"fr-FR\"},{\"@type\":\"Organization\",\"@id\":\"https:\/\/peoplesphere.be\/fr\/#organization\",\"name\":\"Peoplesphere Company srl\",\"url\":\"https:\/\/peoplesphere.be\/fr\/\",\"logo\":{\"@type\":\"ImageObject\",\"inLanguage\":\"fr-FR\",\"@id\":\"https:\/\/peoplesphere.be\/fr\/#\/schema\/logo\/image\/\",\"url\":\"https:\/\/peoplesphere.be\/fr\/wp-content\/uploads\/2023\/07\/peoplesphere-lgo-new-generik.jpg\",\"contentUrl\":\"https:\/\/peoplesphere.be\/fr\/wp-content\/uploads\/2023\/07\/peoplesphere-lgo-new-generik.jpg\",\"width\":1031,\"height\":1479,\"caption\":\"Peoplesphere Company srl\"},\"image\":{\"@id\":\"https:\/\/peoplesphere.be\/fr\/#\/schema\/logo\/image\/\"},\"sameAs\":[\"https:\/\/www.facebook.com\/peoplesphere\",\"https:\/\/twitter.com\/PeoplesphereMag\",\"https:\/\/www.linkedin.com\/company\/7587361?trk\",\"http:\/\/youtube.com\/peoplesphere\"]},{\"@type\":\"Person\",\"@id\":\"https:\/\/peoplesphere.be\/fr\/#\/schema\/person\/7976225ff17988604334abb7b3536a7e\",\"name\":\"Jean-Paul Erhard\",\"image\":{\"@type\":\"ImageObject\",\"inLanguage\":\"fr-FR\",\"@id\":\"https:\/\/peoplesphere.be\/fr\/#\/schema\/person\/image\/\",\"url\":\"https:\/\/secure.gravatar.com\/avatar\/f941e681460179738071629a51574930?s=96&d=mm&r=g\",\"contentUrl\":\"https:\/\/secure.gravatar.com\/avatar\/f941e681460179738071629a51574930?s=96&d=mm&r=g\",\"caption\":\"Jean-Paul Erhard\"},\"url\":\"https:\/\/peoplesphere.be\/fr\/author\/jpe\/\"}]}<\/script>\n<!-- \/ Yoast SEO plugin. -->","yoast_head_json":{"title":"Premi\u00e8res p\u00e9riodes de vacances en vue: le secteur du tourisme reste un important vecteur d'emplois en Wallonie. - Peoplesphere","robots":{"index":"index","follow":"follow","max-snippet":"max-snippet:-1","max-image-preview":"max-image-preview:large","max-video-preview":"max-video-preview:-1"},"canonical":"https:\/\/peoplesphere.be\/fr\/premieres-periodes-de-vacances-en-vue-le-secteur-du-tourisme-reste-un-important-vecteur-demplois-en-wallonie\/","og_locale":"fr_FR","og_type":"article","og_title":"Premi\u00e8res p\u00e9riodes de vacances en vue: le secteur du tourisme reste un important vecteur d'emplois en Wallonie. - Peoplesphere","og_description":"Avec l\u2019arriv\u00e9e du printemps, parcs d\u2019attractions, sites touristiques, h\u00f4tels, caf\u00e9s et commerces terminent de renforcer leurs \u00e9quipes : pr\u00e8s de 1.000 offres d\u2019emploi sont encore disponibles sur leforem.be pour les secteurs du tourisme et de l\u2019horeca en Wallonie, soit autant [&hellip;]","og_url":"https:\/\/peoplesphere.be\/fr\/premieres-periodes-de-vacances-en-vue-le-secteur-du-tourisme-reste-un-important-vecteur-demplois-en-wallonie\/","og_site_name":"Peoplesphere","article_publisher":"https:\/\/www.facebook.com\/peoplesphere","article_published_time":"2026-03-02T16:23:49+00:00","article_modified_time":"2026-03-03T16:24:27+00:00","og_image":[{"url":"http:\/\/www.peoplesphere.be\/fr\/wp-content\/uploads\/2016\/07\/facebook-default-posting-1200x628px.jpg"}],"author":"Jean-Paul Erhard","twitter_card":"summary_large_image","twitter_creator":"@PeoplesphereMag","twitter_site":"@PeoplesphereMag","twitter_misc":{"\u00c9crit par":"Jean-Paul Erhard","Dur\u00e9e de lecture estim\u00e9e":"3 minutes"},"schema":{"@context":"https:\/\/schema.org","@graph":[{"@type":"Article","@id":"https:\/\/peoplesphere.be\/fr\/premieres-periodes-de-vacances-en-vue-le-secteur-du-tourisme-reste-un-important-vecteur-demplois-en-wallonie\/#article","isPartOf":{"@id":"https:\/\/peoplesphere.be\/fr\/premieres-periodes-de-vacances-en-vue-le-secteur-du-tourisme-reste-un-important-vecteur-demplois-en-wallonie\/"},"author":{"name":"Jean-Paul Erhard","@id":"https:\/\/peoplesphere.be\/fr\/#\/schema\/person\/7976225ff17988604334abb7b3536a7e"},"headline":"Premi\u00e8res p\u00e9riodes de vacances en vue: le secteur du tourisme reste un important vecteur d&#8217;emplois en Wallonie.","datePublished":"2026-03-02T16:23:49+00:00","dateModified":"2026-03-03T16:24:27+00:00","mainEntityOfPage":{"@id":"https:\/\/peoplesphere.be\/fr\/premieres-periodes-de-vacances-en-vue-le-secteur-du-tourisme-reste-un-important-vecteur-demplois-en-wallonie\/"},"wordCount":518,"publisher":{"@id":"https:\/\/peoplesphere.be\/fr\/#organization"},"keywords":["comp\u00e9tences","Formation","recrutement","tourisme","Wallonie"],"articleSection":["Actualit\u00e9s","Digital"],"inLanguage":"fr-FR"},{"@type":"WebPage","@id":"https:\/\/peoplesphere.be\/fr\/premieres-periodes-de-vacances-en-vue-le-secteur-du-tourisme-reste-un-important-vecteur-demplois-en-wallonie\/","url":"https:\/\/peoplesphere.be\/fr\/premieres-periodes-de-vacances-en-vue-le-secteur-du-tourisme-reste-un-important-vecteur-demplois-en-wallonie\/","name":"Premi\u00e8res p\u00e9riodes de vacances en vue: le secteur du tourisme reste un important vecteur d'emplois en Wallonie. - Peoplesphere","isPartOf":{"@id":"https:\/\/peoplesphere.be\/fr\/#website"},"datePublished":"2026-03-02T16:23:49+00:00","dateModified":"2026-03-03T16:24:27+00:00","breadcrumb":{"@id":"https:\/\/peoplesphere.be\/fr\/premieres-periodes-de-vacances-en-vue-le-secteur-du-tourisme-reste-un-important-vecteur-demplois-en-wallonie\/#breadcrumb"},"inLanguage":"fr-FR","potentialAction":[{"@type":"ReadAction","target":["https:\/\/peoplesphere.be\/fr\/premieres-periodes-de-vacances-en-vue-le-secteur-du-tourisme-reste-un-important-vecteur-demplois-en-wallonie\/"]}]},{"@type":"BreadcrumbList","@id":"https:\/\/peoplesphere.be\/fr\/premieres-periodes-de-vacances-en-vue-le-secteur-du-tourisme-reste-un-important-vecteur-demplois-en-wallonie\/#breadcrumb","itemListElement":[{"@type":"ListItem","position":1,"name":"Accueil","item":"https:\/\/peoplesphere.be\/fr\/"},{"@type":"ListItem","position":2,"name":"Premi\u00e8res p\u00e9riodes de vacances en vue: le secteur du tourisme reste un important vecteur d&#8217;emplois en Wallonie."}]},{"@type":"WebSite","@id":"https:\/\/peoplesphere.be\/fr\/#website","url":"https:\/\/peoplesphere.be\/fr\/","name":"Peoplesphere","description":"The People Managers Magazine","publisher":{"@id":"https:\/\/peoplesphere.be\/fr\/#organization"},"potentialAction":[{"@type":"SearchAction","target":{"@type":"EntryPoint","urlTemplate":"https:\/\/peoplesphere.be\/fr\/?s={search_term_string}"},"query-input":"required name=search_term_string"}],"inLanguage":"fr-FR"},{"@type":"Organization","@id":"https:\/\/peoplesphere.be\/fr\/#organization","name":"Peoplesphere Company srl","url":"https:\/\/peoplesphere.be\/fr\/","logo":{"@type":"ImageObject","inLanguage":"fr-FR","@id":"https:\/\/peoplesphere.be\/fr\/#\/schema\/logo\/image\/","url":"https:\/\/peoplesphere.be\/fr\/wp-content\/uploads\/2023\/07\/peoplesphere-lgo-new-generik.jpg","contentUrl":"https:\/\/peoplesphere.be\/fr\/wp-content\/uploads\/2023\/07\/peoplesphere-lgo-new-generik.jpg","width":1031,"height":1479,"caption":"Peoplesphere Company srl"},"image":{"@id":"https:\/\/peoplesphere.be\/fr\/#\/schema\/logo\/image\/"},"sameAs":["https:\/\/www.facebook.com\/peoplesphere","https:\/\/twitter.com\/PeoplesphereMag","https:\/\/www.linkedin.com\/company\/7587361?trk","http:\/\/youtube.com\/peoplesphere"]},{"@type":"Person","@id":"https:\/\/peoplesphere.be\/fr\/#\/schema\/person\/7976225ff17988604334abb7b3536a7e","name":"Jean-Paul Erhard","image":{"@type":"ImageObject","inLanguage":"fr-FR","@id":"https:\/\/peoplesphere.be\/fr\/#\/schema\/person\/image\/","url":"https:\/\/secure.gravatar.com\/avatar\/f941e681460179738071629a51574930?s=96&d=mm&r=g","contentUrl":"https:\/\/secure.gravatar.com\/avatar\/f941e681460179738071629a51574930?s=96&d=mm&r=g","caption":"Jean-Paul Erhard"},"url":"https:\/\/peoplesphere.be\/fr\/author\/jpe\/"}]}},"_links":{"self":[{"href":"https:\/\/peoplesphere.be\/fr\/wp-json\/wp\/v2\/posts\/18835"}],"collection":[{"href":"https:\/\/peoplesphere.be\/fr\/wp-json\/wp\/v2\/posts"}],"about":[{"href":"https:\/\/peoplesphere.be\/fr\/wp-json\/wp\/v2\/types\/post"}],"author":[{"embeddable":true,"href":"https:\/\/peoplesphere.be\/fr\/wp-json\/wp\/v2\/users\/2"}],"replies":[{"embeddable":true,"href":"https:\/\/peoplesphere.be\/fr\/wp-json\/wp\/v2\/comments?post=18835"}],"version-history":[{"count":1,"href":"https:\/\/peoplesphere.be\/fr\/wp-json\/wp\/v2\/posts\/18835\/revisions"}],"predecessor-version":[{"id":18836,"href":"https:\/\/peoplesphere.be\/fr\/wp-json\/wp\/v2\/posts\/18835\/revisions\/18836"}],"wp:attachment":[{"href":"https:\/\/peoplesphere.be\/fr\/wp-json\/wp\/v2\/media?parent=18835"}],"wp:term":[{"taxonomy":"category","embeddable":true,"href":"https:\/\/peoplesphere.be\/fr\/wp-json\/wp\/v2\/categories?post=18835"},{"taxonomy":"post_tag","embeddable":true,"href":"https:\/\/peoplesphere.be\/fr\/wp-json\/wp\/v2\/tags?post=18835"}],"curies":[{"name":"wp","href":"https:\/\/api.w.org\/{rel}","templated":true}]}}