









{"id":18850,"date":"2026-03-06T05:54:32","date_gmt":"2026-03-06T03:54:32","guid":{"rendered":"https:\/\/peoplesphere.be\/fr\/?p=18850"},"modified":"2026-03-06T05:55:12","modified_gmt":"2026-03-06T03:55:12","slug":"hausse-de-chomage-confirmee-a-bruxelles-sous-leffet-des-modifications-reglementaires","status":"publish","type":"post","link":"https:\/\/peoplesphere.be\/fr\/hausse-de-chomage-confirmee-a-bruxelles-sous-leffet-des-modifications-reglementaires\/","title":{"rendered":"Hausse du ch\u00f4mage confirm\u00e9e \u00e0 Bruxelles sous l&rsquo;effet des modifications r\u00e9glementaires."},"content":{"rendered":"<p>Fin f\u00e9vrier 2026, Actiris compte 97.859 chercheurs d&#8217;emploi inscrits, soit une augmentation (+6,5%) par rapport \u00e0 f\u00e9vrier 2025. Si l\u2019on exclut les inscrits \u00e2g\u00e9s de 65 ans et plus, le total s\u2019\u00e9l\u00e8ve \u00e0 96.192 DEI, ce qui repr\u00e9sente une hausse plus contenue de 4,7% (+4.345).<!--more--><\/p>\n<p>Le taux de ch\u00f4mage est de 15,3% et est \u00e9galement en l\u00e9g\u00e8re augmentation (+0,69 point de pourcentage) par rapport \u00e0 f\u00e9vrier 2025. Pour rappel, le taux de ch\u00f4mage est le pourcentage des personnes faisant partie de la population active \u00e2g\u00e9e de moins de 65 ans qui sont au ch\u00f4mage. La population active est la population en \u00e2ge de travailler et qui travaille ou est en recherche d&#8217;emploi. Les inactifs, qui ne sont donc pas repris dans le calcul du taux de ch\u00f4mage, sont les personnes \u00e2g\u00e9es de 15 ans ou plus qui ne sont ni en emploi ni au ch\u00f4mage (\u00e9tudiants, retrait\u00e9s, entre autres).<\/p>\n<p>On compte au cours du mois de janvier 8.050 entr\u00e9es dans le ch\u00f4mage (6.190 \u200b r\u00e9inscriptions et 1.860 nouvelles inscriptions) contre 8.649 sorties, soit une diminution sur base mensuelle du nombre de chercheurs d&#8217;emploi de -599 personnes (+0,6%). Parmi les 97.859 chercheurs d&#8217;emploi, 48% sont des femmes et 52% sont des hommes.<\/p>\n<h3><strong><em>Caract\u00e9ristiques des chercheurs d&#8217;emploi bruxellois<\/em><\/strong><\/h3>\n<p>Actiris constate une augmentation de +2,5% (+1.252 personnes) du nombre de chercheurs d\u2019emploi b\u00e9n\u00e9ficiaires d&rsquo;une allocation et une augmentation du nombre de jeunes en stage d\u2019insertion professionnelle (+425 personnes, +6,3%). Le nombre des autres chercheurs d\u2019emploi a augment\u00e9 de +12,4% (+4.335 personnes).<\/p>\n<p>Sur les 97.859 chercheurs d&#8217;emploi totaux, 20.792 personnes (21,2%) sont inscrites au CPAS soit une augmentation de +17,5% sur base annuelle.<\/p>\n<p>Le nombre de chercheurs d&#8217;emploi depuis moins d&rsquo;un an augmente de +3,9% (+1.390 personnes). Les personnes en recherche d&#8217;emploi depuis 1 \u00e0 2 ans sont en augmentation de +10,2% (+1.502 personnes). Les chercheurs d&#8217;emploi de longue dur\u00e9e (+2 ans) augmentent de +7,5%, soit +3.120 personnes.<\/p>\n<p>Le nombre de chercheurs d&#8217;emploi de moins de 25 ans est en augmentation de +6,4% (+667 personnes). La cat\u00e9gorie des 25-49 ans augmente de +6,7% soit +3.935 personnes. La cat\u00e9gorie des 50 ans et + est en augmentation (+6,1%, +1.410 personnes).<\/p>\n<p>Concernant le niveau d&rsquo;\u00e9tudes: +5,3% (+2.940 personnes) pour les chercheurs d&#8217;emploi faiblement qualifi\u00e9s, +6,9% (+1.277 personnes) pour les personnes moyennement qualifi\u00e9es et +10,4% (+1.795 personnes) pour la cat\u00e9gorie hautement qualifi\u00e9e. \u200b<\/p>\n<p>&nbsp;<\/p>\n<p><em>Source: Actiris &#8211; <a href=\"https:\/\/viewstat.actiris.brussels\/\">www.viewstat.actiris.brussels <\/a><\/em><br \/>\n<em>Note m\u00e9thodologique<\/em><\/p>\n<p><em>La limitation dans le temps des allocations de ch\u00f4mage entra\u00eenera une rupture statistique majeure. Dans un premier temps, les chiffres de l\u2019ONEM (sur les ch\u00f4meurs complets indemnis\u00e9s demandeurs d\u2019emploi) baisseront m\u00e9caniquement pour des raisons administratives, sans lien direct avec l\u2019\u00e9volution r\u00e9elle du march\u00e9 du travail.<\/em><\/p>\n<p><em>Pour Actiris, le nombre de demandeurs d\u2019emploi inoccup\u00e9s (DEI) augmentera temporairement, car les personnes arrivant en fin de droit resteront inscrites sous d\u2019autres statuts (que demandeurs inoccup\u00e9s indemnis\u00e9s) afin de garantir leur accompagnement. \u00c0 moyen terme, une partie d\u2019entre elles ne renouvellera plus son inscription, ce qui provoquera ensuite une baisse structurelle des DEI.<\/em><\/p>\n<p><em>Qui plus est, \u00e0 partir de janvier 2026, l&rsquo;\u00e2ge de la pension ayant augment\u00e9, les DEI \u00e2g\u00e9s de 65 \u00e0 moins de 70 ans sont d\u00e9sormais repris dans les statistiques. Cela contribue m\u00e9caniquement \u00e0 accro\u00eetre le volume total de personnes inscrites chez Actiris.<\/em><\/p>\n","protected":false},"excerpt":{"rendered":"<p>Fin f\u00e9vrier 2026, Actiris compte 97.859 chercheurs d&#8217;emploi inscrits, soit une augmentation (+6,5%) par rapport \u00e0 f\u00e9vrier 2025. Si l\u2019on exclut les inscrits \u00e2g\u00e9s de 65 ans et plus, le total s\u2019\u00e9l\u00e8ve \u00e0 96.192 DEI, ce qui repr\u00e9sente une hausse [&hellip;]<\/p>\n","protected":false},"author":2,"featured_media":0,"comment_status":"closed","ping_status":"open","sticky":false,"template":"","format":"standard","meta":[],"categories":[65,10],"tags":[93,1407,92,687],"yoast_head":"<!-- This site is optimized with the Yoast SEO plugin v21.0 - https:\/\/yoast.com\/wordpress\/plugins\/seo\/ -->\n<title>Hausse du ch\u00f4mage confirm\u00e9e \u00e0 Bruxelles sous l&#039;effet des modifications r\u00e9glementaires. - Peoplesphere<\/title>\n<meta name=\"robots\" content=\"index, follow, max-snippet:-1, max-image-preview:large, max-video-preview:-1\" \/>\n<link rel=\"canonical\" href=\"https:\/\/peoplesphere.be\/fr\/hausse-de-chomage-confirmee-a-bruxelles-sous-leffet-des-modifications-reglementaires\/\" \/>\n<meta property=\"og:locale\" content=\"fr_FR\" \/>\n<meta property=\"og:type\" content=\"article\" \/>\n<meta property=\"og:title\" content=\"Hausse du ch\u00f4mage confirm\u00e9e \u00e0 Bruxelles sous l&#039;effet des modifications r\u00e9glementaires. - Peoplesphere\" \/>\n<meta property=\"og:description\" content=\"Fin f\u00e9vrier 2026, Actiris compte 97.859 chercheurs d&#8217;emploi inscrits, soit une augmentation (+6,5%) par rapport \u00e0 f\u00e9vrier 2025. Si l\u2019on exclut les inscrits \u00e2g\u00e9s de 65 ans et plus, le total s\u2019\u00e9l\u00e8ve \u00e0 96.192 DEI, ce qui repr\u00e9sente une hausse [&hellip;]\" \/>\n<meta property=\"og:url\" content=\"https:\/\/peoplesphere.be\/fr\/hausse-de-chomage-confirmee-a-bruxelles-sous-leffet-des-modifications-reglementaires\/\" \/>\n<meta property=\"og:site_name\" content=\"Peoplesphere\" \/>\n<meta property=\"article:publisher\" content=\"https:\/\/www.facebook.com\/peoplesphere\" \/>\n<meta property=\"article:published_time\" content=\"2026-03-06T03:54:32+00:00\" \/>\n<meta property=\"article:modified_time\" content=\"2026-03-06T03:55:12+00:00\" \/>\n<meta property=\"og:image\" content=\"http:\/\/www.peoplesphere.be\/fr\/wp-content\/uploads\/2016\/07\/facebook-default-posting-1200x628px.jpg\" \/>\n<meta name=\"author\" content=\"Jean-Paul Erhard\" \/>\n<meta name=\"twitter:card\" content=\"summary_large_image\" \/>\n<meta name=\"twitter:creator\" content=\"@PeoplesphereMag\" \/>\n<meta name=\"twitter:site\" content=\"@PeoplesphereMag\" \/>\n<meta name=\"twitter:label1\" content=\"\u00c9crit par\" \/>\n\t<meta name=\"twitter:data1\" content=\"Jean-Paul Erhard\" \/>\n\t<meta name=\"twitter:label2\" content=\"Dur\u00e9e de lecture estim\u00e9e\" \/>\n\t<meta name=\"twitter:data2\" content=\"3 minutes\" \/>\n<script type=\"application\/ld+json\" class=\"yoast-schema-graph\">{\"@context\":\"https:\/\/schema.org\",\"@graph\":[{\"@type\":\"Article\",\"@id\":\"https:\/\/peoplesphere.be\/fr\/hausse-de-chomage-confirmee-a-bruxelles-sous-leffet-des-modifications-reglementaires\/#article\",\"isPartOf\":{\"@id\":\"https:\/\/peoplesphere.be\/fr\/hausse-de-chomage-confirmee-a-bruxelles-sous-leffet-des-modifications-reglementaires\/\"},\"author\":{\"name\":\"Jean-Paul Erhard\",\"@id\":\"https:\/\/peoplesphere.be\/fr\/#\/schema\/person\/7976225ff17988604334abb7b3536a7e\"},\"headline\":\"Hausse du ch\u00f4mage confirm\u00e9e \u00e0 Bruxelles sous l&rsquo;effet des modifications r\u00e9glementaires.\",\"datePublished\":\"2026-03-06T03:54:32+00:00\",\"dateModified\":\"2026-03-06T03:55:12+00:00\",\"mainEntityOfPage\":{\"@id\":\"https:\/\/peoplesphere.be\/fr\/hausse-de-chomage-confirmee-a-bruxelles-sous-leffet-des-modifications-reglementaires\/\"},\"wordCount\":539,\"publisher\":{\"@id\":\"https:\/\/peoplesphere.be\/fr\/#organization\"},\"keywords\":[\"bruxelles\",\"chercheurs d'emploi\",\"ch\u00f4mage\",\"r\u00e9forme\"],\"articleSection\":[\"Actualit\u00e9s\",\"Digital\"],\"inLanguage\":\"fr-FR\"},{\"@type\":\"WebPage\",\"@id\":\"https:\/\/peoplesphere.be\/fr\/hausse-de-chomage-confirmee-a-bruxelles-sous-leffet-des-modifications-reglementaires\/\",\"url\":\"https:\/\/peoplesphere.be\/fr\/hausse-de-chomage-confirmee-a-bruxelles-sous-leffet-des-modifications-reglementaires\/\",\"name\":\"Hausse du ch\u00f4mage confirm\u00e9e \u00e0 Bruxelles sous l'effet des modifications r\u00e9glementaires. - Peoplesphere\",\"isPartOf\":{\"@id\":\"https:\/\/peoplesphere.be\/fr\/#website\"},\"datePublished\":\"2026-03-06T03:54:32+00:00\",\"dateModified\":\"2026-03-06T03:55:12+00:00\",\"breadcrumb\":{\"@id\":\"https:\/\/peoplesphere.be\/fr\/hausse-de-chomage-confirmee-a-bruxelles-sous-leffet-des-modifications-reglementaires\/#breadcrumb\"},\"inLanguage\":\"fr-FR\",\"potentialAction\":[{\"@type\":\"ReadAction\",\"target\":[\"https:\/\/peoplesphere.be\/fr\/hausse-de-chomage-confirmee-a-bruxelles-sous-leffet-des-modifications-reglementaires\/\"]}]},{\"@type\":\"BreadcrumbList\",\"@id\":\"https:\/\/peoplesphere.be\/fr\/hausse-de-chomage-confirmee-a-bruxelles-sous-leffet-des-modifications-reglementaires\/#breadcrumb\",\"itemListElement\":[{\"@type\":\"ListItem\",\"position\":1,\"name\":\"Accueil\",\"item\":\"https:\/\/peoplesphere.be\/fr\/\"},{\"@type\":\"ListItem\",\"position\":2,\"name\":\"Hausse du ch\u00f4mage confirm\u00e9e \u00e0 Bruxelles sous l&rsquo;effet des modifications r\u00e9glementaires.\"}]},{\"@type\":\"WebSite\",\"@id\":\"https:\/\/peoplesphere.be\/fr\/#website\",\"url\":\"https:\/\/peoplesphere.be\/fr\/\",\"name\":\"Peoplesphere\",\"description\":\"The People Managers Magazine\",\"publisher\":{\"@id\":\"https:\/\/peoplesphere.be\/fr\/#organization\"},\"potentialAction\":[{\"@type\":\"SearchAction\",\"target\":{\"@type\":\"EntryPoint\",\"urlTemplate\":\"https:\/\/peoplesphere.be\/fr\/?s={search_term_string}\"},\"query-input\":\"required name=search_term_string\"}],\"inLanguage\":\"fr-FR\"},{\"@type\":\"Organization\",\"@id\":\"https:\/\/peoplesphere.be\/fr\/#organization\",\"name\":\"Peoplesphere Company srl\",\"url\":\"https:\/\/peoplesphere.be\/fr\/\",\"logo\":{\"@type\":\"ImageObject\",\"inLanguage\":\"fr-FR\",\"@id\":\"https:\/\/peoplesphere.be\/fr\/#\/schema\/logo\/image\/\",\"url\":\"https:\/\/peoplesphere.be\/fr\/wp-content\/uploads\/2023\/07\/peoplesphere-lgo-new-generik.jpg\",\"contentUrl\":\"https:\/\/peoplesphere.be\/fr\/wp-content\/uploads\/2023\/07\/peoplesphere-lgo-new-generik.jpg\",\"width\":1031,\"height\":1479,\"caption\":\"Peoplesphere Company srl\"},\"image\":{\"@id\":\"https:\/\/peoplesphere.be\/fr\/#\/schema\/logo\/image\/\"},\"sameAs\":[\"https:\/\/www.facebook.com\/peoplesphere\",\"https:\/\/twitter.com\/PeoplesphereMag\",\"https:\/\/www.linkedin.com\/company\/7587361?trk\",\"http:\/\/youtube.com\/peoplesphere\"]},{\"@type\":\"Person\",\"@id\":\"https:\/\/peoplesphere.be\/fr\/#\/schema\/person\/7976225ff17988604334abb7b3536a7e\",\"name\":\"Jean-Paul Erhard\",\"image\":{\"@type\":\"ImageObject\",\"inLanguage\":\"fr-FR\",\"@id\":\"https:\/\/peoplesphere.be\/fr\/#\/schema\/person\/image\/\",\"url\":\"https:\/\/secure.gravatar.com\/avatar\/f941e681460179738071629a51574930?s=96&d=mm&r=g\",\"contentUrl\":\"https:\/\/secure.gravatar.com\/avatar\/f941e681460179738071629a51574930?s=96&d=mm&r=g\",\"caption\":\"Jean-Paul Erhard\"},\"url\":\"https:\/\/peoplesphere.be\/fr\/author\/jpe\/\"}]}<\/script>\n<!-- \/ Yoast SEO plugin. -->","yoast_head_json":{"title":"Hausse du ch\u00f4mage confirm\u00e9e \u00e0 Bruxelles sous l'effet des modifications r\u00e9glementaires. - Peoplesphere","robots":{"index":"index","follow":"follow","max-snippet":"max-snippet:-1","max-image-preview":"max-image-preview:large","max-video-preview":"max-video-preview:-1"},"canonical":"https:\/\/peoplesphere.be\/fr\/hausse-de-chomage-confirmee-a-bruxelles-sous-leffet-des-modifications-reglementaires\/","og_locale":"fr_FR","og_type":"article","og_title":"Hausse du ch\u00f4mage confirm\u00e9e \u00e0 Bruxelles sous l'effet des modifications r\u00e9glementaires. - Peoplesphere","og_description":"Fin f\u00e9vrier 2026, Actiris compte 97.859 chercheurs d&#8217;emploi inscrits, soit une augmentation (+6,5%) par rapport \u00e0 f\u00e9vrier 2025. Si l\u2019on exclut les inscrits \u00e2g\u00e9s de 65 ans et plus, le total s\u2019\u00e9l\u00e8ve \u00e0 96.192 DEI, ce qui repr\u00e9sente une hausse [&hellip;]","og_url":"https:\/\/peoplesphere.be\/fr\/hausse-de-chomage-confirmee-a-bruxelles-sous-leffet-des-modifications-reglementaires\/","og_site_name":"Peoplesphere","article_publisher":"https:\/\/www.facebook.com\/peoplesphere","article_published_time":"2026-03-06T03:54:32+00:00","article_modified_time":"2026-03-06T03:55:12+00:00","og_image":[{"url":"http:\/\/www.peoplesphere.be\/fr\/wp-content\/uploads\/2016\/07\/facebook-default-posting-1200x628px.jpg"}],"author":"Jean-Paul Erhard","twitter_card":"summary_large_image","twitter_creator":"@PeoplesphereMag","twitter_site":"@PeoplesphereMag","twitter_misc":{"\u00c9crit par":"Jean-Paul Erhard","Dur\u00e9e de lecture estim\u00e9e":"3 minutes"},"schema":{"@context":"https:\/\/schema.org","@graph":[{"@type":"Article","@id":"https:\/\/peoplesphere.be\/fr\/hausse-de-chomage-confirmee-a-bruxelles-sous-leffet-des-modifications-reglementaires\/#article","isPartOf":{"@id":"https:\/\/peoplesphere.be\/fr\/hausse-de-chomage-confirmee-a-bruxelles-sous-leffet-des-modifications-reglementaires\/"},"author":{"name":"Jean-Paul Erhard","@id":"https:\/\/peoplesphere.be\/fr\/#\/schema\/person\/7976225ff17988604334abb7b3536a7e"},"headline":"Hausse du ch\u00f4mage confirm\u00e9e \u00e0 Bruxelles sous l&rsquo;effet des modifications r\u00e9glementaires.","datePublished":"2026-03-06T03:54:32+00:00","dateModified":"2026-03-06T03:55:12+00:00","mainEntityOfPage":{"@id":"https:\/\/peoplesphere.be\/fr\/hausse-de-chomage-confirmee-a-bruxelles-sous-leffet-des-modifications-reglementaires\/"},"wordCount":539,"publisher":{"@id":"https:\/\/peoplesphere.be\/fr\/#organization"},"keywords":["bruxelles","chercheurs d'emploi","ch\u00f4mage","r\u00e9forme"],"articleSection":["Actualit\u00e9s","Digital"],"inLanguage":"fr-FR"},{"@type":"WebPage","@id":"https:\/\/peoplesphere.be\/fr\/hausse-de-chomage-confirmee-a-bruxelles-sous-leffet-des-modifications-reglementaires\/","url":"https:\/\/peoplesphere.be\/fr\/hausse-de-chomage-confirmee-a-bruxelles-sous-leffet-des-modifications-reglementaires\/","name":"Hausse du ch\u00f4mage confirm\u00e9e \u00e0 Bruxelles sous l'effet des modifications r\u00e9glementaires. - Peoplesphere","isPartOf":{"@id":"https:\/\/peoplesphere.be\/fr\/#website"},"datePublished":"2026-03-06T03:54:32+00:00","dateModified":"2026-03-06T03:55:12+00:00","breadcrumb":{"@id":"https:\/\/peoplesphere.be\/fr\/hausse-de-chomage-confirmee-a-bruxelles-sous-leffet-des-modifications-reglementaires\/#breadcrumb"},"inLanguage":"fr-FR","potentialAction":[{"@type":"ReadAction","target":["https:\/\/peoplesphere.be\/fr\/hausse-de-chomage-confirmee-a-bruxelles-sous-leffet-des-modifications-reglementaires\/"]}]},{"@type":"BreadcrumbList","@id":"https:\/\/peoplesphere.be\/fr\/hausse-de-chomage-confirmee-a-bruxelles-sous-leffet-des-modifications-reglementaires\/#breadcrumb","itemListElement":[{"@type":"ListItem","position":1,"name":"Accueil","item":"https:\/\/peoplesphere.be\/fr\/"},{"@type":"ListItem","position":2,"name":"Hausse du ch\u00f4mage confirm\u00e9e \u00e0 Bruxelles sous l&rsquo;effet des modifications r\u00e9glementaires."}]},{"@type":"WebSite","@id":"https:\/\/peoplesphere.be\/fr\/#website","url":"https:\/\/peoplesphere.be\/fr\/","name":"Peoplesphere","description":"The People Managers Magazine","publisher":{"@id":"https:\/\/peoplesphere.be\/fr\/#organization"},"potentialAction":[{"@type":"SearchAction","target":{"@type":"EntryPoint","urlTemplate":"https:\/\/peoplesphere.be\/fr\/?s={search_term_string}"},"query-input":"required name=search_term_string"}],"inLanguage":"fr-FR"},{"@type":"Organization","@id":"https:\/\/peoplesphere.be\/fr\/#organization","name":"Peoplesphere Company srl","url":"https:\/\/peoplesphere.be\/fr\/","logo":{"@type":"ImageObject","inLanguage":"fr-FR","@id":"https:\/\/peoplesphere.be\/fr\/#\/schema\/logo\/image\/","url":"https:\/\/peoplesphere.be\/fr\/wp-content\/uploads\/2023\/07\/peoplesphere-lgo-new-generik.jpg","contentUrl":"https:\/\/peoplesphere.be\/fr\/wp-content\/uploads\/2023\/07\/peoplesphere-lgo-new-generik.jpg","width":1031,"height":1479,"caption":"Peoplesphere Company srl"},"image":{"@id":"https:\/\/peoplesphere.be\/fr\/#\/schema\/logo\/image\/"},"sameAs":["https:\/\/www.facebook.com\/peoplesphere","https:\/\/twitter.com\/PeoplesphereMag","https:\/\/www.linkedin.com\/company\/7587361?trk","http:\/\/youtube.com\/peoplesphere"]},{"@type":"Person","@id":"https:\/\/peoplesphere.be\/fr\/#\/schema\/person\/7976225ff17988604334abb7b3536a7e","name":"Jean-Paul Erhard","image":{"@type":"ImageObject","inLanguage":"fr-FR","@id":"https:\/\/peoplesphere.be\/fr\/#\/schema\/person\/image\/","url":"https:\/\/secure.gravatar.com\/avatar\/f941e681460179738071629a51574930?s=96&d=mm&r=g","contentUrl":"https:\/\/secure.gravatar.com\/avatar\/f941e681460179738071629a51574930?s=96&d=mm&r=g","caption":"Jean-Paul Erhard"},"url":"https:\/\/peoplesphere.be\/fr\/author\/jpe\/"}]}},"_links":{"self":[{"href":"https:\/\/peoplesphere.be\/fr\/wp-json\/wp\/v2\/posts\/18850"}],"collection":[{"href":"https:\/\/peoplesphere.be\/fr\/wp-json\/wp\/v2\/posts"}],"about":[{"href":"https:\/\/peoplesphere.be\/fr\/wp-json\/wp\/v2\/types\/post"}],"author":[{"embeddable":true,"href":"https:\/\/peoplesphere.be\/fr\/wp-json\/wp\/v2\/users\/2"}],"replies":[{"embeddable":true,"href":"https:\/\/peoplesphere.be\/fr\/wp-json\/wp\/v2\/comments?post=18850"}],"version-history":[{"count":2,"href":"https:\/\/peoplesphere.be\/fr\/wp-json\/wp\/v2\/posts\/18850\/revisions"}],"predecessor-version":[{"id":18852,"href":"https:\/\/peoplesphere.be\/fr\/wp-json\/wp\/v2\/posts\/18850\/revisions\/18852"}],"wp:attachment":[{"href":"https:\/\/peoplesphere.be\/fr\/wp-json\/wp\/v2\/media?parent=18850"}],"wp:term":[{"taxonomy":"category","embeddable":true,"href":"https:\/\/peoplesphere.be\/fr\/wp-json\/wp\/v2\/categories?post=18850"},{"taxonomy":"post_tag","embeddable":true,"href":"https:\/\/peoplesphere.be\/fr\/wp-json\/wp\/v2\/tags?post=18850"}],"curies":[{"name":"wp","href":"https:\/\/api.w.org\/{rel}","templated":true}]}}