









{"id":18857,"date":"2026-03-08T11:36:33","date_gmt":"2026-03-08T09:36:33","guid":{"rendered":"https:\/\/peoplesphere.be\/fr\/?p=18857"},"modified":"2026-03-08T11:36:33","modified_gmt":"2026-03-08T09:36:33","slug":"journee-internationale-des-femmes-les-femmes-se-lancent-plus-rapidement-que-les-hommes-dans-une-activite-a-titre-complementaire-et-differente","status":"publish","type":"post","link":"https:\/\/peoplesphere.be\/fr\/journee-internationale-des-femmes-les-femmes-se-lancent-plus-rapidement-que-les-hommes-dans-une-activite-a-titre-complementaire-et-differente\/","title":{"rendered":"Journ\u00e9e internationale des femmes: les femmes se lancent plus rapidement que les hommes dans une activit\u00e9 \u00e0 titre compl\u00e9mentaire (et diff\u00e9rente)."},"content":{"rendered":"<p>En 2025, le nombre de travailleurs exer\u00e7ant une activit\u00e9 d&rsquo;ind\u00e9pendant \u00e0 titre compl\u00e9mentaire a continu\u00e9 d&rsquo;augmenter. D&rsquo;apr\u00e8s les chiffres de Xerius, plus de 30.000 personnes ont commenc\u00e9 une telle activit\u00e9 compl\u00e9mentaire l&rsquo;ann\u00e9e derni\u00e8re. Les femmes h\u00e9sitent moins longtemps que les hommes avant de franchir le pas. \u00c0 noter: la majorit\u00e9 (52%) souhaite exercer une activit\u00e9 compl\u00e9mentaire totalement diff\u00e9rente de leur activit\u00e9 principale. Cette tendance est encore plus marqu\u00e9e chez les femmes (59% contre 48% pour les hommes).<!--more--><\/p>\n<p>\u200bFemmes et hommes consacrent en moyenne 10 heures par semaine \u00e0 un deuxi\u00e8me job. Le moment choisi est d&rsquo;abord et avant tout le week-end (45%), surtout pour les femmes. Les hommes, eux, pr\u00e9f\u00e8rent des soir\u00e9es en semaine. En outre, une activit\u00e9 compl\u00e9mentaire est plus populaire chez les employ\u00e9s \u00e0 temps plein (27%) que chez ceux qui travaillent \u00e0 temps partiel (18%). C&rsquo;est ce qui ressort d\u2019une enqu\u00eate de Xerius, le plus grand guichet d&rsquo;entreprises de Belgique, conduite en 2025 aupr\u00e8s de 1.000 Belges.<\/p>\n<p>Ces derni\u00e8res ann\u00e9es, le nombre d&rsquo;ind\u00e9pendants \u00e0 titre compl\u00e9mentaire a continu\u00e9 \u00e0 augmenter, selon les chiffres de l&rsquo;INASTI. D\u00e9but 2025, on comptait d\u00e9j\u00e0 plus de 150.000 femmes ind\u00e9pendantes \u00e0 titre compl\u00e9mentaire. Xerius a analys\u00e9 les tendances pour 2025 et, selon ses propres chiffres, observe une croissance de 10% du nombre de personnes qui commencent une activit\u00e9 d&rsquo;ind\u00e9pendant \u00e0 titre compl\u00e9mentaire: de 10.000 \u00e0 11.000.<\/p>\n<p>\u201cNos chiffres donnent une bonne indication d&rsquo;une tendance \u00e0 la hausse. Nous constatons une croissance des activit\u00e9s conduites \u00e0 titre compl\u00e9mentaire aussi bien chez hommes (+12%) que chez les femmes (+9%),\u201d indique St\u00e9phanie Gowenko, porte-parole de Xerius.\u201c<em>Nous avons \u00e9galement \u00e9tudi\u00e9 quels facteurs jouent un r\u00f4le dans le choix d&rsquo;une activit\u00e9 compl\u00e9mentaire et comment ceux-ci diff\u00e8rent entre hommes et femmes.\u201d<\/em><\/p>\n<p>En mai dernier, Xerius a interrog\u00e9 1.000 Belges actifs (\u00e9chantillon repr\u00e9sentatif en termes de genre, d&rsquo;\u00e2ge et de r\u00e9gion) quant \u00e0 leur int\u00e9r\u00eat pour une activit\u00e9 compl\u00e9mentaire. Les r\u00e9sultats montrent que plus d&rsquo;un quart d&rsquo;entre eux (26%) en exercent d\u00e9j\u00e0 une aujourd&rsquo;hui. 16% en ont fait l&rsquo;exp\u00e9rience dans le pass\u00e9. Cela passe par diff\u00e9rents statuts: flexi-job, ind\u00e9pendant \u00e0 titre compl\u00e9mentaire, petits boulots (pay\u00e9s) ou b\u00e9n\u00e9volat, jobs g\u00e9r\u00e9s au d\u00e9part d&rsquo;une plateforme de partage (comme Uber), etc.<\/p>\n<p>Parmi celles et ceux qui n&rsquo;ont pas encore d&rsquo;activit\u00e9 compl\u00e9mentaire, ils sont plus de huit sur dix (82%) \u00e0 \u00eatre ouverts \u00e0 l&rsquo;id\u00e9e. Xerius a aussi sond\u00e9 leurs attentes et les a compar\u00e9es \u00e0 celles des individus ayant d\u00e9j\u00e0 exp\u00e9riment\u00e9 un deuxi\u00e8me job.<\/p>\n<h3><strong><em>Plus de la moiti\u00e9 souhaitent que leur activit\u00e9 compl\u00e9mentaire soit totalement diff\u00e9rente<\/em><\/strong><\/h3>\n<p>Ceux qui envisagent de se lancer dans une activit\u00e9 compl\u00e9mentaire travaillent principalement dans les soins de sant\u00e9 (13%), l\u2019administration publique et la d\u00e9fense (10%), l\u2019enseignement (9%), l\u2019informatique (8%), l\u2019industrie (7%) et les services financiers (7%). Il est \u00e0 noter que plus de la moiti\u00e9 (52 %) souhaitent que leur activit\u00e9 compl\u00e9mentaire soit totalement diff\u00e9rente de leur travail principal. La tendance est plus prononc\u00e9e chez les femmes (59%) que chez les hommes (48%). Pr\u00e8s de quatre personnes sur dix (37%) voient davantage ce deuxi\u00e8me job dans la lign\u00e9e de leur emploi actuel. C\u2019est principalement le cas des hommes (43% contre 29% pour les femmes). Une femme sur sept (14%) est ouverte \u00e0 ces deux possibilit\u00e9s, contre 9% chez les hommes.<br \/>\n\u200bSi l\u2019Horeca et la vente en magasin int\u00e9ressent le plus, d\u2019autres secteurs reviennent souvent: l\u2019enseignement, l\u2019administration, les petits boulots (bricolage, r\u00e9parations, etc.), la livraison de colis ou encore l\u2019informatique.<\/p>\n<h3><strong><em>Le week-end est le moment id\u00e9al pour arrondir ses fins de mois<\/em><\/strong><\/h3>\n<p>Trois quarts des Belges ont d\u00e9j\u00e0 envisag\u00e9 de se lancer dans une activit\u00e9 compl\u00e9mentaire, mais il reste alors LA question: quand trouveraient-ils le temps? L&rsquo;enqu\u00eate de Xerius montre que:<\/p>\n<ul>\n<li>Le week-end ressort nettement. Il est mis en avant par pr\u00e8s de la moiti\u00e9 des personnes int\u00e9ress\u00e9es (45%). Ce pourcentage est encore plus \u00e9lev\u00e9 chez les travailleurs \u00e0 temps plein: plus de la moiti\u00e9 (52%) disent pouvoir consacrer du temps le week-end, contre seulement 23% pour les travailleurs \u00e0 temps partiel. Davantage d&rsquo;hommes (52%) que de femmes (39%) pensent avoir le temps le week-end.<\/li>\n<li>Les soir\u00e9es en semaine arrivent en deuxi\u00e8me place (29%). Elles sont cit\u00e9es par davantage d&rsquo;hommes (32%) que de femmes (26%).<\/li>\n<li>15% souhaitent r\u00e9server cette activit\u00e9 aux p\u00e9riodes de cong\u00e9s (16% chez les hommes et 14% chez les femmes).<\/li>\n<li>Un quart (25%) sont pr\u00eats \u00e0 consacrer une journ\u00e9e par semaine \u00e0 cette activit\u00e9 compl\u00e9mentaire. C&rsquo;est le cas de 23% des hommes et de 27% des femmes. De plus, ils sont 17% \u00e0 envisager de passer \u00e0 un emploi \u00e0 temps partiel afin de lib\u00e9rer du temps pour une activit\u00e9 compl\u00e9mentaire.<\/li>\n<\/ul>\n<p>St\u00e9phanie Gowenko, Xerius: <em>\u201cCelui ou celle qui envisage une activit\u00e9 compl\u00e9mentaire est \u00e9videmment conscient que cela requiert du temps. Le week-end appara\u00eet ici comme le moment id\u00e9al, surtout chez les femmes, alors que les hommes sont aussi pr\u00eats \u00e0 y consacrer des soir\u00e9es en semaine. Mais les p\u00e9riodes de cong\u00e9s ou un jour fix\u00e9 par semaine fonctionnent \u00e9galement. Ces attentes refl\u00e8tent fid\u00e8lement la situation r\u00e9elle.\u00a0\u00bb<\/em><\/p>\n<h3><strong><em>Dans les faits: 10 heures par semaine, en moyenne<\/em><\/strong><\/h3>\n<p>Les femmes exercent principalement leur activit\u00e9 compl\u00e9mentaire le week-end (62% contre 49% pour les hommes), alors que les hommes choisissent souvent les soir\u00e9es en semaine (43% contre 34% pour les femmes). En pratique, trois quarts (77%) le font de mani\u00e8re quotidienne ou hebdomadaire. Les femmes d\u00e9clarent plus souvent ne s&rsquo;y consacrer qu&rsquo;occasionnellement (18% contre 10% pour les hommes).<\/p>\n<p><em>\u201cEn r\u00e9alit\u00e9, hommes et femmes consacrent en moyenne dix heures par semaine \u00e0 leur activit\u00e9 compl\u00e9mentaire. Pour 10% des personnes concern\u00e9es, cela grimpe m\u00eame jusqu&rsquo;\u00e0 20 heures par semaine. Au final, environ une personne sur huit (12%) d\u00e9clare \u00eatre pass\u00e9e ou vouloir passer \u00e0 un emploi \u00e0 temps partiel, afin d&rsquo;avoir plus de temps \u00e0 consacrer \u00e0 l&rsquo;activit\u00e9 compl\u00e9mentaire\u201d,<\/em> d\u00e9clare St\u00e9phanie Gowenko de Xerius.<\/p>\n<h3><strong><em>Les femmes h\u00e9sitent moins longtemps \u00e0 se lancer<\/em><\/strong><\/h3>\n<p>4 participants \u00e0 l&rsquo;enqu\u00eate sur 10 (42%) d\u00e9clarent s&rsquo;\u00eatre d\u00e9cid\u00e9s rapidement \u00e0 se lancer dans une activit\u00e9 compl\u00e9mentaire. Mais un tiers de ceux qui en ont (ou en ont eu) une ont pes\u00e9 le pour et le contre des ann\u00e9es durant avant de se d\u00e9cider. Il est \u00e0 noter que la moiti\u00e9 des femmes (50%) n&rsquo;ont eu besoin que de quelques mois pour se d\u00e9cider, contre seulement 36% du c\u00f4t\u00e9 des hommes. Ces derniers ont souvent h\u00e9sit\u00e9 de plus longues ann\u00e9es que les femmes avant d&#8217;embarquer pour une activit\u00e9 compl\u00e9mentaire (26% contre 38%).<\/p>\n<h3><strong><em>Le principal frein? Le temps disponible\u2026<\/em><\/strong><\/h3>\n<p>Pour un Belge sur sept (14%), le manque de temps constitue le principal obstacle pour se lancer dans une activit\u00e9 compl\u00e9mentaire. Le risque financier (13%) et les incertitudes quant \u00e0 l&rsquo;impact financier (11%) compl\u00e8tent le top 3 des raisons invoqu\u00e9es.<\/p>\n<p><strong><em>Top 10: Quel est pour vous le principal obstacle qui vous emp\u00eache de vous lancer dans une activit\u00e9 compl\u00e9mentaire?<\/em><\/strong><\/p>\n<ul>\n<li>Je n&rsquo;ai d\u00e9j\u00e0 pas assez de temps maintenant (14%)<\/li>\n<li>Les risques financiers (13%)<\/li>\n<li>Je n&rsquo;ai pas de vue quant \u00e0 l\u2019impact financier (11%)<\/li>\n<li>J&rsquo;ai peur que \u00e7a ne marche pas (10%)<\/li>\n<li>Je redoute les d\u00e9marches administratives (9%)<\/li>\n<li>Je n&rsquo;ai pas assez d&rsquo;informations quant aux possibilit\u00e9s (8%)<\/li>\n<li>Mon \u00e9tat de sant\u00e9 ne me le permet pas (8%)<\/li>\n<li>Je ne sais pas comment proc\u00e9der (7%)<\/li>\n<li>Ma situation personnelle rend les choses plus complexes (7%)<\/li>\n<li>J&rsquo;ai peur des cons\u00e9quences quant \u00e0 mon emploi principal (6%)<\/li>\n<\/ul>\n<p><em>\u00ab\u00a0En expliquant clairement les impacts financiers et fiscaux, nous pouvons lever les r\u00e9ticences de certaines personnes \u00e0 se lancer dans une activit\u00e9 compl\u00e9mentaire. De plus, la simplification des proc\u00e9dures administratives peut faciliter le processus. En th\u00e9orie, il est possible de commencer une telle activit\u00e9 en une semaine seulement. Le manque de temps reste le principal obstacle. Cependant, il est int\u00e9ressant de noter que les travailleurs \u00e0 temps plein (27%) sont plus enclins \u00e0 exercer une activit\u00e9 secondaire que ceux qui travaillent \u00e0 temps partiel (18%). Ils trouvent le temps n\u00e9cessaire (environ 10 heures par semaine) en dehors de leur horaire habituel, le week-end ou durant leurs cong\u00e9s,\u00a0\u00bb<\/em> conclut St\u00e9phanie Gowenko de Xerius.<\/p>\n<p>&nbsp;<\/p>\n<p><em>Source: l&rsquo;\u00e9tude Xerius s&rsquo;est d\u00e9roul\u00e9e sous la forme qu&rsquo;un questionnaire en ligne auquel ont r\u00e9pondu int\u00e9gralement 1.000 personnes \u00e2g\u00e9es de 18 \u00e0 64 ans, entre le 20 et le 28 mai. 70% des r\u00e9pondants sont salari\u00e9s, 10% ind\u00e9pendants et 12% fonctionnaires. Quelque 7% ont un autre statut (demandeur d&#8217;emploi, \u00e9tudiant, retrait\u00e9 ou malade de longue dur\u00e9e). Parmi les r\u00e9pondants qui travaillent, 82% le font \u00e0 temps plein et 18% \u00e0 temps partiel. 65% sont mari\u00e9s ou cohabitants et 35% isol\u00e9s. L&rsquo;\u00e9tude est repr\u00e9sentative en termes d&rsquo;\u00e2ge, de genre et de r\u00e9gion. Les facteurs de pond\u00e9ration n&rsquo;ont jamais d\u00e9pass\u00e9 1,5. La marge d&rsquo;erreur, pour l&rsquo;ensemble de cette population de 1.000 Belges actifs professionnellement, est de 3,10% (intervalle de fiabilit\u00e9 = 95%).<\/em><\/p>\n","protected":false},"excerpt":{"rendered":"<p>En 2025, le nombre de travailleurs exer\u00e7ant une activit\u00e9 d&rsquo;ind\u00e9pendant \u00e0 titre compl\u00e9mentaire a continu\u00e9 d&rsquo;augmenter. D&rsquo;apr\u00e8s les chiffres de Xerius, plus de 30.000 personnes ont commenc\u00e9 une telle activit\u00e9 compl\u00e9mentaire l&rsquo;ann\u00e9e derni\u00e8re. Les femmes h\u00e9sitent moins longtemps que les [&hellip;]<\/p>\n","protected":false},"author":2,"featured_media":18858,"comment_status":"closed","ping_status":"open","sticky":false,"template":"","format":"standard","meta":[],"categories":[65,10],"tags":[292,4315,4408],"yoast_head":"<!-- This site is optimized with the Yoast SEO plugin v21.0 - https:\/\/yoast.com\/wordpress\/plugins\/seo\/ -->\n<title>Journ\u00e9e internationale des femmes: les femmes se lancent plus rapidement que les hommes dans une activit\u00e9 \u00e0 titre compl\u00e9mentaire (et diff\u00e9rente). - Peoplesphere<\/title>\n<meta name=\"robots\" content=\"index, follow, max-snippet:-1, max-image-preview:large, max-video-preview:-1\" \/>\n<link rel=\"canonical\" href=\"https:\/\/peoplesphere.be\/fr\/journee-internationale-des-femmes-les-femmes-se-lancent-plus-rapidement-que-les-hommes-dans-une-activite-a-titre-complementaire-et-differente\/\" \/>\n<meta property=\"og:locale\" content=\"fr_FR\" \/>\n<meta property=\"og:type\" content=\"article\" \/>\n<meta property=\"og:title\" content=\"Journ\u00e9e internationale des femmes: les femmes se lancent plus rapidement que les hommes dans une activit\u00e9 \u00e0 titre compl\u00e9mentaire (et diff\u00e9rente). - Peoplesphere\" \/>\n<meta property=\"og:description\" content=\"En 2025, le nombre de travailleurs exer\u00e7ant une activit\u00e9 d&rsquo;ind\u00e9pendant \u00e0 titre compl\u00e9mentaire a continu\u00e9 d&rsquo;augmenter. D&rsquo;apr\u00e8s les chiffres de Xerius, plus de 30.000 personnes ont commenc\u00e9 une telle activit\u00e9 compl\u00e9mentaire l&rsquo;ann\u00e9e derni\u00e8re. Les femmes h\u00e9sitent moins longtemps que les [&hellip;]\" \/>\n<meta property=\"og:url\" content=\"https:\/\/peoplesphere.be\/fr\/journee-internationale-des-femmes-les-femmes-se-lancent-plus-rapidement-que-les-hommes-dans-une-activite-a-titre-complementaire-et-differente\/\" \/>\n<meta property=\"og:site_name\" content=\"Peoplesphere\" \/>\n<meta property=\"article:publisher\" content=\"https:\/\/www.facebook.com\/peoplesphere\" \/>\n<meta property=\"article:published_time\" content=\"2026-03-08T09:36:33+00:00\" \/>\n<meta property=\"og:image\" content=\"https:\/\/peoplesphere.be\/fr\/wp-content\/uploads\/2026\/03\/20260308stephaniegowenko.jpg\" \/>\n\t<meta property=\"og:image:width\" content=\"798\" \/>\n\t<meta property=\"og:image:height\" content=\"484\" \/>\n\t<meta property=\"og:image:type\" content=\"image\/jpeg\" \/>\n<meta name=\"author\" content=\"Jean-Paul Erhard\" \/>\n<meta name=\"twitter:card\" content=\"summary_large_image\" \/>\n<meta name=\"twitter:creator\" content=\"@PeoplesphereMag\" \/>\n<meta name=\"twitter:site\" content=\"@PeoplesphereMag\" \/>\n<meta name=\"twitter:label1\" content=\"\u00c9crit par\" \/>\n\t<meta name=\"twitter:data1\" content=\"Jean-Paul Erhard\" \/>\n\t<meta name=\"twitter:label2\" content=\"Dur\u00e9e de lecture estim\u00e9e\" \/>\n\t<meta name=\"twitter:data2\" content=\"8 minutes\" \/>\n<script type=\"application\/ld+json\" class=\"yoast-schema-graph\">{\"@context\":\"https:\/\/schema.org\",\"@graph\":[{\"@type\":\"Article\",\"@id\":\"https:\/\/peoplesphere.be\/fr\/journee-internationale-des-femmes-les-femmes-se-lancent-plus-rapidement-que-les-hommes-dans-une-activite-a-titre-complementaire-et-differente\/#article\",\"isPartOf\":{\"@id\":\"https:\/\/peoplesphere.be\/fr\/journee-internationale-des-femmes-les-femmes-se-lancent-plus-rapidement-que-les-hommes-dans-une-activite-a-titre-complementaire-et-differente\/\"},\"author\":{\"name\":\"Jean-Paul Erhard\",\"@id\":\"https:\/\/peoplesphere.be\/fr\/#\/schema\/person\/7976225ff17988604334abb7b3536a7e\"},\"headline\":\"Journ\u00e9e internationale des femmes: les femmes se lancent plus rapidement que les hommes dans une activit\u00e9 \u00e0 titre compl\u00e9mentaire (et diff\u00e9rente).\",\"datePublished\":\"2026-03-08T09:36:33+00:00\",\"dateModified\":\"2026-03-08T09:36:33+00:00\",\"mainEntityOfPage\":{\"@id\":\"https:\/\/peoplesphere.be\/fr\/journee-internationale-des-femmes-les-femmes-se-lancent-plus-rapidement-que-les-hommes-dans-une-activite-a-titre-complementaire-et-differente\/\"},\"wordCount\":1481,\"publisher\":{\"@id\":\"https:\/\/peoplesphere.be\/fr\/#organization\"},\"keywords\":[\"\u00e9galit\u00e9 des genres\",\"ind\u00e9pendant compl\u00e9mentaire\",\"journ\u00e9e des femmes\"],\"articleSection\":[\"Actualit\u00e9s\",\"Digital\"],\"inLanguage\":\"fr-FR\"},{\"@type\":\"WebPage\",\"@id\":\"https:\/\/peoplesphere.be\/fr\/journee-internationale-des-femmes-les-femmes-se-lancent-plus-rapidement-que-les-hommes-dans-une-activite-a-titre-complementaire-et-differente\/\",\"url\":\"https:\/\/peoplesphere.be\/fr\/journee-internationale-des-femmes-les-femmes-se-lancent-plus-rapidement-que-les-hommes-dans-une-activite-a-titre-complementaire-et-differente\/\",\"name\":\"Journ\u00e9e internationale des femmes: les femmes se lancent plus rapidement que les hommes dans une activit\u00e9 \u00e0 titre compl\u00e9mentaire (et diff\u00e9rente). - Peoplesphere\",\"isPartOf\":{\"@id\":\"https:\/\/peoplesphere.be\/fr\/#website\"},\"datePublished\":\"2026-03-08T09:36:33+00:00\",\"dateModified\":\"2026-03-08T09:36:33+00:00\",\"breadcrumb\":{\"@id\":\"https:\/\/peoplesphere.be\/fr\/journee-internationale-des-femmes-les-femmes-se-lancent-plus-rapidement-que-les-hommes-dans-une-activite-a-titre-complementaire-et-differente\/#breadcrumb\"},\"inLanguage\":\"fr-FR\",\"potentialAction\":[{\"@type\":\"ReadAction\",\"target\":[\"https:\/\/peoplesphere.be\/fr\/journee-internationale-des-femmes-les-femmes-se-lancent-plus-rapidement-que-les-hommes-dans-une-activite-a-titre-complementaire-et-differente\/\"]}]},{\"@type\":\"BreadcrumbList\",\"@id\":\"https:\/\/peoplesphere.be\/fr\/journee-internationale-des-femmes-les-femmes-se-lancent-plus-rapidement-que-les-hommes-dans-une-activite-a-titre-complementaire-et-differente\/#breadcrumb\",\"itemListElement\":[{\"@type\":\"ListItem\",\"position\":1,\"name\":\"Accueil\",\"item\":\"https:\/\/peoplesphere.be\/fr\/\"},{\"@type\":\"ListItem\",\"position\":2,\"name\":\"Journ\u00e9e internationale des femmes: les femmes se lancent plus rapidement que les hommes dans une activit\u00e9 \u00e0 titre compl\u00e9mentaire (et diff\u00e9rente).\"}]},{\"@type\":\"WebSite\",\"@id\":\"https:\/\/peoplesphere.be\/fr\/#website\",\"url\":\"https:\/\/peoplesphere.be\/fr\/\",\"name\":\"Peoplesphere\",\"description\":\"The People Managers Magazine\",\"publisher\":{\"@id\":\"https:\/\/peoplesphere.be\/fr\/#organization\"},\"potentialAction\":[{\"@type\":\"SearchAction\",\"target\":{\"@type\":\"EntryPoint\",\"urlTemplate\":\"https:\/\/peoplesphere.be\/fr\/?s={search_term_string}\"},\"query-input\":\"required name=search_term_string\"}],\"inLanguage\":\"fr-FR\"},{\"@type\":\"Organization\",\"@id\":\"https:\/\/peoplesphere.be\/fr\/#organization\",\"name\":\"Peoplesphere Company srl\",\"url\":\"https:\/\/peoplesphere.be\/fr\/\",\"logo\":{\"@type\":\"ImageObject\",\"inLanguage\":\"fr-FR\",\"@id\":\"https:\/\/peoplesphere.be\/fr\/#\/schema\/logo\/image\/\",\"url\":\"https:\/\/peoplesphere.be\/fr\/wp-content\/uploads\/2023\/07\/peoplesphere-lgo-new-generik.jpg\",\"contentUrl\":\"https:\/\/peoplesphere.be\/fr\/wp-content\/uploads\/2023\/07\/peoplesphere-lgo-new-generik.jpg\",\"width\":1031,\"height\":1479,\"caption\":\"Peoplesphere Company srl\"},\"image\":{\"@id\":\"https:\/\/peoplesphere.be\/fr\/#\/schema\/logo\/image\/\"},\"sameAs\":[\"https:\/\/www.facebook.com\/peoplesphere\",\"https:\/\/twitter.com\/PeoplesphereMag\",\"https:\/\/www.linkedin.com\/company\/7587361?trk\",\"http:\/\/youtube.com\/peoplesphere\"]},{\"@type\":\"Person\",\"@id\":\"https:\/\/peoplesphere.be\/fr\/#\/schema\/person\/7976225ff17988604334abb7b3536a7e\",\"name\":\"Jean-Paul Erhard\",\"image\":{\"@type\":\"ImageObject\",\"inLanguage\":\"fr-FR\",\"@id\":\"https:\/\/peoplesphere.be\/fr\/#\/schema\/person\/image\/\",\"url\":\"https:\/\/secure.gravatar.com\/avatar\/f941e681460179738071629a51574930?s=96&d=mm&r=g\",\"contentUrl\":\"https:\/\/secure.gravatar.com\/avatar\/f941e681460179738071629a51574930?s=96&d=mm&r=g\",\"caption\":\"Jean-Paul Erhard\"},\"url\":\"https:\/\/peoplesphere.be\/fr\/author\/jpe\/\"}]}<\/script>\n<!-- \/ Yoast SEO plugin. -->","yoast_head_json":{"title":"Journ\u00e9e internationale des femmes: les femmes se lancent plus rapidement que les hommes dans une activit\u00e9 \u00e0 titre compl\u00e9mentaire (et diff\u00e9rente). - Peoplesphere","robots":{"index":"index","follow":"follow","max-snippet":"max-snippet:-1","max-image-preview":"max-image-preview:large","max-video-preview":"max-video-preview:-1"},"canonical":"https:\/\/peoplesphere.be\/fr\/journee-internationale-des-femmes-les-femmes-se-lancent-plus-rapidement-que-les-hommes-dans-une-activite-a-titre-complementaire-et-differente\/","og_locale":"fr_FR","og_type":"article","og_title":"Journ\u00e9e internationale des femmes: les femmes se lancent plus rapidement que les hommes dans une activit\u00e9 \u00e0 titre compl\u00e9mentaire (et diff\u00e9rente). - Peoplesphere","og_description":"En 2025, le nombre de travailleurs exer\u00e7ant une activit\u00e9 d&rsquo;ind\u00e9pendant \u00e0 titre compl\u00e9mentaire a continu\u00e9 d&rsquo;augmenter. D&rsquo;apr\u00e8s les chiffres de Xerius, plus de 30.000 personnes ont commenc\u00e9 une telle activit\u00e9 compl\u00e9mentaire l&rsquo;ann\u00e9e derni\u00e8re. Les femmes h\u00e9sitent moins longtemps que les [&hellip;]","og_url":"https:\/\/peoplesphere.be\/fr\/journee-internationale-des-femmes-les-femmes-se-lancent-plus-rapidement-que-les-hommes-dans-une-activite-a-titre-complementaire-et-differente\/","og_site_name":"Peoplesphere","article_publisher":"https:\/\/www.facebook.com\/peoplesphere","article_published_time":"2026-03-08T09:36:33+00:00","og_image":[{"width":798,"height":484,"url":"https:\/\/peoplesphere.be\/fr\/wp-content\/uploads\/2026\/03\/20260308stephaniegowenko.jpg","type":"image\/jpeg"}],"author":"Jean-Paul Erhard","twitter_card":"summary_large_image","twitter_creator":"@PeoplesphereMag","twitter_site":"@PeoplesphereMag","twitter_misc":{"\u00c9crit par":"Jean-Paul Erhard","Dur\u00e9e de lecture estim\u00e9e":"8 minutes"},"schema":{"@context":"https:\/\/schema.org","@graph":[{"@type":"Article","@id":"https:\/\/peoplesphere.be\/fr\/journee-internationale-des-femmes-les-femmes-se-lancent-plus-rapidement-que-les-hommes-dans-une-activite-a-titre-complementaire-et-differente\/#article","isPartOf":{"@id":"https:\/\/peoplesphere.be\/fr\/journee-internationale-des-femmes-les-femmes-se-lancent-plus-rapidement-que-les-hommes-dans-une-activite-a-titre-complementaire-et-differente\/"},"author":{"name":"Jean-Paul Erhard","@id":"https:\/\/peoplesphere.be\/fr\/#\/schema\/person\/7976225ff17988604334abb7b3536a7e"},"headline":"Journ\u00e9e internationale des femmes: les femmes se lancent plus rapidement que les hommes dans une activit\u00e9 \u00e0 titre compl\u00e9mentaire (et diff\u00e9rente).","datePublished":"2026-03-08T09:36:33+00:00","dateModified":"2026-03-08T09:36:33+00:00","mainEntityOfPage":{"@id":"https:\/\/peoplesphere.be\/fr\/journee-internationale-des-femmes-les-femmes-se-lancent-plus-rapidement-que-les-hommes-dans-une-activite-a-titre-complementaire-et-differente\/"},"wordCount":1481,"publisher":{"@id":"https:\/\/peoplesphere.be\/fr\/#organization"},"keywords":["\u00e9galit\u00e9 des genres","ind\u00e9pendant compl\u00e9mentaire","journ\u00e9e des femmes"],"articleSection":["Actualit\u00e9s","Digital"],"inLanguage":"fr-FR"},{"@type":"WebPage","@id":"https:\/\/peoplesphere.be\/fr\/journee-internationale-des-femmes-les-femmes-se-lancent-plus-rapidement-que-les-hommes-dans-une-activite-a-titre-complementaire-et-differente\/","url":"https:\/\/peoplesphere.be\/fr\/journee-internationale-des-femmes-les-femmes-se-lancent-plus-rapidement-que-les-hommes-dans-une-activite-a-titre-complementaire-et-differente\/","name":"Journ\u00e9e internationale des femmes: les femmes se lancent plus rapidement que les hommes dans une activit\u00e9 \u00e0 titre compl\u00e9mentaire (et diff\u00e9rente). - Peoplesphere","isPartOf":{"@id":"https:\/\/peoplesphere.be\/fr\/#website"},"datePublished":"2026-03-08T09:36:33+00:00","dateModified":"2026-03-08T09:36:33+00:00","breadcrumb":{"@id":"https:\/\/peoplesphere.be\/fr\/journee-internationale-des-femmes-les-femmes-se-lancent-plus-rapidement-que-les-hommes-dans-une-activite-a-titre-complementaire-et-differente\/#breadcrumb"},"inLanguage":"fr-FR","potentialAction":[{"@type":"ReadAction","target":["https:\/\/peoplesphere.be\/fr\/journee-internationale-des-femmes-les-femmes-se-lancent-plus-rapidement-que-les-hommes-dans-une-activite-a-titre-complementaire-et-differente\/"]}]},{"@type":"BreadcrumbList","@id":"https:\/\/peoplesphere.be\/fr\/journee-internationale-des-femmes-les-femmes-se-lancent-plus-rapidement-que-les-hommes-dans-une-activite-a-titre-complementaire-et-differente\/#breadcrumb","itemListElement":[{"@type":"ListItem","position":1,"name":"Accueil","item":"https:\/\/peoplesphere.be\/fr\/"},{"@type":"ListItem","position":2,"name":"Journ\u00e9e internationale des femmes: les femmes se lancent plus rapidement que les hommes dans une activit\u00e9 \u00e0 titre compl\u00e9mentaire (et diff\u00e9rente)."}]},{"@type":"WebSite","@id":"https:\/\/peoplesphere.be\/fr\/#website","url":"https:\/\/peoplesphere.be\/fr\/","name":"Peoplesphere","description":"The People Managers Magazine","publisher":{"@id":"https:\/\/peoplesphere.be\/fr\/#organization"},"potentialAction":[{"@type":"SearchAction","target":{"@type":"EntryPoint","urlTemplate":"https:\/\/peoplesphere.be\/fr\/?s={search_term_string}"},"query-input":"required name=search_term_string"}],"inLanguage":"fr-FR"},{"@type":"Organization","@id":"https:\/\/peoplesphere.be\/fr\/#organization","name":"Peoplesphere Company srl","url":"https:\/\/peoplesphere.be\/fr\/","logo":{"@type":"ImageObject","inLanguage":"fr-FR","@id":"https:\/\/peoplesphere.be\/fr\/#\/schema\/logo\/image\/","url":"https:\/\/peoplesphere.be\/fr\/wp-content\/uploads\/2023\/07\/peoplesphere-lgo-new-generik.jpg","contentUrl":"https:\/\/peoplesphere.be\/fr\/wp-content\/uploads\/2023\/07\/peoplesphere-lgo-new-generik.jpg","width":1031,"height":1479,"caption":"Peoplesphere Company srl"},"image":{"@id":"https:\/\/peoplesphere.be\/fr\/#\/schema\/logo\/image\/"},"sameAs":["https:\/\/www.facebook.com\/peoplesphere","https:\/\/twitter.com\/PeoplesphereMag","https:\/\/www.linkedin.com\/company\/7587361?trk","http:\/\/youtube.com\/peoplesphere"]},{"@type":"Person","@id":"https:\/\/peoplesphere.be\/fr\/#\/schema\/person\/7976225ff17988604334abb7b3536a7e","name":"Jean-Paul Erhard","image":{"@type":"ImageObject","inLanguage":"fr-FR","@id":"https:\/\/peoplesphere.be\/fr\/#\/schema\/person\/image\/","url":"https:\/\/secure.gravatar.com\/avatar\/f941e681460179738071629a51574930?s=96&d=mm&r=g","contentUrl":"https:\/\/secure.gravatar.com\/avatar\/f941e681460179738071629a51574930?s=96&d=mm&r=g","caption":"Jean-Paul Erhard"},"url":"https:\/\/peoplesphere.be\/fr\/author\/jpe\/"}]}},"_links":{"self":[{"href":"https:\/\/peoplesphere.be\/fr\/wp-json\/wp\/v2\/posts\/18857"}],"collection":[{"href":"https:\/\/peoplesphere.be\/fr\/wp-json\/wp\/v2\/posts"}],"about":[{"href":"https:\/\/peoplesphere.be\/fr\/wp-json\/wp\/v2\/types\/post"}],"author":[{"embeddable":true,"href":"https:\/\/peoplesphere.be\/fr\/wp-json\/wp\/v2\/users\/2"}],"replies":[{"embeddable":true,"href":"https:\/\/peoplesphere.be\/fr\/wp-json\/wp\/v2\/comments?post=18857"}],"version-history":[{"count":1,"href":"https:\/\/peoplesphere.be\/fr\/wp-json\/wp\/v2\/posts\/18857\/revisions"}],"predecessor-version":[{"id":18859,"href":"https:\/\/peoplesphere.be\/fr\/wp-json\/wp\/v2\/posts\/18857\/revisions\/18859"}],"wp:featuredmedia":[{"embeddable":true,"href":"https:\/\/peoplesphere.be\/fr\/wp-json\/wp\/v2\/media\/18858"}],"wp:attachment":[{"href":"https:\/\/peoplesphere.be\/fr\/wp-json\/wp\/v2\/media?parent=18857"}],"wp:term":[{"taxonomy":"category","embeddable":true,"href":"https:\/\/peoplesphere.be\/fr\/wp-json\/wp\/v2\/categories?post=18857"},{"taxonomy":"post_tag","embeddable":true,"href":"https:\/\/peoplesphere.be\/fr\/wp-json\/wp\/v2\/tags?post=18857"}],"curies":[{"name":"wp","href":"https:\/\/api.w.org\/{rel}","templated":true}]}}