









{"id":18967,"date":"2026-04-03T06:39:36","date_gmt":"2026-04-03T04:39:36","guid":{"rendered":"https:\/\/peoplesphere.be\/fr\/?p=18967"},"modified":"2026-04-03T06:39:36","modified_gmt":"2026-04-03T04:39:36","slug":"premiere-diminution-de-labsenteisme-en-belgique-depuis-25-ans-la-gestion-dynamique-des-travailleurs-absents-porterait-elle-ses-fruits","status":"publish","type":"post","link":"https:\/\/peoplesphere.be\/fr\/premiere-diminution-de-labsenteisme-en-belgique-depuis-25-ans-la-gestion-dynamique-des-travailleurs-absents-porterait-elle-ses-fruits\/","title":{"rendered":"Premi\u00e8re diminution de l&rsquo;absent\u00e9isme en Belgique depuis 25 ans: la gestion dynamique des travailleurs absents porterait-elle ses fruits?"},"content":{"rendered":"<p>Apr\u00e8s une hausse quasi ininterrompue pendant plus de deux d\u00e9cennies, l&rsquo;absent\u00e9isme sur le march\u00e9 du travail belge conna\u00eet pour la premi\u00e8re fois une baisse significative. Lors d&rsquo;une journ\u00e9e de travail moyenne en 2025, 8,09% des salari\u00e9s \u00e9taient absents pour cause de maladie, contre un pic record de 8,49% en 2024. \u200b Cette baisse historique est principalement due \u00e0 une diminution notable de l&rsquo;absent\u00e9isme de moyenne dur\u00e9e, qui a chut\u00e9 de pas moins de 11% en l\u2019espace d\u2019un an.<!--more--><\/p>\n<p>Outre l&rsquo;absent\u00e9isme de moyenne dur\u00e9e (1 mois \u00e0 1 an), qui a baiss\u00e9 l&rsquo;ann\u00e9e derni\u00e8re de 2,58% \u00e0 2,30%, la baisse g\u00e9n\u00e9rale du taux d&rsquo;absent\u00e9isme pour cause de maladie est \u00e9galement visible dans le cas de l&rsquo;absent\u00e9isme de courte dur\u00e9e (jusqu&rsquo;\u00e0 1 mois), qui a diminu\u00e9 de 5,8% (passant de 2,58% \u00e0 2,43%). \u200b L&rsquo;absent\u00e9isme de longue dur\u00e9e (plus d&rsquo;un an) reste toutefois \u200b \u00e0 un niveau historiquement \u00e9lev\u00e9 de 3,35% en 2025. \u200b \u200b<\/p>\n<h3><strong><em>La nouvelle politique de convocation porte ses fruits, en particulier chez les ouvriers<\/em><\/strong><\/h3>\n<p>La baisse de l&rsquo;absent\u00e9isme de moyenne dur\u00e9e co\u00efncide avec la nouvelle politique de convocation introduite en 2024 et pleinement entr\u00e9e en vigueur en 2025. Cette politique renforce l&rsquo;accompagnement par le m\u00e9decin-conseil et le coordinateur de retour au travail, qui contacte d\u00e9sormais les travailleurs en arr\u00eat maladie plus t\u00f4t et plus fr\u00e9quemment \u2013 notamment avant la fin du quatri\u00e8me mois, ainsi qu&rsquo;au cours des septi\u00e8me et onzi\u00e8me mois d&rsquo;absence \u2013 afin d&rsquo;\u00e9tudier les possibilit\u00e9s d&rsquo;une r\u00e9int\u00e9gration adapt\u00e9e.<\/p>\n<p>Elisabeth Etter, HR Consultant chez Securex : <em>\u00ab\u00a0Nous constatons dans la pratique que le suivi des collaborateurs absents est plus rapide et mieux cibl\u00e9. Les travailleurs se sentent mieux inform\u00e9s et soutenus, tandis que les employeurs et les responsables hi\u00e9rarchiques r\u00e9fl\u00e9chissent plus activement aux possibilit\u00e9s de r\u00e9int\u00e9gration. Cette volont\u00e9 commune d&rsquo;aborder le sujet ouvertement renforce la qualit\u00e9 du processus de r\u00e9int\u00e9gration dans la pratique.\u00a0\u00bb<\/em><\/p>\n<p>Gianinna Ng, m\u00e9decin-directeur Mutualit\u00e9s Libres (Partenamut) : <em>\u00ab\u00a0Depuis la mise en place de la nouvelle politique de convocation, les assur\u00e9s sont orient\u00e9s plus rapidement vers le m\u00e9decin-conseil ou le param\u00e9dical. Cela acc\u00e9l\u00e8re la prise en charge et peut potentiellement contribuer \u00e0 la baisse des p\u00e9riodes de maladie de moyenne dur\u00e9e. Nous esp\u00e9rons toutefois que cette tendance se confirmera \u00e0 l\u2019avenir et qu\u2019elle aura \u00e9galement un effet positif sur les cas de maladie de longue dur\u00e9e.\u00a0\u00bb<\/em><\/p>\n<p>La baisse est nettement plus marqu\u00e9e chez les ouvriers que chez les employ\u00e9s. Le taux d&rsquo;absent\u00e9isme global a diminu\u00e9 de 6,9% chez les ouvriers (passant de 11,52% \u00e0 10,73%) et de 2,7% chez les employ\u00e9s (passant de 6,56% \u00e0 6,38%). \u200b<\/p>\n<p>En ce qui concerne sp\u00e9cifiquement les absences de moyenne dur\u00e9e, la baisse atteint m\u00eame 14% chez les ouvriers (passant de 3,40% \u00e0 2,91%) et 7% chez les employ\u00e9s (passant de 2,05% \u00e0 1,91%). \u200b \u200b<\/p>\n<p><em>\u00ab\u00a0L&rsquo;une des explications possibles de la baisse plus marqu\u00e9e de l&rsquo;absent\u00e9isme de moyenne dur\u00e9e chez les ouvriers que chez les employ\u00e9s r\u00e9side dans la nature diff\u00e9rente des probl\u00e8mes de sant\u00e9 qui touchent g\u00e9n\u00e9ralement ces deux groupes. Chez les ouvriers, les causes sont plus souvent d\u2019ordre physique, tandis que chez les employ\u00e9s, ce sont plus souvent des troubles psychosociaux qui en sont \u00e0 l\u2019origine. Les troubles physiques offrent souvent un parcours de r\u00e9tablissement plus pr\u00e9visible et sont mieux connus que les troubles psychosociaux. Le seuil \u00e0 franchir pour reprendre le travail chez le m\u00eame employeur \u00e0 temps partiel est donc potentiellement moins \u00e9lev\u00e9 que dans le cas de troubles psychosociaux fortement li\u00e9s au travail, comme le burn-out,\u00a0\u00bb<\/em> explique Gianinna Ng. 1<\/p>\n<p><em>\u00ab\u00a0Nous savons que le retour au travail dans un environnement soutenant peut favoriser le r\u00e9tablissement, aussi en cas de burn-out. Pourtant, aujourd\u2019hui, le burn-out entra\u00eene encore une p\u00e9riode d\u2019arr\u00eat prolong\u00e9e, ce qui explique pourquoi la baisse de l\u2019absent\u00e9isme de moyenne dur\u00e9e est moins marqu\u00e9e chez ces personnes,\u00a0\u00bb<\/em> explique Elisabeth Etter.<\/p>\n<h3><strong><em>Un suivi positif est essentiel pour \u00e9viter les rechutes<\/em><\/strong><\/h3>\n<p>Bien que la baisse remarquable du taux d&rsquo;absent\u00e9isme global soit encourageante, les experts soulignent l&rsquo;importance d&rsquo;une approche durable. Il ne suffit pas de remettre les personnes en activit\u00e9 plus rapidement ; un suivi ad\u00e9quat apr\u00e8s la reprise du travail est essentiel pour \u00e9viter les rechutes.<\/p>\n<p>Elisabeth Etter souligne l&rsquo;importance d&rsquo;une approche durable : <em>\u00ab\u00a0La baisse du taux d&rsquo;absent\u00e9isme global marque un tournant important, mais nous ne pouvons pas y voir une tendance d\u00e9finitive ou une fin en soi. Le d\u00e9fi consiste d\u00e9sormais \u00e0 p\u00e9renniser cette tendance positive et \u00e0 \u00e9viter les rechutes. Sans un suivi positif et soutenant de la part de l\u2019employeur et sans des autres parties qui apportent leur soutien apr\u00e8s le retour au travail, les collaborateurs risquent de basculer vers l\u2019absent\u00e9isme de longue dur\u00e9e. Il faudra du temps avant que l\u2019impact des mesures ne se refl\u00e8te \u00e9galement dans les chiffres de l\u2019absent\u00e9isme de longue dur\u00e9e. C\u2019est pourquoi il est essentiel de continuer \u00e0 mettre l\u2019accent sur une politique de bien-\u00eatre solide et pr\u00e9ventive. La pr\u00e9vention reste la meilleure des approches.\u00a0\u00bb<\/em><\/p>\n<p>&nbsp;<\/p>\n<p>Source : Securex &#8211; les chiffres pr\u00e9sent\u00e9s dans cette \u00e9tude sont bas\u00e9s sur les donn\u00e9es enregistr\u00e9es par les employeurs. Ils s&rsquo;appliquent \u00e0 un salari\u00e9 type dans les entreprises comptant jusqu&rsquo;\u00e0 1.000 salari\u00e9s du secteur priv\u00e9 belge. En 2025, l&rsquo;\u00e9chantillon comptait 22.583 employeurs et 188.857 salari\u00e9s. Les salari\u00e9s de l&rsquo;\u00e9chantillon ont un contrat d&rsquo;au moins 30 jours, dont au moins un jour dans la p\u00e9riode \u00e9tudi\u00e9e. \u200b<\/p>\n<p>1 &#8211; L&rsquo;incapacit\u00e9 de travail en Belgique est en hausse<\/p>\n","protected":false},"excerpt":{"rendered":"<p>Apr\u00e8s une hausse quasi ininterrompue pendant plus de deux d\u00e9cennies, l&rsquo;absent\u00e9isme sur le march\u00e9 du travail belge conna\u00eet pour la premi\u00e8re fois une baisse significative. Lors d&rsquo;une journ\u00e9e de travail moyenne en 2025, 8,09% des salari\u00e9s \u00e9taient absents pour cause [&hellip;]<\/p>\n","protected":false},"author":2,"featured_media":18968,"comment_status":"closed","ping_status":"open","sticky":false,"template":"","format":"standard","meta":[],"categories":[65,10],"tags":[145,1160,4421,639,44],"yoast_head":"<!-- This site is optimized with the Yoast SEO plugin v21.0 - https:\/\/yoast.com\/wordpress\/plugins\/seo\/ -->\n<title>Premi\u00e8re diminution de l&#039;absent\u00e9isme en Belgique depuis 25 ans: la gestion dynamique des travailleurs absents porterait-elle ses fruits? - Peoplesphere<\/title>\n<meta name=\"robots\" content=\"index, follow, max-snippet:-1, max-image-preview:large, max-video-preview:-1\" \/>\n<link rel=\"canonical\" href=\"https:\/\/peoplesphere.be\/fr\/premiere-diminution-de-labsenteisme-en-belgique-depuis-25-ans-la-gestion-dynamique-des-travailleurs-absents-porterait-elle-ses-fruits\/\" \/>\n<meta property=\"og:locale\" content=\"fr_FR\" \/>\n<meta property=\"og:type\" content=\"article\" \/>\n<meta property=\"og:title\" content=\"Premi\u00e8re diminution de l&#039;absent\u00e9isme en Belgique depuis 25 ans: la gestion dynamique des travailleurs absents porterait-elle ses fruits? - Peoplesphere\" \/>\n<meta property=\"og:description\" content=\"Apr\u00e8s une hausse quasi ininterrompue pendant plus de deux d\u00e9cennies, l&rsquo;absent\u00e9isme sur le march\u00e9 du travail belge conna\u00eet pour la premi\u00e8re fois une baisse significative. Lors d&rsquo;une journ\u00e9e de travail moyenne en 2025, 8,09% des salari\u00e9s \u00e9taient absents pour cause [&hellip;]\" \/>\n<meta property=\"og:url\" content=\"https:\/\/peoplesphere.be\/fr\/premiere-diminution-de-labsenteisme-en-belgique-depuis-25-ans-la-gestion-dynamique-des-travailleurs-absents-porterait-elle-ses-fruits\/\" \/>\n<meta property=\"og:site_name\" content=\"Peoplesphere\" \/>\n<meta property=\"article:publisher\" content=\"https:\/\/www.facebook.com\/peoplesphere\" \/>\n<meta property=\"article:published_time\" content=\"2026-04-03T04:39:36+00:00\" \/>\n<meta property=\"og:image\" content=\"https:\/\/peoplesphere.be\/fr\/wp-content\/uploads\/2026\/04\/20260403securexabsenteisme.jpg\" \/>\n\t<meta property=\"og:image:width\" content=\"1120\" \/>\n\t<meta property=\"og:image:height\" content=\"748\" \/>\n\t<meta property=\"og:image:type\" content=\"image\/jpeg\" \/>\n<meta name=\"author\" content=\"Jean-Paul Erhard\" \/>\n<meta name=\"twitter:card\" content=\"summary_large_image\" \/>\n<meta name=\"twitter:creator\" content=\"@PeoplesphereMag\" \/>\n<meta name=\"twitter:site\" content=\"@PeoplesphereMag\" \/>\n<meta name=\"twitter:label1\" content=\"\u00c9crit par\" \/>\n\t<meta name=\"twitter:data1\" content=\"Jean-Paul Erhard\" \/>\n\t<meta name=\"twitter:label2\" content=\"Dur\u00e9e de lecture estim\u00e9e\" \/>\n\t<meta name=\"twitter:data2\" content=\"5 minutes\" \/>\n<script type=\"application\/ld+json\" class=\"yoast-schema-graph\">{\"@context\":\"https:\/\/schema.org\",\"@graph\":[{\"@type\":\"Article\",\"@id\":\"https:\/\/peoplesphere.be\/fr\/premiere-diminution-de-labsenteisme-en-belgique-depuis-25-ans-la-gestion-dynamique-des-travailleurs-absents-porterait-elle-ses-fruits\/#article\",\"isPartOf\":{\"@id\":\"https:\/\/peoplesphere.be\/fr\/premiere-diminution-de-labsenteisme-en-belgique-depuis-25-ans-la-gestion-dynamique-des-travailleurs-absents-porterait-elle-ses-fruits\/\"},\"author\":{\"name\":\"Jean-Paul Erhard\",\"@id\":\"https:\/\/peoplesphere.be\/fr\/#\/schema\/person\/7976225ff17988604334abb7b3536a7e\"},\"headline\":\"Premi\u00e8re diminution de l&rsquo;absent\u00e9isme en Belgique depuis 25 ans: la gestion dynamique des travailleurs absents porterait-elle ses fruits?\",\"datePublished\":\"2026-04-03T04:39:36+00:00\",\"dateModified\":\"2026-04-03T04:39:36+00:00\",\"mainEntityOfPage\":{\"@id\":\"https:\/\/peoplesphere.be\/fr\/premiere-diminution-de-labsenteisme-en-belgique-depuis-25-ans-la-gestion-dynamique-des-travailleurs-absents-porterait-elle-ses-fruits\/\"},\"wordCount\":967,\"publisher\":{\"@id\":\"https:\/\/peoplesphere.be\/fr\/#organization\"},\"keywords\":[\"absent\u00e9isme\",\"maladies\",\"m\u00e9decin-conseil\",\"r\u00e9int\u00e9gration\",\"Statistiques\"],\"articleSection\":[\"Actualit\u00e9s\",\"Digital\"],\"inLanguage\":\"fr-FR\"},{\"@type\":\"WebPage\",\"@id\":\"https:\/\/peoplesphere.be\/fr\/premiere-diminution-de-labsenteisme-en-belgique-depuis-25-ans-la-gestion-dynamique-des-travailleurs-absents-porterait-elle-ses-fruits\/\",\"url\":\"https:\/\/peoplesphere.be\/fr\/premiere-diminution-de-labsenteisme-en-belgique-depuis-25-ans-la-gestion-dynamique-des-travailleurs-absents-porterait-elle-ses-fruits\/\",\"name\":\"Premi\u00e8re diminution de l'absent\u00e9isme en Belgique depuis 25 ans: la gestion dynamique des travailleurs absents porterait-elle ses fruits? - Peoplesphere\",\"isPartOf\":{\"@id\":\"https:\/\/peoplesphere.be\/fr\/#website\"},\"datePublished\":\"2026-04-03T04:39:36+00:00\",\"dateModified\":\"2026-04-03T04:39:36+00:00\",\"breadcrumb\":{\"@id\":\"https:\/\/peoplesphere.be\/fr\/premiere-diminution-de-labsenteisme-en-belgique-depuis-25-ans-la-gestion-dynamique-des-travailleurs-absents-porterait-elle-ses-fruits\/#breadcrumb\"},\"inLanguage\":\"fr-FR\",\"potentialAction\":[{\"@type\":\"ReadAction\",\"target\":[\"https:\/\/peoplesphere.be\/fr\/premiere-diminution-de-labsenteisme-en-belgique-depuis-25-ans-la-gestion-dynamique-des-travailleurs-absents-porterait-elle-ses-fruits\/\"]}]},{\"@type\":\"BreadcrumbList\",\"@id\":\"https:\/\/peoplesphere.be\/fr\/premiere-diminution-de-labsenteisme-en-belgique-depuis-25-ans-la-gestion-dynamique-des-travailleurs-absents-porterait-elle-ses-fruits\/#breadcrumb\",\"itemListElement\":[{\"@type\":\"ListItem\",\"position\":1,\"name\":\"Accueil\",\"item\":\"https:\/\/peoplesphere.be\/fr\/\"},{\"@type\":\"ListItem\",\"position\":2,\"name\":\"Premi\u00e8re diminution de l&rsquo;absent\u00e9isme en Belgique depuis 25 ans: la gestion dynamique des travailleurs absents porterait-elle ses fruits?\"}]},{\"@type\":\"WebSite\",\"@id\":\"https:\/\/peoplesphere.be\/fr\/#website\",\"url\":\"https:\/\/peoplesphere.be\/fr\/\",\"name\":\"Peoplesphere\",\"description\":\"The People Managers Magazine\",\"publisher\":{\"@id\":\"https:\/\/peoplesphere.be\/fr\/#organization\"},\"potentialAction\":[{\"@type\":\"SearchAction\",\"target\":{\"@type\":\"EntryPoint\",\"urlTemplate\":\"https:\/\/peoplesphere.be\/fr\/?s={search_term_string}\"},\"query-input\":\"required name=search_term_string\"}],\"inLanguage\":\"fr-FR\"},{\"@type\":\"Organization\",\"@id\":\"https:\/\/peoplesphere.be\/fr\/#organization\",\"name\":\"Peoplesphere Company srl\",\"url\":\"https:\/\/peoplesphere.be\/fr\/\",\"logo\":{\"@type\":\"ImageObject\",\"inLanguage\":\"fr-FR\",\"@id\":\"https:\/\/peoplesphere.be\/fr\/#\/schema\/logo\/image\/\",\"url\":\"https:\/\/peoplesphere.be\/fr\/wp-content\/uploads\/2023\/07\/peoplesphere-lgo-new-generik.jpg\",\"contentUrl\":\"https:\/\/peoplesphere.be\/fr\/wp-content\/uploads\/2023\/07\/peoplesphere-lgo-new-generik.jpg\",\"width\":1031,\"height\":1479,\"caption\":\"Peoplesphere Company srl\"},\"image\":{\"@id\":\"https:\/\/peoplesphere.be\/fr\/#\/schema\/logo\/image\/\"},\"sameAs\":[\"https:\/\/www.facebook.com\/peoplesphere\",\"https:\/\/twitter.com\/PeoplesphereMag\",\"https:\/\/www.linkedin.com\/company\/7587361?trk\",\"http:\/\/youtube.com\/peoplesphere\"]},{\"@type\":\"Person\",\"@id\":\"https:\/\/peoplesphere.be\/fr\/#\/schema\/person\/7976225ff17988604334abb7b3536a7e\",\"name\":\"Jean-Paul Erhard\",\"image\":{\"@type\":\"ImageObject\",\"inLanguage\":\"fr-FR\",\"@id\":\"https:\/\/peoplesphere.be\/fr\/#\/schema\/person\/image\/\",\"url\":\"https:\/\/secure.gravatar.com\/avatar\/f941e681460179738071629a51574930?s=96&d=mm&r=g\",\"contentUrl\":\"https:\/\/secure.gravatar.com\/avatar\/f941e681460179738071629a51574930?s=96&d=mm&r=g\",\"caption\":\"Jean-Paul Erhard\"},\"url\":\"https:\/\/peoplesphere.be\/fr\/author\/jpe\/\"}]}<\/script>\n<!-- \/ Yoast SEO plugin. -->","yoast_head_json":{"title":"Premi\u00e8re diminution de l'absent\u00e9isme en Belgique depuis 25 ans: la gestion dynamique des travailleurs absents porterait-elle ses fruits? - Peoplesphere","robots":{"index":"index","follow":"follow","max-snippet":"max-snippet:-1","max-image-preview":"max-image-preview:large","max-video-preview":"max-video-preview:-1"},"canonical":"https:\/\/peoplesphere.be\/fr\/premiere-diminution-de-labsenteisme-en-belgique-depuis-25-ans-la-gestion-dynamique-des-travailleurs-absents-porterait-elle-ses-fruits\/","og_locale":"fr_FR","og_type":"article","og_title":"Premi\u00e8re diminution de l'absent\u00e9isme en Belgique depuis 25 ans: la gestion dynamique des travailleurs absents porterait-elle ses fruits? - Peoplesphere","og_description":"Apr\u00e8s une hausse quasi ininterrompue pendant plus de deux d\u00e9cennies, l&rsquo;absent\u00e9isme sur le march\u00e9 du travail belge conna\u00eet pour la premi\u00e8re fois une baisse significative. Lors d&rsquo;une journ\u00e9e de travail moyenne en 2025, 8,09% des salari\u00e9s \u00e9taient absents pour cause [&hellip;]","og_url":"https:\/\/peoplesphere.be\/fr\/premiere-diminution-de-labsenteisme-en-belgique-depuis-25-ans-la-gestion-dynamique-des-travailleurs-absents-porterait-elle-ses-fruits\/","og_site_name":"Peoplesphere","article_publisher":"https:\/\/www.facebook.com\/peoplesphere","article_published_time":"2026-04-03T04:39:36+00:00","og_image":[{"width":1120,"height":748,"url":"https:\/\/peoplesphere.be\/fr\/wp-content\/uploads\/2026\/04\/20260403securexabsenteisme.jpg","type":"image\/jpeg"}],"author":"Jean-Paul Erhard","twitter_card":"summary_large_image","twitter_creator":"@PeoplesphereMag","twitter_site":"@PeoplesphereMag","twitter_misc":{"\u00c9crit par":"Jean-Paul Erhard","Dur\u00e9e de lecture estim\u00e9e":"5 minutes"},"schema":{"@context":"https:\/\/schema.org","@graph":[{"@type":"Article","@id":"https:\/\/peoplesphere.be\/fr\/premiere-diminution-de-labsenteisme-en-belgique-depuis-25-ans-la-gestion-dynamique-des-travailleurs-absents-porterait-elle-ses-fruits\/#article","isPartOf":{"@id":"https:\/\/peoplesphere.be\/fr\/premiere-diminution-de-labsenteisme-en-belgique-depuis-25-ans-la-gestion-dynamique-des-travailleurs-absents-porterait-elle-ses-fruits\/"},"author":{"name":"Jean-Paul Erhard","@id":"https:\/\/peoplesphere.be\/fr\/#\/schema\/person\/7976225ff17988604334abb7b3536a7e"},"headline":"Premi\u00e8re diminution de l&rsquo;absent\u00e9isme en Belgique depuis 25 ans: la gestion dynamique des travailleurs absents porterait-elle ses fruits?","datePublished":"2026-04-03T04:39:36+00:00","dateModified":"2026-04-03T04:39:36+00:00","mainEntityOfPage":{"@id":"https:\/\/peoplesphere.be\/fr\/premiere-diminution-de-labsenteisme-en-belgique-depuis-25-ans-la-gestion-dynamique-des-travailleurs-absents-porterait-elle-ses-fruits\/"},"wordCount":967,"publisher":{"@id":"https:\/\/peoplesphere.be\/fr\/#organization"},"keywords":["absent\u00e9isme","maladies","m\u00e9decin-conseil","r\u00e9int\u00e9gration","Statistiques"],"articleSection":["Actualit\u00e9s","Digital"],"inLanguage":"fr-FR"},{"@type":"WebPage","@id":"https:\/\/peoplesphere.be\/fr\/premiere-diminution-de-labsenteisme-en-belgique-depuis-25-ans-la-gestion-dynamique-des-travailleurs-absents-porterait-elle-ses-fruits\/","url":"https:\/\/peoplesphere.be\/fr\/premiere-diminution-de-labsenteisme-en-belgique-depuis-25-ans-la-gestion-dynamique-des-travailleurs-absents-porterait-elle-ses-fruits\/","name":"Premi\u00e8re diminution de l'absent\u00e9isme en Belgique depuis 25 ans: la gestion dynamique des travailleurs absents porterait-elle ses fruits? - Peoplesphere","isPartOf":{"@id":"https:\/\/peoplesphere.be\/fr\/#website"},"datePublished":"2026-04-03T04:39:36+00:00","dateModified":"2026-04-03T04:39:36+00:00","breadcrumb":{"@id":"https:\/\/peoplesphere.be\/fr\/premiere-diminution-de-labsenteisme-en-belgique-depuis-25-ans-la-gestion-dynamique-des-travailleurs-absents-porterait-elle-ses-fruits\/#breadcrumb"},"inLanguage":"fr-FR","potentialAction":[{"@type":"ReadAction","target":["https:\/\/peoplesphere.be\/fr\/premiere-diminution-de-labsenteisme-en-belgique-depuis-25-ans-la-gestion-dynamique-des-travailleurs-absents-porterait-elle-ses-fruits\/"]}]},{"@type":"BreadcrumbList","@id":"https:\/\/peoplesphere.be\/fr\/premiere-diminution-de-labsenteisme-en-belgique-depuis-25-ans-la-gestion-dynamique-des-travailleurs-absents-porterait-elle-ses-fruits\/#breadcrumb","itemListElement":[{"@type":"ListItem","position":1,"name":"Accueil","item":"https:\/\/peoplesphere.be\/fr\/"},{"@type":"ListItem","position":2,"name":"Premi\u00e8re diminution de l&rsquo;absent\u00e9isme en Belgique depuis 25 ans: la gestion dynamique des travailleurs absents porterait-elle ses fruits?"}]},{"@type":"WebSite","@id":"https:\/\/peoplesphere.be\/fr\/#website","url":"https:\/\/peoplesphere.be\/fr\/","name":"Peoplesphere","description":"The People Managers Magazine","publisher":{"@id":"https:\/\/peoplesphere.be\/fr\/#organization"},"potentialAction":[{"@type":"SearchAction","target":{"@type":"EntryPoint","urlTemplate":"https:\/\/peoplesphere.be\/fr\/?s={search_term_string}"},"query-input":"required name=search_term_string"}],"inLanguage":"fr-FR"},{"@type":"Organization","@id":"https:\/\/peoplesphere.be\/fr\/#organization","name":"Peoplesphere Company srl","url":"https:\/\/peoplesphere.be\/fr\/","logo":{"@type":"ImageObject","inLanguage":"fr-FR","@id":"https:\/\/peoplesphere.be\/fr\/#\/schema\/logo\/image\/","url":"https:\/\/peoplesphere.be\/fr\/wp-content\/uploads\/2023\/07\/peoplesphere-lgo-new-generik.jpg","contentUrl":"https:\/\/peoplesphere.be\/fr\/wp-content\/uploads\/2023\/07\/peoplesphere-lgo-new-generik.jpg","width":1031,"height":1479,"caption":"Peoplesphere Company srl"},"image":{"@id":"https:\/\/peoplesphere.be\/fr\/#\/schema\/logo\/image\/"},"sameAs":["https:\/\/www.facebook.com\/peoplesphere","https:\/\/twitter.com\/PeoplesphereMag","https:\/\/www.linkedin.com\/company\/7587361?trk","http:\/\/youtube.com\/peoplesphere"]},{"@type":"Person","@id":"https:\/\/peoplesphere.be\/fr\/#\/schema\/person\/7976225ff17988604334abb7b3536a7e","name":"Jean-Paul Erhard","image":{"@type":"ImageObject","inLanguage":"fr-FR","@id":"https:\/\/peoplesphere.be\/fr\/#\/schema\/person\/image\/","url":"https:\/\/secure.gravatar.com\/avatar\/f941e681460179738071629a51574930?s=96&d=mm&r=g","contentUrl":"https:\/\/secure.gravatar.com\/avatar\/f941e681460179738071629a51574930?s=96&d=mm&r=g","caption":"Jean-Paul Erhard"},"url":"https:\/\/peoplesphere.be\/fr\/author\/jpe\/"}]}},"_links":{"self":[{"href":"https:\/\/peoplesphere.be\/fr\/wp-json\/wp\/v2\/posts\/18967"}],"collection":[{"href":"https:\/\/peoplesphere.be\/fr\/wp-json\/wp\/v2\/posts"}],"about":[{"href":"https:\/\/peoplesphere.be\/fr\/wp-json\/wp\/v2\/types\/post"}],"author":[{"embeddable":true,"href":"https:\/\/peoplesphere.be\/fr\/wp-json\/wp\/v2\/users\/2"}],"replies":[{"embeddable":true,"href":"https:\/\/peoplesphere.be\/fr\/wp-json\/wp\/v2\/comments?post=18967"}],"version-history":[{"count":1,"href":"https:\/\/peoplesphere.be\/fr\/wp-json\/wp\/v2\/posts\/18967\/revisions"}],"predecessor-version":[{"id":18969,"href":"https:\/\/peoplesphere.be\/fr\/wp-json\/wp\/v2\/posts\/18967\/revisions\/18969"}],"wp:featuredmedia":[{"embeddable":true,"href":"https:\/\/peoplesphere.be\/fr\/wp-json\/wp\/v2\/media\/18968"}],"wp:attachment":[{"href":"https:\/\/peoplesphere.be\/fr\/wp-json\/wp\/v2\/media?parent=18967"}],"wp:term":[{"taxonomy":"category","embeddable":true,"href":"https:\/\/peoplesphere.be\/fr\/wp-json\/wp\/v2\/categories?post=18967"},{"taxonomy":"post_tag","embeddable":true,"href":"https:\/\/peoplesphere.be\/fr\/wp-json\/wp\/v2\/tags?post=18967"}],"curies":[{"name":"wp","href":"https:\/\/api.w.org\/{rel}","templated":true}]}}