









{"id":1901,"date":"2015-09-10T06:23:43","date_gmt":"2015-09-10T04:23:43","guid":{"rendered":"http:\/\/www.peoplesphere.be\/fr\/?p=1901"},"modified":"2015-09-10T06:23:43","modified_gmt":"2015-09-10T04:23:43","slug":"comment-les-entreprises-peuvent-elles-venir-en-aide-aux-refugies","status":"publish","type":"post","link":"https:\/\/peoplesphere.be\/fr\/comment-les-entreprises-peuvent-elles-venir-en-aide-aux-refugies\/","title":{"rendered":"Comment les entreprises peuvent-elles venir en aide aux r\u00e9fugi\u00e9s?"},"content":{"rendered":"<p>Mobilisation g\u00e9n\u00e9rale eu \u00e9gard au caract\u00e8re exceptionnel de la crise des r\u00e9fugi\u00e9s qui affluent en Europe occidentale au d\u00e9but septembre. Dans la dur\u00e9e, c&rsquo;est via l&#8217;emploi que nos entreprises peuvent intervenir de mani\u00e8re significative en faveur des r\u00e9fugi\u00e9s qui rejoignent la Belgique. Et, bonne nouvelle, le Groupe des Dix vient de s&rsquo;accorder sur une simplification de la proc\u00e9dure permettant d&#8217;embaucher un collaborateur parmi les r\u00e9fugi\u00e9s.<!--more--><\/p>\n<p>Un accord est en effet intervenu ce mercredi matin entre employeurs et syndicats, r\u00e9unis chez le ministre de l&rsquo;Emploi Kris Peeters, afin de faciliter l&#8217;embauche des r\u00e9fugi\u00e9s. R\u00e9sultat de cette concertation: les demandeurs d&rsquo;asile pourront obtenir le permis C, soit l&rsquo;autorisation de travailler, \u00e0 dur\u00e9e d\u00e9termin\u00e9e, chez n&rsquo;importe quel employeur, non plus six mois, mais quatre mois apr\u00e8s le d\u00e9p\u00f4t de la demande d&rsquo;asile.<\/p>\n<p>L&rsquo;UCM notamment a r\u00e9agi positivement \u00e0 cette d\u00e9cision, qui a l&rsquo;avantage de pouvoir \u00eatre mise en \u0153uvre rapidement. \u00ab\u00a0<em>Les r\u00e9fugi\u00e9s qui arrivent pour l&rsquo;instant en Belgique ont pour la plupart des comp\u00e9tences et de l&rsquo;exp\u00e9rience. Ils ont tr\u00e8s certainement la volont\u00e9 de travailler.<\/em>\u00a0<em>Il est important pour eux de leur donner le plus rapidement possible acc\u00e8s \u00e0 un emploi r\u00e9gulier.<\/em><br \/>\n<em> Pour les PME de Wallonie et de Bruxelles, ce peut \u00eatre une opportunit\u00e9 de trouver des profils manquants. Les p\u00e9nuries de main-d&rsquo;\u0153uvre sont un \u00e9l\u00e9ment qui bloque la croissance des entreprises.\u00a0\u00bb<\/em><\/p>\n<p>Dans la foul\u00e9e de cette d\u00e9cision, l&rsquo;UCM souhaite \u00e9galement une unification des documents d&rsquo;autorisation de travail et de s\u00e9jour (immatriculation \u00e0 la commune). Cette\u00a0simplification devrait effectivement offrir une\u00a0meilleure\u00a0s\u00e9curit\u00e9 juridique aux employeurs.<\/p>\n","protected":false},"excerpt":{"rendered":"<p>Mobilisation g\u00e9n\u00e9rale eu \u00e9gard au caract\u00e8re exceptionnel de la crise des r\u00e9fugi\u00e9s qui affluent en Europe occidentale au d\u00e9but septembre. Dans la dur\u00e9e, c&rsquo;est via l&#8217;emploi que nos entreprises peuvent intervenir de mani\u00e8re significative en faveur des r\u00e9fugi\u00e9s qui rejoignent [&hellip;]<\/p>\n","protected":false},"author":2,"featured_media":0,"comment_status":"closed","ping_status":"open","sticky":false,"template":"","format":"standard","meta":[],"categories":[65,10],"tags":[263,264,262,265],"yoast_head":"<!-- This site is optimized with the Yoast SEO plugin v21.0 - https:\/\/yoast.com\/wordpress\/plugins\/seo\/ -->\n<title>Comment les entreprises peuvent-elles venir en aide aux r\u00e9fugi\u00e9s? - Peoplesphere<\/title>\n<meta name=\"robots\" content=\"index, follow, max-snippet:-1, max-image-preview:large, max-video-preview:-1\" \/>\n<link rel=\"canonical\" href=\"https:\/\/peoplesphere.be\/fr\/comment-les-entreprises-peuvent-elles-venir-en-aide-aux-refugies\/\" \/>\n<meta property=\"og:locale\" content=\"fr_FR\" \/>\n<meta property=\"og:type\" content=\"article\" \/>\n<meta property=\"og:title\" content=\"Comment les entreprises peuvent-elles venir en aide aux r\u00e9fugi\u00e9s? - Peoplesphere\" \/>\n<meta property=\"og:description\" content=\"Mobilisation g\u00e9n\u00e9rale eu \u00e9gard au caract\u00e8re exceptionnel de la crise des r\u00e9fugi\u00e9s qui affluent en Europe occidentale au d\u00e9but septembre. Dans la dur\u00e9e, c&rsquo;est via l&#8217;emploi que nos entreprises peuvent intervenir de mani\u00e8re significative en faveur des r\u00e9fugi\u00e9s qui rejoignent [&hellip;]\" \/>\n<meta property=\"og:url\" content=\"https:\/\/peoplesphere.be\/fr\/comment-les-entreprises-peuvent-elles-venir-en-aide-aux-refugies\/\" \/>\n<meta property=\"og:site_name\" content=\"Peoplesphere\" \/>\n<meta property=\"article:publisher\" content=\"https:\/\/www.facebook.com\/peoplesphere\" \/>\n<meta property=\"article:published_time\" content=\"2015-09-10T04:23:43+00:00\" \/>\n<meta property=\"og:image\" content=\"http:\/\/www.peoplesphere.be\/fr\/wp-content\/uploads\/2016\/07\/facebook-default-posting-1200x628px.jpg\" \/>\n<meta name=\"author\" content=\"Jean-Paul Erhard\" \/>\n<meta name=\"twitter:card\" content=\"summary_large_image\" \/>\n<meta name=\"twitter:creator\" content=\"@PeoplesphereMag\" \/>\n<meta name=\"twitter:site\" content=\"@PeoplesphereMag\" \/>\n<meta name=\"twitter:label1\" content=\"\u00c9crit par\" \/>\n\t<meta name=\"twitter:data1\" content=\"Jean-Paul Erhard\" \/>\n\t<meta name=\"twitter:label2\" content=\"Dur\u00e9e de lecture estim\u00e9e\" \/>\n\t<meta name=\"twitter:data2\" content=\"1 minute\" \/>\n<script type=\"application\/ld+json\" class=\"yoast-schema-graph\">{\"@context\":\"https:\/\/schema.org\",\"@graph\":[{\"@type\":\"Article\",\"@id\":\"https:\/\/peoplesphere.be\/fr\/comment-les-entreprises-peuvent-elles-venir-en-aide-aux-refugies\/#article\",\"isPartOf\":{\"@id\":\"https:\/\/peoplesphere.be\/fr\/comment-les-entreprises-peuvent-elles-venir-en-aide-aux-refugies\/\"},\"author\":{\"name\":\"Jean-Paul Erhard\",\"@id\":\"https:\/\/peoplesphere.be\/fr\/#\/schema\/person\/7976225ff17988604334abb7b3536a7e\"},\"headline\":\"Comment les entreprises peuvent-elles venir en aide aux r\u00e9fugi\u00e9s?\",\"datePublished\":\"2015-09-10T04:23:43+00:00\",\"dateModified\":\"2015-09-10T04:23:43+00:00\",\"mainEntityOfPage\":{\"@id\":\"https:\/\/peoplesphere.be\/fr\/comment-les-entreprises-peuvent-elles-venir-en-aide-aux-refugies\/\"},\"wordCount\":300,\"publisher\":{\"@id\":\"https:\/\/peoplesphere.be\/fr\/#organization\"},\"keywords\":[\"embauche\",\"p\u00e9nuries\",\"r\u00e9fugi\u00e9s\",\"simplification administrative\"],\"articleSection\":[\"Actualit\u00e9s\",\"Digital\"],\"inLanguage\":\"fr-FR\"},{\"@type\":\"WebPage\",\"@id\":\"https:\/\/peoplesphere.be\/fr\/comment-les-entreprises-peuvent-elles-venir-en-aide-aux-refugies\/\",\"url\":\"https:\/\/peoplesphere.be\/fr\/comment-les-entreprises-peuvent-elles-venir-en-aide-aux-refugies\/\",\"name\":\"Comment les entreprises peuvent-elles venir en aide aux r\u00e9fugi\u00e9s? - Peoplesphere\",\"isPartOf\":{\"@id\":\"https:\/\/peoplesphere.be\/fr\/#website\"},\"datePublished\":\"2015-09-10T04:23:43+00:00\",\"dateModified\":\"2015-09-10T04:23:43+00:00\",\"breadcrumb\":{\"@id\":\"https:\/\/peoplesphere.be\/fr\/comment-les-entreprises-peuvent-elles-venir-en-aide-aux-refugies\/#breadcrumb\"},\"inLanguage\":\"fr-FR\",\"potentialAction\":[{\"@type\":\"ReadAction\",\"target\":[\"https:\/\/peoplesphere.be\/fr\/comment-les-entreprises-peuvent-elles-venir-en-aide-aux-refugies\/\"]}]},{\"@type\":\"BreadcrumbList\",\"@id\":\"https:\/\/peoplesphere.be\/fr\/comment-les-entreprises-peuvent-elles-venir-en-aide-aux-refugies\/#breadcrumb\",\"itemListElement\":[{\"@type\":\"ListItem\",\"position\":1,\"name\":\"Accueil\",\"item\":\"https:\/\/peoplesphere.be\/fr\/\"},{\"@type\":\"ListItem\",\"position\":2,\"name\":\"Comment les entreprises peuvent-elles venir en aide aux r\u00e9fugi\u00e9s?\"}]},{\"@type\":\"WebSite\",\"@id\":\"https:\/\/peoplesphere.be\/fr\/#website\",\"url\":\"https:\/\/peoplesphere.be\/fr\/\",\"name\":\"Peoplesphere\",\"description\":\"The People Managers Magazine\",\"publisher\":{\"@id\":\"https:\/\/peoplesphere.be\/fr\/#organization\"},\"potentialAction\":[{\"@type\":\"SearchAction\",\"target\":{\"@type\":\"EntryPoint\",\"urlTemplate\":\"https:\/\/peoplesphere.be\/fr\/?s={search_term_string}\"},\"query-input\":\"required name=search_term_string\"}],\"inLanguage\":\"fr-FR\"},{\"@type\":\"Organization\",\"@id\":\"https:\/\/peoplesphere.be\/fr\/#organization\",\"name\":\"Peoplesphere Company srl\",\"url\":\"https:\/\/peoplesphere.be\/fr\/\",\"logo\":{\"@type\":\"ImageObject\",\"inLanguage\":\"fr-FR\",\"@id\":\"https:\/\/peoplesphere.be\/fr\/#\/schema\/logo\/image\/\",\"url\":\"https:\/\/peoplesphere.be\/fr\/wp-content\/uploads\/2023\/07\/peoplesphere-lgo-new-generik.jpg\",\"contentUrl\":\"https:\/\/peoplesphere.be\/fr\/wp-content\/uploads\/2023\/07\/peoplesphere-lgo-new-generik.jpg\",\"width\":1031,\"height\":1479,\"caption\":\"Peoplesphere Company srl\"},\"image\":{\"@id\":\"https:\/\/peoplesphere.be\/fr\/#\/schema\/logo\/image\/\"},\"sameAs\":[\"https:\/\/www.facebook.com\/peoplesphere\",\"https:\/\/twitter.com\/PeoplesphereMag\",\"https:\/\/www.linkedin.com\/company\/7587361?trk\",\"http:\/\/youtube.com\/peoplesphere\"]},{\"@type\":\"Person\",\"@id\":\"https:\/\/peoplesphere.be\/fr\/#\/schema\/person\/7976225ff17988604334abb7b3536a7e\",\"name\":\"Jean-Paul Erhard\",\"image\":{\"@type\":\"ImageObject\",\"inLanguage\":\"fr-FR\",\"@id\":\"https:\/\/peoplesphere.be\/fr\/#\/schema\/person\/image\/\",\"url\":\"https:\/\/secure.gravatar.com\/avatar\/f941e681460179738071629a51574930?s=96&d=mm&r=g\",\"contentUrl\":\"https:\/\/secure.gravatar.com\/avatar\/f941e681460179738071629a51574930?s=96&d=mm&r=g\",\"caption\":\"Jean-Paul Erhard\"},\"url\":\"https:\/\/peoplesphere.be\/fr\/author\/jpe\/\"}]}<\/script>\n<!-- \/ Yoast SEO plugin. -->","yoast_head_json":{"title":"Comment les entreprises peuvent-elles venir en aide aux r\u00e9fugi\u00e9s? - Peoplesphere","robots":{"index":"index","follow":"follow","max-snippet":"max-snippet:-1","max-image-preview":"max-image-preview:large","max-video-preview":"max-video-preview:-1"},"canonical":"https:\/\/peoplesphere.be\/fr\/comment-les-entreprises-peuvent-elles-venir-en-aide-aux-refugies\/","og_locale":"fr_FR","og_type":"article","og_title":"Comment les entreprises peuvent-elles venir en aide aux r\u00e9fugi\u00e9s? - Peoplesphere","og_description":"Mobilisation g\u00e9n\u00e9rale eu \u00e9gard au caract\u00e8re exceptionnel de la crise des r\u00e9fugi\u00e9s qui affluent en Europe occidentale au d\u00e9but septembre. Dans la dur\u00e9e, c&rsquo;est via l&#8217;emploi que nos entreprises peuvent intervenir de mani\u00e8re significative en faveur des r\u00e9fugi\u00e9s qui rejoignent [&hellip;]","og_url":"https:\/\/peoplesphere.be\/fr\/comment-les-entreprises-peuvent-elles-venir-en-aide-aux-refugies\/","og_site_name":"Peoplesphere","article_publisher":"https:\/\/www.facebook.com\/peoplesphere","article_published_time":"2015-09-10T04:23:43+00:00","og_image":[{"url":"http:\/\/www.peoplesphere.be\/fr\/wp-content\/uploads\/2016\/07\/facebook-default-posting-1200x628px.jpg"}],"author":"Jean-Paul Erhard","twitter_card":"summary_large_image","twitter_creator":"@PeoplesphereMag","twitter_site":"@PeoplesphereMag","twitter_misc":{"\u00c9crit par":"Jean-Paul Erhard","Dur\u00e9e de lecture estim\u00e9e":"1 minute"},"schema":{"@context":"https:\/\/schema.org","@graph":[{"@type":"Article","@id":"https:\/\/peoplesphere.be\/fr\/comment-les-entreprises-peuvent-elles-venir-en-aide-aux-refugies\/#article","isPartOf":{"@id":"https:\/\/peoplesphere.be\/fr\/comment-les-entreprises-peuvent-elles-venir-en-aide-aux-refugies\/"},"author":{"name":"Jean-Paul Erhard","@id":"https:\/\/peoplesphere.be\/fr\/#\/schema\/person\/7976225ff17988604334abb7b3536a7e"},"headline":"Comment les entreprises peuvent-elles venir en aide aux r\u00e9fugi\u00e9s?","datePublished":"2015-09-10T04:23:43+00:00","dateModified":"2015-09-10T04:23:43+00:00","mainEntityOfPage":{"@id":"https:\/\/peoplesphere.be\/fr\/comment-les-entreprises-peuvent-elles-venir-en-aide-aux-refugies\/"},"wordCount":300,"publisher":{"@id":"https:\/\/peoplesphere.be\/fr\/#organization"},"keywords":["embauche","p\u00e9nuries","r\u00e9fugi\u00e9s","simplification administrative"],"articleSection":["Actualit\u00e9s","Digital"],"inLanguage":"fr-FR"},{"@type":"WebPage","@id":"https:\/\/peoplesphere.be\/fr\/comment-les-entreprises-peuvent-elles-venir-en-aide-aux-refugies\/","url":"https:\/\/peoplesphere.be\/fr\/comment-les-entreprises-peuvent-elles-venir-en-aide-aux-refugies\/","name":"Comment les entreprises peuvent-elles venir en aide aux r\u00e9fugi\u00e9s? - Peoplesphere","isPartOf":{"@id":"https:\/\/peoplesphere.be\/fr\/#website"},"datePublished":"2015-09-10T04:23:43+00:00","dateModified":"2015-09-10T04:23:43+00:00","breadcrumb":{"@id":"https:\/\/peoplesphere.be\/fr\/comment-les-entreprises-peuvent-elles-venir-en-aide-aux-refugies\/#breadcrumb"},"inLanguage":"fr-FR","potentialAction":[{"@type":"ReadAction","target":["https:\/\/peoplesphere.be\/fr\/comment-les-entreprises-peuvent-elles-venir-en-aide-aux-refugies\/"]}]},{"@type":"BreadcrumbList","@id":"https:\/\/peoplesphere.be\/fr\/comment-les-entreprises-peuvent-elles-venir-en-aide-aux-refugies\/#breadcrumb","itemListElement":[{"@type":"ListItem","position":1,"name":"Accueil","item":"https:\/\/peoplesphere.be\/fr\/"},{"@type":"ListItem","position":2,"name":"Comment les entreprises peuvent-elles venir en aide aux r\u00e9fugi\u00e9s?"}]},{"@type":"WebSite","@id":"https:\/\/peoplesphere.be\/fr\/#website","url":"https:\/\/peoplesphere.be\/fr\/","name":"Peoplesphere","description":"The People Managers Magazine","publisher":{"@id":"https:\/\/peoplesphere.be\/fr\/#organization"},"potentialAction":[{"@type":"SearchAction","target":{"@type":"EntryPoint","urlTemplate":"https:\/\/peoplesphere.be\/fr\/?s={search_term_string}"},"query-input":"required name=search_term_string"}],"inLanguage":"fr-FR"},{"@type":"Organization","@id":"https:\/\/peoplesphere.be\/fr\/#organization","name":"Peoplesphere Company srl","url":"https:\/\/peoplesphere.be\/fr\/","logo":{"@type":"ImageObject","inLanguage":"fr-FR","@id":"https:\/\/peoplesphere.be\/fr\/#\/schema\/logo\/image\/","url":"https:\/\/peoplesphere.be\/fr\/wp-content\/uploads\/2023\/07\/peoplesphere-lgo-new-generik.jpg","contentUrl":"https:\/\/peoplesphere.be\/fr\/wp-content\/uploads\/2023\/07\/peoplesphere-lgo-new-generik.jpg","width":1031,"height":1479,"caption":"Peoplesphere Company srl"},"image":{"@id":"https:\/\/peoplesphere.be\/fr\/#\/schema\/logo\/image\/"},"sameAs":["https:\/\/www.facebook.com\/peoplesphere","https:\/\/twitter.com\/PeoplesphereMag","https:\/\/www.linkedin.com\/company\/7587361?trk","http:\/\/youtube.com\/peoplesphere"]},{"@type":"Person","@id":"https:\/\/peoplesphere.be\/fr\/#\/schema\/person\/7976225ff17988604334abb7b3536a7e","name":"Jean-Paul Erhard","image":{"@type":"ImageObject","inLanguage":"fr-FR","@id":"https:\/\/peoplesphere.be\/fr\/#\/schema\/person\/image\/","url":"https:\/\/secure.gravatar.com\/avatar\/f941e681460179738071629a51574930?s=96&d=mm&r=g","contentUrl":"https:\/\/secure.gravatar.com\/avatar\/f941e681460179738071629a51574930?s=96&d=mm&r=g","caption":"Jean-Paul Erhard"},"url":"https:\/\/peoplesphere.be\/fr\/author\/jpe\/"}]}},"_links":{"self":[{"href":"https:\/\/peoplesphere.be\/fr\/wp-json\/wp\/v2\/posts\/1901"}],"collection":[{"href":"https:\/\/peoplesphere.be\/fr\/wp-json\/wp\/v2\/posts"}],"about":[{"href":"https:\/\/peoplesphere.be\/fr\/wp-json\/wp\/v2\/types\/post"}],"author":[{"embeddable":true,"href":"https:\/\/peoplesphere.be\/fr\/wp-json\/wp\/v2\/users\/2"}],"replies":[{"embeddable":true,"href":"https:\/\/peoplesphere.be\/fr\/wp-json\/wp\/v2\/comments?post=1901"}],"version-history":[{"count":1,"href":"https:\/\/peoplesphere.be\/fr\/wp-json\/wp\/v2\/posts\/1901\/revisions"}],"predecessor-version":[{"id":1902,"href":"https:\/\/peoplesphere.be\/fr\/wp-json\/wp\/v2\/posts\/1901\/revisions\/1902"}],"wp:attachment":[{"href":"https:\/\/peoplesphere.be\/fr\/wp-json\/wp\/v2\/media?parent=1901"}],"wp:term":[{"taxonomy":"category","embeddable":true,"href":"https:\/\/peoplesphere.be\/fr\/wp-json\/wp\/v2\/categories?post=1901"},{"taxonomy":"post_tag","embeddable":true,"href":"https:\/\/peoplesphere.be\/fr\/wp-json\/wp\/v2\/tags?post=1901"}],"curies":[{"name":"wp","href":"https:\/\/api.w.org\/{rel}","templated":true}]}}