









{"id":19063,"date":"2026-04-27T08:00:01","date_gmt":"2026-04-27T06:00:01","guid":{"rendered":"https:\/\/peoplesphere.be\/fr\/?p=19063"},"modified":"2026-04-27T08:00:01","modified_gmt":"2026-04-27T06:00:01","slug":"perte-demplois-et-investissements-en-berne-les-secteurs-de-la-chimie-et-de-la-pharma-face-a-un-tournant-historique","status":"publish","type":"post","link":"https:\/\/peoplesphere.be\/fr\/perte-demplois-et-investissements-en-berne-les-secteurs-de-la-chimie-et-de-la-pharma-face-a-un-tournant-historique\/","title":{"rendered":"Perte d&#8217;emplois et investissements en berne, les secteurs de la chimie et de la Pharma face \u00e0 un tournant historique."},"content":{"rendered":"<p>Avec une perte de 1 590 emplois, une baisse des exportations de pr\u00e8s de 5% et tr\u00e8s peu de nouvelles annonces d\u2019investissements, le secteur belge de la chimie et des sciences de la vie se trouve \u00e0 un moment charni\u00e8re. Faute d\u2019actions rapides pour corriger ses handicaps structurels de comp\u00e9titivit\u00e9, la Belgique risque de manquer un cycle d\u2019investissement d\u00e9terminant pour l\u2019avenir de son industrie. Cette situation met non seulement des emplois en danger, mais compromet \u00e9galement la transition industrielle et accro\u00eet le risque d\u2019une d\u00e9pendance croissante aux importations.<!--more--><\/p>\n<p>La f\u00e9d\u00e9ration sectorielle essenscia plaide pour une r\u00e9duction effective des co\u00fbts de l\u2019\u00e9nergie et du CO\u2082, une meilleure protection contre la concurrence internationale d\u00e9loyale et des mesures politiques fortes pour stimuler la croissance et attirer les investissements.<\/p>\n<p>Les r\u00e9sultats \u00e9conomiques 2025 du secteur de la chimie, des mati\u00e8res plastiques et des sciences de la vie en Belgique confirment la tendance n\u00e9gative observ\u00e9e ces derni\u00e8res ann\u00e9es. Le chiffre d\u2019affaires du secteur stagne depuis trois ans autour de 75 milliards d\u2019euros et recule en termes r\u00e9els, ne suivant pas le rythme de l\u2019inflation. Pour la deuxi\u00e8me ann\u00e9e cons\u00e9cutive, le secteur enregistre des pertes d\u2019emplois, tandis que les exportations reculent pour la troisi\u00e8me ann\u00e9e d\u2019affil\u00e9e.<\/p>\n<h3><strong><em>Perte de parts de march\u00e9 dans le commerce mondial<\/em><\/strong><\/h3>\n<p>En 2025, les exportations du secteur ont recul\u00e9 de pr\u00e8s de 5%. Les exportations vers les pays hors Union europ\u00e9enne ont m\u00eame chut\u00e9 de pr\u00e8s de 10%, signe d\u2019une perte de parts de march\u00e9 de la chimie et de la pharma belges au niveau mondial. Sur les trois derni\u00e8res ann\u00e9es, les exportations sectorielles se sont contract\u00e9es de 23%, soit une diminution de pr\u00e8s de 50 milliards d\u2019euros.<\/p>\n<p>Les exportations vers les \u00c9tats-Unis sont \u00e9galement affect\u00e9es par l\u2019incertitude et l\u2019impr\u00e9visibilit\u00e9 des droits de douane : les exportations pharmaceutiques vers les \u00c9tats-Unis ont ainsi diminu\u00e9 de 10% l\u2019an dernier. Pour la chimie et les mati\u00e8res plastiques, la balance commerciale avec des pays comme les \u00c9tats-Unis (-5 milliards d\u2019euros) et la Chine (-1,1 milliard d\u2019euros) est devenue nettement n\u00e9gative. Malgr\u00e9 ce contexte difficile, la chimie et les sciences de la vie restent le premier secteur exportateur du pays, repr\u00e9sentant un tiers des exportations totales de la Belgique.<\/p>\n<h3><strong><em>Des pertes d\u2019emplois surtout dans la chimie et les mati\u00e8res plastiques<\/em><\/strong><\/h3>\n<p>Apr\u00e8s dix ann\u00e9es de croissance de l\u2019emploi, le secteur enregistre des pertes d\u2019emplois pour la deuxi\u00e8me ann\u00e9e cons\u00e9cutive. En 2024, 1 145 emplois ont \u00e9t\u00e9 perdus, auxquels se sont ajout\u00e9s 1 590 suppressions d\u2019emplois en 2025. Les pertes d\u2019emplois enregistr\u00e9es l\u2019an dernier se concentrent principalement en Flandre (-1 503 emplois), essentiellement dans la chimie et les mati\u00e8res plastiques. Cette \u00e9volution met \u00e9galement en p\u00e9ril quelque 6 800 emplois indirects.<\/p>\n<p>Les investissements progressent de 9% pour d\u00e9passer les 4 milliards d\u2019euros, mais ces chiffres refl\u00e8tent essentiellement des d\u00e9cisions d\u2019investissement prises dans le pass\u00e9. Les d\u00e9penses en recherche et d\u00e9veloppement atteignent 7 milliards d\u2019euros, principalement port\u00e9es par la pharmacie et la biotechnologie. Cela montre qu\u2019en d\u00e9pit d\u2019un contexte \u00e9conomique difficile, le secteur continue d\u2019investir dans l\u2019innovation et les nouvelles technologies.<\/p>\n<h3><strong><em>La Belgique perd en attractivit\u00e9 comme site d\u2019investissement<\/em><\/strong><\/h3>\n<p>Une analyse r\u00e9alis\u00e9e par le bureau sp\u00e9cialis\u00e9 Trendeo \u00e0 la demande d\u2019essenscia, montre que l\u2019attractivit\u00e9 de l\u2019Europe et de la Belgique en tant que sites d\u2019investissement industriel est fortement mise sous pression. Les investissements se font de plus en plus hors Europe. Sur la p\u00e9riode 2016- 2025, la Chine et les \u00c9tats-Unis concentrent \u00e0 eux seuls pr\u00e8s de la moiti\u00e9 de l\u2019ensemble des projets d\u2019investissement annonc\u00e9s dans le secteur de la chimie, des plastiques et de la pharmacie au niveau mondial, contre \u00e0 peine 8 % pour l\u2019Union europ\u00e9enne.<\/p>\n<p>Au sein de l\u2019Europe, la Belgique conserve une position strat\u00e9gique, mais la dynamique d\u2019investissement s\u2019est nettement essouffl\u00e9e ces derni\u00e8res ann\u00e9es. Entre 2016 et 2019, notre pays repr\u00e9sentait encore 15% de l\u2019ensemble des investissements sectoriels en Europe, gr\u00e2ce \u00e0 une s\u00e9rie de m\u00e9gaprojets dans le p\u00f4le chimique du port d\u2019Anvers. Les ann\u00e9es suivantes, la Belgique a encore attir\u00e9 plusieurs investissements importants dans la pharma et la biotech. Mais depuis 2023, les grandes annonces d\u2019investissements se font rares et la part de la Belgique dans les investissements europ\u00e9ens est tomb\u00e9e \u00e0 un niveau marginal de seulement 0,8%.<\/p>\n<p>Jan Remeysen, pr\u00e9sident d\u2019essenscia et CEO de BASF Antwerpen : \u00ab\u00a0<em>Les probl\u00e8mes sont connus depuis des ann\u00e9es, mais les solutions tardent \u00e0 se concr\u00e9tiser. Il est d\u00e9sormais urgent de lever plus rapidement nos handicaps structurels de comp\u00e9titivit\u00e9. Cela n\u00e9cessite des choix politiques clairs : des moyens suppl\u00e9mentaires pour r\u00e9duire les co\u00fbts de l\u2019\u00e9nergie, un ajustement r\u00e9fl\u00e9chi du syst\u00e8me ETS et une approche plus ferme contre le dumping d\u00e9loyal. Dans d\u2019autres r\u00e9gions du monde, la politique industrielle passe \u00e0 la vitesse sup\u00e9rieure. Si nous ne suivons pas, nous mettons en p\u00e9ril notre s\u00e9curit\u00e9 \u00e9conomique et risquons de manquer un cycle d\u2019investissement crucial. Le co\u00fbt de l\u2019inaction sera, au final, bien plus \u00e9lev\u00e9.\u00a0\u00bb<\/em><\/p>\n<p>Il existe des leviers pour r\u00e9duire rapidement les co\u00fbts \u00e9nerg\u00e9tiques. Au niveau f\u00e9d\u00e9ral, la r\u00e9duction annonc\u00e9e des tarifs de r\u00e9seau de transport doit enfin \u00eatre mise en \u0153uvre. Au niveau r\u00e9gional, il convient d\u2019exploiter pleinement les instruments europ\u00e9ens tels que l\u2019extension du m\u00e9canisme de compensation des co\u00fbts indirects des \u00e9missions et le Clean Industrial Deal State Aid Framework (CISAF). La Flandre et la Wallonie doivent, \u00e0 cette fin, d\u00e9gager des moyens suppl\u00e9mentaires, comme l\u2019ont d\u00e9j\u00e0 annonc\u00e9 plusieurs pays voisins. Ces mesures permettront d\u2019apporter un soutien cibl\u00e9 \u00e0 l\u2019industrie.<\/p>\n<p>Yves Verschueren, administrateur d\u00e9l\u00e9gu\u00e9 d\u2019essenscia: <em>\u00ab\u00a0La chimie et la pharma belges sont \u00e0 un tournant : apr\u00e8s dix ann\u00e9es de croissance, le secteur entre d\u00e9sormais en phase de contraction. Dans le m\u00eame temps, nous constatons que les \u00c9tats-Unis captent les investissements et que la Chine perturbe les march\u00e9s mondiaux avec des surcapacit\u00e9s lourdement subventionn\u00e9es. Nous ne pouvons pas abandonner des secteurs strat\u00e9giques comme la chimie et la pharmacie, car cela entra\u00eenerait des effets domino dans toute l\u2019\u00e9conomie. Nous devons donc miser pleinement sur la croissance : un soutien renforc\u00e9 \u00e0 la recherche et au d\u00e9veloppement, des proc\u00e9dures de permis plus rapides, une r\u00e9glementation moins contraignante et un climat d\u2019investissement plus attractif, offrant \u00e0 nouveau des perspectives aux entreprises. Il ne s\u2019agit pas de prot\u00e9ger le pass\u00e9, mais de rendre l\u2019avenir possible.\u00a0\u00bb<\/em><\/p>\n<p>&nbsp;<\/p>\n<p><em>Source: Essenscia<\/em><\/p>\n","protected":false},"excerpt":{"rendered":"<p>Avec une perte de 1 590 emplois, une baisse des exportations de pr\u00e8s de 5% et tr\u00e8s peu de nouvelles annonces d\u2019investissements, le secteur belge de la chimie et des sciences de la vie se trouve \u00e0 un moment charni\u00e8re. [&hellip;]<\/p>\n","protected":false},"author":2,"featured_media":0,"comment_status":"closed","ping_status":"open","sticky":false,"template":"","format":"standard","meta":[],"categories":[65,10],"tags":[519,1274,11,134,1926,1275],"yoast_head":"<!-- This site is optimized with the Yoast SEO plugin v21.0 - https:\/\/yoast.com\/wordpress\/plugins\/seo\/ -->\n<title>Perte d&#039;emplois et investissements en berne, les secteurs de la chimie et de la Pharma face \u00e0 un tournant historique. - Peoplesphere<\/title>\n<meta name=\"robots\" content=\"index, follow, max-snippet:-1, max-image-preview:large, max-video-preview:-1\" \/>\n<link rel=\"canonical\" href=\"https:\/\/peoplesphere.be\/fr\/perte-demplois-et-investissements-en-berne-les-secteurs-de-la-chimie-et-de-la-pharma-face-a-un-tournant-historique\/\" \/>\n<meta property=\"og:locale\" content=\"fr_FR\" \/>\n<meta property=\"og:type\" content=\"article\" \/>\n<meta property=\"og:title\" content=\"Perte d&#039;emplois et investissements en berne, les secteurs de la chimie et de la Pharma face \u00e0 un tournant historique. - Peoplesphere\" \/>\n<meta property=\"og:description\" content=\"Avec une perte de 1 590 emplois, une baisse des exportations de pr\u00e8s de 5% et tr\u00e8s peu de nouvelles annonces d\u2019investissements, le secteur belge de la chimie et des sciences de la vie se trouve \u00e0 un moment charni\u00e8re. [&hellip;]\" \/>\n<meta property=\"og:url\" content=\"https:\/\/peoplesphere.be\/fr\/perte-demplois-et-investissements-en-berne-les-secteurs-de-la-chimie-et-de-la-pharma-face-a-un-tournant-historique\/\" \/>\n<meta property=\"og:site_name\" content=\"Peoplesphere\" \/>\n<meta property=\"article:publisher\" content=\"https:\/\/www.facebook.com\/peoplesphere\" \/>\n<meta property=\"article:published_time\" content=\"2026-04-27T06:00:01+00:00\" \/>\n<meta property=\"og:image\" content=\"http:\/\/www.peoplesphere.be\/fr\/wp-content\/uploads\/2016\/07\/facebook-default-posting-1200x628px.jpg\" \/>\n<meta name=\"author\" content=\"Jean-Paul Erhard\" \/>\n<meta name=\"twitter:card\" content=\"summary_large_image\" \/>\n<meta name=\"twitter:creator\" content=\"@PeoplesphereMag\" \/>\n<meta name=\"twitter:site\" content=\"@PeoplesphereMag\" \/>\n<meta name=\"twitter:label1\" content=\"\u00c9crit par\" \/>\n\t<meta name=\"twitter:data1\" content=\"Jean-Paul Erhard\" \/>\n\t<meta name=\"twitter:label2\" content=\"Dur\u00e9e de lecture estim\u00e9e\" \/>\n\t<meta name=\"twitter:data2\" content=\"6 minutes\" \/>\n<script type=\"application\/ld+json\" class=\"yoast-schema-graph\">{\"@context\":\"https:\/\/schema.org\",\"@graph\":[{\"@type\":\"Article\",\"@id\":\"https:\/\/peoplesphere.be\/fr\/perte-demplois-et-investissements-en-berne-les-secteurs-de-la-chimie-et-de-la-pharma-face-a-un-tournant-historique\/#article\",\"isPartOf\":{\"@id\":\"https:\/\/peoplesphere.be\/fr\/perte-demplois-et-investissements-en-berne-les-secteurs-de-la-chimie-et-de-la-pharma-face-a-un-tournant-historique\/\"},\"author\":{\"name\":\"Jean-Paul Erhard\",\"@id\":\"https:\/\/peoplesphere.be\/fr\/#\/schema\/person\/7976225ff17988604334abb7b3536a7e\"},\"headline\":\"Perte d&#8217;emplois et investissements en berne, les secteurs de la chimie et de la Pharma face \u00e0 un tournant historique.\",\"datePublished\":\"2026-04-27T06:00:01+00:00\",\"dateModified\":\"2026-04-27T06:00:01+00:00\",\"mainEntityOfPage\":{\"@id\":\"https:\/\/peoplesphere.be\/fr\/perte-demplois-et-investissements-en-berne-les-secteurs-de-la-chimie-et-de-la-pharma-face-a-un-tournant-historique\/\"},\"wordCount\":1180,\"publisher\":{\"@id\":\"https:\/\/peoplesphere.be\/fr\/#organization\"},\"keywords\":[\"attractivit\u00e9\",\"chimie\",\"emploi\",\"licenciement\",\"perte d'emplois\",\"pharma\"],\"articleSection\":[\"Actualit\u00e9s\",\"Digital\"],\"inLanguage\":\"fr-FR\"},{\"@type\":\"WebPage\",\"@id\":\"https:\/\/peoplesphere.be\/fr\/perte-demplois-et-investissements-en-berne-les-secteurs-de-la-chimie-et-de-la-pharma-face-a-un-tournant-historique\/\",\"url\":\"https:\/\/peoplesphere.be\/fr\/perte-demplois-et-investissements-en-berne-les-secteurs-de-la-chimie-et-de-la-pharma-face-a-un-tournant-historique\/\",\"name\":\"Perte d'emplois et investissements en berne, les secteurs de la chimie et de la Pharma face \u00e0 un tournant historique. - Peoplesphere\",\"isPartOf\":{\"@id\":\"https:\/\/peoplesphere.be\/fr\/#website\"},\"datePublished\":\"2026-04-27T06:00:01+00:00\",\"dateModified\":\"2026-04-27T06:00:01+00:00\",\"breadcrumb\":{\"@id\":\"https:\/\/peoplesphere.be\/fr\/perte-demplois-et-investissements-en-berne-les-secteurs-de-la-chimie-et-de-la-pharma-face-a-un-tournant-historique\/#breadcrumb\"},\"inLanguage\":\"fr-FR\",\"potentialAction\":[{\"@type\":\"ReadAction\",\"target\":[\"https:\/\/peoplesphere.be\/fr\/perte-demplois-et-investissements-en-berne-les-secteurs-de-la-chimie-et-de-la-pharma-face-a-un-tournant-historique\/\"]}]},{\"@type\":\"BreadcrumbList\",\"@id\":\"https:\/\/peoplesphere.be\/fr\/perte-demplois-et-investissements-en-berne-les-secteurs-de-la-chimie-et-de-la-pharma-face-a-un-tournant-historique\/#breadcrumb\",\"itemListElement\":[{\"@type\":\"ListItem\",\"position\":1,\"name\":\"Accueil\",\"item\":\"https:\/\/peoplesphere.be\/fr\/\"},{\"@type\":\"ListItem\",\"position\":2,\"name\":\"Perte d&#8217;emplois et investissements en berne, les secteurs de la chimie et de la Pharma face \u00e0 un tournant historique.\"}]},{\"@type\":\"WebSite\",\"@id\":\"https:\/\/peoplesphere.be\/fr\/#website\",\"url\":\"https:\/\/peoplesphere.be\/fr\/\",\"name\":\"Peoplesphere\",\"description\":\"The People Managers Magazine\",\"publisher\":{\"@id\":\"https:\/\/peoplesphere.be\/fr\/#organization\"},\"potentialAction\":[{\"@type\":\"SearchAction\",\"target\":{\"@type\":\"EntryPoint\",\"urlTemplate\":\"https:\/\/peoplesphere.be\/fr\/?s={search_term_string}\"},\"query-input\":\"required name=search_term_string\"}],\"inLanguage\":\"fr-FR\"},{\"@type\":\"Organization\",\"@id\":\"https:\/\/peoplesphere.be\/fr\/#organization\",\"name\":\"Peoplesphere Company srl\",\"url\":\"https:\/\/peoplesphere.be\/fr\/\",\"logo\":{\"@type\":\"ImageObject\",\"inLanguage\":\"fr-FR\",\"@id\":\"https:\/\/peoplesphere.be\/fr\/#\/schema\/logo\/image\/\",\"url\":\"https:\/\/peoplesphere.be\/fr\/wp-content\/uploads\/2023\/07\/peoplesphere-lgo-new-generik.jpg\",\"contentUrl\":\"https:\/\/peoplesphere.be\/fr\/wp-content\/uploads\/2023\/07\/peoplesphere-lgo-new-generik.jpg\",\"width\":1031,\"height\":1479,\"caption\":\"Peoplesphere Company srl\"},\"image\":{\"@id\":\"https:\/\/peoplesphere.be\/fr\/#\/schema\/logo\/image\/\"},\"sameAs\":[\"https:\/\/www.facebook.com\/peoplesphere\",\"https:\/\/twitter.com\/PeoplesphereMag\",\"https:\/\/www.linkedin.com\/company\/7587361?trk\",\"http:\/\/youtube.com\/peoplesphere\"]},{\"@type\":\"Person\",\"@id\":\"https:\/\/peoplesphere.be\/fr\/#\/schema\/person\/7976225ff17988604334abb7b3536a7e\",\"name\":\"Jean-Paul Erhard\",\"image\":{\"@type\":\"ImageObject\",\"inLanguage\":\"fr-FR\",\"@id\":\"https:\/\/peoplesphere.be\/fr\/#\/schema\/person\/image\/\",\"url\":\"https:\/\/secure.gravatar.com\/avatar\/f941e681460179738071629a51574930?s=96&d=mm&r=g\",\"contentUrl\":\"https:\/\/secure.gravatar.com\/avatar\/f941e681460179738071629a51574930?s=96&d=mm&r=g\",\"caption\":\"Jean-Paul Erhard\"},\"url\":\"https:\/\/peoplesphere.be\/fr\/author\/jpe\/\"}]}<\/script>\n<!-- \/ Yoast SEO plugin. -->","yoast_head_json":{"title":"Perte d'emplois et investissements en berne, les secteurs de la chimie et de la Pharma face \u00e0 un tournant historique. - Peoplesphere","robots":{"index":"index","follow":"follow","max-snippet":"max-snippet:-1","max-image-preview":"max-image-preview:large","max-video-preview":"max-video-preview:-1"},"canonical":"https:\/\/peoplesphere.be\/fr\/perte-demplois-et-investissements-en-berne-les-secteurs-de-la-chimie-et-de-la-pharma-face-a-un-tournant-historique\/","og_locale":"fr_FR","og_type":"article","og_title":"Perte d'emplois et investissements en berne, les secteurs de la chimie et de la Pharma face \u00e0 un tournant historique. - Peoplesphere","og_description":"Avec une perte de 1 590 emplois, une baisse des exportations de pr\u00e8s de 5% et tr\u00e8s peu de nouvelles annonces d\u2019investissements, le secteur belge de la chimie et des sciences de la vie se trouve \u00e0 un moment charni\u00e8re. [&hellip;]","og_url":"https:\/\/peoplesphere.be\/fr\/perte-demplois-et-investissements-en-berne-les-secteurs-de-la-chimie-et-de-la-pharma-face-a-un-tournant-historique\/","og_site_name":"Peoplesphere","article_publisher":"https:\/\/www.facebook.com\/peoplesphere","article_published_time":"2026-04-27T06:00:01+00:00","og_image":[{"url":"http:\/\/www.peoplesphere.be\/fr\/wp-content\/uploads\/2016\/07\/facebook-default-posting-1200x628px.jpg"}],"author":"Jean-Paul Erhard","twitter_card":"summary_large_image","twitter_creator":"@PeoplesphereMag","twitter_site":"@PeoplesphereMag","twitter_misc":{"\u00c9crit par":"Jean-Paul Erhard","Dur\u00e9e de lecture estim\u00e9e":"6 minutes"},"schema":{"@context":"https:\/\/schema.org","@graph":[{"@type":"Article","@id":"https:\/\/peoplesphere.be\/fr\/perte-demplois-et-investissements-en-berne-les-secteurs-de-la-chimie-et-de-la-pharma-face-a-un-tournant-historique\/#article","isPartOf":{"@id":"https:\/\/peoplesphere.be\/fr\/perte-demplois-et-investissements-en-berne-les-secteurs-de-la-chimie-et-de-la-pharma-face-a-un-tournant-historique\/"},"author":{"name":"Jean-Paul Erhard","@id":"https:\/\/peoplesphere.be\/fr\/#\/schema\/person\/7976225ff17988604334abb7b3536a7e"},"headline":"Perte d&#8217;emplois et investissements en berne, les secteurs de la chimie et de la Pharma face \u00e0 un tournant historique.","datePublished":"2026-04-27T06:00:01+00:00","dateModified":"2026-04-27T06:00:01+00:00","mainEntityOfPage":{"@id":"https:\/\/peoplesphere.be\/fr\/perte-demplois-et-investissements-en-berne-les-secteurs-de-la-chimie-et-de-la-pharma-face-a-un-tournant-historique\/"},"wordCount":1180,"publisher":{"@id":"https:\/\/peoplesphere.be\/fr\/#organization"},"keywords":["attractivit\u00e9","chimie","emploi","licenciement","perte d'emplois","pharma"],"articleSection":["Actualit\u00e9s","Digital"],"inLanguage":"fr-FR"},{"@type":"WebPage","@id":"https:\/\/peoplesphere.be\/fr\/perte-demplois-et-investissements-en-berne-les-secteurs-de-la-chimie-et-de-la-pharma-face-a-un-tournant-historique\/","url":"https:\/\/peoplesphere.be\/fr\/perte-demplois-et-investissements-en-berne-les-secteurs-de-la-chimie-et-de-la-pharma-face-a-un-tournant-historique\/","name":"Perte d'emplois et investissements en berne, les secteurs de la chimie et de la Pharma face \u00e0 un tournant historique. - Peoplesphere","isPartOf":{"@id":"https:\/\/peoplesphere.be\/fr\/#website"},"datePublished":"2026-04-27T06:00:01+00:00","dateModified":"2026-04-27T06:00:01+00:00","breadcrumb":{"@id":"https:\/\/peoplesphere.be\/fr\/perte-demplois-et-investissements-en-berne-les-secteurs-de-la-chimie-et-de-la-pharma-face-a-un-tournant-historique\/#breadcrumb"},"inLanguage":"fr-FR","potentialAction":[{"@type":"ReadAction","target":["https:\/\/peoplesphere.be\/fr\/perte-demplois-et-investissements-en-berne-les-secteurs-de-la-chimie-et-de-la-pharma-face-a-un-tournant-historique\/"]}]},{"@type":"BreadcrumbList","@id":"https:\/\/peoplesphere.be\/fr\/perte-demplois-et-investissements-en-berne-les-secteurs-de-la-chimie-et-de-la-pharma-face-a-un-tournant-historique\/#breadcrumb","itemListElement":[{"@type":"ListItem","position":1,"name":"Accueil","item":"https:\/\/peoplesphere.be\/fr\/"},{"@type":"ListItem","position":2,"name":"Perte d&#8217;emplois et investissements en berne, les secteurs de la chimie et de la Pharma face \u00e0 un tournant historique."}]},{"@type":"WebSite","@id":"https:\/\/peoplesphere.be\/fr\/#website","url":"https:\/\/peoplesphere.be\/fr\/","name":"Peoplesphere","description":"The People Managers Magazine","publisher":{"@id":"https:\/\/peoplesphere.be\/fr\/#organization"},"potentialAction":[{"@type":"SearchAction","target":{"@type":"EntryPoint","urlTemplate":"https:\/\/peoplesphere.be\/fr\/?s={search_term_string}"},"query-input":"required name=search_term_string"}],"inLanguage":"fr-FR"},{"@type":"Organization","@id":"https:\/\/peoplesphere.be\/fr\/#organization","name":"Peoplesphere Company srl","url":"https:\/\/peoplesphere.be\/fr\/","logo":{"@type":"ImageObject","inLanguage":"fr-FR","@id":"https:\/\/peoplesphere.be\/fr\/#\/schema\/logo\/image\/","url":"https:\/\/peoplesphere.be\/fr\/wp-content\/uploads\/2023\/07\/peoplesphere-lgo-new-generik.jpg","contentUrl":"https:\/\/peoplesphere.be\/fr\/wp-content\/uploads\/2023\/07\/peoplesphere-lgo-new-generik.jpg","width":1031,"height":1479,"caption":"Peoplesphere Company srl"},"image":{"@id":"https:\/\/peoplesphere.be\/fr\/#\/schema\/logo\/image\/"},"sameAs":["https:\/\/www.facebook.com\/peoplesphere","https:\/\/twitter.com\/PeoplesphereMag","https:\/\/www.linkedin.com\/company\/7587361?trk","http:\/\/youtube.com\/peoplesphere"]},{"@type":"Person","@id":"https:\/\/peoplesphere.be\/fr\/#\/schema\/person\/7976225ff17988604334abb7b3536a7e","name":"Jean-Paul Erhard","image":{"@type":"ImageObject","inLanguage":"fr-FR","@id":"https:\/\/peoplesphere.be\/fr\/#\/schema\/person\/image\/","url":"https:\/\/secure.gravatar.com\/avatar\/f941e681460179738071629a51574930?s=96&d=mm&r=g","contentUrl":"https:\/\/secure.gravatar.com\/avatar\/f941e681460179738071629a51574930?s=96&d=mm&r=g","caption":"Jean-Paul Erhard"},"url":"https:\/\/peoplesphere.be\/fr\/author\/jpe\/"}]}},"_links":{"self":[{"href":"https:\/\/peoplesphere.be\/fr\/wp-json\/wp\/v2\/posts\/19063"}],"collection":[{"href":"https:\/\/peoplesphere.be\/fr\/wp-json\/wp\/v2\/posts"}],"about":[{"href":"https:\/\/peoplesphere.be\/fr\/wp-json\/wp\/v2\/types\/post"}],"author":[{"embeddable":true,"href":"https:\/\/peoplesphere.be\/fr\/wp-json\/wp\/v2\/users\/2"}],"replies":[{"embeddable":true,"href":"https:\/\/peoplesphere.be\/fr\/wp-json\/wp\/v2\/comments?post=19063"}],"version-history":[{"count":1,"href":"https:\/\/peoplesphere.be\/fr\/wp-json\/wp\/v2\/posts\/19063\/revisions"}],"predecessor-version":[{"id":19064,"href":"https:\/\/peoplesphere.be\/fr\/wp-json\/wp\/v2\/posts\/19063\/revisions\/19064"}],"wp:attachment":[{"href":"https:\/\/peoplesphere.be\/fr\/wp-json\/wp\/v2\/media?parent=19063"}],"wp:term":[{"taxonomy":"category","embeddable":true,"href":"https:\/\/peoplesphere.be\/fr\/wp-json\/wp\/v2\/categories?post=19063"},{"taxonomy":"post_tag","embeddable":true,"href":"https:\/\/peoplesphere.be\/fr\/wp-json\/wp\/v2\/tags?post=19063"}],"curies":[{"name":"wp","href":"https:\/\/api.w.org\/{rel}","templated":true}]}}