









{"id":19065,"date":"2026-04-27T09:42:35","date_gmt":"2026-04-27T07:42:35","guid":{"rendered":"https:\/\/peoplesphere.be\/fr\/?p=19065"},"modified":"2026-04-27T09:42:35","modified_gmt":"2026-04-27T07:42:35","slug":"plus-dun-travailleur-sur-trois-dans-le-secteur-public-a-deja-appele-a-laide-pour-gerer-son-bien-etre-mental","status":"publish","type":"post","link":"https:\/\/peoplesphere.be\/fr\/plus-dun-travailleur-sur-trois-dans-le-secteur-public-a-deja-appele-a-laide-pour-gerer-son-bien-etre-mental\/","title":{"rendered":"Plus d&rsquo;un travailleur sur trois dans le secteur public a d\u00e9j\u00e0 appel\u00e9 \u00e0 l&rsquo;aide pour g\u00e9rer son bien-\u00eatre mental."},"content":{"rendered":"<p>Dans le cadre de la Journ\u00e9e mondiale de la s\u00e9curit\u00e9 et de la sant\u00e9 au travail, la CSC d\u00e9voile une enqu\u00eate r\u00e9v\u00e9lant que les agents de l&rsquo;Etat font face \u00e0 une charge mentale extr\u00eamement \u00e9lev\u00e9e. Plus d\u2019un agent sur trois a en effet d\u00e9j\u00e0 fait appel \u00e0 une aide professionnelle en raison de l\u2019impact de son travail sur son bien-\u00eatre mental. Voici les r\u00e9sultats de l&rsquo;enqu\u00eate r\u00e9cemment men\u00e9e par la CSC Services publics aupr\u00e8s du personnel du secteur public.<!--more--><\/p>\n<p>Au cours des derni\u00e8res semaines, la CSC Services publics a sond\u00e9 l&rsquo;impact du travail sur le bien-\u00eatre mental, \u00e0 l\u2019occasion de la Journ\u00e9e mondiale de la s\u00e9curit\u00e9 et de la sant\u00e9 au travail. Cette ann\u00e9e, la Journ\u00e9e est ax\u00e9e sur la garantie d&rsquo;un environnement de travail psychosocial sain.<\/p>\n<p>Ilse Heylen, pr\u00e9sidente de la CSC Services publics : \u00ab\u00a0<em>Par cette enqu\u00eate, nous souhaitons mieux comprendre comment le contenu et l\u2019organisation des emplois au sein de la fonction publique influencent le bien-\u00eatre mental. Les travailleurs du secteur public sont quotidiennement confront\u00e9s \u00e0 des attentes \u00e9lev\u00e9es, \u00e0 une grande responsabilit\u00e9 soci\u00e9tale, \u00e0 la complexit\u00e9 de leurs missions, mais aussi \u00e0 des situations humaines souvent difficiles.\u00a0\u00bb<\/em><\/p>\n<p>Au total, 5.651 agents du secteur public ont particip\u00e9 \u00e0 l\u2019enqu\u00eate, dont 2.337 francophones et 3.314 n\u00e9erlandophones. Les r\u00e9sultats parlent d\u2019eux-m\u00eames : 66% des participants indiquent que leur travail a un impact sur leur bien-\u00eatre mental. Pour 37,5%, cet impact est m\u00eame per\u00e7u comme fortement \u00e9prouvant. Fait notable : la charge mentale n\u2019affecte pas uniquement les travailleurs qui sont quotidiennement confront\u00e9s \u00e0 la souffrance humaine, telle que le personnel de la police, de la D\u00e9fense, des services de secours et de soins, de l\u2019administration p\u00e9nitentiaire ou des services d\u2019incendie. Des travailleurs administratifs, chauffeurs de bus, assistants sociaux et d\u2019autres profils issus de tous les secteurs indiquent \u00e9galement ressentir une charge mentale significative.<\/p>\n<p>Les causes varient selon les fonctions. Chez les assistants sociaux, ce sont souvent des situations familiales particuli\u00e8rement pr\u00e9caires \u2014 comme des m\u00e9nages plongeant soudainement dans la pauvret\u00e9 ou le suicide de leurs b\u00e9n\u00e9ficiaires \u2014 qui laissent une forte empreinte. Chez les chauffeurs de bus, les contr\u00f4leurs, les prestataires de services ainsi que les \u00e9boueurs, les principaux facteurs de stress sont notamment la violence et l\u2019agressivit\u00e9.<\/p>\n<p>Les \u00e9conomies dans le secteur public pr\u00e9sentent \u00e9galement des cons\u00e9quences n\u00e9fastes pour le bien-\u00eatre psychosocial des travailleurs. 75% d\u2019entre eux d\u00e9clarent que la charge mentale li\u00e9e \u00e0 leur emploi a augment\u00e9 au cours des cinq derni\u00e8res ann\u00e9es. 71% indiquent avoir \u00e9t\u00e9 confront\u00e9s \u00e0 une intensification de leurs t\u00e2ches sur la m\u00eame p\u00e9riode. Cette \u00e9volution, combin\u00e9e \u00e0 un manque de personnel, engendre une forte pression mentale.<\/p>\n<p>Pour 66% des participants, il s\u2019av\u00e8re difficile de se d\u00e9tacher des situations complexes v\u00e9cues sur le lieu de travail en dehors des heures de service. Au cours de l\u2019ann\u00e9e \u00e9coul\u00e9e, plus d&rsquo;un agent sur trois (34%) a fait appel \u00e0 une aide professionnelle pour faire face \u00e0 la charge mentale li\u00e9e au travail. Pr\u00e8s d&rsquo;un quart estime qu\u2019il doit recourir \u00e0 une aide \u00e0 court terme.<\/p>\n<p>Le personnel de la fonction publique ne peut gu\u00e8re compter sur l\u2019employeur en mati\u00e8re de soutien face \u00e0 la charge mentale. 31% des participants d\u00e9clarent pouvoir s\u2019adresser \u00e0 une personne de confiance. 18% b\u00e9n\u00e9ficient d&rsquo;un syst\u00e8me de d\u00e9briefing ou de concertation d\u2019\u00e9quipe apr\u00e8s avoir v\u00e9cu des \u00e9v\u00e9nements marquants. Ce type de soutien est surtout assur\u00e9 au sein des corps sp\u00e9ciaux (police, services d\u2019incendie, D\u00e9fense). 15% des participants \u2014 principalement dans le secteur des soins et des corps sp\u00e9ciaux \u2014 peuvent compter sur des formations qui se concentrent sur la gestion des situations difficiles.<\/p>\n<p>Seulement 11% des participants estiment que les responsables hi\u00e9rarchiques accordent une attention suffisante \u00e0 la charge de travail et aux manques de personnel. 20% indiquent qu\u2019au sein de leur fonction, il n\u2019existe absolument aucune forme d\u2019attention port\u00e9e \u00e0 la charge mentale. M\u00eame 69% d\u00e9clarent qu\u2019apr\u00e8s un \u00e9v\u00e9nement marquant, aucun temps ne leur est accord\u00e9 pour le dig\u00e9rer.<\/p>\n<p>Ilse Heylen conclut : \u00ab\u00a0<em>Cette enqu\u00eate nous offre une vision bien plus fine qui nous permet de mieux identifier les risques psychologiques, de les pr\u00e9venir et de les prendre en charge. Nous allons maintenant exploiter ces r\u00e9sultats pour formuler des recommandations politiques ad\u00e9quates. Ensemble, nous \u0153uvrons ainsi \u00e0 un environnement de travail sain, s\u00fbr et qui apporte un v\u00e9ritable soutien \u00e0 toutes et tous.\u00a0\u00bb<\/em><\/p>\n<p>&nbsp;<\/p>\n<p><em>Source: CSC &#8211; Secteur Public<\/em><\/p>\n","protected":false},"excerpt":{"rendered":"<p>Dans le cadre de la Journ\u00e9e mondiale de la s\u00e9curit\u00e9 et de la sant\u00e9 au travail, la CSC d\u00e9voile une enqu\u00eate r\u00e9v\u00e9lant que les agents de l&rsquo;Etat font face \u00e0 une charge mentale extr\u00eamement \u00e9lev\u00e9e. Plus d\u2019un agent sur trois [&hellip;]<\/p>\n","protected":false},"author":2,"featured_media":0,"comment_status":"closed","ping_status":"open","sticky":false,"template":"","format":"standard","meta":[],"categories":[65,10],"tags":[1437,96,4427,332,200,600,267,110,334],"yoast_head":"<!-- This site is optimized with the Yoast SEO plugin v21.0 - https:\/\/yoast.com\/wordpress\/plugins\/seo\/ -->\n<title>Plus d&#039;un travailleur sur trois dans le secteur public a d\u00e9j\u00e0 appel\u00e9 \u00e0 l&#039;aide pour g\u00e9rer son bien-\u00eatre mental. - Peoplesphere<\/title>\n<meta name=\"robots\" content=\"index, follow, max-snippet:-1, max-image-preview:large, max-video-preview:-1\" \/>\n<link rel=\"canonical\" href=\"https:\/\/peoplesphere.be\/fr\/plus-dun-travailleur-sur-trois-dans-le-secteur-public-a-deja-appele-a-laide-pour-gerer-son-bien-etre-mental\/\" \/>\n<meta property=\"og:locale\" content=\"fr_FR\" \/>\n<meta property=\"og:type\" content=\"article\" \/>\n<meta property=\"og:title\" content=\"Plus d&#039;un travailleur sur trois dans le secteur public a d\u00e9j\u00e0 appel\u00e9 \u00e0 l&#039;aide pour g\u00e9rer son bien-\u00eatre mental. - Peoplesphere\" \/>\n<meta property=\"og:description\" content=\"Dans le cadre de la Journ\u00e9e mondiale de la s\u00e9curit\u00e9 et de la sant\u00e9 au travail, la CSC d\u00e9voile une enqu\u00eate r\u00e9v\u00e9lant que les agents de l&rsquo;Etat font face \u00e0 une charge mentale extr\u00eamement \u00e9lev\u00e9e. Plus d\u2019un agent sur trois [&hellip;]\" \/>\n<meta property=\"og:url\" content=\"https:\/\/peoplesphere.be\/fr\/plus-dun-travailleur-sur-trois-dans-le-secteur-public-a-deja-appele-a-laide-pour-gerer-son-bien-etre-mental\/\" \/>\n<meta property=\"og:site_name\" content=\"Peoplesphere\" \/>\n<meta property=\"article:publisher\" content=\"https:\/\/www.facebook.com\/peoplesphere\" \/>\n<meta property=\"article:published_time\" content=\"2026-04-27T07:42:35+00:00\" \/>\n<meta property=\"og:image\" content=\"http:\/\/www.peoplesphere.be\/fr\/wp-content\/uploads\/2016\/07\/facebook-default-posting-1200x628px.jpg\" \/>\n<meta name=\"author\" content=\"Jean-Paul Erhard\" \/>\n<meta name=\"twitter:card\" content=\"summary_large_image\" \/>\n<meta name=\"twitter:creator\" content=\"@PeoplesphereMag\" \/>\n<meta name=\"twitter:site\" content=\"@PeoplesphereMag\" \/>\n<meta name=\"twitter:label1\" content=\"\u00c9crit par\" \/>\n\t<meta name=\"twitter:data1\" content=\"Jean-Paul Erhard\" \/>\n\t<meta name=\"twitter:label2\" content=\"Dur\u00e9e de lecture estim\u00e9e\" \/>\n\t<meta name=\"twitter:data2\" content=\"4 minutes\" \/>\n<script type=\"application\/ld+json\" class=\"yoast-schema-graph\">{\"@context\":\"https:\/\/schema.org\",\"@graph\":[{\"@type\":\"Article\",\"@id\":\"https:\/\/peoplesphere.be\/fr\/plus-dun-travailleur-sur-trois-dans-le-secteur-public-a-deja-appele-a-laide-pour-gerer-son-bien-etre-mental\/#article\",\"isPartOf\":{\"@id\":\"https:\/\/peoplesphere.be\/fr\/plus-dun-travailleur-sur-trois-dans-le-secteur-public-a-deja-appele-a-laide-pour-gerer-son-bien-etre-mental\/\"},\"author\":{\"name\":\"Jean-Paul Erhard\",\"@id\":\"https:\/\/peoplesphere.be\/fr\/#\/schema\/person\/7976225ff17988604334abb7b3536a7e\"},\"headline\":\"Plus d&rsquo;un travailleur sur trois dans le secteur public a d\u00e9j\u00e0 appel\u00e9 \u00e0 l&rsquo;aide pour g\u00e9rer son bien-\u00eatre mental.\",\"datePublished\":\"2026-04-27T07:42:35+00:00\",\"dateModified\":\"2026-04-27T07:42:35+00:00\",\"mainEntityOfPage\":{\"@id\":\"https:\/\/peoplesphere.be\/fr\/plus-dun-travailleur-sur-trois-dans-le-secteur-public-a-deja-appele-a-laide-pour-gerer-son-bien-etre-mental\/\"},\"wordCount\":808,\"publisher\":{\"@id\":\"https:\/\/peoplesphere.be\/fr\/#organization\"},\"keywords\":[\"agressivit\u00e9\",\"bien-\u00eatre\",\"charge mental\",\"concertation sociale\",\"CSC\",\"risque psycho-social\",\"secteur public\",\"syndicats\",\"violence\"],\"articleSection\":[\"Actualit\u00e9s\",\"Digital\"],\"inLanguage\":\"fr-FR\"},{\"@type\":\"WebPage\",\"@id\":\"https:\/\/peoplesphere.be\/fr\/plus-dun-travailleur-sur-trois-dans-le-secteur-public-a-deja-appele-a-laide-pour-gerer-son-bien-etre-mental\/\",\"url\":\"https:\/\/peoplesphere.be\/fr\/plus-dun-travailleur-sur-trois-dans-le-secteur-public-a-deja-appele-a-laide-pour-gerer-son-bien-etre-mental\/\",\"name\":\"Plus d'un travailleur sur trois dans le secteur public a d\u00e9j\u00e0 appel\u00e9 \u00e0 l'aide pour g\u00e9rer son bien-\u00eatre mental. - Peoplesphere\",\"isPartOf\":{\"@id\":\"https:\/\/peoplesphere.be\/fr\/#website\"},\"datePublished\":\"2026-04-27T07:42:35+00:00\",\"dateModified\":\"2026-04-27T07:42:35+00:00\",\"breadcrumb\":{\"@id\":\"https:\/\/peoplesphere.be\/fr\/plus-dun-travailleur-sur-trois-dans-le-secteur-public-a-deja-appele-a-laide-pour-gerer-son-bien-etre-mental\/#breadcrumb\"},\"inLanguage\":\"fr-FR\",\"potentialAction\":[{\"@type\":\"ReadAction\",\"target\":[\"https:\/\/peoplesphere.be\/fr\/plus-dun-travailleur-sur-trois-dans-le-secteur-public-a-deja-appele-a-laide-pour-gerer-son-bien-etre-mental\/\"]}]},{\"@type\":\"BreadcrumbList\",\"@id\":\"https:\/\/peoplesphere.be\/fr\/plus-dun-travailleur-sur-trois-dans-le-secteur-public-a-deja-appele-a-laide-pour-gerer-son-bien-etre-mental\/#breadcrumb\",\"itemListElement\":[{\"@type\":\"ListItem\",\"position\":1,\"name\":\"Accueil\",\"item\":\"https:\/\/peoplesphere.be\/fr\/\"},{\"@type\":\"ListItem\",\"position\":2,\"name\":\"Plus d&rsquo;un travailleur sur trois dans le secteur public a d\u00e9j\u00e0 appel\u00e9 \u00e0 l&rsquo;aide pour g\u00e9rer son bien-\u00eatre mental.\"}]},{\"@type\":\"WebSite\",\"@id\":\"https:\/\/peoplesphere.be\/fr\/#website\",\"url\":\"https:\/\/peoplesphere.be\/fr\/\",\"name\":\"Peoplesphere\",\"description\":\"The People Managers Magazine\",\"publisher\":{\"@id\":\"https:\/\/peoplesphere.be\/fr\/#organization\"},\"potentialAction\":[{\"@type\":\"SearchAction\",\"target\":{\"@type\":\"EntryPoint\",\"urlTemplate\":\"https:\/\/peoplesphere.be\/fr\/?s={search_term_string}\"},\"query-input\":\"required name=search_term_string\"}],\"inLanguage\":\"fr-FR\"},{\"@type\":\"Organization\",\"@id\":\"https:\/\/peoplesphere.be\/fr\/#organization\",\"name\":\"Peoplesphere Company srl\",\"url\":\"https:\/\/peoplesphere.be\/fr\/\",\"logo\":{\"@type\":\"ImageObject\",\"inLanguage\":\"fr-FR\",\"@id\":\"https:\/\/peoplesphere.be\/fr\/#\/schema\/logo\/image\/\",\"url\":\"https:\/\/peoplesphere.be\/fr\/wp-content\/uploads\/2023\/07\/peoplesphere-lgo-new-generik.jpg\",\"contentUrl\":\"https:\/\/peoplesphere.be\/fr\/wp-content\/uploads\/2023\/07\/peoplesphere-lgo-new-generik.jpg\",\"width\":1031,\"height\":1479,\"caption\":\"Peoplesphere Company srl\"},\"image\":{\"@id\":\"https:\/\/peoplesphere.be\/fr\/#\/schema\/logo\/image\/\"},\"sameAs\":[\"https:\/\/www.facebook.com\/peoplesphere\",\"https:\/\/twitter.com\/PeoplesphereMag\",\"https:\/\/www.linkedin.com\/company\/7587361?trk\",\"http:\/\/youtube.com\/peoplesphere\"]},{\"@type\":\"Person\",\"@id\":\"https:\/\/peoplesphere.be\/fr\/#\/schema\/person\/7976225ff17988604334abb7b3536a7e\",\"name\":\"Jean-Paul Erhard\",\"image\":{\"@type\":\"ImageObject\",\"inLanguage\":\"fr-FR\",\"@id\":\"https:\/\/peoplesphere.be\/fr\/#\/schema\/person\/image\/\",\"url\":\"https:\/\/secure.gravatar.com\/avatar\/f941e681460179738071629a51574930?s=96&d=mm&r=g\",\"contentUrl\":\"https:\/\/secure.gravatar.com\/avatar\/f941e681460179738071629a51574930?s=96&d=mm&r=g\",\"caption\":\"Jean-Paul Erhard\"},\"url\":\"https:\/\/peoplesphere.be\/fr\/author\/jpe\/\"}]}<\/script>\n<!-- \/ Yoast SEO plugin. -->","yoast_head_json":{"title":"Plus d'un travailleur sur trois dans le secteur public a d\u00e9j\u00e0 appel\u00e9 \u00e0 l'aide pour g\u00e9rer son bien-\u00eatre mental. - Peoplesphere","robots":{"index":"index","follow":"follow","max-snippet":"max-snippet:-1","max-image-preview":"max-image-preview:large","max-video-preview":"max-video-preview:-1"},"canonical":"https:\/\/peoplesphere.be\/fr\/plus-dun-travailleur-sur-trois-dans-le-secteur-public-a-deja-appele-a-laide-pour-gerer-son-bien-etre-mental\/","og_locale":"fr_FR","og_type":"article","og_title":"Plus d'un travailleur sur trois dans le secteur public a d\u00e9j\u00e0 appel\u00e9 \u00e0 l'aide pour g\u00e9rer son bien-\u00eatre mental. - Peoplesphere","og_description":"Dans le cadre de la Journ\u00e9e mondiale de la s\u00e9curit\u00e9 et de la sant\u00e9 au travail, la CSC d\u00e9voile une enqu\u00eate r\u00e9v\u00e9lant que les agents de l&rsquo;Etat font face \u00e0 une charge mentale extr\u00eamement \u00e9lev\u00e9e. Plus d\u2019un agent sur trois [&hellip;]","og_url":"https:\/\/peoplesphere.be\/fr\/plus-dun-travailleur-sur-trois-dans-le-secteur-public-a-deja-appele-a-laide-pour-gerer-son-bien-etre-mental\/","og_site_name":"Peoplesphere","article_publisher":"https:\/\/www.facebook.com\/peoplesphere","article_published_time":"2026-04-27T07:42:35+00:00","og_image":[{"url":"http:\/\/www.peoplesphere.be\/fr\/wp-content\/uploads\/2016\/07\/facebook-default-posting-1200x628px.jpg"}],"author":"Jean-Paul Erhard","twitter_card":"summary_large_image","twitter_creator":"@PeoplesphereMag","twitter_site":"@PeoplesphereMag","twitter_misc":{"\u00c9crit par":"Jean-Paul Erhard","Dur\u00e9e de lecture estim\u00e9e":"4 minutes"},"schema":{"@context":"https:\/\/schema.org","@graph":[{"@type":"Article","@id":"https:\/\/peoplesphere.be\/fr\/plus-dun-travailleur-sur-trois-dans-le-secteur-public-a-deja-appele-a-laide-pour-gerer-son-bien-etre-mental\/#article","isPartOf":{"@id":"https:\/\/peoplesphere.be\/fr\/plus-dun-travailleur-sur-trois-dans-le-secteur-public-a-deja-appele-a-laide-pour-gerer-son-bien-etre-mental\/"},"author":{"name":"Jean-Paul Erhard","@id":"https:\/\/peoplesphere.be\/fr\/#\/schema\/person\/7976225ff17988604334abb7b3536a7e"},"headline":"Plus d&rsquo;un travailleur sur trois dans le secteur public a d\u00e9j\u00e0 appel\u00e9 \u00e0 l&rsquo;aide pour g\u00e9rer son bien-\u00eatre mental.","datePublished":"2026-04-27T07:42:35+00:00","dateModified":"2026-04-27T07:42:35+00:00","mainEntityOfPage":{"@id":"https:\/\/peoplesphere.be\/fr\/plus-dun-travailleur-sur-trois-dans-le-secteur-public-a-deja-appele-a-laide-pour-gerer-son-bien-etre-mental\/"},"wordCount":808,"publisher":{"@id":"https:\/\/peoplesphere.be\/fr\/#organization"},"keywords":["agressivit\u00e9","bien-\u00eatre","charge mental","concertation sociale","CSC","risque psycho-social","secteur public","syndicats","violence"],"articleSection":["Actualit\u00e9s","Digital"],"inLanguage":"fr-FR"},{"@type":"WebPage","@id":"https:\/\/peoplesphere.be\/fr\/plus-dun-travailleur-sur-trois-dans-le-secteur-public-a-deja-appele-a-laide-pour-gerer-son-bien-etre-mental\/","url":"https:\/\/peoplesphere.be\/fr\/plus-dun-travailleur-sur-trois-dans-le-secteur-public-a-deja-appele-a-laide-pour-gerer-son-bien-etre-mental\/","name":"Plus d'un travailleur sur trois dans le secteur public a d\u00e9j\u00e0 appel\u00e9 \u00e0 l'aide pour g\u00e9rer son bien-\u00eatre mental. - Peoplesphere","isPartOf":{"@id":"https:\/\/peoplesphere.be\/fr\/#website"},"datePublished":"2026-04-27T07:42:35+00:00","dateModified":"2026-04-27T07:42:35+00:00","breadcrumb":{"@id":"https:\/\/peoplesphere.be\/fr\/plus-dun-travailleur-sur-trois-dans-le-secteur-public-a-deja-appele-a-laide-pour-gerer-son-bien-etre-mental\/#breadcrumb"},"inLanguage":"fr-FR","potentialAction":[{"@type":"ReadAction","target":["https:\/\/peoplesphere.be\/fr\/plus-dun-travailleur-sur-trois-dans-le-secteur-public-a-deja-appele-a-laide-pour-gerer-son-bien-etre-mental\/"]}]},{"@type":"BreadcrumbList","@id":"https:\/\/peoplesphere.be\/fr\/plus-dun-travailleur-sur-trois-dans-le-secteur-public-a-deja-appele-a-laide-pour-gerer-son-bien-etre-mental\/#breadcrumb","itemListElement":[{"@type":"ListItem","position":1,"name":"Accueil","item":"https:\/\/peoplesphere.be\/fr\/"},{"@type":"ListItem","position":2,"name":"Plus d&rsquo;un travailleur sur trois dans le secteur public a d\u00e9j\u00e0 appel\u00e9 \u00e0 l&rsquo;aide pour g\u00e9rer son bien-\u00eatre mental."}]},{"@type":"WebSite","@id":"https:\/\/peoplesphere.be\/fr\/#website","url":"https:\/\/peoplesphere.be\/fr\/","name":"Peoplesphere","description":"The People Managers Magazine","publisher":{"@id":"https:\/\/peoplesphere.be\/fr\/#organization"},"potentialAction":[{"@type":"SearchAction","target":{"@type":"EntryPoint","urlTemplate":"https:\/\/peoplesphere.be\/fr\/?s={search_term_string}"},"query-input":"required name=search_term_string"}],"inLanguage":"fr-FR"},{"@type":"Organization","@id":"https:\/\/peoplesphere.be\/fr\/#organization","name":"Peoplesphere Company srl","url":"https:\/\/peoplesphere.be\/fr\/","logo":{"@type":"ImageObject","inLanguage":"fr-FR","@id":"https:\/\/peoplesphere.be\/fr\/#\/schema\/logo\/image\/","url":"https:\/\/peoplesphere.be\/fr\/wp-content\/uploads\/2023\/07\/peoplesphere-lgo-new-generik.jpg","contentUrl":"https:\/\/peoplesphere.be\/fr\/wp-content\/uploads\/2023\/07\/peoplesphere-lgo-new-generik.jpg","width":1031,"height":1479,"caption":"Peoplesphere Company srl"},"image":{"@id":"https:\/\/peoplesphere.be\/fr\/#\/schema\/logo\/image\/"},"sameAs":["https:\/\/www.facebook.com\/peoplesphere","https:\/\/twitter.com\/PeoplesphereMag","https:\/\/www.linkedin.com\/company\/7587361?trk","http:\/\/youtube.com\/peoplesphere"]},{"@type":"Person","@id":"https:\/\/peoplesphere.be\/fr\/#\/schema\/person\/7976225ff17988604334abb7b3536a7e","name":"Jean-Paul Erhard","image":{"@type":"ImageObject","inLanguage":"fr-FR","@id":"https:\/\/peoplesphere.be\/fr\/#\/schema\/person\/image\/","url":"https:\/\/secure.gravatar.com\/avatar\/f941e681460179738071629a51574930?s=96&d=mm&r=g","contentUrl":"https:\/\/secure.gravatar.com\/avatar\/f941e681460179738071629a51574930?s=96&d=mm&r=g","caption":"Jean-Paul Erhard"},"url":"https:\/\/peoplesphere.be\/fr\/author\/jpe\/"}]}},"_links":{"self":[{"href":"https:\/\/peoplesphere.be\/fr\/wp-json\/wp\/v2\/posts\/19065"}],"collection":[{"href":"https:\/\/peoplesphere.be\/fr\/wp-json\/wp\/v2\/posts"}],"about":[{"href":"https:\/\/peoplesphere.be\/fr\/wp-json\/wp\/v2\/types\/post"}],"author":[{"embeddable":true,"href":"https:\/\/peoplesphere.be\/fr\/wp-json\/wp\/v2\/users\/2"}],"replies":[{"embeddable":true,"href":"https:\/\/peoplesphere.be\/fr\/wp-json\/wp\/v2\/comments?post=19065"}],"version-history":[{"count":1,"href":"https:\/\/peoplesphere.be\/fr\/wp-json\/wp\/v2\/posts\/19065\/revisions"}],"predecessor-version":[{"id":19066,"href":"https:\/\/peoplesphere.be\/fr\/wp-json\/wp\/v2\/posts\/19065\/revisions\/19066"}],"wp:attachment":[{"href":"https:\/\/peoplesphere.be\/fr\/wp-json\/wp\/v2\/media?parent=19065"}],"wp:term":[{"taxonomy":"category","embeddable":true,"href":"https:\/\/peoplesphere.be\/fr\/wp-json\/wp\/v2\/categories?post=19065"},{"taxonomy":"post_tag","embeddable":true,"href":"https:\/\/peoplesphere.be\/fr\/wp-json\/wp\/v2\/tags?post=19065"}],"curies":[{"name":"wp","href":"https:\/\/api.w.org\/{rel}","templated":true}]}}