









{"id":19067,"date":"2026-04-28T04:32:54","date_gmt":"2026-04-28T02:32:54","guid":{"rendered":"https:\/\/peoplesphere.be\/fr\/?p=19067"},"modified":"2026-04-28T04:32:54","modified_gmt":"2026-04-28T02:32:54","slug":"vers-des-conseils-dadministration-de-plus-en-plus-actifs-lattention-sur-la-stabilite-financiere-se-renforce","status":"publish","type":"post","link":"https:\/\/peoplesphere.be\/fr\/vers-des-conseils-dadministration-de-plus-en-plus-actifs-lattention-sur-la-stabilite-financiere-se-renforce\/","title":{"rendered":"Vers des Conseils d&rsquo;Administration de plus en plus actifs? L&rsquo;attention sur la stabilit\u00e9 financi\u00e8re  se renforce."},"content":{"rendered":"<p>Selon le rapport &lsquo;Board Monitor 2025&rsquo; publi\u00e9 par le cabinet Heidrick &amp; Struggles, les conseils d\u2019administration belges affichent des tendances int\u00e9ressantes dans notre pays : une proportion record de nouveaux membres encore en activit\u00e9 professionnelle, une diversit\u00e9 en hausse et une attention port\u00e9e \u00e0 la stabilit\u00e9 financi\u00e8re.<!--more--><\/p>\n<p>Toutefois, dans un environnement marqu\u00e9 par une constante instabilit\u00e9, les conseils d\u2019administration doivent conjuguer expertise et agilit\u00e9. Le rapport &lsquo;Board Monitor&rsquo; 2025 r\u00e9v\u00e8le les tendances en mati\u00e8re de compositions des conseils d\u2019administration.<\/p>\n<h3><strong><em>Des conseils d\u2019administration belges tr\u00e8s \u00ab\u00a0actifs\u00a0\u00bb<\/em><\/strong><\/h3>\n<p>78% des nouveaux membres des conseils d\u2019administration du BEL 20 exercent encore une activit\u00e9 professionnelle, la proportion la plus \u00e9lev\u00e9e en Europe (57% en moyenne). Cette pratique, salu\u00e9e par les experts de Heidrick &amp; Struggles, favorise un mentoring actualis\u00e9 pour les CEO et les \u00e9quipes dirigeantes, ainsi qu\u2019une opportunit\u00e9 de d\u00e9veloppement mutuelle entre boards et ex\u00e9cutifs.<\/p>\n<p>En Belgique, certains CEOs encouragent m\u00eame leurs membres du comit\u00e9 ex\u00e9cutif \u00e0 rejoindre des conseils d\u2019administration externes pour leur propre d\u00e9veloppement professionnel, favorisant ainsi une vision crois\u00e9e et un enrichissement mutuel. Cette ouverture \u00e0 des profils \u00ab\u00a0double casquette\u00a0\u00bb permet aussi aux ex\u00e9cutifs de s\u2019enrichir d\u2019une exp\u00e9rience de board dans d\u2019autres entreprises, renfor\u00e7ant ainsi la transversalit\u00e9 des comp\u00e9tences et la compr\u00e9hension des enjeux de gouvernance.<\/p>\n<p><em>\u00ab\u00a0C\u2019est une tendance tr\u00e8s int\u00e9ressante et une bonne pratique qu\u2019il faut valoriser. Pour le CEO et le management, cela garantit un coaching d\u2019actualit\u00e9, constamment pertinent et en phase avec les tendances actuelles. Les membres du CA qui sont professionnellement actifs sont des mentors appropri\u00e9s car ils connaissent le m\u00e9tier et sont au fait de ce qu\u2019il se passe dans le monde du travail et leur secteur. Il faut cependant veiller \u00e0 leur disponibilit\u00e9 et \u00e0 leur pr\u00e9paration lors des r\u00e9unions car \u00eatre professionnellement actif signifie qu\u2019il est parfois compliqu\u00e9 de consacrer du temps \u00e0 ce r\u00f4le de Board en parall\u00e8le. Id\u00e9alement, les boards doivent se composer d\u2019un ou deux membres qui sont encore professionnellement actifs, pas plus !\u00a0\u00bb,<\/em> d\u00e9clare Marie-H\u00e9l\u00e8ne de Coster, Partner chez Heidrick &amp; Struggles.<\/p>\n<h3><strong><em>La diversit\u00e9 progresse dans les Boards, la durabilit\u00e9 est quant \u00e0 elle sous pression<\/em><\/strong><\/h3>\n<p>En Belgique, la composition des conseils d\u2019administration continue d\u2019\u00e9voluer. La part des femmes parmi les nouveaux membres atteint aujourd\u2019hui 44%, ce qui est dans la moyenne europ\u00e9enne, mais reste n\u00e9anmoins sup\u00e9rieure \u00e0 celle des comit\u00e9s ex\u00e9cutifs (28%) qui, selon Heidrick &amp; Struggles, est due \u00e0 de nombreuses causes (biais cognitifs persistants, culture soci\u00e9tale, etc\u2026).<\/p>\n<p>En revanche, la pr\u00e9sence d\u2019expertise en mati\u00e8re de durabilit\u00e9 recule \u00e0 11% (contre une moyenne de 25% en Europe), apr\u00e8s plusieurs ann\u00e9es de hausse. Ce recul peut s\u2019expliquer par la pression croissante des crises externes et l\u2019instabilit\u00e9 assez constante et difficile \u00e0 anticiper.<\/p>\n<p><em>\u00ab\u00a0En ce qui concerne la durabilit\u00e9, les d\u00e9fis externes et l\u2019instabilit\u00e9 mondiale font que le d\u00e9veloppement durable n\u2019est peut-\u00eatre plus \u00e0 la une de l\u2019agenda. Les entreprises doivent g\u00e9rer de nombreuses demandes, ce qui limite leur capacit\u00e9 \u00e0 se concentrer sur tous les enjeux \u00e0 la fois. Cela ne signifie pas que les fondamentaux de la durabilit\u00e9 diminuent, mais la pression est forte. Par ailleurs, il est probable que, compte tenu de la hausse du nombre d\u2019experts disposant de comp\u00e9tences en durabilit\u00e9 observ\u00e9e ces derni\u00e8res ann\u00e9es, le quota d\u2019expertise n\u00e9cessaire dans ce domaine soit d\u00e9sormais atteint, ce qui explique en partie ce recul\u00a0\u00bb<\/em>, ajoute Marie-H\u00e9l\u00e8ne de Coster.<\/p>\n<h3><strong><em>Un focus sur les CFO pour assurer une stabilit\u00e9 financi\u00e8re<\/em><\/strong><\/h3>\n<p>Autre tendance marquante du Board Monitor 2025 : 33% des nouveaux membres des conseils d\u2019administration du BEL20 disposent d\u2019une exp\u00e9rience de CFO, contre 20% en moyenne en Europe. Ce chiffre illustre non seulement une recherche accrue de stabilit\u00e9 financi\u00e8re, mais aussi le besoin constant de profils experts au sein des comit\u00e9s d\u2019audit, pr\u00e9sents dans chaque entreprise.<\/p>\n<p>Les boards souhaitent en effet toujours une solide repr\u00e9sentation financi\u00e8re en leur sein. Le CFO incarne parfaitement le bon \u00e9quilibre entre expertise et leadership, et occupe g\u00e9n\u00e9ralement un r\u00f4le cl\u00e9 dans les comit\u00e9s d\u2019audit. Cette double comp\u00e9tence est particuli\u00e8rement pr\u00e9cieuse en p\u00e9riode d\u2019incertitude, o\u00f9 la capacit\u00e9 \u00e0 conjuguer vision strat\u00e9gique et ma\u00eetrise des enjeux financiers devient essentielle.<\/p>\n<p>En conclusion, si l\u2019expertise dans un domaine pr\u00e9cis peut s\u2019av\u00e9rer indispensable au sein des conseils d\u2019administration, il n\u2019est ni r\u00e9aliste ni souhaitable de rechercher une repr\u00e9sentation pour chaque sp\u00e9cialit\u00e9, au risque de rendre les instances d\u00e9cisionnelles surcharg\u00e9es et inefficaces. La cl\u00e9 r\u00e9side dans une subtile harmonie entre profils experts et g\u00e9n\u00e9ralistes, o\u00f9 la combinaison de comp\u00e9tences sp\u00e9cifiques et de leadership garantit une v\u00e9ritable valeur ajout\u00e9e. Les conseils doivent ainsi pouvoir compter sur des membres polyvalents, capables de mobiliser leur savoir-faire pointu tout en conservant une vision d\u2019ensemble, afin de s\u2019adapter aux multiples enjeux de l\u2019environnement \u00e9conomique et soci\u00e9tal. \u200b<\/p>\n<p>Il est donc essentiel de privil\u00e9gier la compl\u00e9mentarit\u00e9 des comp\u00e9tences, car l\u2019intervention d\u2019un expert en dehors de son champ peut perdre en pertinence, alors que la capacit\u00e9 d\u2019adaptation et de mobilisation de comp\u00e9tences g\u00e9n\u00e9rales demeure cruciale pour la performance collective et la pertinence des d\u00e9cisions.<\/p>\n<p>&nbsp;<\/p>\n<p><em>Source: Board Monitor 2025 &#8211; Heidrick &amp; Struggles<\/em><\/p>\n","protected":false},"excerpt":{"rendered":"<p>Selon le rapport &lsquo;Board Monitor 2025&rsquo; publi\u00e9 par le cabinet Heidrick &amp; Struggles, les conseils d\u2019administration belges affichent des tendances int\u00e9ressantes dans notre pays : une proportion record de nouveaux membres encore en activit\u00e9 professionnelle, une diversit\u00e9 en hausse et [&hellip;]<\/p>\n","protected":false},"author":2,"featured_media":0,"comment_status":"closed","ping_status":"open","sticky":false,"template":"","format":"standard","meta":[],"categories":[65,10],"tags":[270,169,2690,269,4428],"yoast_head":"<!-- This site is optimized with the Yoast SEO plugin v21.0 - https:\/\/yoast.com\/wordpress\/plugins\/seo\/ -->\n<title>Vers des Conseils d&#039;Administration de plus en plus actifs? L&#039;attention sur la stabilit\u00e9 financi\u00e8re se renforce. - Peoplesphere<\/title>\n<meta name=\"robots\" content=\"index, follow, max-snippet:-1, max-image-preview:large, max-video-preview:-1\" \/>\n<link rel=\"canonical\" href=\"https:\/\/peoplesphere.be\/fr\/vers-des-conseils-dadministration-de-plus-en-plus-actifs-lattention-sur-la-stabilite-financiere-se-renforce\/\" \/>\n<meta property=\"og:locale\" content=\"fr_FR\" \/>\n<meta property=\"og:type\" content=\"article\" \/>\n<meta property=\"og:title\" content=\"Vers des Conseils d&#039;Administration de plus en plus actifs? L&#039;attention sur la stabilit\u00e9 financi\u00e8re se renforce. - Peoplesphere\" \/>\n<meta property=\"og:description\" content=\"Selon le rapport &lsquo;Board Monitor 2025&rsquo; publi\u00e9 par le cabinet Heidrick &amp; Struggles, les conseils d\u2019administration belges affichent des tendances int\u00e9ressantes dans notre pays : une proportion record de nouveaux membres encore en activit\u00e9 professionnelle, une diversit\u00e9 en hausse et [&hellip;]\" \/>\n<meta property=\"og:url\" content=\"https:\/\/peoplesphere.be\/fr\/vers-des-conseils-dadministration-de-plus-en-plus-actifs-lattention-sur-la-stabilite-financiere-se-renforce\/\" \/>\n<meta property=\"og:site_name\" content=\"Peoplesphere\" \/>\n<meta property=\"article:publisher\" content=\"https:\/\/www.facebook.com\/peoplesphere\" \/>\n<meta property=\"article:published_time\" content=\"2026-04-28T02:32:54+00:00\" \/>\n<meta property=\"og:image\" content=\"http:\/\/www.peoplesphere.be\/fr\/wp-content\/uploads\/2016\/07\/facebook-default-posting-1200x628px.jpg\" \/>\n<meta name=\"author\" content=\"Jean-Paul Erhard\" \/>\n<meta name=\"twitter:card\" content=\"summary_large_image\" \/>\n<meta name=\"twitter:creator\" content=\"@PeoplesphereMag\" \/>\n<meta name=\"twitter:site\" content=\"@PeoplesphereMag\" \/>\n<meta name=\"twitter:label1\" content=\"\u00c9crit par\" \/>\n\t<meta name=\"twitter:data1\" content=\"Jean-Paul Erhard\" \/>\n\t<meta name=\"twitter:label2\" content=\"Dur\u00e9e de lecture estim\u00e9e\" \/>\n\t<meta name=\"twitter:data2\" content=\"5 minutes\" \/>\n<script type=\"application\/ld+json\" class=\"yoast-schema-graph\">{\"@context\":\"https:\/\/schema.org\",\"@graph\":[{\"@type\":\"Article\",\"@id\":\"https:\/\/peoplesphere.be\/fr\/vers-des-conseils-dadministration-de-plus-en-plus-actifs-lattention-sur-la-stabilite-financiere-se-renforce\/#article\",\"isPartOf\":{\"@id\":\"https:\/\/peoplesphere.be\/fr\/vers-des-conseils-dadministration-de-plus-en-plus-actifs-lattention-sur-la-stabilite-financiere-se-renforce\/\"},\"author\":{\"name\":\"Jean-Paul Erhard\",\"@id\":\"https:\/\/peoplesphere.be\/fr\/#\/schema\/person\/7976225ff17988604334abb7b3536a7e\"},\"headline\":\"Vers des Conseils d&rsquo;Administration de plus en plus actifs? L&rsquo;attention sur la stabilit\u00e9 financi\u00e8re se renforce.\",\"datePublished\":\"2026-04-28T02:32:54+00:00\",\"dateModified\":\"2026-04-28T02:32:54+00:00\",\"mainEntityOfPage\":{\"@id\":\"https:\/\/peoplesphere.be\/fr\/vers-des-conseils-dadministration-de-plus-en-plus-actifs-lattention-sur-la-stabilite-financiere-se-renforce\/\"},\"wordCount\":947,\"publisher\":{\"@id\":\"https:\/\/peoplesphere.be\/fr\/#organization\"},\"keywords\":[\"conseil d'administration\",\"diversit\u00e9\",\"durabilit\u00e9\",\"gouvernance\",\"stabilit\u00e9 financi\u00e8re\"],\"articleSection\":[\"Actualit\u00e9s\",\"Digital\"],\"inLanguage\":\"fr-FR\"},{\"@type\":\"WebPage\",\"@id\":\"https:\/\/peoplesphere.be\/fr\/vers-des-conseils-dadministration-de-plus-en-plus-actifs-lattention-sur-la-stabilite-financiere-se-renforce\/\",\"url\":\"https:\/\/peoplesphere.be\/fr\/vers-des-conseils-dadministration-de-plus-en-plus-actifs-lattention-sur-la-stabilite-financiere-se-renforce\/\",\"name\":\"Vers des Conseils d'Administration de plus en plus actifs? L'attention sur la stabilit\u00e9 financi\u00e8re se renforce. - Peoplesphere\",\"isPartOf\":{\"@id\":\"https:\/\/peoplesphere.be\/fr\/#website\"},\"datePublished\":\"2026-04-28T02:32:54+00:00\",\"dateModified\":\"2026-04-28T02:32:54+00:00\",\"breadcrumb\":{\"@id\":\"https:\/\/peoplesphere.be\/fr\/vers-des-conseils-dadministration-de-plus-en-plus-actifs-lattention-sur-la-stabilite-financiere-se-renforce\/#breadcrumb\"},\"inLanguage\":\"fr-FR\",\"potentialAction\":[{\"@type\":\"ReadAction\",\"target\":[\"https:\/\/peoplesphere.be\/fr\/vers-des-conseils-dadministration-de-plus-en-plus-actifs-lattention-sur-la-stabilite-financiere-se-renforce\/\"]}]},{\"@type\":\"BreadcrumbList\",\"@id\":\"https:\/\/peoplesphere.be\/fr\/vers-des-conseils-dadministration-de-plus-en-plus-actifs-lattention-sur-la-stabilite-financiere-se-renforce\/#breadcrumb\",\"itemListElement\":[{\"@type\":\"ListItem\",\"position\":1,\"name\":\"Accueil\",\"item\":\"https:\/\/peoplesphere.be\/fr\/\"},{\"@type\":\"ListItem\",\"position\":2,\"name\":\"Vers des Conseils d&rsquo;Administration de plus en plus actifs? L&rsquo;attention sur la stabilit\u00e9 financi\u00e8re se renforce.\"}]},{\"@type\":\"WebSite\",\"@id\":\"https:\/\/peoplesphere.be\/fr\/#website\",\"url\":\"https:\/\/peoplesphere.be\/fr\/\",\"name\":\"Peoplesphere\",\"description\":\"The People Managers Magazine\",\"publisher\":{\"@id\":\"https:\/\/peoplesphere.be\/fr\/#organization\"},\"potentialAction\":[{\"@type\":\"SearchAction\",\"target\":{\"@type\":\"EntryPoint\",\"urlTemplate\":\"https:\/\/peoplesphere.be\/fr\/?s={search_term_string}\"},\"query-input\":\"required name=search_term_string\"}],\"inLanguage\":\"fr-FR\"},{\"@type\":\"Organization\",\"@id\":\"https:\/\/peoplesphere.be\/fr\/#organization\",\"name\":\"Peoplesphere Company srl\",\"url\":\"https:\/\/peoplesphere.be\/fr\/\",\"logo\":{\"@type\":\"ImageObject\",\"inLanguage\":\"fr-FR\",\"@id\":\"https:\/\/peoplesphere.be\/fr\/#\/schema\/logo\/image\/\",\"url\":\"https:\/\/peoplesphere.be\/fr\/wp-content\/uploads\/2023\/07\/peoplesphere-lgo-new-generik.jpg\",\"contentUrl\":\"https:\/\/peoplesphere.be\/fr\/wp-content\/uploads\/2023\/07\/peoplesphere-lgo-new-generik.jpg\",\"width\":1031,\"height\":1479,\"caption\":\"Peoplesphere Company srl\"},\"image\":{\"@id\":\"https:\/\/peoplesphere.be\/fr\/#\/schema\/logo\/image\/\"},\"sameAs\":[\"https:\/\/www.facebook.com\/peoplesphere\",\"https:\/\/twitter.com\/PeoplesphereMag\",\"https:\/\/www.linkedin.com\/company\/7587361?trk\",\"http:\/\/youtube.com\/peoplesphere\"]},{\"@type\":\"Person\",\"@id\":\"https:\/\/peoplesphere.be\/fr\/#\/schema\/person\/7976225ff17988604334abb7b3536a7e\",\"name\":\"Jean-Paul Erhard\",\"image\":{\"@type\":\"ImageObject\",\"inLanguage\":\"fr-FR\",\"@id\":\"https:\/\/peoplesphere.be\/fr\/#\/schema\/person\/image\/\",\"url\":\"https:\/\/secure.gravatar.com\/avatar\/f941e681460179738071629a51574930?s=96&d=mm&r=g\",\"contentUrl\":\"https:\/\/secure.gravatar.com\/avatar\/f941e681460179738071629a51574930?s=96&d=mm&r=g\",\"caption\":\"Jean-Paul Erhard\"},\"url\":\"https:\/\/peoplesphere.be\/fr\/author\/jpe\/\"}]}<\/script>\n<!-- \/ Yoast SEO plugin. -->","yoast_head_json":{"title":"Vers des Conseils d'Administration de plus en plus actifs? L'attention sur la stabilit\u00e9 financi\u00e8re se renforce. - Peoplesphere","robots":{"index":"index","follow":"follow","max-snippet":"max-snippet:-1","max-image-preview":"max-image-preview:large","max-video-preview":"max-video-preview:-1"},"canonical":"https:\/\/peoplesphere.be\/fr\/vers-des-conseils-dadministration-de-plus-en-plus-actifs-lattention-sur-la-stabilite-financiere-se-renforce\/","og_locale":"fr_FR","og_type":"article","og_title":"Vers des Conseils d'Administration de plus en plus actifs? L'attention sur la stabilit\u00e9 financi\u00e8re se renforce. - Peoplesphere","og_description":"Selon le rapport &lsquo;Board Monitor 2025&rsquo; publi\u00e9 par le cabinet Heidrick &amp; Struggles, les conseils d\u2019administration belges affichent des tendances int\u00e9ressantes dans notre pays : une proportion record de nouveaux membres encore en activit\u00e9 professionnelle, une diversit\u00e9 en hausse et [&hellip;]","og_url":"https:\/\/peoplesphere.be\/fr\/vers-des-conseils-dadministration-de-plus-en-plus-actifs-lattention-sur-la-stabilite-financiere-se-renforce\/","og_site_name":"Peoplesphere","article_publisher":"https:\/\/www.facebook.com\/peoplesphere","article_published_time":"2026-04-28T02:32:54+00:00","og_image":[{"url":"http:\/\/www.peoplesphere.be\/fr\/wp-content\/uploads\/2016\/07\/facebook-default-posting-1200x628px.jpg"}],"author":"Jean-Paul Erhard","twitter_card":"summary_large_image","twitter_creator":"@PeoplesphereMag","twitter_site":"@PeoplesphereMag","twitter_misc":{"\u00c9crit par":"Jean-Paul Erhard","Dur\u00e9e de lecture estim\u00e9e":"5 minutes"},"schema":{"@context":"https:\/\/schema.org","@graph":[{"@type":"Article","@id":"https:\/\/peoplesphere.be\/fr\/vers-des-conseils-dadministration-de-plus-en-plus-actifs-lattention-sur-la-stabilite-financiere-se-renforce\/#article","isPartOf":{"@id":"https:\/\/peoplesphere.be\/fr\/vers-des-conseils-dadministration-de-plus-en-plus-actifs-lattention-sur-la-stabilite-financiere-se-renforce\/"},"author":{"name":"Jean-Paul Erhard","@id":"https:\/\/peoplesphere.be\/fr\/#\/schema\/person\/7976225ff17988604334abb7b3536a7e"},"headline":"Vers des Conseils d&rsquo;Administration de plus en plus actifs? L&rsquo;attention sur la stabilit\u00e9 financi\u00e8re se renforce.","datePublished":"2026-04-28T02:32:54+00:00","dateModified":"2026-04-28T02:32:54+00:00","mainEntityOfPage":{"@id":"https:\/\/peoplesphere.be\/fr\/vers-des-conseils-dadministration-de-plus-en-plus-actifs-lattention-sur-la-stabilite-financiere-se-renforce\/"},"wordCount":947,"publisher":{"@id":"https:\/\/peoplesphere.be\/fr\/#organization"},"keywords":["conseil d'administration","diversit\u00e9","durabilit\u00e9","gouvernance","stabilit\u00e9 financi\u00e8re"],"articleSection":["Actualit\u00e9s","Digital"],"inLanguage":"fr-FR"},{"@type":"WebPage","@id":"https:\/\/peoplesphere.be\/fr\/vers-des-conseils-dadministration-de-plus-en-plus-actifs-lattention-sur-la-stabilite-financiere-se-renforce\/","url":"https:\/\/peoplesphere.be\/fr\/vers-des-conseils-dadministration-de-plus-en-plus-actifs-lattention-sur-la-stabilite-financiere-se-renforce\/","name":"Vers des Conseils d'Administration de plus en plus actifs? L'attention sur la stabilit\u00e9 financi\u00e8re se renforce. - Peoplesphere","isPartOf":{"@id":"https:\/\/peoplesphere.be\/fr\/#website"},"datePublished":"2026-04-28T02:32:54+00:00","dateModified":"2026-04-28T02:32:54+00:00","breadcrumb":{"@id":"https:\/\/peoplesphere.be\/fr\/vers-des-conseils-dadministration-de-plus-en-plus-actifs-lattention-sur-la-stabilite-financiere-se-renforce\/#breadcrumb"},"inLanguage":"fr-FR","potentialAction":[{"@type":"ReadAction","target":["https:\/\/peoplesphere.be\/fr\/vers-des-conseils-dadministration-de-plus-en-plus-actifs-lattention-sur-la-stabilite-financiere-se-renforce\/"]}]},{"@type":"BreadcrumbList","@id":"https:\/\/peoplesphere.be\/fr\/vers-des-conseils-dadministration-de-plus-en-plus-actifs-lattention-sur-la-stabilite-financiere-se-renforce\/#breadcrumb","itemListElement":[{"@type":"ListItem","position":1,"name":"Accueil","item":"https:\/\/peoplesphere.be\/fr\/"},{"@type":"ListItem","position":2,"name":"Vers des Conseils d&rsquo;Administration de plus en plus actifs? L&rsquo;attention sur la stabilit\u00e9 financi\u00e8re se renforce."}]},{"@type":"WebSite","@id":"https:\/\/peoplesphere.be\/fr\/#website","url":"https:\/\/peoplesphere.be\/fr\/","name":"Peoplesphere","description":"The People Managers Magazine","publisher":{"@id":"https:\/\/peoplesphere.be\/fr\/#organization"},"potentialAction":[{"@type":"SearchAction","target":{"@type":"EntryPoint","urlTemplate":"https:\/\/peoplesphere.be\/fr\/?s={search_term_string}"},"query-input":"required name=search_term_string"}],"inLanguage":"fr-FR"},{"@type":"Organization","@id":"https:\/\/peoplesphere.be\/fr\/#organization","name":"Peoplesphere Company srl","url":"https:\/\/peoplesphere.be\/fr\/","logo":{"@type":"ImageObject","inLanguage":"fr-FR","@id":"https:\/\/peoplesphere.be\/fr\/#\/schema\/logo\/image\/","url":"https:\/\/peoplesphere.be\/fr\/wp-content\/uploads\/2023\/07\/peoplesphere-lgo-new-generik.jpg","contentUrl":"https:\/\/peoplesphere.be\/fr\/wp-content\/uploads\/2023\/07\/peoplesphere-lgo-new-generik.jpg","width":1031,"height":1479,"caption":"Peoplesphere Company srl"},"image":{"@id":"https:\/\/peoplesphere.be\/fr\/#\/schema\/logo\/image\/"},"sameAs":["https:\/\/www.facebook.com\/peoplesphere","https:\/\/twitter.com\/PeoplesphereMag","https:\/\/www.linkedin.com\/company\/7587361?trk","http:\/\/youtube.com\/peoplesphere"]},{"@type":"Person","@id":"https:\/\/peoplesphere.be\/fr\/#\/schema\/person\/7976225ff17988604334abb7b3536a7e","name":"Jean-Paul Erhard","image":{"@type":"ImageObject","inLanguage":"fr-FR","@id":"https:\/\/peoplesphere.be\/fr\/#\/schema\/person\/image\/","url":"https:\/\/secure.gravatar.com\/avatar\/f941e681460179738071629a51574930?s=96&d=mm&r=g","contentUrl":"https:\/\/secure.gravatar.com\/avatar\/f941e681460179738071629a51574930?s=96&d=mm&r=g","caption":"Jean-Paul Erhard"},"url":"https:\/\/peoplesphere.be\/fr\/author\/jpe\/"}]}},"_links":{"self":[{"href":"https:\/\/peoplesphere.be\/fr\/wp-json\/wp\/v2\/posts\/19067"}],"collection":[{"href":"https:\/\/peoplesphere.be\/fr\/wp-json\/wp\/v2\/posts"}],"about":[{"href":"https:\/\/peoplesphere.be\/fr\/wp-json\/wp\/v2\/types\/post"}],"author":[{"embeddable":true,"href":"https:\/\/peoplesphere.be\/fr\/wp-json\/wp\/v2\/users\/2"}],"replies":[{"embeddable":true,"href":"https:\/\/peoplesphere.be\/fr\/wp-json\/wp\/v2\/comments?post=19067"}],"version-history":[{"count":1,"href":"https:\/\/peoplesphere.be\/fr\/wp-json\/wp\/v2\/posts\/19067\/revisions"}],"predecessor-version":[{"id":19068,"href":"https:\/\/peoplesphere.be\/fr\/wp-json\/wp\/v2\/posts\/19067\/revisions\/19068"}],"wp:attachment":[{"href":"https:\/\/peoplesphere.be\/fr\/wp-json\/wp\/v2\/media?parent=19067"}],"wp:term":[{"taxonomy":"category","embeddable":true,"href":"https:\/\/peoplesphere.be\/fr\/wp-json\/wp\/v2\/categories?post=19067"},{"taxonomy":"post_tag","embeddable":true,"href":"https:\/\/peoplesphere.be\/fr\/wp-json\/wp\/v2\/tags?post=19067"}],"curies":[{"name":"wp","href":"https:\/\/api.w.org\/{rel}","templated":true}]}}