









{"id":19069,"date":"2026-04-29T05:07:47","date_gmt":"2026-04-29T03:07:47","guid":{"rendered":"https:\/\/peoplesphere.be\/fr\/?p=19069"},"modified":"2026-04-29T05:07:47","modified_gmt":"2026-04-29T03:07:47","slug":"face-a-la-hausse-des-prix-de-lenergie-lidl-augmente-lindemnite-kilometrique-pour-les-deplacements-en-voiture-et-a-velo-de-ses-collaborateurs","status":"publish","type":"post","link":"https:\/\/peoplesphere.be\/fr\/face-a-la-hausse-des-prix-de-lenergie-lidl-augmente-lindemnite-kilometrique-pour-les-deplacements-en-voiture-et-a-velo-de-ses-collaborateurs\/","title":{"rendered":"Face \u00e0 la hausse des prix de l&rsquo;\u00e9nergie, Lidl augmente l&rsquo;indemnit\u00e9 kilom\u00e9trique pour les d\u00e9placements, en voiture et \u00e0 v\u00e9lo, de ses collaborateurs."},"content":{"rendered":"<p>Lidl Belgique annonce aujourd&rsquo;hui un soutien financier suppl\u00e9mentaire pour ses collaborateurs. \u00c0 partir du 1er mai, la cha\u00eene de supermarch\u00e9s accordera une intervention accrue pour les trajets domicile-travail effectu\u00e9s avec un v\u00e9hicule personnel, conform\u00e9ment aux dispositions autoris\u00e9es par le gouvernement. Les employ\u00e9s se rendant au travail \u00e0 v\u00e9lo b\u00e9n\u00e9ficieront \u00e9galement d&rsquo;une indemnit\u00e9 augment\u00e9e.<!--more--><\/p>\n<p>Par cette initiative, le distributeur souhaite att\u00e9nuer l&rsquo;impact de l&rsquo;envol\u00e9e des co\u00fbts de l&rsquo;\u00e9nergie tout en continuant \u00e0 encourager la mobilit\u00e9 durable.<\/p>\n<p>Le pouvoir d&rsquo;achat des m\u00e9nages est sous pression en raison de l&rsquo;augmentation du co\u00fbt de la vie et de l&rsquo;\u00e9nergie. En tant qu&rsquo;un des plus grands employeurs du secteur de la vente au d\u00e9tail en Belgique, Lidl souhaite envoyer un signal concret \u00e0 ses plus de 10 000 collaborateurs travaillant en magasin, en centre de distribution et au si\u00e8ge social.<\/p>\n<h3><strong><em>Un soutien direct pour les trajets domicile-travail<\/em><\/strong><\/h3>\n<p>Cette revalorisation vise sp\u00e9cifiquement \u00e0 compenser les frais li\u00e9s aux d\u00e9placements quotidiens avec son propre v\u00e9hicule.<\/p>\n<p><em>\u00ab\u00a0Nos collaborateurs sont le v\u00e9ritable pilier de notre entreprise. Nous sommes tr\u00e8s attentifs aux r\u00e9alit\u00e9s qu&rsquo;ils nous partagent, notamment face \u00e0 l&rsquo;augmentation du co\u00fbt de la vie qui impacte leur quotidien\u00a0\u00bb<\/em>, d\u00e9clare Wal\u00e9riane Dubois-Decroix, porte-parole de Lidl Belgique et Luxembourg.<br \/>\n<em>\u200b\u00a0\u00bbAvec cette intervention temporaire, nous avons voulu agir concr\u00e8tement et sans attendre pour soutenir le pouvoir d&rsquo;achat de nos \u00e9quipes. C&rsquo;est une mani\u00e8re de les remercier pour leur engagement et pour tout le travail accompli chaque jour sur le terrain.\u00a0\u00bb<\/em><\/p>\n<p>&nbsp;<\/p>\n<p><em>Source: Lidl Belgium<\/em><\/p>\n","protected":false},"excerpt":{"rendered":"<p>Lidl Belgique annonce aujourd&rsquo;hui un soutien financier suppl\u00e9mentaire pour ses collaborateurs. \u00c0 partir du 1er mai, la cha\u00eene de supermarch\u00e9s accordera une intervention accrue pour les trajets domicile-travail effectu\u00e9s avec un v\u00e9hicule personnel, conform\u00e9ment aux dispositions autoris\u00e9es par le gouvernement. [&hellip;]<\/p>\n","protected":false},"author":2,"featured_media":19070,"comment_status":"closed","ping_status":"open","sticky":false,"template":"","format":"standard","meta":[],"categories":[65,10],"tags":[4430,1788,4429,148],"yoast_head":"<!-- This site is optimized with the Yoast SEO plugin v21.0 - https:\/\/yoast.com\/wordpress\/plugins\/seo\/ -->\n<title>Face \u00e0 la hausse des prix de l&#039;\u00e9nergie, Lidl augmente l&#039;indemnit\u00e9 kilom\u00e9trique pour les d\u00e9placements, en voiture et \u00e0 v\u00e9lo, de ses collaborateurs. - Peoplesphere<\/title>\n<meta name=\"robots\" content=\"index, follow, max-snippet:-1, max-image-preview:large, max-video-preview:-1\" \/>\n<link rel=\"canonical\" href=\"https:\/\/peoplesphere.be\/fr\/face-a-la-hausse-des-prix-de-lenergie-lidl-augmente-lindemnite-kilometrique-pour-les-deplacements-en-voiture-et-a-velo-de-ses-collaborateurs\/\" \/>\n<meta property=\"og:locale\" content=\"fr_FR\" \/>\n<meta property=\"og:type\" content=\"article\" \/>\n<meta property=\"og:title\" content=\"Face \u00e0 la hausse des prix de l&#039;\u00e9nergie, Lidl augmente l&#039;indemnit\u00e9 kilom\u00e9trique pour les d\u00e9placements, en voiture et \u00e0 v\u00e9lo, de ses collaborateurs. - Peoplesphere\" \/>\n<meta property=\"og:description\" content=\"Lidl Belgique annonce aujourd&rsquo;hui un soutien financier suppl\u00e9mentaire pour ses collaborateurs. \u00c0 partir du 1er mai, la cha\u00eene de supermarch\u00e9s accordera une intervention accrue pour les trajets domicile-travail effectu\u00e9s avec un v\u00e9hicule personnel, conform\u00e9ment aux dispositions autoris\u00e9es par le gouvernement. [&hellip;]\" \/>\n<meta property=\"og:url\" content=\"https:\/\/peoplesphere.be\/fr\/face-a-la-hausse-des-prix-de-lenergie-lidl-augmente-lindemnite-kilometrique-pour-les-deplacements-en-voiture-et-a-velo-de-ses-collaborateurs\/\" \/>\n<meta property=\"og:site_name\" content=\"Peoplesphere\" \/>\n<meta property=\"article:publisher\" content=\"https:\/\/www.facebook.com\/peoplesphere\" \/>\n<meta property=\"article:published_time\" content=\"2026-04-29T03:07:47+00:00\" \/>\n<meta property=\"og:image\" content=\"https:\/\/peoplesphere.be\/fr\/wp-content\/uploads\/2026\/04\/20260428fietsenergiekosten.jpg\" \/>\n\t<meta property=\"og:image:width\" content=\"1120\" \/>\n\t<meta property=\"og:image:height\" content=\"552\" \/>\n\t<meta property=\"og:image:type\" content=\"image\/jpeg\" \/>\n<meta name=\"author\" content=\"Jean-Paul Erhard\" \/>\n<meta name=\"twitter:card\" content=\"summary_large_image\" \/>\n<meta name=\"twitter:creator\" content=\"@PeoplesphereMag\" \/>\n<meta name=\"twitter:site\" content=\"@PeoplesphereMag\" \/>\n<meta name=\"twitter:label1\" content=\"\u00c9crit par\" \/>\n\t<meta name=\"twitter:data1\" content=\"Jean-Paul Erhard\" \/>\n\t<meta name=\"twitter:label2\" content=\"Dur\u00e9e de lecture estim\u00e9e\" \/>\n\t<meta name=\"twitter:data2\" content=\"2 minutes\" \/>\n<script type=\"application\/ld+json\" class=\"yoast-schema-graph\">{\"@context\":\"https:\/\/schema.org\",\"@graph\":[{\"@type\":\"Article\",\"@id\":\"https:\/\/peoplesphere.be\/fr\/face-a-la-hausse-des-prix-de-lenergie-lidl-augmente-lindemnite-kilometrique-pour-les-deplacements-en-voiture-et-a-velo-de-ses-collaborateurs\/#article\",\"isPartOf\":{\"@id\":\"https:\/\/peoplesphere.be\/fr\/face-a-la-hausse-des-prix-de-lenergie-lidl-augmente-lindemnite-kilometrique-pour-les-deplacements-en-voiture-et-a-velo-de-ses-collaborateurs\/\"},\"author\":{\"name\":\"Jean-Paul Erhard\",\"@id\":\"https:\/\/peoplesphere.be\/fr\/#\/schema\/person\/7976225ff17988604334abb7b3536a7e\"},\"headline\":\"Face \u00e0 la hausse des prix de l&rsquo;\u00e9nergie, Lidl augmente l&rsquo;indemnit\u00e9 kilom\u00e9trique pour les d\u00e9placements, en voiture et \u00e0 v\u00e9lo, de ses collaborateurs.\",\"datePublished\":\"2026-04-29T03:07:47+00:00\",\"dateModified\":\"2026-04-29T03:07:47+00:00\",\"mainEntityOfPage\":{\"@id\":\"https:\/\/peoplesphere.be\/fr\/face-a-la-hausse-des-prix-de-lenergie-lidl-augmente-lindemnite-kilometrique-pour-les-deplacements-en-voiture-et-a-velo-de-ses-collaborateurs\/\"},\"wordCount\":293,\"publisher\":{\"@id\":\"https:\/\/peoplesphere.be\/fr\/#organization\"},\"keywords\":[\"co\u00fbts de l'\u00e9nergie\",\"d\u00e9placements domicile-lieu de travail\",\"indemnit\u00e9s kilom\u00e9triques\",\"pouvoir d'achat\"],\"articleSection\":[\"Actualit\u00e9s\",\"Digital\"],\"inLanguage\":\"fr-FR\"},{\"@type\":\"WebPage\",\"@id\":\"https:\/\/peoplesphere.be\/fr\/face-a-la-hausse-des-prix-de-lenergie-lidl-augmente-lindemnite-kilometrique-pour-les-deplacements-en-voiture-et-a-velo-de-ses-collaborateurs\/\",\"url\":\"https:\/\/peoplesphere.be\/fr\/face-a-la-hausse-des-prix-de-lenergie-lidl-augmente-lindemnite-kilometrique-pour-les-deplacements-en-voiture-et-a-velo-de-ses-collaborateurs\/\",\"name\":\"Face \u00e0 la hausse des prix de l'\u00e9nergie, Lidl augmente l'indemnit\u00e9 kilom\u00e9trique pour les d\u00e9placements, en voiture et \u00e0 v\u00e9lo, de ses collaborateurs. - Peoplesphere\",\"isPartOf\":{\"@id\":\"https:\/\/peoplesphere.be\/fr\/#website\"},\"datePublished\":\"2026-04-29T03:07:47+00:00\",\"dateModified\":\"2026-04-29T03:07:47+00:00\",\"breadcrumb\":{\"@id\":\"https:\/\/peoplesphere.be\/fr\/face-a-la-hausse-des-prix-de-lenergie-lidl-augmente-lindemnite-kilometrique-pour-les-deplacements-en-voiture-et-a-velo-de-ses-collaborateurs\/#breadcrumb\"},\"inLanguage\":\"fr-FR\",\"potentialAction\":[{\"@type\":\"ReadAction\",\"target\":[\"https:\/\/peoplesphere.be\/fr\/face-a-la-hausse-des-prix-de-lenergie-lidl-augmente-lindemnite-kilometrique-pour-les-deplacements-en-voiture-et-a-velo-de-ses-collaborateurs\/\"]}]},{\"@type\":\"BreadcrumbList\",\"@id\":\"https:\/\/peoplesphere.be\/fr\/face-a-la-hausse-des-prix-de-lenergie-lidl-augmente-lindemnite-kilometrique-pour-les-deplacements-en-voiture-et-a-velo-de-ses-collaborateurs\/#breadcrumb\",\"itemListElement\":[{\"@type\":\"ListItem\",\"position\":1,\"name\":\"Accueil\",\"item\":\"https:\/\/peoplesphere.be\/fr\/\"},{\"@type\":\"ListItem\",\"position\":2,\"name\":\"Face \u00e0 la hausse des prix de l&rsquo;\u00e9nergie, Lidl augmente l&rsquo;indemnit\u00e9 kilom\u00e9trique pour les d\u00e9placements, en voiture et \u00e0 v\u00e9lo, de ses collaborateurs.\"}]},{\"@type\":\"WebSite\",\"@id\":\"https:\/\/peoplesphere.be\/fr\/#website\",\"url\":\"https:\/\/peoplesphere.be\/fr\/\",\"name\":\"Peoplesphere\",\"description\":\"The People Managers Magazine\",\"publisher\":{\"@id\":\"https:\/\/peoplesphere.be\/fr\/#organization\"},\"potentialAction\":[{\"@type\":\"SearchAction\",\"target\":{\"@type\":\"EntryPoint\",\"urlTemplate\":\"https:\/\/peoplesphere.be\/fr\/?s={search_term_string}\"},\"query-input\":\"required name=search_term_string\"}],\"inLanguage\":\"fr-FR\"},{\"@type\":\"Organization\",\"@id\":\"https:\/\/peoplesphere.be\/fr\/#organization\",\"name\":\"Peoplesphere Company srl\",\"url\":\"https:\/\/peoplesphere.be\/fr\/\",\"logo\":{\"@type\":\"ImageObject\",\"inLanguage\":\"fr-FR\",\"@id\":\"https:\/\/peoplesphere.be\/fr\/#\/schema\/logo\/image\/\",\"url\":\"https:\/\/peoplesphere.be\/fr\/wp-content\/uploads\/2023\/07\/peoplesphere-lgo-new-generik.jpg\",\"contentUrl\":\"https:\/\/peoplesphere.be\/fr\/wp-content\/uploads\/2023\/07\/peoplesphere-lgo-new-generik.jpg\",\"width\":1031,\"height\":1479,\"caption\":\"Peoplesphere Company srl\"},\"image\":{\"@id\":\"https:\/\/peoplesphere.be\/fr\/#\/schema\/logo\/image\/\"},\"sameAs\":[\"https:\/\/www.facebook.com\/peoplesphere\",\"https:\/\/twitter.com\/PeoplesphereMag\",\"https:\/\/www.linkedin.com\/company\/7587361?trk\",\"http:\/\/youtube.com\/peoplesphere\"]},{\"@type\":\"Person\",\"@id\":\"https:\/\/peoplesphere.be\/fr\/#\/schema\/person\/7976225ff17988604334abb7b3536a7e\",\"name\":\"Jean-Paul Erhard\",\"image\":{\"@type\":\"ImageObject\",\"inLanguage\":\"fr-FR\",\"@id\":\"https:\/\/peoplesphere.be\/fr\/#\/schema\/person\/image\/\",\"url\":\"https:\/\/secure.gravatar.com\/avatar\/f941e681460179738071629a51574930?s=96&d=mm&r=g\",\"contentUrl\":\"https:\/\/secure.gravatar.com\/avatar\/f941e681460179738071629a51574930?s=96&d=mm&r=g\",\"caption\":\"Jean-Paul Erhard\"},\"url\":\"https:\/\/peoplesphere.be\/fr\/author\/jpe\/\"}]}<\/script>\n<!-- \/ Yoast SEO plugin. -->","yoast_head_json":{"title":"Face \u00e0 la hausse des prix de l'\u00e9nergie, Lidl augmente l'indemnit\u00e9 kilom\u00e9trique pour les d\u00e9placements, en voiture et \u00e0 v\u00e9lo, de ses collaborateurs. - Peoplesphere","robots":{"index":"index","follow":"follow","max-snippet":"max-snippet:-1","max-image-preview":"max-image-preview:large","max-video-preview":"max-video-preview:-1"},"canonical":"https:\/\/peoplesphere.be\/fr\/face-a-la-hausse-des-prix-de-lenergie-lidl-augmente-lindemnite-kilometrique-pour-les-deplacements-en-voiture-et-a-velo-de-ses-collaborateurs\/","og_locale":"fr_FR","og_type":"article","og_title":"Face \u00e0 la hausse des prix de l'\u00e9nergie, Lidl augmente l'indemnit\u00e9 kilom\u00e9trique pour les d\u00e9placements, en voiture et \u00e0 v\u00e9lo, de ses collaborateurs. - Peoplesphere","og_description":"Lidl Belgique annonce aujourd&rsquo;hui un soutien financier suppl\u00e9mentaire pour ses collaborateurs. \u00c0 partir du 1er mai, la cha\u00eene de supermarch\u00e9s accordera une intervention accrue pour les trajets domicile-travail effectu\u00e9s avec un v\u00e9hicule personnel, conform\u00e9ment aux dispositions autoris\u00e9es par le gouvernement. [&hellip;]","og_url":"https:\/\/peoplesphere.be\/fr\/face-a-la-hausse-des-prix-de-lenergie-lidl-augmente-lindemnite-kilometrique-pour-les-deplacements-en-voiture-et-a-velo-de-ses-collaborateurs\/","og_site_name":"Peoplesphere","article_publisher":"https:\/\/www.facebook.com\/peoplesphere","article_published_time":"2026-04-29T03:07:47+00:00","og_image":[{"width":1120,"height":552,"url":"https:\/\/peoplesphere.be\/fr\/wp-content\/uploads\/2026\/04\/20260428fietsenergiekosten.jpg","type":"image\/jpeg"}],"author":"Jean-Paul Erhard","twitter_card":"summary_large_image","twitter_creator":"@PeoplesphereMag","twitter_site":"@PeoplesphereMag","twitter_misc":{"\u00c9crit par":"Jean-Paul Erhard","Dur\u00e9e de lecture estim\u00e9e":"2 minutes"},"schema":{"@context":"https:\/\/schema.org","@graph":[{"@type":"Article","@id":"https:\/\/peoplesphere.be\/fr\/face-a-la-hausse-des-prix-de-lenergie-lidl-augmente-lindemnite-kilometrique-pour-les-deplacements-en-voiture-et-a-velo-de-ses-collaborateurs\/#article","isPartOf":{"@id":"https:\/\/peoplesphere.be\/fr\/face-a-la-hausse-des-prix-de-lenergie-lidl-augmente-lindemnite-kilometrique-pour-les-deplacements-en-voiture-et-a-velo-de-ses-collaborateurs\/"},"author":{"name":"Jean-Paul Erhard","@id":"https:\/\/peoplesphere.be\/fr\/#\/schema\/person\/7976225ff17988604334abb7b3536a7e"},"headline":"Face \u00e0 la hausse des prix de l&rsquo;\u00e9nergie, Lidl augmente l&rsquo;indemnit\u00e9 kilom\u00e9trique pour les d\u00e9placements, en voiture et \u00e0 v\u00e9lo, de ses collaborateurs.","datePublished":"2026-04-29T03:07:47+00:00","dateModified":"2026-04-29T03:07:47+00:00","mainEntityOfPage":{"@id":"https:\/\/peoplesphere.be\/fr\/face-a-la-hausse-des-prix-de-lenergie-lidl-augmente-lindemnite-kilometrique-pour-les-deplacements-en-voiture-et-a-velo-de-ses-collaborateurs\/"},"wordCount":293,"publisher":{"@id":"https:\/\/peoplesphere.be\/fr\/#organization"},"keywords":["co\u00fbts de l'\u00e9nergie","d\u00e9placements domicile-lieu de travail","indemnit\u00e9s kilom\u00e9triques","pouvoir d'achat"],"articleSection":["Actualit\u00e9s","Digital"],"inLanguage":"fr-FR"},{"@type":"WebPage","@id":"https:\/\/peoplesphere.be\/fr\/face-a-la-hausse-des-prix-de-lenergie-lidl-augmente-lindemnite-kilometrique-pour-les-deplacements-en-voiture-et-a-velo-de-ses-collaborateurs\/","url":"https:\/\/peoplesphere.be\/fr\/face-a-la-hausse-des-prix-de-lenergie-lidl-augmente-lindemnite-kilometrique-pour-les-deplacements-en-voiture-et-a-velo-de-ses-collaborateurs\/","name":"Face \u00e0 la hausse des prix de l'\u00e9nergie, Lidl augmente l'indemnit\u00e9 kilom\u00e9trique pour les d\u00e9placements, en voiture et \u00e0 v\u00e9lo, de ses collaborateurs. - Peoplesphere","isPartOf":{"@id":"https:\/\/peoplesphere.be\/fr\/#website"},"datePublished":"2026-04-29T03:07:47+00:00","dateModified":"2026-04-29T03:07:47+00:00","breadcrumb":{"@id":"https:\/\/peoplesphere.be\/fr\/face-a-la-hausse-des-prix-de-lenergie-lidl-augmente-lindemnite-kilometrique-pour-les-deplacements-en-voiture-et-a-velo-de-ses-collaborateurs\/#breadcrumb"},"inLanguage":"fr-FR","potentialAction":[{"@type":"ReadAction","target":["https:\/\/peoplesphere.be\/fr\/face-a-la-hausse-des-prix-de-lenergie-lidl-augmente-lindemnite-kilometrique-pour-les-deplacements-en-voiture-et-a-velo-de-ses-collaborateurs\/"]}]},{"@type":"BreadcrumbList","@id":"https:\/\/peoplesphere.be\/fr\/face-a-la-hausse-des-prix-de-lenergie-lidl-augmente-lindemnite-kilometrique-pour-les-deplacements-en-voiture-et-a-velo-de-ses-collaborateurs\/#breadcrumb","itemListElement":[{"@type":"ListItem","position":1,"name":"Accueil","item":"https:\/\/peoplesphere.be\/fr\/"},{"@type":"ListItem","position":2,"name":"Face \u00e0 la hausse des prix de l&rsquo;\u00e9nergie, Lidl augmente l&rsquo;indemnit\u00e9 kilom\u00e9trique pour les d\u00e9placements, en voiture et \u00e0 v\u00e9lo, de ses collaborateurs."}]},{"@type":"WebSite","@id":"https:\/\/peoplesphere.be\/fr\/#website","url":"https:\/\/peoplesphere.be\/fr\/","name":"Peoplesphere","description":"The People Managers Magazine","publisher":{"@id":"https:\/\/peoplesphere.be\/fr\/#organization"},"potentialAction":[{"@type":"SearchAction","target":{"@type":"EntryPoint","urlTemplate":"https:\/\/peoplesphere.be\/fr\/?s={search_term_string}"},"query-input":"required name=search_term_string"}],"inLanguage":"fr-FR"},{"@type":"Organization","@id":"https:\/\/peoplesphere.be\/fr\/#organization","name":"Peoplesphere Company srl","url":"https:\/\/peoplesphere.be\/fr\/","logo":{"@type":"ImageObject","inLanguage":"fr-FR","@id":"https:\/\/peoplesphere.be\/fr\/#\/schema\/logo\/image\/","url":"https:\/\/peoplesphere.be\/fr\/wp-content\/uploads\/2023\/07\/peoplesphere-lgo-new-generik.jpg","contentUrl":"https:\/\/peoplesphere.be\/fr\/wp-content\/uploads\/2023\/07\/peoplesphere-lgo-new-generik.jpg","width":1031,"height":1479,"caption":"Peoplesphere Company srl"},"image":{"@id":"https:\/\/peoplesphere.be\/fr\/#\/schema\/logo\/image\/"},"sameAs":["https:\/\/www.facebook.com\/peoplesphere","https:\/\/twitter.com\/PeoplesphereMag","https:\/\/www.linkedin.com\/company\/7587361?trk","http:\/\/youtube.com\/peoplesphere"]},{"@type":"Person","@id":"https:\/\/peoplesphere.be\/fr\/#\/schema\/person\/7976225ff17988604334abb7b3536a7e","name":"Jean-Paul Erhard","image":{"@type":"ImageObject","inLanguage":"fr-FR","@id":"https:\/\/peoplesphere.be\/fr\/#\/schema\/person\/image\/","url":"https:\/\/secure.gravatar.com\/avatar\/f941e681460179738071629a51574930?s=96&d=mm&r=g","contentUrl":"https:\/\/secure.gravatar.com\/avatar\/f941e681460179738071629a51574930?s=96&d=mm&r=g","caption":"Jean-Paul Erhard"},"url":"https:\/\/peoplesphere.be\/fr\/author\/jpe\/"}]}},"_links":{"self":[{"href":"https:\/\/peoplesphere.be\/fr\/wp-json\/wp\/v2\/posts\/19069"}],"collection":[{"href":"https:\/\/peoplesphere.be\/fr\/wp-json\/wp\/v2\/posts"}],"about":[{"href":"https:\/\/peoplesphere.be\/fr\/wp-json\/wp\/v2\/types\/post"}],"author":[{"embeddable":true,"href":"https:\/\/peoplesphere.be\/fr\/wp-json\/wp\/v2\/users\/2"}],"replies":[{"embeddable":true,"href":"https:\/\/peoplesphere.be\/fr\/wp-json\/wp\/v2\/comments?post=19069"}],"version-history":[{"count":1,"href":"https:\/\/peoplesphere.be\/fr\/wp-json\/wp\/v2\/posts\/19069\/revisions"}],"predecessor-version":[{"id":19071,"href":"https:\/\/peoplesphere.be\/fr\/wp-json\/wp\/v2\/posts\/19069\/revisions\/19071"}],"wp:featuredmedia":[{"embeddable":true,"href":"https:\/\/peoplesphere.be\/fr\/wp-json\/wp\/v2\/media\/19070"}],"wp:attachment":[{"href":"https:\/\/peoplesphere.be\/fr\/wp-json\/wp\/v2\/media?parent=19069"}],"wp:term":[{"taxonomy":"category","embeddable":true,"href":"https:\/\/peoplesphere.be\/fr\/wp-json\/wp\/v2\/categories?post=19069"},{"taxonomy":"post_tag","embeddable":true,"href":"https:\/\/peoplesphere.be\/fr\/wp-json\/wp\/v2\/tags?post=19069"}],"curies":[{"name":"wp","href":"https:\/\/api.w.org\/{rel}","templated":true}]}}