









{"id":19072,"date":"2026-04-29T06:07:09","date_gmt":"2026-04-29T04:07:09","guid":{"rendered":"https:\/\/peoplesphere.be\/fr\/?p=19072"},"modified":"2026-04-29T06:07:09","modified_gmt":"2026-04-29T04:07:09","slug":"le-monde-de-lentreprise-est-il-organise-pour-ceux-qui-se-levent-tot-alors-que-les-jeunes-sont-plutot-adeptes-du-travail-nocturne","status":"publish","type":"post","link":"https:\/\/peoplesphere.be\/fr\/le-monde-de-lentreprise-est-il-organise-pour-ceux-qui-se-levent-tot-alors-que-les-jeunes-sont-plutot-adeptes-du-travail-nocturne\/","title":{"rendered":"Le monde de l&rsquo;entreprise est-il organis\u00e9 pour ceux qui se l\u00e8vent t\u00f4t, alors que les jeunes sont plut\u00f4t adeptes du travail nocturne?"},"content":{"rendered":"<p>Depuis des d\u00e9cennies, la vie en entreprise a \u00e9t\u00e9 pens\u00e9e pour les \u00ab\u00a0l\u00e8ve-t\u00f4t\u00a0\u00bb, des r\u00e9unions matinales aux horaires 9h-17h en passant par les dirigeants se vantant d&rsquo;\u00eatre les premiers arriv\u00e9s au bureau. Toutefois, une nouvelle \u00e9tude men\u00e9e par Herrmann International en partenariat avec monCVparfait montre que toute la main-d&rsquo;\u0153uvre ne se retrouve pas dans ce sch\u00e9ma. Cette analyse montre que les rythmes d\u2019\u00e9nergie changent avec l\u2019\u00e9volution de carri\u00e8re, soulevant des questions sur l&rsquo;influence du chronotype sur la promotion et le leadership.<!--more--><\/p>\n<p>Selon l\u2019\u00e9tude \u00ab\u00a0Couche-tard vs l\u00e8ve-t\u00f4t\u00a0\u00bb, les rythmes d\u2019\u00e9nergie varient fortement selon l&rsquo;\u00e2ge, le m\u00e9tier et la culture, et ces diff\u00e9rences pourraient influencer l&rsquo;acc\u00e8s aux postes de direction.<\/p>\n<p>L&rsquo;\u00e9tude a analys\u00e9 plus de 1,5 million de travailleurs aux \u00c9tats-Unis et au Canada, ainsi que des \u00e9chantillons internationaux d&rsquo;au moins 1 000 r\u00e9pondants par pays, r\u00e9v\u00e9lant que les travailleurs fran\u00e7ais sont 31 % plus susceptibles de se d\u00e9finir comme des \u00ab\u00a0oiseaux de nuit\u00a0\u00bb que la moyenne mondiale. Dans l&rsquo;ensemble, ces r\u00e9sultats sugg\u00e8rent que des horaires rigides pourraient favoriser les employ\u00e9s pr\u00e9f\u00e9rant le matin, tout en marginalisant les talents cr\u00e9atifs, plus jeunes ou r\u00e9partis \u00e0 l\u2019international.<\/p>\n<p><em>\u00ab\u00a0Nous avons con\u00e7u les lieux de travail sur la base de l&rsquo;hypoth\u00e8se que tout le monde est du matin ou de la journ\u00e9e &#8211; c&rsquo;est comme si l&rsquo;on ignorait que certaines personnes sont gauch\u00e8res\u00a0\u00bb<\/em>, a d\u00e9clar\u00e9 Karim Morgan Nehdi, PDG de Herrmann.<em> \u00ab\u00a0Bien s\u00fbr, on peut forcer les gens \u00e0 s&rsquo;adapter, mais prendre en compte diff\u00e9rents styles de travail ne demande que tr\u00e8s peu de changements, et les gains en productivit\u00e9 et en bien-\u00eatre rendent largement l&rsquo;effort rentable.\u00a0\u00bb<\/em><\/p>\n<h3><strong><em>Enseignements cl\u00e9s<\/em><\/strong><\/h3>\n<p>En grimpant les \u00e9chelons, les \u00ab oiseaux de nuit \u00bb deviennent plus matinaux.<\/p>\n<p>Les d\u00e9butants sont presque deux fois plus susceptibles (1,9 fois) de pr\u00e9f\u00e9rer les horaires nocturnes que les dirigeants.<br \/>\nLes profils juniors sont 29% plus susceptibles que la moyenne de s&rsquo;identifier comme des \u00ab couche-tard \u00bb.<br \/>\nLes cadres dirigeants sont 32% moins susceptibles d&rsquo;\u00eatre op\u00e9rationnels le soir.<br \/>\nLes cr\u00e9atifs et le secteur des services sont les moteurs de l&rsquo;\u00e9nergie nocturne<\/p>\n<p>Les profils nocturnes sont surrepr\u00e9sent\u00e9s dans les m\u00e9tiers de la cr\u00e9ation et les services : art (+52%), \u00e9ducation (+51%), r\u00e9daction (+33%), divertissement (+25%), conseil (+30%), et services (+22 ).<br \/>\nLa pr\u00e9f\u00e9rence nocturne s&rsquo;affirme chez les cr\u00e9atifs en raison d&rsquo;un travail ininterrompu en soir\u00e9e mais aussi dans les services fonctionnant 24h\/24.<\/p>\n<h3><strong><em>Les chronotypes sont fa\u00e7onn\u00e9s par la culture, pas la g\u00e9ographie<\/em><\/strong><\/h3>\n<p>L&rsquo;Italie affiche la tendance matinale la plus marqu\u00e9e de l&rsquo;\u00e9tude (+52% de \u00ab l\u00e8ve-t\u00f4t \u00bb).<br \/>\nL&rsquo;Europe du Nord a \u00e9galement une forte pr\u00e9f\u00e9rence pour le matin : Danemark (+48%), Su\u00e8de (+43%).<br \/>\nSingapour se distingue comme le pays comptant le plus de profils nocturnes (+45% de \u00ab couche-tard \u00bb), soit pr\u00e8s de trois fois le niveau de la Su\u00e8de.<br \/>\nLa France affiche la plus forte pr\u00e9f\u00e9rence nocturne en Europe (+31%), se d\u00e9marquant nettement de ses voisins europ\u00e9ens.<br \/>\nLes Philippines (+39%), le Mexique (+35%) et le Br\u00e9sil (+25%) pr\u00e9sentent \u00e9galement une forte orientation nocturne, reflet de cultures urbaines actives 24h\/24.<\/p>\n<h3><strong><em>Les \u00ab l\u00e8ve-t\u00f4t \u00bb sont toujours majoritaires<\/em><\/strong><\/h3>\n<p>Dans tous les groupes de population, les profils matinaux sont environ deux fois plus nombreux que les profils nocturnes.<br \/>\nLa proportion de profils nocturnes d\u00e9passe rarement 20 % dans une population, mais elle se concentre dans des viviers de talents strat\u00e9giques, comme les m\u00e9tiers cr\u00e9atifs et les profils juniors.<\/p>\n<p><em>\u00ab\u00a0La culture num\u00e9rique et le t\u00e9l\u00e9travail permettent \u00e0 davantage de profils nocturnes de s&rsquo;exprimer\u00a0\u00bb,<\/em> explique Jasmine Escalera, experte en carri\u00e8re chez monCVparfait. <em>\u00ab\u00a0La v\u00e9ritable question est de savoir si davantage de personnes deviennent des \u201coiseaux de nuit\u201d, ou si nous les voyons simplement plus clairement maintenant que le travail est devenu moins rigide.\u00a0\u00bb<\/em><\/p>\n<h3><strong><em>Les le\u00e7ons \u00e0 tirer pour les employeurs<\/em><\/strong><\/h3>\n<p>La diversit\u00e9 des chronotypes est li\u00e9e \u00e0 l&rsquo;\u00e2ge, \u00e0 la culture et au m\u00e9tier.<br \/>\nLes mod\u00e8les traditionnels de travail en horaires de bureau favorisent les profils matinaux, tout en cr\u00e9ant des contraintes pour les talents plus jeunes et cr\u00e9atifs.<br \/>\nDe simples ajustements, comme des r\u00e9unions plus tardives, des d\u00e9lais flexibles ou des horaires d\u00e9cal\u00e9s, peuvent aider les entreprises \u00e0 tirer parti de cette diversit\u00e9 de rythmes d\u2019\u00e9nergie sans perturber leur organisation.<\/p>\n<p>&nbsp;<\/p>\n<p><em>Source &amp; M\u00e9thodologie de l&rsquo;enqu\u00eate: cette analyse s&rsquo;appuie sur un ensemble de donn\u00e9es provenant de plus de 2,5 millions d&rsquo;\u00e9valuations trait\u00e9es via la plateforme d&rsquo;intelligence cognitive de Herrmann.<\/em><\/p>\n","protected":false},"excerpt":{"rendered":"<p>Depuis des d\u00e9cennies, la vie en entreprise a \u00e9t\u00e9 pens\u00e9e pour les \u00ab\u00a0l\u00e8ve-t\u00f4t\u00a0\u00bb, des r\u00e9unions matinales aux horaires 9h-17h en passant par les dirigeants se vantant d&rsquo;\u00eatre les premiers arriv\u00e9s au bureau. Toutefois, une nouvelle \u00e9tude men\u00e9e par Herrmann International [&hellip;]<\/p>\n","protected":false},"author":2,"featured_media":19073,"comment_status":"closed","ping_status":"open","sticky":false,"template":"","format":"standard","meta":[],"categories":[65,10],"tags":[4431,1857,1824],"yoast_head":"<!-- This site is optimized with the Yoast SEO plugin v21.0 - https:\/\/yoast.com\/wordpress\/plugins\/seo\/ -->\n<title>Le monde de l&#039;entreprise est-il organis\u00e9 pour ceux qui se l\u00e8vent t\u00f4t, alors que les jeunes sont plut\u00f4t adeptes du travail nocturne? - Peoplesphere<\/title>\n<meta name=\"robots\" content=\"index, follow, max-snippet:-1, max-image-preview:large, max-video-preview:-1\" \/>\n<link rel=\"canonical\" href=\"https:\/\/peoplesphere.be\/fr\/le-monde-de-lentreprise-est-il-organise-pour-ceux-qui-se-levent-tot-alors-que-les-jeunes-sont-plutot-adeptes-du-travail-nocturne\/\" \/>\n<meta property=\"og:locale\" content=\"fr_FR\" \/>\n<meta property=\"og:type\" content=\"article\" \/>\n<meta property=\"og:title\" content=\"Le monde de l&#039;entreprise est-il organis\u00e9 pour ceux qui se l\u00e8vent t\u00f4t, alors que les jeunes sont plut\u00f4t adeptes du travail nocturne? - Peoplesphere\" \/>\n<meta property=\"og:description\" content=\"Depuis des d\u00e9cennies, la vie en entreprise a \u00e9t\u00e9 pens\u00e9e pour les \u00ab\u00a0l\u00e8ve-t\u00f4t\u00a0\u00bb, des r\u00e9unions matinales aux horaires 9h-17h en passant par les dirigeants se vantant d&rsquo;\u00eatre les premiers arriv\u00e9s au bureau. Toutefois, une nouvelle \u00e9tude men\u00e9e par Herrmann International [&hellip;]\" \/>\n<meta property=\"og:url\" content=\"https:\/\/peoplesphere.be\/fr\/le-monde-de-lentreprise-est-il-organise-pour-ceux-qui-se-levent-tot-alors-que-les-jeunes-sont-plutot-adeptes-du-travail-nocturne\/\" \/>\n<meta property=\"og:site_name\" content=\"Peoplesphere\" \/>\n<meta property=\"article:publisher\" content=\"https:\/\/www.facebook.com\/peoplesphere\" \/>\n<meta property=\"article:published_time\" content=\"2026-04-29T04:07:09+00:00\" \/>\n<meta property=\"og:image\" content=\"https:\/\/peoplesphere.be\/fr\/wp-content\/uploads\/2026\/04\/20260429travailnocturne.jpg\" \/>\n\t<meta property=\"og:image:width\" content=\"1920\" \/>\n\t<meta property=\"og:image:height\" content=\"1080\" \/>\n\t<meta property=\"og:image:type\" content=\"image\/jpeg\" \/>\n<meta name=\"author\" content=\"Jean-Paul Erhard\" \/>\n<meta name=\"twitter:card\" content=\"summary_large_image\" \/>\n<meta name=\"twitter:creator\" content=\"@PeoplesphereMag\" \/>\n<meta name=\"twitter:site\" content=\"@PeoplesphereMag\" \/>\n<meta name=\"twitter:label1\" content=\"\u00c9crit par\" \/>\n\t<meta name=\"twitter:data1\" content=\"Jean-Paul Erhard\" \/>\n\t<meta name=\"twitter:label2\" content=\"Dur\u00e9e de lecture estim\u00e9e\" \/>\n\t<meta name=\"twitter:data2\" content=\"4 minutes\" \/>\n<script type=\"application\/ld+json\" class=\"yoast-schema-graph\">{\"@context\":\"https:\/\/schema.org\",\"@graph\":[{\"@type\":\"Article\",\"@id\":\"https:\/\/peoplesphere.be\/fr\/le-monde-de-lentreprise-est-il-organise-pour-ceux-qui-se-levent-tot-alors-que-les-jeunes-sont-plutot-adeptes-du-travail-nocturne\/#article\",\"isPartOf\":{\"@id\":\"https:\/\/peoplesphere.be\/fr\/le-monde-de-lentreprise-est-il-organise-pour-ceux-qui-se-levent-tot-alors-que-les-jeunes-sont-plutot-adeptes-du-travail-nocturne\/\"},\"author\":{\"name\":\"Jean-Paul Erhard\",\"@id\":\"https:\/\/peoplesphere.be\/fr\/#\/schema\/person\/7976225ff17988604334abb7b3536a7e\"},\"headline\":\"Le monde de l&rsquo;entreprise est-il organis\u00e9 pour ceux qui se l\u00e8vent t\u00f4t, alors que les jeunes sont plut\u00f4t adeptes du travail nocturne?\",\"datePublished\":\"2026-04-29T04:07:09+00:00\",\"dateModified\":\"2026-04-29T04:07:09+00:00\",\"mainEntityOfPage\":{\"@id\":\"https:\/\/peoplesphere.be\/fr\/le-monde-de-lentreprise-est-il-organise-pour-ceux-qui-se-levent-tot-alors-que-les-jeunes-sont-plutot-adeptes-du-travail-nocturne\/\"},\"wordCount\":798,\"publisher\":{\"@id\":\"https:\/\/peoplesphere.be\/fr\/#organization\"},\"keywords\":[\"chronotype\",\"profils\",\"rythme de travail\"],\"articleSection\":[\"Actualit\u00e9s\",\"Digital\"],\"inLanguage\":\"fr-FR\"},{\"@type\":\"WebPage\",\"@id\":\"https:\/\/peoplesphere.be\/fr\/le-monde-de-lentreprise-est-il-organise-pour-ceux-qui-se-levent-tot-alors-que-les-jeunes-sont-plutot-adeptes-du-travail-nocturne\/\",\"url\":\"https:\/\/peoplesphere.be\/fr\/le-monde-de-lentreprise-est-il-organise-pour-ceux-qui-se-levent-tot-alors-que-les-jeunes-sont-plutot-adeptes-du-travail-nocturne\/\",\"name\":\"Le monde de l'entreprise est-il organis\u00e9 pour ceux qui se l\u00e8vent t\u00f4t, alors que les jeunes sont plut\u00f4t adeptes du travail nocturne? - Peoplesphere\",\"isPartOf\":{\"@id\":\"https:\/\/peoplesphere.be\/fr\/#website\"},\"datePublished\":\"2026-04-29T04:07:09+00:00\",\"dateModified\":\"2026-04-29T04:07:09+00:00\",\"breadcrumb\":{\"@id\":\"https:\/\/peoplesphere.be\/fr\/le-monde-de-lentreprise-est-il-organise-pour-ceux-qui-se-levent-tot-alors-que-les-jeunes-sont-plutot-adeptes-du-travail-nocturne\/#breadcrumb\"},\"inLanguage\":\"fr-FR\",\"potentialAction\":[{\"@type\":\"ReadAction\",\"target\":[\"https:\/\/peoplesphere.be\/fr\/le-monde-de-lentreprise-est-il-organise-pour-ceux-qui-se-levent-tot-alors-que-les-jeunes-sont-plutot-adeptes-du-travail-nocturne\/\"]}]},{\"@type\":\"BreadcrumbList\",\"@id\":\"https:\/\/peoplesphere.be\/fr\/le-monde-de-lentreprise-est-il-organise-pour-ceux-qui-se-levent-tot-alors-que-les-jeunes-sont-plutot-adeptes-du-travail-nocturne\/#breadcrumb\",\"itemListElement\":[{\"@type\":\"ListItem\",\"position\":1,\"name\":\"Accueil\",\"item\":\"https:\/\/peoplesphere.be\/fr\/\"},{\"@type\":\"ListItem\",\"position\":2,\"name\":\"Le monde de l&rsquo;entreprise est-il organis\u00e9 pour ceux qui se l\u00e8vent t\u00f4t, alors que les jeunes sont plut\u00f4t adeptes du travail nocturne?\"}]},{\"@type\":\"WebSite\",\"@id\":\"https:\/\/peoplesphere.be\/fr\/#website\",\"url\":\"https:\/\/peoplesphere.be\/fr\/\",\"name\":\"Peoplesphere\",\"description\":\"The People Managers Magazine\",\"publisher\":{\"@id\":\"https:\/\/peoplesphere.be\/fr\/#organization\"},\"potentialAction\":[{\"@type\":\"SearchAction\",\"target\":{\"@type\":\"EntryPoint\",\"urlTemplate\":\"https:\/\/peoplesphere.be\/fr\/?s={search_term_string}\"},\"query-input\":\"required name=search_term_string\"}],\"inLanguage\":\"fr-FR\"},{\"@type\":\"Organization\",\"@id\":\"https:\/\/peoplesphere.be\/fr\/#organization\",\"name\":\"Peoplesphere Company srl\",\"url\":\"https:\/\/peoplesphere.be\/fr\/\",\"logo\":{\"@type\":\"ImageObject\",\"inLanguage\":\"fr-FR\",\"@id\":\"https:\/\/peoplesphere.be\/fr\/#\/schema\/logo\/image\/\",\"url\":\"https:\/\/peoplesphere.be\/fr\/wp-content\/uploads\/2023\/07\/peoplesphere-lgo-new-generik.jpg\",\"contentUrl\":\"https:\/\/peoplesphere.be\/fr\/wp-content\/uploads\/2023\/07\/peoplesphere-lgo-new-generik.jpg\",\"width\":1031,\"height\":1479,\"caption\":\"Peoplesphere Company srl\"},\"image\":{\"@id\":\"https:\/\/peoplesphere.be\/fr\/#\/schema\/logo\/image\/\"},\"sameAs\":[\"https:\/\/www.facebook.com\/peoplesphere\",\"https:\/\/twitter.com\/PeoplesphereMag\",\"https:\/\/www.linkedin.com\/company\/7587361?trk\",\"http:\/\/youtube.com\/peoplesphere\"]},{\"@type\":\"Person\",\"@id\":\"https:\/\/peoplesphere.be\/fr\/#\/schema\/person\/7976225ff17988604334abb7b3536a7e\",\"name\":\"Jean-Paul Erhard\",\"image\":{\"@type\":\"ImageObject\",\"inLanguage\":\"fr-FR\",\"@id\":\"https:\/\/peoplesphere.be\/fr\/#\/schema\/person\/image\/\",\"url\":\"https:\/\/secure.gravatar.com\/avatar\/f941e681460179738071629a51574930?s=96&d=mm&r=g\",\"contentUrl\":\"https:\/\/secure.gravatar.com\/avatar\/f941e681460179738071629a51574930?s=96&d=mm&r=g\",\"caption\":\"Jean-Paul Erhard\"},\"url\":\"https:\/\/peoplesphere.be\/fr\/author\/jpe\/\"}]}<\/script>\n<!-- \/ Yoast SEO plugin. -->","yoast_head_json":{"title":"Le monde de l'entreprise est-il organis\u00e9 pour ceux qui se l\u00e8vent t\u00f4t, alors que les jeunes sont plut\u00f4t adeptes du travail nocturne? - Peoplesphere","robots":{"index":"index","follow":"follow","max-snippet":"max-snippet:-1","max-image-preview":"max-image-preview:large","max-video-preview":"max-video-preview:-1"},"canonical":"https:\/\/peoplesphere.be\/fr\/le-monde-de-lentreprise-est-il-organise-pour-ceux-qui-se-levent-tot-alors-que-les-jeunes-sont-plutot-adeptes-du-travail-nocturne\/","og_locale":"fr_FR","og_type":"article","og_title":"Le monde de l'entreprise est-il organis\u00e9 pour ceux qui se l\u00e8vent t\u00f4t, alors que les jeunes sont plut\u00f4t adeptes du travail nocturne? - Peoplesphere","og_description":"Depuis des d\u00e9cennies, la vie en entreprise a \u00e9t\u00e9 pens\u00e9e pour les \u00ab\u00a0l\u00e8ve-t\u00f4t\u00a0\u00bb, des r\u00e9unions matinales aux horaires 9h-17h en passant par les dirigeants se vantant d&rsquo;\u00eatre les premiers arriv\u00e9s au bureau. Toutefois, une nouvelle \u00e9tude men\u00e9e par Herrmann International [&hellip;]","og_url":"https:\/\/peoplesphere.be\/fr\/le-monde-de-lentreprise-est-il-organise-pour-ceux-qui-se-levent-tot-alors-que-les-jeunes-sont-plutot-adeptes-du-travail-nocturne\/","og_site_name":"Peoplesphere","article_publisher":"https:\/\/www.facebook.com\/peoplesphere","article_published_time":"2026-04-29T04:07:09+00:00","og_image":[{"width":1920,"height":1080,"url":"https:\/\/peoplesphere.be\/fr\/wp-content\/uploads\/2026\/04\/20260429travailnocturne.jpg","type":"image\/jpeg"}],"author":"Jean-Paul Erhard","twitter_card":"summary_large_image","twitter_creator":"@PeoplesphereMag","twitter_site":"@PeoplesphereMag","twitter_misc":{"\u00c9crit par":"Jean-Paul Erhard","Dur\u00e9e de lecture estim\u00e9e":"4 minutes"},"schema":{"@context":"https:\/\/schema.org","@graph":[{"@type":"Article","@id":"https:\/\/peoplesphere.be\/fr\/le-monde-de-lentreprise-est-il-organise-pour-ceux-qui-se-levent-tot-alors-que-les-jeunes-sont-plutot-adeptes-du-travail-nocturne\/#article","isPartOf":{"@id":"https:\/\/peoplesphere.be\/fr\/le-monde-de-lentreprise-est-il-organise-pour-ceux-qui-se-levent-tot-alors-que-les-jeunes-sont-plutot-adeptes-du-travail-nocturne\/"},"author":{"name":"Jean-Paul Erhard","@id":"https:\/\/peoplesphere.be\/fr\/#\/schema\/person\/7976225ff17988604334abb7b3536a7e"},"headline":"Le monde de l&rsquo;entreprise est-il organis\u00e9 pour ceux qui se l\u00e8vent t\u00f4t, alors que les jeunes sont plut\u00f4t adeptes du travail nocturne?","datePublished":"2026-04-29T04:07:09+00:00","dateModified":"2026-04-29T04:07:09+00:00","mainEntityOfPage":{"@id":"https:\/\/peoplesphere.be\/fr\/le-monde-de-lentreprise-est-il-organise-pour-ceux-qui-se-levent-tot-alors-que-les-jeunes-sont-plutot-adeptes-du-travail-nocturne\/"},"wordCount":798,"publisher":{"@id":"https:\/\/peoplesphere.be\/fr\/#organization"},"keywords":["chronotype","profils","rythme de travail"],"articleSection":["Actualit\u00e9s","Digital"],"inLanguage":"fr-FR"},{"@type":"WebPage","@id":"https:\/\/peoplesphere.be\/fr\/le-monde-de-lentreprise-est-il-organise-pour-ceux-qui-se-levent-tot-alors-que-les-jeunes-sont-plutot-adeptes-du-travail-nocturne\/","url":"https:\/\/peoplesphere.be\/fr\/le-monde-de-lentreprise-est-il-organise-pour-ceux-qui-se-levent-tot-alors-que-les-jeunes-sont-plutot-adeptes-du-travail-nocturne\/","name":"Le monde de l'entreprise est-il organis\u00e9 pour ceux qui se l\u00e8vent t\u00f4t, alors que les jeunes sont plut\u00f4t adeptes du travail nocturne? - Peoplesphere","isPartOf":{"@id":"https:\/\/peoplesphere.be\/fr\/#website"},"datePublished":"2026-04-29T04:07:09+00:00","dateModified":"2026-04-29T04:07:09+00:00","breadcrumb":{"@id":"https:\/\/peoplesphere.be\/fr\/le-monde-de-lentreprise-est-il-organise-pour-ceux-qui-se-levent-tot-alors-que-les-jeunes-sont-plutot-adeptes-du-travail-nocturne\/#breadcrumb"},"inLanguage":"fr-FR","potentialAction":[{"@type":"ReadAction","target":["https:\/\/peoplesphere.be\/fr\/le-monde-de-lentreprise-est-il-organise-pour-ceux-qui-se-levent-tot-alors-que-les-jeunes-sont-plutot-adeptes-du-travail-nocturne\/"]}]},{"@type":"BreadcrumbList","@id":"https:\/\/peoplesphere.be\/fr\/le-monde-de-lentreprise-est-il-organise-pour-ceux-qui-se-levent-tot-alors-que-les-jeunes-sont-plutot-adeptes-du-travail-nocturne\/#breadcrumb","itemListElement":[{"@type":"ListItem","position":1,"name":"Accueil","item":"https:\/\/peoplesphere.be\/fr\/"},{"@type":"ListItem","position":2,"name":"Le monde de l&rsquo;entreprise est-il organis\u00e9 pour ceux qui se l\u00e8vent t\u00f4t, alors que les jeunes sont plut\u00f4t adeptes du travail nocturne?"}]},{"@type":"WebSite","@id":"https:\/\/peoplesphere.be\/fr\/#website","url":"https:\/\/peoplesphere.be\/fr\/","name":"Peoplesphere","description":"The People Managers Magazine","publisher":{"@id":"https:\/\/peoplesphere.be\/fr\/#organization"},"potentialAction":[{"@type":"SearchAction","target":{"@type":"EntryPoint","urlTemplate":"https:\/\/peoplesphere.be\/fr\/?s={search_term_string}"},"query-input":"required name=search_term_string"}],"inLanguage":"fr-FR"},{"@type":"Organization","@id":"https:\/\/peoplesphere.be\/fr\/#organization","name":"Peoplesphere Company srl","url":"https:\/\/peoplesphere.be\/fr\/","logo":{"@type":"ImageObject","inLanguage":"fr-FR","@id":"https:\/\/peoplesphere.be\/fr\/#\/schema\/logo\/image\/","url":"https:\/\/peoplesphere.be\/fr\/wp-content\/uploads\/2023\/07\/peoplesphere-lgo-new-generik.jpg","contentUrl":"https:\/\/peoplesphere.be\/fr\/wp-content\/uploads\/2023\/07\/peoplesphere-lgo-new-generik.jpg","width":1031,"height":1479,"caption":"Peoplesphere Company srl"},"image":{"@id":"https:\/\/peoplesphere.be\/fr\/#\/schema\/logo\/image\/"},"sameAs":["https:\/\/www.facebook.com\/peoplesphere","https:\/\/twitter.com\/PeoplesphereMag","https:\/\/www.linkedin.com\/company\/7587361?trk","http:\/\/youtube.com\/peoplesphere"]},{"@type":"Person","@id":"https:\/\/peoplesphere.be\/fr\/#\/schema\/person\/7976225ff17988604334abb7b3536a7e","name":"Jean-Paul Erhard","image":{"@type":"ImageObject","inLanguage":"fr-FR","@id":"https:\/\/peoplesphere.be\/fr\/#\/schema\/person\/image\/","url":"https:\/\/secure.gravatar.com\/avatar\/f941e681460179738071629a51574930?s=96&d=mm&r=g","contentUrl":"https:\/\/secure.gravatar.com\/avatar\/f941e681460179738071629a51574930?s=96&d=mm&r=g","caption":"Jean-Paul Erhard"},"url":"https:\/\/peoplesphere.be\/fr\/author\/jpe\/"}]}},"_links":{"self":[{"href":"https:\/\/peoplesphere.be\/fr\/wp-json\/wp\/v2\/posts\/19072"}],"collection":[{"href":"https:\/\/peoplesphere.be\/fr\/wp-json\/wp\/v2\/posts"}],"about":[{"href":"https:\/\/peoplesphere.be\/fr\/wp-json\/wp\/v2\/types\/post"}],"author":[{"embeddable":true,"href":"https:\/\/peoplesphere.be\/fr\/wp-json\/wp\/v2\/users\/2"}],"replies":[{"embeddable":true,"href":"https:\/\/peoplesphere.be\/fr\/wp-json\/wp\/v2\/comments?post=19072"}],"version-history":[{"count":1,"href":"https:\/\/peoplesphere.be\/fr\/wp-json\/wp\/v2\/posts\/19072\/revisions"}],"predecessor-version":[{"id":19074,"href":"https:\/\/peoplesphere.be\/fr\/wp-json\/wp\/v2\/posts\/19072\/revisions\/19074"}],"wp:featuredmedia":[{"embeddable":true,"href":"https:\/\/peoplesphere.be\/fr\/wp-json\/wp\/v2\/media\/19073"}],"wp:attachment":[{"href":"https:\/\/peoplesphere.be\/fr\/wp-json\/wp\/v2\/media?parent=19072"}],"wp:term":[{"taxonomy":"category","embeddable":true,"href":"https:\/\/peoplesphere.be\/fr\/wp-json\/wp\/v2\/categories?post=19072"},{"taxonomy":"post_tag","embeddable":true,"href":"https:\/\/peoplesphere.be\/fr\/wp-json\/wp\/v2\/tags?post=19072"}],"curies":[{"name":"wp","href":"https:\/\/api.w.org\/{rel}","templated":true}]}}