









{"id":19079,"date":"2026-04-30T10:21:36","date_gmt":"2026-04-30T08:21:36","guid":{"rendered":"https:\/\/peoplesphere.be\/fr\/?p=19079"},"modified":"2026-04-30T10:21:36","modified_gmt":"2026-04-30T08:21:36","slug":"les-partenaires-sociaux-ne-veulent-plus-du-budget-mobilite-sous-sa-forme-actuelle-il-faut-simplifier-le-mecanisme","status":"publish","type":"post","link":"https:\/\/peoplesphere.be\/fr\/les-partenaires-sociaux-ne-veulent-plus-du-budget-mobilite-sous-sa-forme-actuelle-il-faut-simplifier-le-mecanisme\/","title":{"rendered":"Les partenaires sociaux ne veulent plus du budget mobilit\u00e9 sous sa forme actuelle: il faut simplifier le m\u00e9canisme."},"content":{"rendered":"<p>Le mercredi 29 avril, les partenaires sociaux au sein du Conseil mixte (Conseil national du travail \u2013 Conseil central de l\u2019\u00e9conomie) ont \u00e9mis un avis unanime sur l\u2019avant-projet de loi relatif au budget mobilit\u00e9. Depuis l\u2019accord de gouvernement de janvier 2025, le message de la F\u00e9d\u00e9ration des entreprises de Belgique (FEB) est clair et coh\u00e9rent : avant de rendre le budget mobilit\u00e9 obligatoire, il faut d\u2019abord simplifier son m\u00e9canisme. En effet, le syst\u00e8me est encore beaucoup trop complexe.<!--more--><\/p>\n<p>La n\u00e9cessit\u00e9 de simplifier ce syst\u00e8me constitue le fil conducteur de l\u2019avis unanime des partenaires sociaux. Cela se traduit, entre autres, par un appel \u00e0 une r\u00e9duction de la complexit\u00e9 administrative et \u00e0 une simplification du calcul du budget mobilit\u00e9, dit TCO (Total Cost of Ownership).<\/p>\n<p>Les employeurs r\u00e9affirment par ailleurs leur soutien au budget mobilit\u00e9 en tant qu\u2019instrument contribuant \u00e0 une mobilit\u00e9 plus durable, sous r\u00e9serve toutefois d\u2019une simplification effective du m\u00e9canisme. Celle-ci est essentielle pour permettre aux entreprises, sur le terrain, d\u2019en porter les valeurs, de le mettre en \u0153uvre de mani\u00e8re op\u00e9rationnelle et d\u2019en favoriser l\u2019adoption par les travailleurs.<\/p>\n<p>L\u2019avis unanime des partenaires sociaux inclut \u00e9galement d\u2019autres recommandations importantes :<\/p>\n<ul>\n<li>La possibilit\u00e9 d\u2019exclure temporairement (jusqu\u2019\u00e0 fin 2029) certaines cat\u00e9gories sp\u00e9cifiques de travailleurs du champ d\u2019application du budget mobilit\u00e9 (p. ex., les repr\u00e9sentants de commerce ou les aides et soignants \u00e0 domicile), afin qu\u2019ils puissent continuer \u00e0 exercer leur fonction en attendant la poursuite du d\u00e9veloppement des v\u00e9hicules \u00e9lectriques ;<\/li>\n<li>La limitation \u00e0 50% de la part du budget de mobilit\u00e9 pouvant \u00eatre affect\u00e9e aux frais de logement, afin d\u2019\u00e9viter les effets pervers. Jusqu\u2019\u00e0 pr\u00e9sent, cette part n\u2019est pas limit\u00e9e. Les travailleurs b\u00e9n\u00e9ficiant d\u2019un budget mobilit\u00e9 peuvent l\u2019utiliser pour financer leurs frais de logement, qu\u2019ils habitent ou non (t\u00e9l\u00e9travail) dans un rayon de 10 km autour de leur lieu de travail.<\/li>\n<\/ul>\n<p><em>\u00ab\u00a0J\u2019appelle le gouvernement \u00e0 soutenir pleinement cet avis. Les partenaires sociaux soumettent conjointement une proposition b\u00e9n\u00e9ficiant d\u2019une large adh\u00e9sion. Ce n\u2019est que de cette fa\u00e7on que le budget mobilit\u00e9 peut \u00eatre synonyme de r\u00e9ussite\u00a0\u00bb<\/em>, souligne Pieter Timmermans, CEO de la FEB.<\/p>\n<h3><strong><em>Qu\u2019est-ce qu\u2019un budget mobilit\u00e9 ?<\/em><\/strong><\/h3>\n<p>Le budget mobilit\u00e9 est un syst\u00e8me par lequel les travailleurs, lorsque leur employeur d\u00e9cide d\u2019instaurer le budget mobilit\u00e9 dans l\u2019entreprise, peuvent \u00e9changer leur voiture de soci\u00e9t\u00e9 (ou le droit \u00e0 celle-ci) contre un budget qu\u2019ils peuvent d\u00e9penser pour diverses solutions de mobilit\u00e9, telles qu\u2019une voiture \u00e9lectrique (pilier 1), les transports publics, un v\u00e9lo ou m\u00eame des frais de logement tels qu\u2019une partie du co\u00fbt de leur loyer ou de leur pr\u00eat hypoth\u00e9caire (pilier 2 : moyens de transport durables et frais de logement). Le solde de ce budget est pay\u00e9 en cash (pilier 3).<\/p>\n<p>Le gouvernement entend r\u00e9former le budget mobilit\u00e9 en deux phases :<br \/>\nDans une premi\u00e8re phase, il pr\u00e9voit de transformer ce dispositif aujourd\u2019hui volontaire \u2013 tant pour l\u2019employeur que pour le travailleur \u2013 en une obligation pour les employeurs qui mettent des voitures de soci\u00e9t\u00e9 \u00e0 disposition de leurs travailleurs, tout en pr\u00e9voyant une dispense pour les employeurs de moins de 15 travailleurs.<br \/>\nDans une seconde phase, il souhaite \u00e9voluer vers un budget mobilit\u00e9 pour tous.<\/p>\n<p>&nbsp;<\/p>\n<p><em>Source: FEB<\/em><\/p>\n","protected":false},"excerpt":{"rendered":"<p>Le mercredi 29 avril, les partenaires sociaux au sein du Conseil mixte (Conseil national du travail \u2013 Conseil central de l\u2019\u00e9conomie) ont \u00e9mis un avis unanime sur l\u2019avant-projet de loi relatif au budget mobilit\u00e9. Depuis l\u2019accord de gouvernement de janvier [&hellip;]<\/p>\n","protected":false},"author":2,"featured_media":0,"comment_status":"closed","ping_status":"open","sticky":false,"template":"","format":"standard","meta":[],"categories":[65,10],"tags":[1269,332,157,358],"yoast_head":"<!-- This site is optimized with the Yoast SEO plugin v21.0 - https:\/\/yoast.com\/wordpress\/plugins\/seo\/ -->\n<title>Les partenaires sociaux ne veulent plus du budget mobilit\u00e9 sous sa forme actuelle: il faut simplifier le m\u00e9canisme. - Peoplesphere<\/title>\n<meta name=\"robots\" content=\"index, follow, max-snippet:-1, max-image-preview:large, max-video-preview:-1\" \/>\n<link rel=\"canonical\" href=\"https:\/\/peoplesphere.be\/fr\/les-partenaires-sociaux-ne-veulent-plus-du-budget-mobilite-sous-sa-forme-actuelle-il-faut-simplifier-le-mecanisme\/\" \/>\n<meta property=\"og:locale\" content=\"fr_FR\" \/>\n<meta property=\"og:type\" content=\"article\" \/>\n<meta property=\"og:title\" content=\"Les partenaires sociaux ne veulent plus du budget mobilit\u00e9 sous sa forme actuelle: il faut simplifier le m\u00e9canisme. - Peoplesphere\" \/>\n<meta property=\"og:description\" content=\"Le mercredi 29 avril, les partenaires sociaux au sein du Conseil mixte (Conseil national du travail \u2013 Conseil central de l\u2019\u00e9conomie) ont \u00e9mis un avis unanime sur l\u2019avant-projet de loi relatif au budget mobilit\u00e9. Depuis l\u2019accord de gouvernement de janvier [&hellip;]\" \/>\n<meta property=\"og:url\" content=\"https:\/\/peoplesphere.be\/fr\/les-partenaires-sociaux-ne-veulent-plus-du-budget-mobilite-sous-sa-forme-actuelle-il-faut-simplifier-le-mecanisme\/\" \/>\n<meta property=\"og:site_name\" content=\"Peoplesphere\" \/>\n<meta property=\"article:publisher\" content=\"https:\/\/www.facebook.com\/peoplesphere\" \/>\n<meta property=\"article:published_time\" content=\"2026-04-30T08:21:36+00:00\" \/>\n<meta property=\"og:image\" content=\"http:\/\/www.peoplesphere.be\/fr\/wp-content\/uploads\/2016\/07\/facebook-default-posting-1200x628px.jpg\" \/>\n<meta name=\"author\" content=\"Jean-Paul Erhard\" \/>\n<meta name=\"twitter:card\" content=\"summary_large_image\" \/>\n<meta name=\"twitter:creator\" content=\"@PeoplesphereMag\" \/>\n<meta name=\"twitter:site\" content=\"@PeoplesphereMag\" \/>\n<meta name=\"twitter:label1\" content=\"\u00c9crit par\" \/>\n\t<meta name=\"twitter:data1\" content=\"Jean-Paul Erhard\" \/>\n\t<meta name=\"twitter:label2\" content=\"Dur\u00e9e de lecture estim\u00e9e\" \/>\n\t<meta name=\"twitter:data2\" content=\"3 minutes\" \/>\n<script type=\"application\/ld+json\" class=\"yoast-schema-graph\">{\"@context\":\"https:\/\/schema.org\",\"@graph\":[{\"@type\":\"Article\",\"@id\":\"https:\/\/peoplesphere.be\/fr\/les-partenaires-sociaux-ne-veulent-plus-du-budget-mobilite-sous-sa-forme-actuelle-il-faut-simplifier-le-mecanisme\/#article\",\"isPartOf\":{\"@id\":\"https:\/\/peoplesphere.be\/fr\/les-partenaires-sociaux-ne-veulent-plus-du-budget-mobilite-sous-sa-forme-actuelle-il-faut-simplifier-le-mecanisme\/\"},\"author\":{\"name\":\"Jean-Paul Erhard\",\"@id\":\"https:\/\/peoplesphere.be\/fr\/#\/schema\/person\/7976225ff17988604334abb7b3536a7e\"},\"headline\":\"Les partenaires sociaux ne veulent plus du budget mobilit\u00e9 sous sa forme actuelle: il faut simplifier le m\u00e9canisme.\",\"datePublished\":\"2026-04-30T08:21:36+00:00\",\"dateModified\":\"2026-04-30T08:21:36+00:00\",\"mainEntityOfPage\":{\"@id\":\"https:\/\/peoplesphere.be\/fr\/les-partenaires-sociaux-ne-veulent-plus-du-budget-mobilite-sous-sa-forme-actuelle-il-faut-simplifier-le-mecanisme\/\"},\"wordCount\":587,\"publisher\":{\"@id\":\"https:\/\/peoplesphere.be\/fr\/#organization\"},\"keywords\":[\"budget mobilit\u00e9\",\"concertation sociale\",\"partenaires sociaux\",\"r\u00e9mun\u00e9rations alternatives\"],\"articleSection\":[\"Actualit\u00e9s\",\"Digital\"],\"inLanguage\":\"fr-FR\"},{\"@type\":\"WebPage\",\"@id\":\"https:\/\/peoplesphere.be\/fr\/les-partenaires-sociaux-ne-veulent-plus-du-budget-mobilite-sous-sa-forme-actuelle-il-faut-simplifier-le-mecanisme\/\",\"url\":\"https:\/\/peoplesphere.be\/fr\/les-partenaires-sociaux-ne-veulent-plus-du-budget-mobilite-sous-sa-forme-actuelle-il-faut-simplifier-le-mecanisme\/\",\"name\":\"Les partenaires sociaux ne veulent plus du budget mobilit\u00e9 sous sa forme actuelle: il faut simplifier le m\u00e9canisme. - Peoplesphere\",\"isPartOf\":{\"@id\":\"https:\/\/peoplesphere.be\/fr\/#website\"},\"datePublished\":\"2026-04-30T08:21:36+00:00\",\"dateModified\":\"2026-04-30T08:21:36+00:00\",\"breadcrumb\":{\"@id\":\"https:\/\/peoplesphere.be\/fr\/les-partenaires-sociaux-ne-veulent-plus-du-budget-mobilite-sous-sa-forme-actuelle-il-faut-simplifier-le-mecanisme\/#breadcrumb\"},\"inLanguage\":\"fr-FR\",\"potentialAction\":[{\"@type\":\"ReadAction\",\"target\":[\"https:\/\/peoplesphere.be\/fr\/les-partenaires-sociaux-ne-veulent-plus-du-budget-mobilite-sous-sa-forme-actuelle-il-faut-simplifier-le-mecanisme\/\"]}]},{\"@type\":\"BreadcrumbList\",\"@id\":\"https:\/\/peoplesphere.be\/fr\/les-partenaires-sociaux-ne-veulent-plus-du-budget-mobilite-sous-sa-forme-actuelle-il-faut-simplifier-le-mecanisme\/#breadcrumb\",\"itemListElement\":[{\"@type\":\"ListItem\",\"position\":1,\"name\":\"Accueil\",\"item\":\"https:\/\/peoplesphere.be\/fr\/\"},{\"@type\":\"ListItem\",\"position\":2,\"name\":\"Les partenaires sociaux ne veulent plus du budget mobilit\u00e9 sous sa forme actuelle: il faut simplifier le m\u00e9canisme.\"}]},{\"@type\":\"WebSite\",\"@id\":\"https:\/\/peoplesphere.be\/fr\/#website\",\"url\":\"https:\/\/peoplesphere.be\/fr\/\",\"name\":\"Peoplesphere\",\"description\":\"The People Managers Magazine\",\"publisher\":{\"@id\":\"https:\/\/peoplesphere.be\/fr\/#organization\"},\"potentialAction\":[{\"@type\":\"SearchAction\",\"target\":{\"@type\":\"EntryPoint\",\"urlTemplate\":\"https:\/\/peoplesphere.be\/fr\/?s={search_term_string}\"},\"query-input\":\"required name=search_term_string\"}],\"inLanguage\":\"fr-FR\"},{\"@type\":\"Organization\",\"@id\":\"https:\/\/peoplesphere.be\/fr\/#organization\",\"name\":\"Peoplesphere Company srl\",\"url\":\"https:\/\/peoplesphere.be\/fr\/\",\"logo\":{\"@type\":\"ImageObject\",\"inLanguage\":\"fr-FR\",\"@id\":\"https:\/\/peoplesphere.be\/fr\/#\/schema\/logo\/image\/\",\"url\":\"https:\/\/peoplesphere.be\/fr\/wp-content\/uploads\/2023\/07\/peoplesphere-lgo-new-generik.jpg\",\"contentUrl\":\"https:\/\/peoplesphere.be\/fr\/wp-content\/uploads\/2023\/07\/peoplesphere-lgo-new-generik.jpg\",\"width\":1031,\"height\":1479,\"caption\":\"Peoplesphere Company srl\"},\"image\":{\"@id\":\"https:\/\/peoplesphere.be\/fr\/#\/schema\/logo\/image\/\"},\"sameAs\":[\"https:\/\/www.facebook.com\/peoplesphere\",\"https:\/\/twitter.com\/PeoplesphereMag\",\"https:\/\/www.linkedin.com\/company\/7587361?trk\",\"http:\/\/youtube.com\/peoplesphere\"]},{\"@type\":\"Person\",\"@id\":\"https:\/\/peoplesphere.be\/fr\/#\/schema\/person\/7976225ff17988604334abb7b3536a7e\",\"name\":\"Jean-Paul Erhard\",\"image\":{\"@type\":\"ImageObject\",\"inLanguage\":\"fr-FR\",\"@id\":\"https:\/\/peoplesphere.be\/fr\/#\/schema\/person\/image\/\",\"url\":\"https:\/\/secure.gravatar.com\/avatar\/f941e681460179738071629a51574930?s=96&d=mm&r=g\",\"contentUrl\":\"https:\/\/secure.gravatar.com\/avatar\/f941e681460179738071629a51574930?s=96&d=mm&r=g\",\"caption\":\"Jean-Paul Erhard\"},\"url\":\"https:\/\/peoplesphere.be\/fr\/author\/jpe\/\"}]}<\/script>\n<!-- \/ Yoast SEO plugin. -->","yoast_head_json":{"title":"Les partenaires sociaux ne veulent plus du budget mobilit\u00e9 sous sa forme actuelle: il faut simplifier le m\u00e9canisme. - Peoplesphere","robots":{"index":"index","follow":"follow","max-snippet":"max-snippet:-1","max-image-preview":"max-image-preview:large","max-video-preview":"max-video-preview:-1"},"canonical":"https:\/\/peoplesphere.be\/fr\/les-partenaires-sociaux-ne-veulent-plus-du-budget-mobilite-sous-sa-forme-actuelle-il-faut-simplifier-le-mecanisme\/","og_locale":"fr_FR","og_type":"article","og_title":"Les partenaires sociaux ne veulent plus du budget mobilit\u00e9 sous sa forme actuelle: il faut simplifier le m\u00e9canisme. - Peoplesphere","og_description":"Le mercredi 29 avril, les partenaires sociaux au sein du Conseil mixte (Conseil national du travail \u2013 Conseil central de l\u2019\u00e9conomie) ont \u00e9mis un avis unanime sur l\u2019avant-projet de loi relatif au budget mobilit\u00e9. Depuis l\u2019accord de gouvernement de janvier [&hellip;]","og_url":"https:\/\/peoplesphere.be\/fr\/les-partenaires-sociaux-ne-veulent-plus-du-budget-mobilite-sous-sa-forme-actuelle-il-faut-simplifier-le-mecanisme\/","og_site_name":"Peoplesphere","article_publisher":"https:\/\/www.facebook.com\/peoplesphere","article_published_time":"2026-04-30T08:21:36+00:00","og_image":[{"url":"http:\/\/www.peoplesphere.be\/fr\/wp-content\/uploads\/2016\/07\/facebook-default-posting-1200x628px.jpg"}],"author":"Jean-Paul Erhard","twitter_card":"summary_large_image","twitter_creator":"@PeoplesphereMag","twitter_site":"@PeoplesphereMag","twitter_misc":{"\u00c9crit par":"Jean-Paul Erhard","Dur\u00e9e de lecture estim\u00e9e":"3 minutes"},"schema":{"@context":"https:\/\/schema.org","@graph":[{"@type":"Article","@id":"https:\/\/peoplesphere.be\/fr\/les-partenaires-sociaux-ne-veulent-plus-du-budget-mobilite-sous-sa-forme-actuelle-il-faut-simplifier-le-mecanisme\/#article","isPartOf":{"@id":"https:\/\/peoplesphere.be\/fr\/les-partenaires-sociaux-ne-veulent-plus-du-budget-mobilite-sous-sa-forme-actuelle-il-faut-simplifier-le-mecanisme\/"},"author":{"name":"Jean-Paul Erhard","@id":"https:\/\/peoplesphere.be\/fr\/#\/schema\/person\/7976225ff17988604334abb7b3536a7e"},"headline":"Les partenaires sociaux ne veulent plus du budget mobilit\u00e9 sous sa forme actuelle: il faut simplifier le m\u00e9canisme.","datePublished":"2026-04-30T08:21:36+00:00","dateModified":"2026-04-30T08:21:36+00:00","mainEntityOfPage":{"@id":"https:\/\/peoplesphere.be\/fr\/les-partenaires-sociaux-ne-veulent-plus-du-budget-mobilite-sous-sa-forme-actuelle-il-faut-simplifier-le-mecanisme\/"},"wordCount":587,"publisher":{"@id":"https:\/\/peoplesphere.be\/fr\/#organization"},"keywords":["budget mobilit\u00e9","concertation sociale","partenaires sociaux","r\u00e9mun\u00e9rations alternatives"],"articleSection":["Actualit\u00e9s","Digital"],"inLanguage":"fr-FR"},{"@type":"WebPage","@id":"https:\/\/peoplesphere.be\/fr\/les-partenaires-sociaux-ne-veulent-plus-du-budget-mobilite-sous-sa-forme-actuelle-il-faut-simplifier-le-mecanisme\/","url":"https:\/\/peoplesphere.be\/fr\/les-partenaires-sociaux-ne-veulent-plus-du-budget-mobilite-sous-sa-forme-actuelle-il-faut-simplifier-le-mecanisme\/","name":"Les partenaires sociaux ne veulent plus du budget mobilit\u00e9 sous sa forme actuelle: il faut simplifier le m\u00e9canisme. - Peoplesphere","isPartOf":{"@id":"https:\/\/peoplesphere.be\/fr\/#website"},"datePublished":"2026-04-30T08:21:36+00:00","dateModified":"2026-04-30T08:21:36+00:00","breadcrumb":{"@id":"https:\/\/peoplesphere.be\/fr\/les-partenaires-sociaux-ne-veulent-plus-du-budget-mobilite-sous-sa-forme-actuelle-il-faut-simplifier-le-mecanisme\/#breadcrumb"},"inLanguage":"fr-FR","potentialAction":[{"@type":"ReadAction","target":["https:\/\/peoplesphere.be\/fr\/les-partenaires-sociaux-ne-veulent-plus-du-budget-mobilite-sous-sa-forme-actuelle-il-faut-simplifier-le-mecanisme\/"]}]},{"@type":"BreadcrumbList","@id":"https:\/\/peoplesphere.be\/fr\/les-partenaires-sociaux-ne-veulent-plus-du-budget-mobilite-sous-sa-forme-actuelle-il-faut-simplifier-le-mecanisme\/#breadcrumb","itemListElement":[{"@type":"ListItem","position":1,"name":"Accueil","item":"https:\/\/peoplesphere.be\/fr\/"},{"@type":"ListItem","position":2,"name":"Les partenaires sociaux ne veulent plus du budget mobilit\u00e9 sous sa forme actuelle: il faut simplifier le m\u00e9canisme."}]},{"@type":"WebSite","@id":"https:\/\/peoplesphere.be\/fr\/#website","url":"https:\/\/peoplesphere.be\/fr\/","name":"Peoplesphere","description":"The People Managers Magazine","publisher":{"@id":"https:\/\/peoplesphere.be\/fr\/#organization"},"potentialAction":[{"@type":"SearchAction","target":{"@type":"EntryPoint","urlTemplate":"https:\/\/peoplesphere.be\/fr\/?s={search_term_string}"},"query-input":"required name=search_term_string"}],"inLanguage":"fr-FR"},{"@type":"Organization","@id":"https:\/\/peoplesphere.be\/fr\/#organization","name":"Peoplesphere Company srl","url":"https:\/\/peoplesphere.be\/fr\/","logo":{"@type":"ImageObject","inLanguage":"fr-FR","@id":"https:\/\/peoplesphere.be\/fr\/#\/schema\/logo\/image\/","url":"https:\/\/peoplesphere.be\/fr\/wp-content\/uploads\/2023\/07\/peoplesphere-lgo-new-generik.jpg","contentUrl":"https:\/\/peoplesphere.be\/fr\/wp-content\/uploads\/2023\/07\/peoplesphere-lgo-new-generik.jpg","width":1031,"height":1479,"caption":"Peoplesphere Company srl"},"image":{"@id":"https:\/\/peoplesphere.be\/fr\/#\/schema\/logo\/image\/"},"sameAs":["https:\/\/www.facebook.com\/peoplesphere","https:\/\/twitter.com\/PeoplesphereMag","https:\/\/www.linkedin.com\/company\/7587361?trk","http:\/\/youtube.com\/peoplesphere"]},{"@type":"Person","@id":"https:\/\/peoplesphere.be\/fr\/#\/schema\/person\/7976225ff17988604334abb7b3536a7e","name":"Jean-Paul Erhard","image":{"@type":"ImageObject","inLanguage":"fr-FR","@id":"https:\/\/peoplesphere.be\/fr\/#\/schema\/person\/image\/","url":"https:\/\/secure.gravatar.com\/avatar\/f941e681460179738071629a51574930?s=96&d=mm&r=g","contentUrl":"https:\/\/secure.gravatar.com\/avatar\/f941e681460179738071629a51574930?s=96&d=mm&r=g","caption":"Jean-Paul Erhard"},"url":"https:\/\/peoplesphere.be\/fr\/author\/jpe\/"}]}},"_links":{"self":[{"href":"https:\/\/peoplesphere.be\/fr\/wp-json\/wp\/v2\/posts\/19079"}],"collection":[{"href":"https:\/\/peoplesphere.be\/fr\/wp-json\/wp\/v2\/posts"}],"about":[{"href":"https:\/\/peoplesphere.be\/fr\/wp-json\/wp\/v2\/types\/post"}],"author":[{"embeddable":true,"href":"https:\/\/peoplesphere.be\/fr\/wp-json\/wp\/v2\/users\/2"}],"replies":[{"embeddable":true,"href":"https:\/\/peoplesphere.be\/fr\/wp-json\/wp\/v2\/comments?post=19079"}],"version-history":[{"count":1,"href":"https:\/\/peoplesphere.be\/fr\/wp-json\/wp\/v2\/posts\/19079\/revisions"}],"predecessor-version":[{"id":19080,"href":"https:\/\/peoplesphere.be\/fr\/wp-json\/wp\/v2\/posts\/19079\/revisions\/19080"}],"wp:attachment":[{"href":"https:\/\/peoplesphere.be\/fr\/wp-json\/wp\/v2\/media?parent=19079"}],"wp:term":[{"taxonomy":"category","embeddable":true,"href":"https:\/\/peoplesphere.be\/fr\/wp-json\/wp\/v2\/categories?post=19079"},{"taxonomy":"post_tag","embeddable":true,"href":"https:\/\/peoplesphere.be\/fr\/wp-json\/wp\/v2\/tags?post=19079"}],"curies":[{"name":"wp","href":"https:\/\/api.w.org\/{rel}","templated":true}]}}