









{"id":1908,"date":"2015-09-14T17:20:39","date_gmt":"2015-09-14T15:20:39","guid":{"rendered":"http:\/\/www.peoplesphere.be\/fr\/?p=1908"},"modified":"2015-09-14T17:20:39","modified_gmt":"2015-09-14T15:20:39","slug":"petit-dejeuner-adp-liege-elections-sociales-il-est-temps-davoir-reponse-a-toutes-les-questions","status":"publish","type":"post","link":"https:\/\/peoplesphere.be\/fr\/petit-dejeuner-adp-liege-elections-sociales-il-est-temps-davoir-reponse-a-toutes-les-questions\/","title":{"rendered":"Petit d\u00e9jeuner ADP Li\u00e8ge : Elections sociales, il est temps d&rsquo;avoir r\u00e9ponse \u00e0 toutes les questions"},"content":{"rendered":"<h1>Rendez-vous le 9 octobre 2015 \u00e0 partir de 8h pour le prochain petit d\u00e9jeuner de l&rsquo;ADP Li\u00e8ge intitul\u00e9 : \u00ab\u00a0<em>Elections sociales : il est temps d&rsquo;avoir toutes les r\u00e9ponses \u00e0 vos questions<\/em>\u00ab\u00a0.<!--more--><\/h1>\n<p>Le d\u00e9fi \u00e0 relever est le suivant : toutes les questions qui seront envoy\u00e9es au plus tard le 2 octobre \u00e0 Fabrice Clavie, pr\u00e9sident de l&rsquo;ADP Li\u00e8ge (fabrice.clavie@ab-inbev.com) recevront une r\u00e9ponse dans l&rsquo;expos\u00e9 de Jean-Paul Lacomble.<\/p>\n<p>Celles-ci seront accompagn\u00e9es des meilleurs conseils d&rsquo;un coll\u00e8gue DRH exp\u00e9riment\u00e9 et d&rsquo;un autre plus novice. Un petit d\u00e9jeuner pratique qui vous pr\u00e9parera parfaitement \u00e0 ce qui vous occupera ces 9 prochains mois.<\/p>\n<p>Pratiquement : le prochain \u00ab Petit D\u00e9jeuner Ressources Humaines \u00bb organis\u00e9 par l\u2019ADP Li\u00e8ge se tiendra \u00e0 Li\u00e8ge Airport (BIERSET), dans le restaurant \u00abLE LONG COURS\u00bb (Hall de d\u00e9part 2\u00e8me \u00e9tage) 4460 Gr\u00e2ce-Hollogne. Parking n\u00b02 surveill\u00e9 et gratuit pour les trois premi\u00e8res heures.<\/p>\n<p>Participation aux frais : 25,00\u20ac pour les non-membres &#8211; gratuit pour les membres ADP. Le montant est \u00e0 verser ANTICIPATIVEMENT sur le compte BE46 0680 4057 6036 de l\u2019ADP &#8211; 33, rue du Gros Gland \u00e0 4000 Li\u00e8ge avec mention : \u00abPetit D\u00e9jeuner ADP 05.12.14 : NOM et pr\u00e9nom\u00bb. Toute inscription enregistr\u00e9e et qui n\u2019est pas annul\u00e9e 24 heures avant la manifestation est due.<\/p>\n<p>Pour vous inscrire : <a href=\"http:\/\/www.adp-liege.be\/fr\/inscription3\">http:\/\/www.adp-liege.be\/fr\/inscription3<\/a><\/p>\n","protected":false},"excerpt":{"rendered":"<p>Rendez-vous le 9 octobre 2015 \u00e0 partir de 8h pour le prochain petit d\u00e9jeuner de l&rsquo;ADP Li\u00e8ge intitul\u00e9 : \u00ab\u00a0Elections sociales : il est temps d&rsquo;avoir toutes les r\u00e9ponses \u00e0 vos questions\u00ab\u00a0.<\/p>\n","protected":false},"author":2,"featured_media":0,"comment_status":"closed","ping_status":"open","sticky":false,"template":"","format":"standard","meta":[],"categories":[67,8],"tags":[274,275],"yoast_head":"<!-- This site is optimized with the Yoast SEO plugin v21.0 - https:\/\/yoast.com\/wordpress\/plugins\/seo\/ -->\n<title>Petit d\u00e9jeuner ADP Li\u00e8ge : Elections sociales, il est temps d&#039;avoir r\u00e9ponse \u00e0 toutes les questions - Peoplesphere<\/title>\n<meta name=\"robots\" content=\"index, follow, max-snippet:-1, max-image-preview:large, max-video-preview:-1\" \/>\n<link rel=\"canonical\" href=\"https:\/\/peoplesphere.be\/fr\/petit-dejeuner-adp-liege-elections-sociales-il-est-temps-davoir-reponse-a-toutes-les-questions\/\" \/>\n<meta property=\"og:locale\" content=\"fr_FR\" \/>\n<meta property=\"og:type\" content=\"article\" \/>\n<meta property=\"og:title\" content=\"Petit d\u00e9jeuner ADP Li\u00e8ge : Elections sociales, il est temps d&#039;avoir r\u00e9ponse \u00e0 toutes les questions - Peoplesphere\" \/>\n<meta property=\"og:description\" content=\"Rendez-vous le 9 octobre 2015 \u00e0 partir de 8h pour le prochain petit d\u00e9jeuner de l&rsquo;ADP Li\u00e8ge intitul\u00e9 : \u00ab\u00a0Elections sociales : il est temps d&rsquo;avoir toutes les r\u00e9ponses \u00e0 vos questions\u00ab\u00a0.\" \/>\n<meta property=\"og:url\" content=\"https:\/\/peoplesphere.be\/fr\/petit-dejeuner-adp-liege-elections-sociales-il-est-temps-davoir-reponse-a-toutes-les-questions\/\" \/>\n<meta property=\"og:site_name\" content=\"Peoplesphere\" \/>\n<meta property=\"article:publisher\" content=\"https:\/\/www.facebook.com\/peoplesphere\" \/>\n<meta property=\"article:published_time\" content=\"2015-09-14T15:20:39+00:00\" \/>\n<meta property=\"og:image\" content=\"http:\/\/www.peoplesphere.be\/fr\/wp-content\/uploads\/2016\/07\/facebook-default-posting-1200x628px.jpg\" \/>\n<meta name=\"author\" content=\"Jean-Paul Erhard\" \/>\n<meta name=\"twitter:card\" content=\"summary_large_image\" \/>\n<meta name=\"twitter:creator\" content=\"@PeoplesphereMag\" \/>\n<meta name=\"twitter:site\" content=\"@PeoplesphereMag\" \/>\n<meta name=\"twitter:label1\" content=\"\u00c9crit par\" \/>\n\t<meta name=\"twitter:data1\" content=\"Jean-Paul Erhard\" \/>\n\t<meta name=\"twitter:label2\" content=\"Dur\u00e9e de lecture estim\u00e9e\" \/>\n\t<meta name=\"twitter:data2\" content=\"1 minute\" \/>\n<script type=\"application\/ld+json\" class=\"yoast-schema-graph\">{\"@context\":\"https:\/\/schema.org\",\"@graph\":[{\"@type\":\"Article\",\"@id\":\"https:\/\/peoplesphere.be\/fr\/petit-dejeuner-adp-liege-elections-sociales-il-est-temps-davoir-reponse-a-toutes-les-questions\/#article\",\"isPartOf\":{\"@id\":\"https:\/\/peoplesphere.be\/fr\/petit-dejeuner-adp-liege-elections-sociales-il-est-temps-davoir-reponse-a-toutes-les-questions\/\"},\"author\":{\"name\":\"Jean-Paul Erhard\",\"@id\":\"https:\/\/peoplesphere.be\/fr\/#\/schema\/person\/7976225ff17988604334abb7b3536a7e\"},\"headline\":\"Petit d\u00e9jeuner ADP Li\u00e8ge : Elections sociales, il est temps d&rsquo;avoir r\u00e9ponse \u00e0 toutes les questions\",\"datePublished\":\"2015-09-14T15:20:39+00:00\",\"dateModified\":\"2015-09-14T15:20:39+00:00\",\"mainEntityOfPage\":{\"@id\":\"https:\/\/peoplesphere.be\/fr\/petit-dejeuner-adp-liege-elections-sociales-il-est-temps-davoir-reponse-a-toutes-les-questions\/\"},\"wordCount\":233,\"publisher\":{\"@id\":\"https:\/\/peoplesphere.be\/fr\/#organization\"},\"keywords\":[\"ADP Li\u00e8ge\",\"\u00e9lections sociales\"],\"articleSection\":[\"Calendrier\",\"Events\"],\"inLanguage\":\"fr-FR\"},{\"@type\":\"WebPage\",\"@id\":\"https:\/\/peoplesphere.be\/fr\/petit-dejeuner-adp-liege-elections-sociales-il-est-temps-davoir-reponse-a-toutes-les-questions\/\",\"url\":\"https:\/\/peoplesphere.be\/fr\/petit-dejeuner-adp-liege-elections-sociales-il-est-temps-davoir-reponse-a-toutes-les-questions\/\",\"name\":\"Petit d\u00e9jeuner ADP Li\u00e8ge : Elections sociales, il est temps d'avoir r\u00e9ponse \u00e0 toutes les questions - Peoplesphere\",\"isPartOf\":{\"@id\":\"https:\/\/peoplesphere.be\/fr\/#website\"},\"datePublished\":\"2015-09-14T15:20:39+00:00\",\"dateModified\":\"2015-09-14T15:20:39+00:00\",\"breadcrumb\":{\"@id\":\"https:\/\/peoplesphere.be\/fr\/petit-dejeuner-adp-liege-elections-sociales-il-est-temps-davoir-reponse-a-toutes-les-questions\/#breadcrumb\"},\"inLanguage\":\"fr-FR\",\"potentialAction\":[{\"@type\":\"ReadAction\",\"target\":[\"https:\/\/peoplesphere.be\/fr\/petit-dejeuner-adp-liege-elections-sociales-il-est-temps-davoir-reponse-a-toutes-les-questions\/\"]}]},{\"@type\":\"BreadcrumbList\",\"@id\":\"https:\/\/peoplesphere.be\/fr\/petit-dejeuner-adp-liege-elections-sociales-il-est-temps-davoir-reponse-a-toutes-les-questions\/#breadcrumb\",\"itemListElement\":[{\"@type\":\"ListItem\",\"position\":1,\"name\":\"Accueil\",\"item\":\"https:\/\/peoplesphere.be\/fr\/\"},{\"@type\":\"ListItem\",\"position\":2,\"name\":\"Petit d\u00e9jeuner ADP Li\u00e8ge : Elections sociales, il est temps d&rsquo;avoir r\u00e9ponse \u00e0 toutes les questions\"}]},{\"@type\":\"WebSite\",\"@id\":\"https:\/\/peoplesphere.be\/fr\/#website\",\"url\":\"https:\/\/peoplesphere.be\/fr\/\",\"name\":\"Peoplesphere\",\"description\":\"The People Managers Magazine\",\"publisher\":{\"@id\":\"https:\/\/peoplesphere.be\/fr\/#organization\"},\"potentialAction\":[{\"@type\":\"SearchAction\",\"target\":{\"@type\":\"EntryPoint\",\"urlTemplate\":\"https:\/\/peoplesphere.be\/fr\/?s={search_term_string}\"},\"query-input\":\"required name=search_term_string\"}],\"inLanguage\":\"fr-FR\"},{\"@type\":\"Organization\",\"@id\":\"https:\/\/peoplesphere.be\/fr\/#organization\",\"name\":\"Peoplesphere Company srl\",\"url\":\"https:\/\/peoplesphere.be\/fr\/\",\"logo\":{\"@type\":\"ImageObject\",\"inLanguage\":\"fr-FR\",\"@id\":\"https:\/\/peoplesphere.be\/fr\/#\/schema\/logo\/image\/\",\"url\":\"https:\/\/peoplesphere.be\/fr\/wp-content\/uploads\/2023\/07\/peoplesphere-lgo-new-generik.jpg\",\"contentUrl\":\"https:\/\/peoplesphere.be\/fr\/wp-content\/uploads\/2023\/07\/peoplesphere-lgo-new-generik.jpg\",\"width\":1031,\"height\":1479,\"caption\":\"Peoplesphere Company srl\"},\"image\":{\"@id\":\"https:\/\/peoplesphere.be\/fr\/#\/schema\/logo\/image\/\"},\"sameAs\":[\"https:\/\/www.facebook.com\/peoplesphere\",\"https:\/\/twitter.com\/PeoplesphereMag\",\"https:\/\/www.linkedin.com\/company\/7587361?trk\",\"http:\/\/youtube.com\/peoplesphere\"]},{\"@type\":\"Person\",\"@id\":\"https:\/\/peoplesphere.be\/fr\/#\/schema\/person\/7976225ff17988604334abb7b3536a7e\",\"name\":\"Jean-Paul Erhard\",\"image\":{\"@type\":\"ImageObject\",\"inLanguage\":\"fr-FR\",\"@id\":\"https:\/\/peoplesphere.be\/fr\/#\/schema\/person\/image\/\",\"url\":\"https:\/\/secure.gravatar.com\/avatar\/f941e681460179738071629a51574930?s=96&d=mm&r=g\",\"contentUrl\":\"https:\/\/secure.gravatar.com\/avatar\/f941e681460179738071629a51574930?s=96&d=mm&r=g\",\"caption\":\"Jean-Paul Erhard\"},\"url\":\"https:\/\/peoplesphere.be\/fr\/author\/jpe\/\"}]}<\/script>\n<!-- \/ Yoast SEO plugin. -->","yoast_head_json":{"title":"Petit d\u00e9jeuner ADP Li\u00e8ge : Elections sociales, il est temps d'avoir r\u00e9ponse \u00e0 toutes les questions - Peoplesphere","robots":{"index":"index","follow":"follow","max-snippet":"max-snippet:-1","max-image-preview":"max-image-preview:large","max-video-preview":"max-video-preview:-1"},"canonical":"https:\/\/peoplesphere.be\/fr\/petit-dejeuner-adp-liege-elections-sociales-il-est-temps-davoir-reponse-a-toutes-les-questions\/","og_locale":"fr_FR","og_type":"article","og_title":"Petit d\u00e9jeuner ADP Li\u00e8ge : Elections sociales, il est temps d'avoir r\u00e9ponse \u00e0 toutes les questions - Peoplesphere","og_description":"Rendez-vous le 9 octobre 2015 \u00e0 partir de 8h pour le prochain petit d\u00e9jeuner de l&rsquo;ADP Li\u00e8ge intitul\u00e9 : \u00ab\u00a0Elections sociales : il est temps d&rsquo;avoir toutes les r\u00e9ponses \u00e0 vos questions\u00ab\u00a0.","og_url":"https:\/\/peoplesphere.be\/fr\/petit-dejeuner-adp-liege-elections-sociales-il-est-temps-davoir-reponse-a-toutes-les-questions\/","og_site_name":"Peoplesphere","article_publisher":"https:\/\/www.facebook.com\/peoplesphere","article_published_time":"2015-09-14T15:20:39+00:00","og_image":[{"url":"http:\/\/www.peoplesphere.be\/fr\/wp-content\/uploads\/2016\/07\/facebook-default-posting-1200x628px.jpg"}],"author":"Jean-Paul Erhard","twitter_card":"summary_large_image","twitter_creator":"@PeoplesphereMag","twitter_site":"@PeoplesphereMag","twitter_misc":{"\u00c9crit par":"Jean-Paul Erhard","Dur\u00e9e de lecture estim\u00e9e":"1 minute"},"schema":{"@context":"https:\/\/schema.org","@graph":[{"@type":"Article","@id":"https:\/\/peoplesphere.be\/fr\/petit-dejeuner-adp-liege-elections-sociales-il-est-temps-davoir-reponse-a-toutes-les-questions\/#article","isPartOf":{"@id":"https:\/\/peoplesphere.be\/fr\/petit-dejeuner-adp-liege-elections-sociales-il-est-temps-davoir-reponse-a-toutes-les-questions\/"},"author":{"name":"Jean-Paul Erhard","@id":"https:\/\/peoplesphere.be\/fr\/#\/schema\/person\/7976225ff17988604334abb7b3536a7e"},"headline":"Petit d\u00e9jeuner ADP Li\u00e8ge : Elections sociales, il est temps d&rsquo;avoir r\u00e9ponse \u00e0 toutes les questions","datePublished":"2015-09-14T15:20:39+00:00","dateModified":"2015-09-14T15:20:39+00:00","mainEntityOfPage":{"@id":"https:\/\/peoplesphere.be\/fr\/petit-dejeuner-adp-liege-elections-sociales-il-est-temps-davoir-reponse-a-toutes-les-questions\/"},"wordCount":233,"publisher":{"@id":"https:\/\/peoplesphere.be\/fr\/#organization"},"keywords":["ADP Li\u00e8ge","\u00e9lections sociales"],"articleSection":["Calendrier","Events"],"inLanguage":"fr-FR"},{"@type":"WebPage","@id":"https:\/\/peoplesphere.be\/fr\/petit-dejeuner-adp-liege-elections-sociales-il-est-temps-davoir-reponse-a-toutes-les-questions\/","url":"https:\/\/peoplesphere.be\/fr\/petit-dejeuner-adp-liege-elections-sociales-il-est-temps-davoir-reponse-a-toutes-les-questions\/","name":"Petit d\u00e9jeuner ADP Li\u00e8ge : Elections sociales, il est temps d'avoir r\u00e9ponse \u00e0 toutes les questions - Peoplesphere","isPartOf":{"@id":"https:\/\/peoplesphere.be\/fr\/#website"},"datePublished":"2015-09-14T15:20:39+00:00","dateModified":"2015-09-14T15:20:39+00:00","breadcrumb":{"@id":"https:\/\/peoplesphere.be\/fr\/petit-dejeuner-adp-liege-elections-sociales-il-est-temps-davoir-reponse-a-toutes-les-questions\/#breadcrumb"},"inLanguage":"fr-FR","potentialAction":[{"@type":"ReadAction","target":["https:\/\/peoplesphere.be\/fr\/petit-dejeuner-adp-liege-elections-sociales-il-est-temps-davoir-reponse-a-toutes-les-questions\/"]}]},{"@type":"BreadcrumbList","@id":"https:\/\/peoplesphere.be\/fr\/petit-dejeuner-adp-liege-elections-sociales-il-est-temps-davoir-reponse-a-toutes-les-questions\/#breadcrumb","itemListElement":[{"@type":"ListItem","position":1,"name":"Accueil","item":"https:\/\/peoplesphere.be\/fr\/"},{"@type":"ListItem","position":2,"name":"Petit d\u00e9jeuner ADP Li\u00e8ge : Elections sociales, il est temps d&rsquo;avoir r\u00e9ponse \u00e0 toutes les questions"}]},{"@type":"WebSite","@id":"https:\/\/peoplesphere.be\/fr\/#website","url":"https:\/\/peoplesphere.be\/fr\/","name":"Peoplesphere","description":"The People Managers Magazine","publisher":{"@id":"https:\/\/peoplesphere.be\/fr\/#organization"},"potentialAction":[{"@type":"SearchAction","target":{"@type":"EntryPoint","urlTemplate":"https:\/\/peoplesphere.be\/fr\/?s={search_term_string}"},"query-input":"required name=search_term_string"}],"inLanguage":"fr-FR"},{"@type":"Organization","@id":"https:\/\/peoplesphere.be\/fr\/#organization","name":"Peoplesphere Company srl","url":"https:\/\/peoplesphere.be\/fr\/","logo":{"@type":"ImageObject","inLanguage":"fr-FR","@id":"https:\/\/peoplesphere.be\/fr\/#\/schema\/logo\/image\/","url":"https:\/\/peoplesphere.be\/fr\/wp-content\/uploads\/2023\/07\/peoplesphere-lgo-new-generik.jpg","contentUrl":"https:\/\/peoplesphere.be\/fr\/wp-content\/uploads\/2023\/07\/peoplesphere-lgo-new-generik.jpg","width":1031,"height":1479,"caption":"Peoplesphere Company srl"},"image":{"@id":"https:\/\/peoplesphere.be\/fr\/#\/schema\/logo\/image\/"},"sameAs":["https:\/\/www.facebook.com\/peoplesphere","https:\/\/twitter.com\/PeoplesphereMag","https:\/\/www.linkedin.com\/company\/7587361?trk","http:\/\/youtube.com\/peoplesphere"]},{"@type":"Person","@id":"https:\/\/peoplesphere.be\/fr\/#\/schema\/person\/7976225ff17988604334abb7b3536a7e","name":"Jean-Paul Erhard","image":{"@type":"ImageObject","inLanguage":"fr-FR","@id":"https:\/\/peoplesphere.be\/fr\/#\/schema\/person\/image\/","url":"https:\/\/secure.gravatar.com\/avatar\/f941e681460179738071629a51574930?s=96&d=mm&r=g","contentUrl":"https:\/\/secure.gravatar.com\/avatar\/f941e681460179738071629a51574930?s=96&d=mm&r=g","caption":"Jean-Paul Erhard"},"url":"https:\/\/peoplesphere.be\/fr\/author\/jpe\/"}]}},"_links":{"self":[{"href":"https:\/\/peoplesphere.be\/fr\/wp-json\/wp\/v2\/posts\/1908"}],"collection":[{"href":"https:\/\/peoplesphere.be\/fr\/wp-json\/wp\/v2\/posts"}],"about":[{"href":"https:\/\/peoplesphere.be\/fr\/wp-json\/wp\/v2\/types\/post"}],"author":[{"embeddable":true,"href":"https:\/\/peoplesphere.be\/fr\/wp-json\/wp\/v2\/users\/2"}],"replies":[{"embeddable":true,"href":"https:\/\/peoplesphere.be\/fr\/wp-json\/wp\/v2\/comments?post=1908"}],"version-history":[{"count":1,"href":"https:\/\/peoplesphere.be\/fr\/wp-json\/wp\/v2\/posts\/1908\/revisions"}],"predecessor-version":[{"id":1909,"href":"https:\/\/peoplesphere.be\/fr\/wp-json\/wp\/v2\/posts\/1908\/revisions\/1909"}],"wp:attachment":[{"href":"https:\/\/peoplesphere.be\/fr\/wp-json\/wp\/v2\/media?parent=1908"}],"wp:term":[{"taxonomy":"category","embeddable":true,"href":"https:\/\/peoplesphere.be\/fr\/wp-json\/wp\/v2\/categories?post=1908"},{"taxonomy":"post_tag","embeddable":true,"href":"https:\/\/peoplesphere.be\/fr\/wp-json\/wp\/v2\/tags?post=1908"}],"curies":[{"name":"wp","href":"https:\/\/api.w.org\/{rel}","templated":true}]}}