









{"id":19081,"date":"2026-04-30T11:31:29","date_gmt":"2026-04-30T09:31:29","guid":{"rendered":"https:\/\/peoplesphere.be\/fr\/?p=19081"},"modified":"2026-04-30T11:31:29","modified_gmt":"2026-04-30T09:31:29","slug":"un-travailleur-sur-cinq-dans-notre-pays-a-suivi-au-moins-une-formation-a-lia-au-cours-de-lannee-ecoulee","status":"publish","type":"post","link":"https:\/\/peoplesphere.be\/fr\/un-travailleur-sur-cinq-dans-notre-pays-a-suivi-au-moins-une-formation-a-lia-au-cours-de-lannee-ecoulee\/","title":{"rendered":"Un travailleur sur cinq dans notre pays a suivi au moins une formation \u00e0 l\u2019IA au cours de l&rsquo;ann\u00e9e \u00e9coul\u00e9e."},"content":{"rendered":"<p>Environ une entreprise sur trois dans notre pays (32%) offre \u00e0 ses travailleurs la possibilit\u00e9 de suivre une formation \u00e0 l\u2019IA. Ce chiffre est sup\u00e9rieur de pr\u00e8s de 15% \u00e0 celui de l\u2019ann\u00e9e pr\u00e9c\u00e9dente, malgr\u00e9 la suppression de l\u2019obligation europ\u00e9enne de proposer des formations sur l\u2019IA. Dans l\u2019ensemble, un travailleur sur cinq dans notre pays a suivi au moins une formation \u00e0 l\u2019IA au cours de l\u2019ann\u00e9e \u00e9coul\u00e9e.<!--more--><\/p>\n<p>Jusqu\u2019\u00e0 r\u00e9cemment, les organisations \u00e9taient l\u00e9galement tenues d\u2019investir dans la formation de leurs travailleurs \u00e0 l\u2019IA en vertu du R\u00e8glement europ\u00e9en sur l\u2019IA. Aujourd\u2019hui, selon l\u2019enqu\u00eate d\u2019Acerta, m\u00eame si investir dans la formation \u00e0 l\u2019IA n\u2019est plus une obligation europ\u00e9enne, les entreprises belges continuent de le faire par n\u00e9cessit\u00e9 \u00e9conomique et sociale, notamment en raison de la vitesse \u00e0 laquelle l\u2019IA \u00e9volue.<\/p>\n<h3><strong><em>L\u2019offre augmente, mais reste limit\u00e9e<\/em><\/strong><\/h3>\n<p>Chez les employeurs, le sentiment d\u2019urgence concernant une bonne utilisation de l\u2019IA s\u2019accro\u00eet clairement. Le nombre d\u2019employeurs occupant 10 travailleurs ou plus ayant dispens\u00e9 une formation ou un enseignement sur l\u2019utilisation de l\u2019IA \u00e0 l\u2019ensemble ou \u00e0 une partie de leurs travailleurs l\u2019ann\u00e9e derni\u00e8re a augment\u00e9 de pr\u00e8s de 15%. En revanche, une entreprise sur trois (32%) utilise l\u2019IA.<\/p>\n<p>Kathelijne Verboomen, directeur centre de connaissance chez Acerta, explique : <em>\u00ab\u00a0Les possibilit\u00e9s de l\u2019IA augmentent chaque jour, alors que les risques d\u2019une utilisation irr\u00e9fl\u00e9chie sont r\u00e9els. Il est donc pr\u00e9occupant de constater que, pour l\u2019instant, seule une entreprise sur trois propose une formation \u00e0 l\u2019IA \u00e0 ses travailleurs. Il serait en effet pr\u00e9f\u00e9rable que les employeurs commencent par \u00e9tudier de mani\u00e8re approfondie quelles seraient les r\u00e9percussions de l\u2019IA sur les fonctions au sein de l\u2019entreprise. Les entreprises sous-estiment encore parfois le fait qu\u2019en r\u00e9alit\u00e9, presque tous les travailleurs seront t\u00f4t ou tard confront\u00e9s \u00e0 des applications d\u2019IA. Gr\u00e2ce \u00e0 notre chaire \u00e0 la KU Leuven, nous \u00e9tudions les effets de l\u2019IA au niveau des t\u00e2ches et des processus au sein d\u2019une fonction. De cette mani\u00e8re, nous savons \u00e0 quoi ressemblera cette fonction \u00e0 l\u2019avenir et quel niveau de connaissance de l\u2019IA cela requiert. Sur cette base, nous pouvons \u00e9laborer l\u2019offre de formation dont les travailleurs ont r\u00e9ellement besoin, afin qu\u2019ils puissent appliquer la formation \u00e0 l\u2019IA qu\u2019ils re\u00e7oivent dans leur travail quotidien.\u00a0\u00bb<\/em><\/p>\n<p>Le fait que deux entreprises sur trois ne proposent pas d\u2019enseignement ou de formation sur l\u2019utilisation de l\u2019IA pour le moment ne signifie pas qu\u2019elles ne s\u2019y int\u00e9ressent pas. Un employeur sur trois (29,8%) souhaite commencer \u00e0 proposer des formations \u00e0 l\u2019IA au cours de l\u2019ann\u00e9e \u00e0 venir. Pourtant, pr\u00e8s de quatre entreprises sur dix (38,1%) d\u00e9clarent ne pas avoir l\u2019intention de proposer une formation \u00e0 l\u2019IA \u00e0 leurs travailleurs.<\/p>\n<p>Cependant, l\u2019int\u00e9r\u00eat des travailleurs est \u00e9lev\u00e9. Au cours de l\u2019ann\u00e9e \u00e9coul\u00e9e, plus d\u2019un travailleur sur cinq (21,4%) dans notre pays a d\u00e9j\u00e0 suivi une ou plusieurs formations sur l\u2019utilisation de la technologie de l\u2019IA par l\u2019interm\u00e9diaire de son employeur. Ainsi, pr\u00e8s de huit travailleurs sur dix ne l\u2019ont pas encore fait, mais six sur dix (59,1%) souhaiteraient le faire cette ann\u00e9e.<\/p>\n<h3><strong><em>Tout le monde n\u2019en voit pas l\u2019importance<\/em><\/strong><\/h3>\n<p>Les entreprises qui ne proposent pas encore de formation \u00e0 l\u2019IA indiquent \u00e9galement pourquoi dans l\u2019enqu\u00eate d\u2019Acerta. Seuls 34,5% des employeurs consid\u00e8rent l\u2019IA comme (tr\u00e8s) importante dans l\u2019organisation, tandis que 40,5% la consid\u00e8rent comme pas (du tout) importante et 25 % restent neutres. Plus l\u2019entreprise est grande, plus les travailleurs et l\u2019employeur accordent de l\u2019importance \u00e0 l\u2019IA.<\/p>\n<p>Kathelijne Verboomen conclut : <em>\u00ab\u00a0L\u2019intelligence artificielle peut produire de mauvaises r\u00e9ponses, car elle ne r\u00e9fl\u00e9chit pas vraiment. C\u2019est \u00e9galement une mauvaise id\u00e9e de partager sans pr\u00e9cautions les donn\u00e9es de l\u2019entreprise avec un outil d\u2019IA public. \u00c0 l\u2019inverse, l\u2019IA offre de nombreuses possibilit\u00e9s de gains de productivit\u00e9 ou de d\u00e9veloppement plus rapide des connaissances. En tant qu\u2019employeur, il est donc pr\u00e9f\u00e9rable d\u2019opter pour la s\u00e9curit\u00e9 en formant vos travailleurs \u00e0 l\u2019utilisation de l\u2019IA.\u00a0\u00bb<\/em><\/p>\n<p>&nbsp;<\/p>\n<p><em>Source: les donn\u00e9es proviennent de l\u2019enqu\u00eate miroir annuelle \u00e9tablie par Acerta avec le soutien de Bart Meuleman, sp\u00e9cialiste en sociologie-m\u00e9thodologie d\u2019enqu\u00eate et professeur rattach\u00e9 \u00e0 la KU Leuven. L\u2019enqu\u00eate a \u00e9t\u00e9 r\u00e9alis\u00e9e par le bureau d\u2019\u00e9tudes Indiville sur un \u00e9chantillon de plus de 600 employeurs belges et de plus de 2000 travailleurs.<\/em><\/p>\n","protected":false},"excerpt":{"rendered":"<p>Environ une entreprise sur trois dans notre pays (32%) offre \u00e0 ses travailleurs la possibilit\u00e9 de suivre une formation \u00e0 l\u2019IA. Ce chiffre est sup\u00e9rieur de pr\u00e8s de 15% \u00e0 celui de l\u2019ann\u00e9e pr\u00e9c\u00e9dente, malgr\u00e9 la suppression de l\u2019obligation europ\u00e9enne [&hellip;]<\/p>\n","protected":false},"author":2,"featured_media":0,"comment_status":"closed","ping_status":"open","sticky":false,"template":"","format":"standard","meta":[],"categories":[65,10],"tags":[116,48,1171],"yoast_head":"<!-- This site is optimized with the Yoast SEO plugin v21.0 - https:\/\/yoast.com\/wordpress\/plugins\/seo\/ -->\n<title>Un travailleur sur cinq dans notre pays a suivi au moins une formation \u00e0 l\u2019IA au cours de l&#039;ann\u00e9e \u00e9coul\u00e9e. - Peoplesphere<\/title>\n<meta name=\"robots\" content=\"index, follow, max-snippet:-1, max-image-preview:large, max-video-preview:-1\" \/>\n<link rel=\"canonical\" href=\"https:\/\/peoplesphere.be\/fr\/un-travailleur-sur-cinq-dans-notre-pays-a-suivi-au-moins-une-formation-a-lia-au-cours-de-lannee-ecoulee\/\" \/>\n<meta property=\"og:locale\" content=\"fr_FR\" \/>\n<meta property=\"og:type\" content=\"article\" \/>\n<meta property=\"og:title\" content=\"Un travailleur sur cinq dans notre pays a suivi au moins une formation \u00e0 l\u2019IA au cours de l&#039;ann\u00e9e \u00e9coul\u00e9e. - Peoplesphere\" \/>\n<meta property=\"og:description\" content=\"Environ une entreprise sur trois dans notre pays (32%) offre \u00e0 ses travailleurs la possibilit\u00e9 de suivre une formation \u00e0 l\u2019IA. Ce chiffre est sup\u00e9rieur de pr\u00e8s de 15% \u00e0 celui de l\u2019ann\u00e9e pr\u00e9c\u00e9dente, malgr\u00e9 la suppression de l\u2019obligation europ\u00e9enne [&hellip;]\" \/>\n<meta property=\"og:url\" content=\"https:\/\/peoplesphere.be\/fr\/un-travailleur-sur-cinq-dans-notre-pays-a-suivi-au-moins-une-formation-a-lia-au-cours-de-lannee-ecoulee\/\" \/>\n<meta property=\"og:site_name\" content=\"Peoplesphere\" \/>\n<meta property=\"article:publisher\" content=\"https:\/\/www.facebook.com\/peoplesphere\" \/>\n<meta property=\"article:published_time\" content=\"2026-04-30T09:31:29+00:00\" \/>\n<meta property=\"og:image\" content=\"http:\/\/www.peoplesphere.be\/fr\/wp-content\/uploads\/2016\/07\/facebook-default-posting-1200x628px.jpg\" \/>\n<meta name=\"author\" content=\"Jean-Paul Erhard\" \/>\n<meta name=\"twitter:card\" content=\"summary_large_image\" \/>\n<meta name=\"twitter:creator\" content=\"@PeoplesphereMag\" \/>\n<meta name=\"twitter:site\" content=\"@PeoplesphereMag\" \/>\n<meta name=\"twitter:label1\" content=\"\u00c9crit par\" \/>\n\t<meta name=\"twitter:data1\" content=\"Jean-Paul Erhard\" \/>\n\t<meta name=\"twitter:label2\" content=\"Dur\u00e9e de lecture estim\u00e9e\" \/>\n\t<meta name=\"twitter:data2\" content=\"4 minutes\" \/>\n<script type=\"application\/ld+json\" class=\"yoast-schema-graph\">{\"@context\":\"https:\/\/schema.org\",\"@graph\":[{\"@type\":\"Article\",\"@id\":\"https:\/\/peoplesphere.be\/fr\/un-travailleur-sur-cinq-dans-notre-pays-a-suivi-au-moins-une-formation-a-lia-au-cours-de-lannee-ecoulee\/#article\",\"isPartOf\":{\"@id\":\"https:\/\/peoplesphere.be\/fr\/un-travailleur-sur-cinq-dans-notre-pays-a-suivi-au-moins-une-formation-a-lia-au-cours-de-lannee-ecoulee\/\"},\"author\":{\"name\":\"Jean-Paul Erhard\",\"@id\":\"https:\/\/peoplesphere.be\/fr\/#\/schema\/person\/7976225ff17988604334abb7b3536a7e\"},\"headline\":\"Un travailleur sur cinq dans notre pays a suivi au moins une formation \u00e0 l\u2019IA au cours de l&rsquo;ann\u00e9e \u00e9coul\u00e9e.\",\"datePublished\":\"2026-04-30T09:31:29+00:00\",\"dateModified\":\"2026-04-30T09:31:29+00:00\",\"mainEntityOfPage\":{\"@id\":\"https:\/\/peoplesphere.be\/fr\/un-travailleur-sur-cinq-dans-notre-pays-a-suivi-au-moins-une-formation-a-lia-au-cours-de-lannee-ecoulee\/\"},\"wordCount\":820,\"publisher\":{\"@id\":\"https:\/\/peoplesphere.be\/fr\/#organization\"},\"keywords\":[\"comp\u00e9tences\",\"Formation\",\"intelligence artificielle\"],\"articleSection\":[\"Actualit\u00e9s\",\"Digital\"],\"inLanguage\":\"fr-FR\"},{\"@type\":\"WebPage\",\"@id\":\"https:\/\/peoplesphere.be\/fr\/un-travailleur-sur-cinq-dans-notre-pays-a-suivi-au-moins-une-formation-a-lia-au-cours-de-lannee-ecoulee\/\",\"url\":\"https:\/\/peoplesphere.be\/fr\/un-travailleur-sur-cinq-dans-notre-pays-a-suivi-au-moins-une-formation-a-lia-au-cours-de-lannee-ecoulee\/\",\"name\":\"Un travailleur sur cinq dans notre pays a suivi au moins une formation \u00e0 l\u2019IA au cours de l'ann\u00e9e \u00e9coul\u00e9e. - Peoplesphere\",\"isPartOf\":{\"@id\":\"https:\/\/peoplesphere.be\/fr\/#website\"},\"datePublished\":\"2026-04-30T09:31:29+00:00\",\"dateModified\":\"2026-04-30T09:31:29+00:00\",\"breadcrumb\":{\"@id\":\"https:\/\/peoplesphere.be\/fr\/un-travailleur-sur-cinq-dans-notre-pays-a-suivi-au-moins-une-formation-a-lia-au-cours-de-lannee-ecoulee\/#breadcrumb\"},\"inLanguage\":\"fr-FR\",\"potentialAction\":[{\"@type\":\"ReadAction\",\"target\":[\"https:\/\/peoplesphere.be\/fr\/un-travailleur-sur-cinq-dans-notre-pays-a-suivi-au-moins-une-formation-a-lia-au-cours-de-lannee-ecoulee\/\"]}]},{\"@type\":\"BreadcrumbList\",\"@id\":\"https:\/\/peoplesphere.be\/fr\/un-travailleur-sur-cinq-dans-notre-pays-a-suivi-au-moins-une-formation-a-lia-au-cours-de-lannee-ecoulee\/#breadcrumb\",\"itemListElement\":[{\"@type\":\"ListItem\",\"position\":1,\"name\":\"Accueil\",\"item\":\"https:\/\/peoplesphere.be\/fr\/\"},{\"@type\":\"ListItem\",\"position\":2,\"name\":\"Un travailleur sur cinq dans notre pays a suivi au moins une formation \u00e0 l\u2019IA au cours de l&rsquo;ann\u00e9e \u00e9coul\u00e9e.\"}]},{\"@type\":\"WebSite\",\"@id\":\"https:\/\/peoplesphere.be\/fr\/#website\",\"url\":\"https:\/\/peoplesphere.be\/fr\/\",\"name\":\"Peoplesphere\",\"description\":\"The People Managers Magazine\",\"publisher\":{\"@id\":\"https:\/\/peoplesphere.be\/fr\/#organization\"},\"potentialAction\":[{\"@type\":\"SearchAction\",\"target\":{\"@type\":\"EntryPoint\",\"urlTemplate\":\"https:\/\/peoplesphere.be\/fr\/?s={search_term_string}\"},\"query-input\":\"required name=search_term_string\"}],\"inLanguage\":\"fr-FR\"},{\"@type\":\"Organization\",\"@id\":\"https:\/\/peoplesphere.be\/fr\/#organization\",\"name\":\"Peoplesphere Company srl\",\"url\":\"https:\/\/peoplesphere.be\/fr\/\",\"logo\":{\"@type\":\"ImageObject\",\"inLanguage\":\"fr-FR\",\"@id\":\"https:\/\/peoplesphere.be\/fr\/#\/schema\/logo\/image\/\",\"url\":\"https:\/\/peoplesphere.be\/fr\/wp-content\/uploads\/2023\/07\/peoplesphere-lgo-new-generik.jpg\",\"contentUrl\":\"https:\/\/peoplesphere.be\/fr\/wp-content\/uploads\/2023\/07\/peoplesphere-lgo-new-generik.jpg\",\"width\":1031,\"height\":1479,\"caption\":\"Peoplesphere Company srl\"},\"image\":{\"@id\":\"https:\/\/peoplesphere.be\/fr\/#\/schema\/logo\/image\/\"},\"sameAs\":[\"https:\/\/www.facebook.com\/peoplesphere\",\"https:\/\/twitter.com\/PeoplesphereMag\",\"https:\/\/www.linkedin.com\/company\/7587361?trk\",\"http:\/\/youtube.com\/peoplesphere\"]},{\"@type\":\"Person\",\"@id\":\"https:\/\/peoplesphere.be\/fr\/#\/schema\/person\/7976225ff17988604334abb7b3536a7e\",\"name\":\"Jean-Paul Erhard\",\"image\":{\"@type\":\"ImageObject\",\"inLanguage\":\"fr-FR\",\"@id\":\"https:\/\/peoplesphere.be\/fr\/#\/schema\/person\/image\/\",\"url\":\"https:\/\/secure.gravatar.com\/avatar\/f941e681460179738071629a51574930?s=96&d=mm&r=g\",\"contentUrl\":\"https:\/\/secure.gravatar.com\/avatar\/f941e681460179738071629a51574930?s=96&d=mm&r=g\",\"caption\":\"Jean-Paul Erhard\"},\"url\":\"https:\/\/peoplesphere.be\/fr\/author\/jpe\/\"}]}<\/script>\n<!-- \/ Yoast SEO plugin. -->","yoast_head_json":{"title":"Un travailleur sur cinq dans notre pays a suivi au moins une formation \u00e0 l\u2019IA au cours de l'ann\u00e9e \u00e9coul\u00e9e. - Peoplesphere","robots":{"index":"index","follow":"follow","max-snippet":"max-snippet:-1","max-image-preview":"max-image-preview:large","max-video-preview":"max-video-preview:-1"},"canonical":"https:\/\/peoplesphere.be\/fr\/un-travailleur-sur-cinq-dans-notre-pays-a-suivi-au-moins-une-formation-a-lia-au-cours-de-lannee-ecoulee\/","og_locale":"fr_FR","og_type":"article","og_title":"Un travailleur sur cinq dans notre pays a suivi au moins une formation \u00e0 l\u2019IA au cours de l'ann\u00e9e \u00e9coul\u00e9e. - Peoplesphere","og_description":"Environ une entreprise sur trois dans notre pays (32%) offre \u00e0 ses travailleurs la possibilit\u00e9 de suivre une formation \u00e0 l\u2019IA. Ce chiffre est sup\u00e9rieur de pr\u00e8s de 15% \u00e0 celui de l\u2019ann\u00e9e pr\u00e9c\u00e9dente, malgr\u00e9 la suppression de l\u2019obligation europ\u00e9enne [&hellip;]","og_url":"https:\/\/peoplesphere.be\/fr\/un-travailleur-sur-cinq-dans-notre-pays-a-suivi-au-moins-une-formation-a-lia-au-cours-de-lannee-ecoulee\/","og_site_name":"Peoplesphere","article_publisher":"https:\/\/www.facebook.com\/peoplesphere","article_published_time":"2026-04-30T09:31:29+00:00","og_image":[{"url":"http:\/\/www.peoplesphere.be\/fr\/wp-content\/uploads\/2016\/07\/facebook-default-posting-1200x628px.jpg"}],"author":"Jean-Paul Erhard","twitter_card":"summary_large_image","twitter_creator":"@PeoplesphereMag","twitter_site":"@PeoplesphereMag","twitter_misc":{"\u00c9crit par":"Jean-Paul Erhard","Dur\u00e9e de lecture estim\u00e9e":"4 minutes"},"schema":{"@context":"https:\/\/schema.org","@graph":[{"@type":"Article","@id":"https:\/\/peoplesphere.be\/fr\/un-travailleur-sur-cinq-dans-notre-pays-a-suivi-au-moins-une-formation-a-lia-au-cours-de-lannee-ecoulee\/#article","isPartOf":{"@id":"https:\/\/peoplesphere.be\/fr\/un-travailleur-sur-cinq-dans-notre-pays-a-suivi-au-moins-une-formation-a-lia-au-cours-de-lannee-ecoulee\/"},"author":{"name":"Jean-Paul Erhard","@id":"https:\/\/peoplesphere.be\/fr\/#\/schema\/person\/7976225ff17988604334abb7b3536a7e"},"headline":"Un travailleur sur cinq dans notre pays a suivi au moins une formation \u00e0 l\u2019IA au cours de l&rsquo;ann\u00e9e \u00e9coul\u00e9e.","datePublished":"2026-04-30T09:31:29+00:00","dateModified":"2026-04-30T09:31:29+00:00","mainEntityOfPage":{"@id":"https:\/\/peoplesphere.be\/fr\/un-travailleur-sur-cinq-dans-notre-pays-a-suivi-au-moins-une-formation-a-lia-au-cours-de-lannee-ecoulee\/"},"wordCount":820,"publisher":{"@id":"https:\/\/peoplesphere.be\/fr\/#organization"},"keywords":["comp\u00e9tences","Formation","intelligence artificielle"],"articleSection":["Actualit\u00e9s","Digital"],"inLanguage":"fr-FR"},{"@type":"WebPage","@id":"https:\/\/peoplesphere.be\/fr\/un-travailleur-sur-cinq-dans-notre-pays-a-suivi-au-moins-une-formation-a-lia-au-cours-de-lannee-ecoulee\/","url":"https:\/\/peoplesphere.be\/fr\/un-travailleur-sur-cinq-dans-notre-pays-a-suivi-au-moins-une-formation-a-lia-au-cours-de-lannee-ecoulee\/","name":"Un travailleur sur cinq dans notre pays a suivi au moins une formation \u00e0 l\u2019IA au cours de l'ann\u00e9e \u00e9coul\u00e9e. - Peoplesphere","isPartOf":{"@id":"https:\/\/peoplesphere.be\/fr\/#website"},"datePublished":"2026-04-30T09:31:29+00:00","dateModified":"2026-04-30T09:31:29+00:00","breadcrumb":{"@id":"https:\/\/peoplesphere.be\/fr\/un-travailleur-sur-cinq-dans-notre-pays-a-suivi-au-moins-une-formation-a-lia-au-cours-de-lannee-ecoulee\/#breadcrumb"},"inLanguage":"fr-FR","potentialAction":[{"@type":"ReadAction","target":["https:\/\/peoplesphere.be\/fr\/un-travailleur-sur-cinq-dans-notre-pays-a-suivi-au-moins-une-formation-a-lia-au-cours-de-lannee-ecoulee\/"]}]},{"@type":"BreadcrumbList","@id":"https:\/\/peoplesphere.be\/fr\/un-travailleur-sur-cinq-dans-notre-pays-a-suivi-au-moins-une-formation-a-lia-au-cours-de-lannee-ecoulee\/#breadcrumb","itemListElement":[{"@type":"ListItem","position":1,"name":"Accueil","item":"https:\/\/peoplesphere.be\/fr\/"},{"@type":"ListItem","position":2,"name":"Un travailleur sur cinq dans notre pays a suivi au moins une formation \u00e0 l\u2019IA au cours de l&rsquo;ann\u00e9e \u00e9coul\u00e9e."}]},{"@type":"WebSite","@id":"https:\/\/peoplesphere.be\/fr\/#website","url":"https:\/\/peoplesphere.be\/fr\/","name":"Peoplesphere","description":"The People Managers Magazine","publisher":{"@id":"https:\/\/peoplesphere.be\/fr\/#organization"},"potentialAction":[{"@type":"SearchAction","target":{"@type":"EntryPoint","urlTemplate":"https:\/\/peoplesphere.be\/fr\/?s={search_term_string}"},"query-input":"required name=search_term_string"}],"inLanguage":"fr-FR"},{"@type":"Organization","@id":"https:\/\/peoplesphere.be\/fr\/#organization","name":"Peoplesphere Company srl","url":"https:\/\/peoplesphere.be\/fr\/","logo":{"@type":"ImageObject","inLanguage":"fr-FR","@id":"https:\/\/peoplesphere.be\/fr\/#\/schema\/logo\/image\/","url":"https:\/\/peoplesphere.be\/fr\/wp-content\/uploads\/2023\/07\/peoplesphere-lgo-new-generik.jpg","contentUrl":"https:\/\/peoplesphere.be\/fr\/wp-content\/uploads\/2023\/07\/peoplesphere-lgo-new-generik.jpg","width":1031,"height":1479,"caption":"Peoplesphere Company srl"},"image":{"@id":"https:\/\/peoplesphere.be\/fr\/#\/schema\/logo\/image\/"},"sameAs":["https:\/\/www.facebook.com\/peoplesphere","https:\/\/twitter.com\/PeoplesphereMag","https:\/\/www.linkedin.com\/company\/7587361?trk","http:\/\/youtube.com\/peoplesphere"]},{"@type":"Person","@id":"https:\/\/peoplesphere.be\/fr\/#\/schema\/person\/7976225ff17988604334abb7b3536a7e","name":"Jean-Paul Erhard","image":{"@type":"ImageObject","inLanguage":"fr-FR","@id":"https:\/\/peoplesphere.be\/fr\/#\/schema\/person\/image\/","url":"https:\/\/secure.gravatar.com\/avatar\/f941e681460179738071629a51574930?s=96&d=mm&r=g","contentUrl":"https:\/\/secure.gravatar.com\/avatar\/f941e681460179738071629a51574930?s=96&d=mm&r=g","caption":"Jean-Paul Erhard"},"url":"https:\/\/peoplesphere.be\/fr\/author\/jpe\/"}]}},"_links":{"self":[{"href":"https:\/\/peoplesphere.be\/fr\/wp-json\/wp\/v2\/posts\/19081"}],"collection":[{"href":"https:\/\/peoplesphere.be\/fr\/wp-json\/wp\/v2\/posts"}],"about":[{"href":"https:\/\/peoplesphere.be\/fr\/wp-json\/wp\/v2\/types\/post"}],"author":[{"embeddable":true,"href":"https:\/\/peoplesphere.be\/fr\/wp-json\/wp\/v2\/users\/2"}],"replies":[{"embeddable":true,"href":"https:\/\/peoplesphere.be\/fr\/wp-json\/wp\/v2\/comments?post=19081"}],"version-history":[{"count":1,"href":"https:\/\/peoplesphere.be\/fr\/wp-json\/wp\/v2\/posts\/19081\/revisions"}],"predecessor-version":[{"id":19082,"href":"https:\/\/peoplesphere.be\/fr\/wp-json\/wp\/v2\/posts\/19081\/revisions\/19082"}],"wp:attachment":[{"href":"https:\/\/peoplesphere.be\/fr\/wp-json\/wp\/v2\/media?parent=19081"}],"wp:term":[{"taxonomy":"category","embeddable":true,"href":"https:\/\/peoplesphere.be\/fr\/wp-json\/wp\/v2\/categories?post=19081"},{"taxonomy":"post_tag","embeddable":true,"href":"https:\/\/peoplesphere.be\/fr\/wp-json\/wp\/v2\/tags?post=19081"}],"curies":[{"name":"wp","href":"https:\/\/api.w.org\/{rel}","templated":true}]}}