









{"id":19083,"date":"2026-04-30T13:50:08","date_gmt":"2026-04-30T11:50:08","guid":{"rendered":"https:\/\/peoplesphere.be\/fr\/?p=19083"},"modified":"2026-04-30T13:55:57","modified_gmt":"2026-04-30T11:55:57","slug":"impact-de-lia-sur-les-rh-repenser-la-charge-de-travail-les-talents-et-lexperience-des-collaborateurs","status":"publish","type":"post","link":"https:\/\/peoplesphere.be\/fr\/impact-de-lia-sur-les-rh-repenser-la-charge-de-travail-les-talents-et-lexperience-des-collaborateurs\/","title":{"rendered":"Impact de l&rsquo;IA sur les RH: repenser la charge de travail, les talents et l&rsquo;exp\u00e9rience des collaborateurs."},"content":{"rendered":"<p>Lorsque l&rsquo;IA prend en charge les t\u00e2ches simples, ce sont souvent les t\u00e2ches plus complexes qui restent \u00e0 accomplir. Les organisations qui ne s&rsquo;adaptent pas \u00e0 cette \u00e9volution risquent de voir la charge de travail s&rsquo;alourdir, tandis que l&rsquo;afflux de nouveaux talents se trouve compromis. Selon Maryann Abbajay, directrice des recettes chez SAP SuccessFactors, cet impact de l&rsquo;IA sur l&rsquo;organisation du travail ne fait pas l&rsquo;objet d&rsquo;une attention suffisante.<!--more--><\/p>\n<p>Lors du salon HR Connect 2026 \u00e0 Maarssen, elle a averti que les organisations consid\u00e8rent encore trop souvent l&rsquo;IA comme un simple projet technologique, alors qu&rsquo;elle touche directement \u00e0 l&rsquo;organisation du travail. \u200b<\/p>\n<p><em>\u00ab\u00a0La plupart des fonctions consistent en un m\u00e9lange de t\u00e2ches routini\u00e8res et de t\u00e2ches plus strat\u00e9giques. L&rsquo;objectif est que l&rsquo;IA prenne en charge une grande partie de ces t\u00e2ches routini\u00e8res, afin que les personnes puissent se concentrer davantage sur le travail strat\u00e9gique.\u00a0\u00bb<\/em><\/p>\n<p>Mais c&rsquo;est pr\u00e9cis\u00e9ment pour cette raison que les t\u00e2ches restantes deviennent souvent plus lourdes. TNO souligne \u00e9galement que l&rsquo;IA g\u00e9n\u00e9rative, outre les gains de productivit\u00e9, peut entra\u00eener une charge mentale plus importante et une pression cognitive accrue au travail.<\/p>\n<h3><strong><em>Repenser ce qui semble aller de soi<\/em><\/strong><\/h3>\n<p><em>\u00ab\u00a0Nous devrons vraiment repenser notre fa\u00e7on de travailler. \u00c0 terme, cela impliquera peut-\u00eatre m\u00eame de revoir la structure de la semaine de travail. Nous devons remettre en question beaucoup de choses que nous avons longtemps consid\u00e9r\u00e9es comme allant de soi.\u00a0\u00bb<\/em><\/p>\n<p>Cela touche aussi directement \u00e0 la mani\u00e8re dont les organisations accueillent les nouveaux talents. Beaucoup de d\u00e9butants commencent justement par des t\u00e2ches routini\u00e8res, apprennent ainsi le m\u00e9tier et acqui\u00e8rent de l\u2019exp\u00e9rience \u00e0 partir de l\u00e0. Si l\u2019IA prend le relais pour ces t\u00e2ches, un nouveau probl\u00e8me se pose. <em>\u00ab\u00a0Comment attirer les jeunes issus de l\u2019universit\u00e9 ou de l\u2019enseignement sup\u00e9rieur ? Que leur donner \u00e0 faire si toutes ces t\u00e2ches qu\u2019ils assument normalement disparaissent ?\u00a0\u00bb<\/em><\/p>\n<h3><strong><em>Une production accrue n&rsquo;est pas automatiquement synonyme de valeur ajout\u00e9e<\/em><\/strong><\/h3>\n<p>Selon Abbajay, un deuxi\u00e8me risque r\u00e9side dans la mani\u00e8re dont les organisations d\u00e9ploient l&rsquo;IA. Une production accrue ou un volume d&rsquo;informations plus important ne sont pas automatiquement synonymes d&rsquo;am\u00e9lioration. Si les informations ne sont pas pr\u00e9sent\u00e9es de mani\u00e8re ad\u00e9quate ou si elles submergent les employ\u00e9s, l&rsquo;IA peut au contraire g\u00e9n\u00e9rer une pression suppl\u00e9mentaire au lieu d&rsquo;apporter un soulagement. <em>\u00ab\u00a0L&rsquo;IA permet d&rsquo;obtenir soudainement beaucoup plus d&rsquo;informations. Mais si celles-ci ne sont pas pr\u00e9sent\u00e9es de mani\u00e8re intelligente et ne d\u00e9bouchent pas sur de meilleures informations, elles ne servent pas \u00e0 grand-chose. Pire encore : cela peut au contraire g\u00e9n\u00e9rer un stress suppl\u00e9mentaire.\u00a0\u00bb<\/em><\/p>\n<p>C\u2019est pr\u00e9cis\u00e9ment pour cette raison que les organisations doivent parfois ralentir d\u00e9lib\u00e9r\u00e9ment, dit-elle. Surtout lorsque la technologie est mise en place plus rapidement que l\u2019organisation ne peut le supporter. <em>\u00ab\u00a0Parfois, un PDG revient d\u2019une conf\u00e9rence et dit : nous devons faire quelque chose avec l\u2019IA. Mais il faut la mettre en \u0153uvre de mani\u00e8re responsable.\u00a0\u00bb<\/em> Selon elle, cela va au-del\u00e0 de la simple technologie. L\u2019engagement des employ\u00e9s, la communication et la mani\u00e8re dont le travail \u00e9volue doivent \u00e9galement \u00eatre pris en compte d\u00e8s le d\u00e9but.<\/p>\n<h3><strong><em>Les RH jouent un r\u00f4le d\u00e9terminant dans la mani\u00e8re dont l&rsquo;IA s&rsquo;implante sur le lieu de travail<\/em><\/strong><\/h3>\n<p>Les RH occupent ainsi une place de plus en plus importante. Selon Abbajay, cette fonction a pris une dimension plus strat\u00e9gique depuis la p\u00e9riode de la pand\u00e9mie. \u00c0 cette \u00e9poque, les dirigeants ont soudainement voulu savoir combien de personnes ils employaient, o\u00f9 elles travaillaient, quelles \u00e9taient leurs comp\u00e9tences et si le travail \u00e0 distance pouvait se poursuivre. \u00ab Les PDG ont soudainement commenc\u00e9 \u00e0 appeler directement le directeur des ressources humaines. La gestion des effectifs est soudainement devenue une fonction critique. \u00bb<\/p>\n<p>\u00c0 l\u2019\u00e8re de l\u2019IA, ce r\u00f4le ne fait que gagner en importance. Les RH doivent non seulement num\u00e9riser les processus, mais aussi aider \u00e0 d\u00e9terminer comment le travail est redistribu\u00e9, quelles comp\u00e9tences sont n\u00e9cessaires et o\u00f9 le contr\u00f4le humain reste indispensable. C\u2019est le cas, par exemple, du recrutement, o\u00f9 l\u2019IA peut rapidement faire la diff\u00e9rence, mais o\u00f9 les biais guettent \u00e9galement. <em>\u00ab\u00a0Il faut toujours maintenir un contr\u00f4le humain l\u00e0-dessus, pour \u00eatre s\u00fbr que tout se passe bien.\u00a0\u00bb<\/em><\/p>\n<p>Une technologie telle que SAP SuccessFactors peut y contribuer, explique Abbajay. Non seulement pour soutenir les processus RH, mais aussi pour donner aux collaborateurs davantage de contr\u00f4le sur leur propre carri\u00e8re. Les parcours professionnels deviennent moins lin\u00e9aires et les \u00e9volutions lat\u00e9rales gagnent en importance. <em>\u00ab\u00a0Les collaborateurs g\u00e8rent de plus en plus leur carri\u00e8re eux-m\u00eames. Il faut donc un syst\u00e8me qui soutienne ces choix.\u00a0\u00bb<\/em> Cela n\u00e9cessite une meilleure compr\u00e9hension des comp\u00e9tences, des ambitions et de la mobilit\u00e9.<\/p>\n<h3><strong><em>Les comp\u00e9tences en IA deviennent un nouveau facteur de diff\u00e9renciation<\/em><\/strong><\/h3>\n<p>Selon Abbajay, l&rsquo;IA marquera de plus en plus la diff\u00e9rence entre les employ\u00e9s qui s&rsquo;approprient cette nouvelle fa\u00e7on de travailler et ceux qui restent \u00e0 la tra\u00eene. La formulation de requ\u00eates, le travail avec des agents et la compr\u00e9hension du fonctionnement des outils d&rsquo;IA prennent de plus en plus d&rsquo;importance sur le march\u00e9 du travail. C&rsquo;est pourquoi SAP investit elle-m\u00eame dans des formations ax\u00e9es sur les comp\u00e9tences en IA.<\/p>\n<p>Son conseil aux jeunes professionnels est clair : commencez d\u00e8s maintenant. Dans le m\u00eame temps, Abbajay constate que l&rsquo;IA suscite \u00e9galement de l&rsquo;inqui\u00e9tude chez de nombreux professionnels des RH. La crainte est souvent qu&rsquo;il y ait moins besoin de personnel RH. Elle voit pourtant les choses diff\u00e9remment. <em>\u00ab\u00a0Je vois plut\u00f4t l&rsquo;inverse. Je pense qu&rsquo;ils pourront se consacrer davantage au travail int\u00e9ressant et strat\u00e9gique, plut\u00f4t qu&rsquo;\u00e0 toutes les t\u00e2ches routini\u00e8res qu&rsquo;ils effectuent encore aujourd&rsquo;hui parce qu&rsquo;il n&rsquo;y avait pas encore d&rsquo;IA pour les prendre en charge.\u00a0\u00bb<\/em><\/p>\n<h3><strong><em>L&rsquo;optimisme ne signifie pas se reposer sur ses lauriers<\/em><\/strong><\/h3>\n<p>Selon elle, cette vision optimiste ne signifie pas que les organisations peuvent se reposer sur leurs lauriers. La v\u00e9ritable question n&rsquo;est plus seulement de savoir ce que l&rsquo;IA peut automatiser, mais ce que cela implique pour la qualit\u00e9 du travail, pour les personnes qui l&rsquo;effectuent et pour la mani\u00e8re dont les organisations attirent et fid\u00e9lisent les talents. <em>\u00ab\u00a0Nous savons que les choses vont changer. Mais je pense que ce changement peut avoir des effets positifs, si nous parvenons \u00e0 surmonter la peur qui r\u00e8gne actuellement sur le march\u00e9.\u00a0\u00bb<\/em><\/p>\n<p>&nbsp;<\/p>\n<p><em>Source: SAP Netherlands<\/em><\/p>\n","protected":false},"excerpt":{"rendered":"<p>Lorsque l&rsquo;IA prend en charge les t\u00e2ches simples, ce sont souvent les t\u00e2ches plus complexes qui restent \u00e0 accomplir. Les organisations qui ne s&rsquo;adaptent pas \u00e0 cette \u00e9volution risquent de voir la charge de travail s&rsquo;alourdir, tandis que l&rsquo;afflux de [&hellip;]<\/p>\n","protected":false},"author":2,"featured_media":19085,"comment_status":"closed","ping_status":"open","sticky":false,"template":"","format":"standard","meta":[],"categories":[65,10],"tags":[47,116,467,1551],"yoast_head":"<!-- This site is optimized with the Yoast SEO plugin v21.0 - https:\/\/yoast.com\/wordpress\/plugins\/seo\/ -->\n<title>Impact de l&#039;IA sur les RH: repenser la charge de travail, les talents et l&#039;exp\u00e9rience des collaborateurs. - Peoplesphere<\/title>\n<meta name=\"robots\" content=\"index, follow, max-snippet:-1, max-image-preview:large, max-video-preview:-1\" \/>\n<link rel=\"canonical\" href=\"https:\/\/peoplesphere.be\/fr\/impact-de-lia-sur-les-rh-repenser-la-charge-de-travail-les-talents-et-lexperience-des-collaborateurs\/\" \/>\n<meta property=\"og:locale\" content=\"fr_FR\" \/>\n<meta property=\"og:type\" content=\"article\" \/>\n<meta property=\"og:title\" content=\"Impact de l&#039;IA sur les RH: repenser la charge de travail, les talents et l&#039;exp\u00e9rience des collaborateurs. - Peoplesphere\" \/>\n<meta property=\"og:description\" content=\"Lorsque l&rsquo;IA prend en charge les t\u00e2ches simples, ce sont souvent les t\u00e2ches plus complexes qui restent \u00e0 accomplir. Les organisations qui ne s&rsquo;adaptent pas \u00e0 cette \u00e9volution risquent de voir la charge de travail s&rsquo;alourdir, tandis que l&rsquo;afflux de [&hellip;]\" \/>\n<meta property=\"og:url\" content=\"https:\/\/peoplesphere.be\/fr\/impact-de-lia-sur-les-rh-repenser-la-charge-de-travail-les-talents-et-lexperience-des-collaborateurs\/\" \/>\n<meta property=\"og:site_name\" content=\"Peoplesphere\" \/>\n<meta property=\"article:publisher\" content=\"https:\/\/www.facebook.com\/peoplesphere\" \/>\n<meta property=\"article:published_time\" content=\"2026-04-30T11:50:08+00:00\" \/>\n<meta property=\"article:modified_time\" content=\"2026-04-30T11:55:57+00:00\" \/>\n<meta property=\"og:image\" content=\"https:\/\/peoplesphere.be\/fr\/wp-content\/uploads\/2026\/04\/20260430SAPIAgenerativeHR.jpg\" \/>\n\t<meta property=\"og:image:width\" content=\"1108\" \/>\n\t<meta property=\"og:image:height\" content=\"596\" \/>\n\t<meta property=\"og:image:type\" content=\"image\/jpeg\" \/>\n<meta name=\"author\" content=\"Jean-Paul Erhard\" \/>\n<meta name=\"twitter:card\" content=\"summary_large_image\" \/>\n<meta name=\"twitter:creator\" content=\"@PeoplesphereMag\" \/>\n<meta name=\"twitter:site\" content=\"@PeoplesphereMag\" \/>\n<meta name=\"twitter:label1\" content=\"\u00c9crit par\" \/>\n\t<meta name=\"twitter:data1\" content=\"Jean-Paul Erhard\" \/>\n\t<meta name=\"twitter:label2\" content=\"Dur\u00e9e de lecture estim\u00e9e\" \/>\n\t<meta name=\"twitter:data2\" content=\"6 minutes\" \/>\n<script type=\"application\/ld+json\" class=\"yoast-schema-graph\">{\"@context\":\"https:\/\/schema.org\",\"@graph\":[{\"@type\":\"Article\",\"@id\":\"https:\/\/peoplesphere.be\/fr\/impact-de-lia-sur-les-rh-repenser-la-charge-de-travail-les-talents-et-lexperience-des-collaborateurs\/#article\",\"isPartOf\":{\"@id\":\"https:\/\/peoplesphere.be\/fr\/impact-de-lia-sur-les-rh-repenser-la-charge-de-travail-les-talents-et-lexperience-des-collaborateurs\/\"},\"author\":{\"name\":\"Jean-Paul Erhard\",\"@id\":\"https:\/\/peoplesphere.be\/fr\/#\/schema\/person\/7976225ff17988604334abb7b3536a7e\"},\"headline\":\"Impact de l&rsquo;IA sur les RH: repenser la charge de travail, les talents et l&rsquo;exp\u00e9rience des collaborateurs.\",\"datePublished\":\"2026-04-30T11:50:08+00:00\",\"dateModified\":\"2026-04-30T11:55:57+00:00\",\"mainEntityOfPage\":{\"@id\":\"https:\/\/peoplesphere.be\/fr\/impact-de-lia-sur-les-rh-repenser-la-charge-de-travail-les-talents-et-lexperience-des-collaborateurs\/\"},\"wordCount\":1141,\"publisher\":{\"@id\":\"https:\/\/peoplesphere.be\/fr\/#organization\"},\"keywords\":[\"Apprentissage\",\"comp\u00e9tences\",\"enseignement\",\"IA\"],\"articleSection\":[\"Actualit\u00e9s\",\"Digital\"],\"inLanguage\":\"fr-FR\"},{\"@type\":\"WebPage\",\"@id\":\"https:\/\/peoplesphere.be\/fr\/impact-de-lia-sur-les-rh-repenser-la-charge-de-travail-les-talents-et-lexperience-des-collaborateurs\/\",\"url\":\"https:\/\/peoplesphere.be\/fr\/impact-de-lia-sur-les-rh-repenser-la-charge-de-travail-les-talents-et-lexperience-des-collaborateurs\/\",\"name\":\"Impact de l'IA sur les RH: repenser la charge de travail, les talents et l'exp\u00e9rience des collaborateurs. - Peoplesphere\",\"isPartOf\":{\"@id\":\"https:\/\/peoplesphere.be\/fr\/#website\"},\"datePublished\":\"2026-04-30T11:50:08+00:00\",\"dateModified\":\"2026-04-30T11:55:57+00:00\",\"breadcrumb\":{\"@id\":\"https:\/\/peoplesphere.be\/fr\/impact-de-lia-sur-les-rh-repenser-la-charge-de-travail-les-talents-et-lexperience-des-collaborateurs\/#breadcrumb\"},\"inLanguage\":\"fr-FR\",\"potentialAction\":[{\"@type\":\"ReadAction\",\"target\":[\"https:\/\/peoplesphere.be\/fr\/impact-de-lia-sur-les-rh-repenser-la-charge-de-travail-les-talents-et-lexperience-des-collaborateurs\/\"]}]},{\"@type\":\"BreadcrumbList\",\"@id\":\"https:\/\/peoplesphere.be\/fr\/impact-de-lia-sur-les-rh-repenser-la-charge-de-travail-les-talents-et-lexperience-des-collaborateurs\/#breadcrumb\",\"itemListElement\":[{\"@type\":\"ListItem\",\"position\":1,\"name\":\"Accueil\",\"item\":\"https:\/\/peoplesphere.be\/fr\/\"},{\"@type\":\"ListItem\",\"position\":2,\"name\":\"Impact de l&rsquo;IA sur les RH: repenser la charge de travail, les talents et l&rsquo;exp\u00e9rience des collaborateurs.\"}]},{\"@type\":\"WebSite\",\"@id\":\"https:\/\/peoplesphere.be\/fr\/#website\",\"url\":\"https:\/\/peoplesphere.be\/fr\/\",\"name\":\"Peoplesphere\",\"description\":\"The People Managers Magazine\",\"publisher\":{\"@id\":\"https:\/\/peoplesphere.be\/fr\/#organization\"},\"potentialAction\":[{\"@type\":\"SearchAction\",\"target\":{\"@type\":\"EntryPoint\",\"urlTemplate\":\"https:\/\/peoplesphere.be\/fr\/?s={search_term_string}\"},\"query-input\":\"required name=search_term_string\"}],\"inLanguage\":\"fr-FR\"},{\"@type\":\"Organization\",\"@id\":\"https:\/\/peoplesphere.be\/fr\/#organization\",\"name\":\"Peoplesphere Company srl\",\"url\":\"https:\/\/peoplesphere.be\/fr\/\",\"logo\":{\"@type\":\"ImageObject\",\"inLanguage\":\"fr-FR\",\"@id\":\"https:\/\/peoplesphere.be\/fr\/#\/schema\/logo\/image\/\",\"url\":\"https:\/\/peoplesphere.be\/fr\/wp-content\/uploads\/2023\/07\/peoplesphere-lgo-new-generik.jpg\",\"contentUrl\":\"https:\/\/peoplesphere.be\/fr\/wp-content\/uploads\/2023\/07\/peoplesphere-lgo-new-generik.jpg\",\"width\":1031,\"height\":1479,\"caption\":\"Peoplesphere Company srl\"},\"image\":{\"@id\":\"https:\/\/peoplesphere.be\/fr\/#\/schema\/logo\/image\/\"},\"sameAs\":[\"https:\/\/www.facebook.com\/peoplesphere\",\"https:\/\/twitter.com\/PeoplesphereMag\",\"https:\/\/www.linkedin.com\/company\/7587361?trk\",\"http:\/\/youtube.com\/peoplesphere\"]},{\"@type\":\"Person\",\"@id\":\"https:\/\/peoplesphere.be\/fr\/#\/schema\/person\/7976225ff17988604334abb7b3536a7e\",\"name\":\"Jean-Paul Erhard\",\"image\":{\"@type\":\"ImageObject\",\"inLanguage\":\"fr-FR\",\"@id\":\"https:\/\/peoplesphere.be\/fr\/#\/schema\/person\/image\/\",\"url\":\"https:\/\/secure.gravatar.com\/avatar\/f941e681460179738071629a51574930?s=96&d=mm&r=g\",\"contentUrl\":\"https:\/\/secure.gravatar.com\/avatar\/f941e681460179738071629a51574930?s=96&d=mm&r=g\",\"caption\":\"Jean-Paul Erhard\"},\"url\":\"https:\/\/peoplesphere.be\/fr\/author\/jpe\/\"}]}<\/script>\n<!-- \/ Yoast SEO plugin. -->","yoast_head_json":{"title":"Impact de l'IA sur les RH: repenser la charge de travail, les talents et l'exp\u00e9rience des collaborateurs. - Peoplesphere","robots":{"index":"index","follow":"follow","max-snippet":"max-snippet:-1","max-image-preview":"max-image-preview:large","max-video-preview":"max-video-preview:-1"},"canonical":"https:\/\/peoplesphere.be\/fr\/impact-de-lia-sur-les-rh-repenser-la-charge-de-travail-les-talents-et-lexperience-des-collaborateurs\/","og_locale":"fr_FR","og_type":"article","og_title":"Impact de l'IA sur les RH: repenser la charge de travail, les talents et l'exp\u00e9rience des collaborateurs. - Peoplesphere","og_description":"Lorsque l&rsquo;IA prend en charge les t\u00e2ches simples, ce sont souvent les t\u00e2ches plus complexes qui restent \u00e0 accomplir. Les organisations qui ne s&rsquo;adaptent pas \u00e0 cette \u00e9volution risquent de voir la charge de travail s&rsquo;alourdir, tandis que l&rsquo;afflux de [&hellip;]","og_url":"https:\/\/peoplesphere.be\/fr\/impact-de-lia-sur-les-rh-repenser-la-charge-de-travail-les-talents-et-lexperience-des-collaborateurs\/","og_site_name":"Peoplesphere","article_publisher":"https:\/\/www.facebook.com\/peoplesphere","article_published_time":"2026-04-30T11:50:08+00:00","article_modified_time":"2026-04-30T11:55:57+00:00","og_image":[{"width":1108,"height":596,"url":"https:\/\/peoplesphere.be\/fr\/wp-content\/uploads\/2026\/04\/20260430SAPIAgenerativeHR.jpg","type":"image\/jpeg"}],"author":"Jean-Paul Erhard","twitter_card":"summary_large_image","twitter_creator":"@PeoplesphereMag","twitter_site":"@PeoplesphereMag","twitter_misc":{"\u00c9crit par":"Jean-Paul Erhard","Dur\u00e9e de lecture estim\u00e9e":"6 minutes"},"schema":{"@context":"https:\/\/schema.org","@graph":[{"@type":"Article","@id":"https:\/\/peoplesphere.be\/fr\/impact-de-lia-sur-les-rh-repenser-la-charge-de-travail-les-talents-et-lexperience-des-collaborateurs\/#article","isPartOf":{"@id":"https:\/\/peoplesphere.be\/fr\/impact-de-lia-sur-les-rh-repenser-la-charge-de-travail-les-talents-et-lexperience-des-collaborateurs\/"},"author":{"name":"Jean-Paul Erhard","@id":"https:\/\/peoplesphere.be\/fr\/#\/schema\/person\/7976225ff17988604334abb7b3536a7e"},"headline":"Impact de l&rsquo;IA sur les RH: repenser la charge de travail, les talents et l&rsquo;exp\u00e9rience des collaborateurs.","datePublished":"2026-04-30T11:50:08+00:00","dateModified":"2026-04-30T11:55:57+00:00","mainEntityOfPage":{"@id":"https:\/\/peoplesphere.be\/fr\/impact-de-lia-sur-les-rh-repenser-la-charge-de-travail-les-talents-et-lexperience-des-collaborateurs\/"},"wordCount":1141,"publisher":{"@id":"https:\/\/peoplesphere.be\/fr\/#organization"},"keywords":["Apprentissage","comp\u00e9tences","enseignement","IA"],"articleSection":["Actualit\u00e9s","Digital"],"inLanguage":"fr-FR"},{"@type":"WebPage","@id":"https:\/\/peoplesphere.be\/fr\/impact-de-lia-sur-les-rh-repenser-la-charge-de-travail-les-talents-et-lexperience-des-collaborateurs\/","url":"https:\/\/peoplesphere.be\/fr\/impact-de-lia-sur-les-rh-repenser-la-charge-de-travail-les-talents-et-lexperience-des-collaborateurs\/","name":"Impact de l'IA sur les RH: repenser la charge de travail, les talents et l'exp\u00e9rience des collaborateurs. - Peoplesphere","isPartOf":{"@id":"https:\/\/peoplesphere.be\/fr\/#website"},"datePublished":"2026-04-30T11:50:08+00:00","dateModified":"2026-04-30T11:55:57+00:00","breadcrumb":{"@id":"https:\/\/peoplesphere.be\/fr\/impact-de-lia-sur-les-rh-repenser-la-charge-de-travail-les-talents-et-lexperience-des-collaborateurs\/#breadcrumb"},"inLanguage":"fr-FR","potentialAction":[{"@type":"ReadAction","target":["https:\/\/peoplesphere.be\/fr\/impact-de-lia-sur-les-rh-repenser-la-charge-de-travail-les-talents-et-lexperience-des-collaborateurs\/"]}]},{"@type":"BreadcrumbList","@id":"https:\/\/peoplesphere.be\/fr\/impact-de-lia-sur-les-rh-repenser-la-charge-de-travail-les-talents-et-lexperience-des-collaborateurs\/#breadcrumb","itemListElement":[{"@type":"ListItem","position":1,"name":"Accueil","item":"https:\/\/peoplesphere.be\/fr\/"},{"@type":"ListItem","position":2,"name":"Impact de l&rsquo;IA sur les RH: repenser la charge de travail, les talents et l&rsquo;exp\u00e9rience des collaborateurs."}]},{"@type":"WebSite","@id":"https:\/\/peoplesphere.be\/fr\/#website","url":"https:\/\/peoplesphere.be\/fr\/","name":"Peoplesphere","description":"The People Managers Magazine","publisher":{"@id":"https:\/\/peoplesphere.be\/fr\/#organization"},"potentialAction":[{"@type":"SearchAction","target":{"@type":"EntryPoint","urlTemplate":"https:\/\/peoplesphere.be\/fr\/?s={search_term_string}"},"query-input":"required name=search_term_string"}],"inLanguage":"fr-FR"},{"@type":"Organization","@id":"https:\/\/peoplesphere.be\/fr\/#organization","name":"Peoplesphere Company srl","url":"https:\/\/peoplesphere.be\/fr\/","logo":{"@type":"ImageObject","inLanguage":"fr-FR","@id":"https:\/\/peoplesphere.be\/fr\/#\/schema\/logo\/image\/","url":"https:\/\/peoplesphere.be\/fr\/wp-content\/uploads\/2023\/07\/peoplesphere-lgo-new-generik.jpg","contentUrl":"https:\/\/peoplesphere.be\/fr\/wp-content\/uploads\/2023\/07\/peoplesphere-lgo-new-generik.jpg","width":1031,"height":1479,"caption":"Peoplesphere Company srl"},"image":{"@id":"https:\/\/peoplesphere.be\/fr\/#\/schema\/logo\/image\/"},"sameAs":["https:\/\/www.facebook.com\/peoplesphere","https:\/\/twitter.com\/PeoplesphereMag","https:\/\/www.linkedin.com\/company\/7587361?trk","http:\/\/youtube.com\/peoplesphere"]},{"@type":"Person","@id":"https:\/\/peoplesphere.be\/fr\/#\/schema\/person\/7976225ff17988604334abb7b3536a7e","name":"Jean-Paul Erhard","image":{"@type":"ImageObject","inLanguage":"fr-FR","@id":"https:\/\/peoplesphere.be\/fr\/#\/schema\/person\/image\/","url":"https:\/\/secure.gravatar.com\/avatar\/f941e681460179738071629a51574930?s=96&d=mm&r=g","contentUrl":"https:\/\/secure.gravatar.com\/avatar\/f941e681460179738071629a51574930?s=96&d=mm&r=g","caption":"Jean-Paul Erhard"},"url":"https:\/\/peoplesphere.be\/fr\/author\/jpe\/"}]}},"_links":{"self":[{"href":"https:\/\/peoplesphere.be\/fr\/wp-json\/wp\/v2\/posts\/19083"}],"collection":[{"href":"https:\/\/peoplesphere.be\/fr\/wp-json\/wp\/v2\/posts"}],"about":[{"href":"https:\/\/peoplesphere.be\/fr\/wp-json\/wp\/v2\/types\/post"}],"author":[{"embeddable":true,"href":"https:\/\/peoplesphere.be\/fr\/wp-json\/wp\/v2\/users\/2"}],"replies":[{"embeddable":true,"href":"https:\/\/peoplesphere.be\/fr\/wp-json\/wp\/v2\/comments?post=19083"}],"version-history":[{"count":1,"href":"https:\/\/peoplesphere.be\/fr\/wp-json\/wp\/v2\/posts\/19083\/revisions"}],"predecessor-version":[{"id":19084,"href":"https:\/\/peoplesphere.be\/fr\/wp-json\/wp\/v2\/posts\/19083\/revisions\/19084"}],"wp:featuredmedia":[{"embeddable":true,"href":"https:\/\/peoplesphere.be\/fr\/wp-json\/wp\/v2\/media\/19085"}],"wp:attachment":[{"href":"https:\/\/peoplesphere.be\/fr\/wp-json\/wp\/v2\/media?parent=19083"}],"wp:term":[{"taxonomy":"category","embeddable":true,"href":"https:\/\/peoplesphere.be\/fr\/wp-json\/wp\/v2\/categories?post=19083"},{"taxonomy":"post_tag","embeddable":true,"href":"https:\/\/peoplesphere.be\/fr\/wp-json\/wp\/v2\/tags?post=19083"}],"curies":[{"name":"wp","href":"https:\/\/api.w.org\/{rel}","templated":true}]}}