









{"id":19086,"date":"2026-05-01T07:32:37","date_gmt":"2026-05-01T05:32:37","guid":{"rendered":"https:\/\/peoplesphere.be\/fr\/?p=19086"},"modified":"2026-05-01T07:34:20","modified_gmt":"2026-05-01T05:34:20","slug":"le-gouvernement-precise-et-confirme-le-principe-dextension-des-flexi-jobs-a-tous-les-secteurs-dactivites","status":"publish","type":"post","link":"https:\/\/peoplesphere.be\/fr\/le-gouvernement-precise-et-confirme-le-principe-dextension-des-flexi-jobs-a-tous-les-secteurs-dactivites\/","title":{"rendered":"Le gouvernement pr\u00e9cise et confirme le principe d&rsquo;extension des flexi-jobs \u00e0 tous les secteurs d&rsquo;activit\u00e9s."},"content":{"rendered":"<p>Le Conseil des ministres a approuv\u00e9 en deuxi\u00e8me lecture un avant-projet de loi portant un certain nombre de modifications dans le domaine des flexi-jobs. L&rsquo;avant-projet, modifi\u00e9 conform\u00e9ment \u00e0 l&rsquo;avis du Conseil d&rsquo;\u00c9tat, pr\u00e9voit les modifications suivantes:<!--more--><\/p>\n<ul>\n<li>le syst\u00e8me des flexi-jobs est \u00e9tendu \u00e0 l&rsquo;ensemble des secteurs priv\u00e9 et public, dans le respect des r\u00e8gles d&rsquo;acc\u00e8s aux professions prot\u00e9g\u00e9es<\/li>\n<li>la possibilit\u00e9 d&rsquo;exclusion totale ou partielle ou de r\u00e9int\u00e9gration est maintenue. Les modalit\u00e9s de cette demande sont diff\u00e9rentes pour le secteur priv\u00e9 et pour le secteur public :\n<ul>\n<li>pour le secteur priv\u00e9, les modalit\u00e9s d&rsquo;exclusion et de r\u00e9int\u00e9gration sont reprises telles qu&rsquo;elles \u00e9taient d\u00e9j\u00e0 applicables auparavant<\/li>\n<li>une r\u00e9glementation distincte est \u00e9labor\u00e9e pour le secteur public<\/li>\n<\/ul>\n<\/li>\n<li>les fonctions de soins seront \u00e9galement accessibles via des flexi-jobs, dans le respect des exigences applicables en mati\u00e8re de dipl\u00f4mes<\/li>\n<li>la possibilit\u00e9 de limiter les flexi-jobs \u00e0 une partie proportionnelle du volume total de travail chez un employeur est \u00e9tendue \u00e0 l&rsquo;ensemble du secteur priv\u00e9 et public de la sant\u00e9, y compris les structures d&rsquo;accueil pour enfants<\/li>\n<li>une exclusion l\u00e9gale g\u00e9n\u00e9rale pour les fonctions artistiques, artistiques-techniques et de soutien artistique est maintenue<\/li>\n<li>la condition selon laquelle un travailleur flexi-job ne peut \u00eatre employ\u00e9 au cours du m\u00eame trimestre dans le cadre d&rsquo;un autre contrat de travail ou d&rsquo;une affectation statutaire avec l\u2019employeur pour lequel il exerce le flexi-job, ne s&rsquo;appliquera d\u00e9sormais plus aux travailleurs int\u00e9rimaires, dans la mesure o\u00f9 l\u2019entreprise de travail int\u00e9rimaire ne les met pas \u00e0 la disposition du m\u00eame utilisateur en tant qu\u2019int\u00e9rimaire et en tant que travailleur exer\u00e7ant un flexi-job<\/li>\n<li>l\u2019interdiction d&#8217;emploi flexible dans une entreprise affili\u00e9e ne s&rsquo;appliquera plus \u00e0 l&rsquo;avenir si le travailleur flexible occupe d\u00e9j\u00e0 un emploi r\u00e9gulier \u00e0 temps plein dans cette m\u00eame entreprise ou dans une ou plusieurs autres entreprises, affili\u00e9es ou non<\/li>\n<li>le salaire de base, qui fait partie du flexi-salaire, est index\u00e9 \u00e0 150 %. Le salaire horaire maximal pour les travailleurs flexi-job au sein de la commission paritaire de l\u2019industrie hotelli\u00e8re est port\u00e9 \u00e0 21 euros par heure et n&rsquo;est donc plus exprim\u00e9 en pourcentage du salaire de base minimal<\/li>\n<li>l&rsquo;\u00e9valuation pr\u00e9vue dans la loi-programme du 22 d\u00e9cembre 2023 est supprim\u00e9e et remplac\u00e9e par un nouveau syst\u00e8me d&rsquo;\u00e9valuation<\/li>\n<li>une d\u00e9l\u00e9gation est accord\u00e9e au Roi afin de lui permettre, jusqu&rsquo;au 31 ao\u00fbt 2026 au plus tard, de transformer les autorisations partielles en exclusions partielles et de maintenir les exclusions totales ou partielles.<\/li>\n<\/ul>\n<p>L&rsquo;avant-projet est soumis \u00e0 la signature du Roi en vue de son d\u00e9p\u00f4t \u00e0 la Chambre des repr\u00e9sentants.<\/p>\n<p>Le projet de loi est d\u00e9sormais transmis \u00e0\u00a0<a href=\"https:\/\/www.rtbf.be\/article\/loi-programme-debut-de-seance-chaotique-a-la-chambre-11716950\">la Chambre<\/a> o\u00f9 un vote est attendu avant l&rsquo;\u00e9t\u00e9. Le Cabinet du Ministre Clarinval a comment\u00e9 cette avanc\u00e9e aupr\u00e8s de la RTBF : <em>\u00ab\u00a0il s&rsquo;agit d&rsquo;une avanc\u00e9e majeure pour celles et ceux qui souhaitent travailler plus pour gagner plus\u00a0\u00bb. Cette mesure est aussi \u00ab\u00a0un levier important pour nos entreprises, qui pourront r\u00e9pondre plus facilement aux pics d&rsquo;activit\u00e9 en faisant appel \u00e0 des travailleurs de mani\u00e8re ponctuelle, tout en renfor\u00e7ant leur comp\u00e9titivit\u00e9.\u00a0\u00bb<\/em><\/p>\n<p>&nbsp;<\/p>\n<p><em>Source: Cabinet de David Clarinval, Vice-premier ministre et ministre de l\u2019Emploi, de l\u2019Economie et de l\u2019Agriculture<\/em><\/p>\n","protected":false},"excerpt":{"rendered":"<p>Le Conseil des ministres a approuv\u00e9 en deuxi\u00e8me lecture un avant-projet de loi portant un certain nombre de modifications dans le domaine des flexi-jobs. L&rsquo;avant-projet, modifi\u00e9 conform\u00e9ment \u00e0 l&rsquo;avis du Conseil d&rsquo;\u00c9tat, pr\u00e9voit les modifications suivantes:<\/p>\n","protected":false},"author":2,"featured_media":0,"comment_status":"closed","ping_status":"open","sticky":false,"template":"","format":"standard","meta":[],"categories":[65,10],"tags":[11,336,220],"yoast_head":"<!-- This site is optimized with the Yoast SEO plugin v21.0 - https:\/\/yoast.com\/wordpress\/plugins\/seo\/ -->\n<title>Le gouvernement pr\u00e9cise et confirme le principe d&#039;extension des flexi-jobs \u00e0 tous les secteurs d&#039;activit\u00e9s. - Peoplesphere<\/title>\n<meta name=\"robots\" content=\"index, follow, max-snippet:-1, max-image-preview:large, max-video-preview:-1\" \/>\n<link rel=\"canonical\" href=\"https:\/\/peoplesphere.be\/fr\/le-gouvernement-precise-et-confirme-le-principe-dextension-des-flexi-jobs-a-tous-les-secteurs-dactivites\/\" \/>\n<meta property=\"og:locale\" content=\"fr_FR\" \/>\n<meta property=\"og:type\" content=\"article\" \/>\n<meta property=\"og:title\" content=\"Le gouvernement pr\u00e9cise et confirme le principe d&#039;extension des flexi-jobs \u00e0 tous les secteurs d&#039;activit\u00e9s. - Peoplesphere\" \/>\n<meta property=\"og:description\" content=\"Le Conseil des ministres a approuv\u00e9 en deuxi\u00e8me lecture un avant-projet de loi portant un certain nombre de modifications dans le domaine des flexi-jobs. L&rsquo;avant-projet, modifi\u00e9 conform\u00e9ment \u00e0 l&rsquo;avis du Conseil d&rsquo;\u00c9tat, pr\u00e9voit les modifications suivantes:\" \/>\n<meta property=\"og:url\" content=\"https:\/\/peoplesphere.be\/fr\/le-gouvernement-precise-et-confirme-le-principe-dextension-des-flexi-jobs-a-tous-les-secteurs-dactivites\/\" \/>\n<meta property=\"og:site_name\" content=\"Peoplesphere\" \/>\n<meta property=\"article:publisher\" content=\"https:\/\/www.facebook.com\/peoplesphere\" \/>\n<meta property=\"article:published_time\" content=\"2026-05-01T05:32:37+00:00\" \/>\n<meta property=\"article:modified_time\" content=\"2026-05-01T05:34:20+00:00\" \/>\n<meta property=\"og:image\" content=\"http:\/\/www.peoplesphere.be\/fr\/wp-content\/uploads\/2016\/07\/facebook-default-posting-1200x628px.jpg\" \/>\n<meta name=\"author\" content=\"Jean-Paul Erhard\" \/>\n<meta name=\"twitter:card\" content=\"summary_large_image\" \/>\n<meta name=\"twitter:creator\" content=\"@PeoplesphereMag\" \/>\n<meta name=\"twitter:site\" content=\"@PeoplesphereMag\" \/>\n<meta name=\"twitter:label1\" content=\"\u00c9crit par\" \/>\n\t<meta name=\"twitter:data1\" content=\"Jean-Paul Erhard\" \/>\n\t<meta name=\"twitter:label2\" content=\"Dur\u00e9e de lecture estim\u00e9e\" \/>\n\t<meta name=\"twitter:data2\" content=\"3 minutes\" \/>\n<script type=\"application\/ld+json\" class=\"yoast-schema-graph\">{\"@context\":\"https:\/\/schema.org\",\"@graph\":[{\"@type\":\"Article\",\"@id\":\"https:\/\/peoplesphere.be\/fr\/le-gouvernement-precise-et-confirme-le-principe-dextension-des-flexi-jobs-a-tous-les-secteurs-dactivites\/#article\",\"isPartOf\":{\"@id\":\"https:\/\/peoplesphere.be\/fr\/le-gouvernement-precise-et-confirme-le-principe-dextension-des-flexi-jobs-a-tous-les-secteurs-dactivites\/\"},\"author\":{\"name\":\"Jean-Paul Erhard\",\"@id\":\"https:\/\/peoplesphere.be\/fr\/#\/schema\/person\/7976225ff17988604334abb7b3536a7e\"},\"headline\":\"Le gouvernement pr\u00e9cise et confirme le principe d&rsquo;extension des flexi-jobs \u00e0 tous les secteurs d&rsquo;activit\u00e9s.\",\"datePublished\":\"2026-05-01T05:32:37+00:00\",\"dateModified\":\"2026-05-01T05:34:20+00:00\",\"mainEntityOfPage\":{\"@id\":\"https:\/\/peoplesphere.be\/fr\/le-gouvernement-precise-et-confirme-le-principe-dextension-des-flexi-jobs-a-tous-les-secteurs-dactivites\/\"},\"wordCount\":572,\"publisher\":{\"@id\":\"https:\/\/peoplesphere.be\/fr\/#organization\"},\"keywords\":[\"emploi\",\"flexi-jobs\",\"flexibilit\u00e9\"],\"articleSection\":[\"Actualit\u00e9s\",\"Digital\"],\"inLanguage\":\"fr-FR\"},{\"@type\":\"WebPage\",\"@id\":\"https:\/\/peoplesphere.be\/fr\/le-gouvernement-precise-et-confirme-le-principe-dextension-des-flexi-jobs-a-tous-les-secteurs-dactivites\/\",\"url\":\"https:\/\/peoplesphere.be\/fr\/le-gouvernement-precise-et-confirme-le-principe-dextension-des-flexi-jobs-a-tous-les-secteurs-dactivites\/\",\"name\":\"Le gouvernement pr\u00e9cise et confirme le principe d'extension des flexi-jobs \u00e0 tous les secteurs d'activit\u00e9s. - Peoplesphere\",\"isPartOf\":{\"@id\":\"https:\/\/peoplesphere.be\/fr\/#website\"},\"datePublished\":\"2026-05-01T05:32:37+00:00\",\"dateModified\":\"2026-05-01T05:34:20+00:00\",\"breadcrumb\":{\"@id\":\"https:\/\/peoplesphere.be\/fr\/le-gouvernement-precise-et-confirme-le-principe-dextension-des-flexi-jobs-a-tous-les-secteurs-dactivites\/#breadcrumb\"},\"inLanguage\":\"fr-FR\",\"potentialAction\":[{\"@type\":\"ReadAction\",\"target\":[\"https:\/\/peoplesphere.be\/fr\/le-gouvernement-precise-et-confirme-le-principe-dextension-des-flexi-jobs-a-tous-les-secteurs-dactivites\/\"]}]},{\"@type\":\"BreadcrumbList\",\"@id\":\"https:\/\/peoplesphere.be\/fr\/le-gouvernement-precise-et-confirme-le-principe-dextension-des-flexi-jobs-a-tous-les-secteurs-dactivites\/#breadcrumb\",\"itemListElement\":[{\"@type\":\"ListItem\",\"position\":1,\"name\":\"Accueil\",\"item\":\"https:\/\/peoplesphere.be\/fr\/\"},{\"@type\":\"ListItem\",\"position\":2,\"name\":\"Le gouvernement pr\u00e9cise et confirme le principe d&rsquo;extension des flexi-jobs \u00e0 tous les secteurs d&rsquo;activit\u00e9s.\"}]},{\"@type\":\"WebSite\",\"@id\":\"https:\/\/peoplesphere.be\/fr\/#website\",\"url\":\"https:\/\/peoplesphere.be\/fr\/\",\"name\":\"Peoplesphere\",\"description\":\"The People Managers Magazine\",\"publisher\":{\"@id\":\"https:\/\/peoplesphere.be\/fr\/#organization\"},\"potentialAction\":[{\"@type\":\"SearchAction\",\"target\":{\"@type\":\"EntryPoint\",\"urlTemplate\":\"https:\/\/peoplesphere.be\/fr\/?s={search_term_string}\"},\"query-input\":\"required name=search_term_string\"}],\"inLanguage\":\"fr-FR\"},{\"@type\":\"Organization\",\"@id\":\"https:\/\/peoplesphere.be\/fr\/#organization\",\"name\":\"Peoplesphere Company srl\",\"url\":\"https:\/\/peoplesphere.be\/fr\/\",\"logo\":{\"@type\":\"ImageObject\",\"inLanguage\":\"fr-FR\",\"@id\":\"https:\/\/peoplesphere.be\/fr\/#\/schema\/logo\/image\/\",\"url\":\"https:\/\/peoplesphere.be\/fr\/wp-content\/uploads\/2023\/07\/peoplesphere-lgo-new-generik.jpg\",\"contentUrl\":\"https:\/\/peoplesphere.be\/fr\/wp-content\/uploads\/2023\/07\/peoplesphere-lgo-new-generik.jpg\",\"width\":1031,\"height\":1479,\"caption\":\"Peoplesphere Company srl\"},\"image\":{\"@id\":\"https:\/\/peoplesphere.be\/fr\/#\/schema\/logo\/image\/\"},\"sameAs\":[\"https:\/\/www.facebook.com\/peoplesphere\",\"https:\/\/twitter.com\/PeoplesphereMag\",\"https:\/\/www.linkedin.com\/company\/7587361?trk\",\"http:\/\/youtube.com\/peoplesphere\"]},{\"@type\":\"Person\",\"@id\":\"https:\/\/peoplesphere.be\/fr\/#\/schema\/person\/7976225ff17988604334abb7b3536a7e\",\"name\":\"Jean-Paul Erhard\",\"image\":{\"@type\":\"ImageObject\",\"inLanguage\":\"fr-FR\",\"@id\":\"https:\/\/peoplesphere.be\/fr\/#\/schema\/person\/image\/\",\"url\":\"https:\/\/secure.gravatar.com\/avatar\/f941e681460179738071629a51574930?s=96&d=mm&r=g\",\"contentUrl\":\"https:\/\/secure.gravatar.com\/avatar\/f941e681460179738071629a51574930?s=96&d=mm&r=g\",\"caption\":\"Jean-Paul Erhard\"},\"url\":\"https:\/\/peoplesphere.be\/fr\/author\/jpe\/\"}]}<\/script>\n<!-- \/ Yoast SEO plugin. -->","yoast_head_json":{"title":"Le gouvernement pr\u00e9cise et confirme le principe d'extension des flexi-jobs \u00e0 tous les secteurs d'activit\u00e9s. - Peoplesphere","robots":{"index":"index","follow":"follow","max-snippet":"max-snippet:-1","max-image-preview":"max-image-preview:large","max-video-preview":"max-video-preview:-1"},"canonical":"https:\/\/peoplesphere.be\/fr\/le-gouvernement-precise-et-confirme-le-principe-dextension-des-flexi-jobs-a-tous-les-secteurs-dactivites\/","og_locale":"fr_FR","og_type":"article","og_title":"Le gouvernement pr\u00e9cise et confirme le principe d'extension des flexi-jobs \u00e0 tous les secteurs d'activit\u00e9s. - Peoplesphere","og_description":"Le Conseil des ministres a approuv\u00e9 en deuxi\u00e8me lecture un avant-projet de loi portant un certain nombre de modifications dans le domaine des flexi-jobs. L&rsquo;avant-projet, modifi\u00e9 conform\u00e9ment \u00e0 l&rsquo;avis du Conseil d&rsquo;\u00c9tat, pr\u00e9voit les modifications suivantes:","og_url":"https:\/\/peoplesphere.be\/fr\/le-gouvernement-precise-et-confirme-le-principe-dextension-des-flexi-jobs-a-tous-les-secteurs-dactivites\/","og_site_name":"Peoplesphere","article_publisher":"https:\/\/www.facebook.com\/peoplesphere","article_published_time":"2026-05-01T05:32:37+00:00","article_modified_time":"2026-05-01T05:34:20+00:00","og_image":[{"url":"http:\/\/www.peoplesphere.be\/fr\/wp-content\/uploads\/2016\/07\/facebook-default-posting-1200x628px.jpg"}],"author":"Jean-Paul Erhard","twitter_card":"summary_large_image","twitter_creator":"@PeoplesphereMag","twitter_site":"@PeoplesphereMag","twitter_misc":{"\u00c9crit par":"Jean-Paul Erhard","Dur\u00e9e de lecture estim\u00e9e":"3 minutes"},"schema":{"@context":"https:\/\/schema.org","@graph":[{"@type":"Article","@id":"https:\/\/peoplesphere.be\/fr\/le-gouvernement-precise-et-confirme-le-principe-dextension-des-flexi-jobs-a-tous-les-secteurs-dactivites\/#article","isPartOf":{"@id":"https:\/\/peoplesphere.be\/fr\/le-gouvernement-precise-et-confirme-le-principe-dextension-des-flexi-jobs-a-tous-les-secteurs-dactivites\/"},"author":{"name":"Jean-Paul Erhard","@id":"https:\/\/peoplesphere.be\/fr\/#\/schema\/person\/7976225ff17988604334abb7b3536a7e"},"headline":"Le gouvernement pr\u00e9cise et confirme le principe d&rsquo;extension des flexi-jobs \u00e0 tous les secteurs d&rsquo;activit\u00e9s.","datePublished":"2026-05-01T05:32:37+00:00","dateModified":"2026-05-01T05:34:20+00:00","mainEntityOfPage":{"@id":"https:\/\/peoplesphere.be\/fr\/le-gouvernement-precise-et-confirme-le-principe-dextension-des-flexi-jobs-a-tous-les-secteurs-dactivites\/"},"wordCount":572,"publisher":{"@id":"https:\/\/peoplesphere.be\/fr\/#organization"},"keywords":["emploi","flexi-jobs","flexibilit\u00e9"],"articleSection":["Actualit\u00e9s","Digital"],"inLanguage":"fr-FR"},{"@type":"WebPage","@id":"https:\/\/peoplesphere.be\/fr\/le-gouvernement-precise-et-confirme-le-principe-dextension-des-flexi-jobs-a-tous-les-secteurs-dactivites\/","url":"https:\/\/peoplesphere.be\/fr\/le-gouvernement-precise-et-confirme-le-principe-dextension-des-flexi-jobs-a-tous-les-secteurs-dactivites\/","name":"Le gouvernement pr\u00e9cise et confirme le principe d'extension des flexi-jobs \u00e0 tous les secteurs d'activit\u00e9s. - Peoplesphere","isPartOf":{"@id":"https:\/\/peoplesphere.be\/fr\/#website"},"datePublished":"2026-05-01T05:32:37+00:00","dateModified":"2026-05-01T05:34:20+00:00","breadcrumb":{"@id":"https:\/\/peoplesphere.be\/fr\/le-gouvernement-precise-et-confirme-le-principe-dextension-des-flexi-jobs-a-tous-les-secteurs-dactivites\/#breadcrumb"},"inLanguage":"fr-FR","potentialAction":[{"@type":"ReadAction","target":["https:\/\/peoplesphere.be\/fr\/le-gouvernement-precise-et-confirme-le-principe-dextension-des-flexi-jobs-a-tous-les-secteurs-dactivites\/"]}]},{"@type":"BreadcrumbList","@id":"https:\/\/peoplesphere.be\/fr\/le-gouvernement-precise-et-confirme-le-principe-dextension-des-flexi-jobs-a-tous-les-secteurs-dactivites\/#breadcrumb","itemListElement":[{"@type":"ListItem","position":1,"name":"Accueil","item":"https:\/\/peoplesphere.be\/fr\/"},{"@type":"ListItem","position":2,"name":"Le gouvernement pr\u00e9cise et confirme le principe d&rsquo;extension des flexi-jobs \u00e0 tous les secteurs d&rsquo;activit\u00e9s."}]},{"@type":"WebSite","@id":"https:\/\/peoplesphere.be\/fr\/#website","url":"https:\/\/peoplesphere.be\/fr\/","name":"Peoplesphere","description":"The People Managers Magazine","publisher":{"@id":"https:\/\/peoplesphere.be\/fr\/#organization"},"potentialAction":[{"@type":"SearchAction","target":{"@type":"EntryPoint","urlTemplate":"https:\/\/peoplesphere.be\/fr\/?s={search_term_string}"},"query-input":"required name=search_term_string"}],"inLanguage":"fr-FR"},{"@type":"Organization","@id":"https:\/\/peoplesphere.be\/fr\/#organization","name":"Peoplesphere Company srl","url":"https:\/\/peoplesphere.be\/fr\/","logo":{"@type":"ImageObject","inLanguage":"fr-FR","@id":"https:\/\/peoplesphere.be\/fr\/#\/schema\/logo\/image\/","url":"https:\/\/peoplesphere.be\/fr\/wp-content\/uploads\/2023\/07\/peoplesphere-lgo-new-generik.jpg","contentUrl":"https:\/\/peoplesphere.be\/fr\/wp-content\/uploads\/2023\/07\/peoplesphere-lgo-new-generik.jpg","width":1031,"height":1479,"caption":"Peoplesphere Company srl"},"image":{"@id":"https:\/\/peoplesphere.be\/fr\/#\/schema\/logo\/image\/"},"sameAs":["https:\/\/www.facebook.com\/peoplesphere","https:\/\/twitter.com\/PeoplesphereMag","https:\/\/www.linkedin.com\/company\/7587361?trk","http:\/\/youtube.com\/peoplesphere"]},{"@type":"Person","@id":"https:\/\/peoplesphere.be\/fr\/#\/schema\/person\/7976225ff17988604334abb7b3536a7e","name":"Jean-Paul Erhard","image":{"@type":"ImageObject","inLanguage":"fr-FR","@id":"https:\/\/peoplesphere.be\/fr\/#\/schema\/person\/image\/","url":"https:\/\/secure.gravatar.com\/avatar\/f941e681460179738071629a51574930?s=96&d=mm&r=g","contentUrl":"https:\/\/secure.gravatar.com\/avatar\/f941e681460179738071629a51574930?s=96&d=mm&r=g","caption":"Jean-Paul Erhard"},"url":"https:\/\/peoplesphere.be\/fr\/author\/jpe\/"}]}},"_links":{"self":[{"href":"https:\/\/peoplesphere.be\/fr\/wp-json\/wp\/v2\/posts\/19086"}],"collection":[{"href":"https:\/\/peoplesphere.be\/fr\/wp-json\/wp\/v2\/posts"}],"about":[{"href":"https:\/\/peoplesphere.be\/fr\/wp-json\/wp\/v2\/types\/post"}],"author":[{"embeddable":true,"href":"https:\/\/peoplesphere.be\/fr\/wp-json\/wp\/v2\/users\/2"}],"replies":[{"embeddable":true,"href":"https:\/\/peoplesphere.be\/fr\/wp-json\/wp\/v2\/comments?post=19086"}],"version-history":[{"count":3,"href":"https:\/\/peoplesphere.be\/fr\/wp-json\/wp\/v2\/posts\/19086\/revisions"}],"predecessor-version":[{"id":19089,"href":"https:\/\/peoplesphere.be\/fr\/wp-json\/wp\/v2\/posts\/19086\/revisions\/19089"}],"wp:attachment":[{"href":"https:\/\/peoplesphere.be\/fr\/wp-json\/wp\/v2\/media?parent=19086"}],"wp:term":[{"taxonomy":"category","embeddable":true,"href":"https:\/\/peoplesphere.be\/fr\/wp-json\/wp\/v2\/categories?post=19086"},{"taxonomy":"post_tag","embeddable":true,"href":"https:\/\/peoplesphere.be\/fr\/wp-json\/wp\/v2\/tags?post=19086"}],"curies":[{"name":"wp","href":"https:\/\/api.w.org\/{rel}","templated":true}]}}