









{"id":1913,"date":"2015-09-16T08:31:22","date_gmt":"2015-09-16T06:31:22","guid":{"rendered":"http:\/\/www.peoplesphere.be\/fr\/?p=1913"},"modified":"2015-09-16T08:31:22","modified_gmt":"2015-09-16T06:31:22","slug":"debat-lentrepreneuriat-va-t-il-jouer-un-role-dans-la-guerre-des-talents","status":"publish","type":"post","link":"https:\/\/peoplesphere.be\/fr\/debat-lentrepreneuriat-va-t-il-jouer-un-role-dans-la-guerre-des-talents\/","title":{"rendered":"D\u00e9bat : l&rsquo;entrepreneuriat va-t-il jouer un r\u00f4le dans la guerre des talents?"},"content":{"rendered":"<h1>Essayons de poser la question simplement. La rentr\u00e9e des classes et des auditoires a \u00e9t\u00e9 plac\u00e9e par les politiques francophones sous le signe de l&rsquo;entrepreneuriat. Et le statut d&rsquo;\u00e9tudiant-entrepreneur semble prendre une ampleur nouvelle&#8230; Nos entreprises doivent-elles craindre d\u00e9sormais une nouvelle concurrence lorsqu&rsquo;il s&rsquo;agit d&rsquo;attirer les meilleures jeunes talents? \u00ab\u00a0Tous entrepreneurs\u00a0\u00bb, entend-on&#8230; Et si demain, sur le march\u00e9 de l&#8217;emploi, ne restaient disponibles que des profils manquant de leadership et de courage?<!--more--><\/h1>\n<p>Le d\u00e9bat est ouvert. La promotion intensive de l&rsquo;entrepreneuriat pourrait modifier la donne en ce qui concerne le recrutement des futurs dirigeants.<br \/>\nL&rsquo;agence pour l&rsquo;entreprise et l&rsquo;innovation de Wallonie annonce en cette p\u00e9riode de rentr\u00e9e de nouveaux plans tels que \u00ab\u00a0G\u00e9n\u00e9rations entreprenantes \u00bb et ses d\u00e9clinaisons comme les statuts d\u2019\u00e9tudiants entrepreneurs. Elle insiste \u00e9galement sur<em> la mise en place de 3 parcours de formation, soutenus par un accompagnement et du r\u00e9seautage pour tous les enseignants de Wallonie.<\/em><br \/>\nCe programme \u00ab G\u00e9n\u00e9rations entreprenantes 2015-2020 \u00bb se\u00a0fonde sur diff\u00e9rents axes dont nous retiendrons <em>l\u2019organisation d\u2019un r\u00e9seau wallon de dispositifs visant l\u2019accompagnement des \u00e9tudiants-entrepreneurs<\/em><br \/>\n<em> et la facilitation de leur projet au sein de leur parcours acad\u00e9mique; la promotion des Ecoles entrepreneuriales et leur mise en r\u00e9seau; la formation continu\u00e9e des enseignants en entrepreneuriat; et le rassemblement en parcours des activit\u00e9s de sensibilisation et de formation \u00e0\u00a0l\u2019entrepreneuriat pour les jeunes.\u00a0<\/em><\/p>\n<p>A noter, sur la dimension d&rsquo;accompagnement des \u00e9tudiants-entrepreneurs, l&rsquo;implication des hautes \u00e9coles et universit\u00e9s dans la logique visant \u00e0 proposer\u00a0l\u2019incubation et la facilitation\u00a0acad\u00e9mique au profit de ces jeunes. Le nombre d&rsquo;\u00e9coles d\u00e9veloppant des activit\u00e9s denses en mati\u00e8re d&rsquo;entrepreneuriat est estim\u00e9 \u00e0 250 sur le territoire wallon!<\/p>\n<p>M\u00eame si nous restons sceptiques \u00e0 ce jour, ne serions-nous pas en train d&rsquo;assister \u00e0 un mouvement significatif, qui pourrait s&rsquo;immiscer \u00e0 l&rsquo;avenir dans une guerre des talents qui s&rsquo;annonce compliqu\u00e9e?<\/p>\n<p>Dans le m\u00eame temps, de nombreuses publications font \u00e9cho \u00e0 la mont\u00e9e des auto-entreprises au cours de ces derni\u00e8res ann\u00e9es. Celle-ci modifie fondamentalement le rapport au travail. Et tant la l\u00e9gislation sociale que les entreprises les moins agiles semblent \u00e9prouver des difficult\u00e9s \u00e0 s&rsquo;adapter. Ainsi r\u00e9cemment, Gr\u00e9goire Leclercq, pr\u00e9sident de la FEDAE en France, remarquait via le site lesechos.fr que \u00ab\u00a0<em>C&rsquo;est parce que notre soci\u00e9t\u00e9 a mut\u00e9, et son \u00e9conomie avec, que l&rsquo;autoentreprise est venue bousculer les certitudes en la mati\u00e8re. Au-del\u00e0 du simple droit \u00e0 entreprendre, c&rsquo;est la volont\u00e9 de se r\u00e9aliser et d&rsquo;\u00eatre reconnu socialement qui a pris le pas sur les sch\u00e9mas hi\u00e9rarchiques ou paternalistes d&rsquo;hier ; \u00e0 savoir : se lancer sans connaissance approfondie, sans frais de d\u00e9part, sans d\u00e9marches administratives lourdes\u2026 Donc \u00eatre aventureux au sens noble du terme, alors que la crise a atomis\u00e9 le march\u00e9 de l&#8217;emploi depuis 2007. Cette libert\u00e9, exerc\u00e9e d&rsquo;ailleurs dans de nombreux autres pays au monde, am\u00e8ne une seconde r\u00e9alit\u00e9, dont tout le monde parle comme du \u00ab tournant \u00e9conomique du si\u00e8cle \u00bb : l&rsquo;ub\u00e9risation, c&rsquo;est-\u00e0-dire la recherche de plus d&rsquo;ind\u00e9pendance, et la volont\u00e9 de plus de comp\u00e9titivit\u00e9 de la part des employeurs, au regard des taux des charges salariales comme patronales qui am\u00e8nent \u00e0 rechercher, quand c&rsquo;est possible, d&rsquo;autres formes de main-d&rsquo;oeuvre.<\/em><br \/>\n<em>Avec l&rsquo;autoentrepreneuriat, l&rsquo;ind\u00e9pendance se substitue petit \u00e0 petit au salariat,&#8230; Le salariat n&rsquo;est plus la forme optimale du travail pour les entreprises, ni pour leurs collaborateurs. Il est m\u00eame oubli\u00e9 pour la grande population des demandeurs d&#8217;emploi qui ont pens\u00e9 pouvoir retrouver un \u00ab salaire \u00bb, avant de r\u00e9aliser qu&rsquo;ils pouvaient chercher un \u00ab revenu \u00bb.\u00a0Alors oui, l&rsquo;autoentreprise a l&rsquo;avenir devant elle. Ce n&rsquo;est ni en changeant son nom, ni en niant son int\u00e9r\u00eat qu&rsquo;on en minimisera l&rsquo;impact. Son d\u00e9veloppement est inexorable, comme la r\u00e9forme de notre mod\u00e8le social est in\u00e9vitable !\u00a0\u00bb<\/em><br \/>\nDifficile de nier cette tendance, m\u00eame si nous n&rsquo;assistons pas dans les faits \u00e0 une temp\u00eate soudaine mais plut\u00f4t \u00e0 une transformation progressive sur le march\u00e9 du travail. La question reste pos\u00e9e: et si demain, l&rsquo;entrepreneuriat devenait le premier concurrent de l&rsquo;entreprise lorsqu&rsquo;il s&rsquo;agit de recruter de nouveaux talents? Qu&rsquo;en pensez-vous? Partagez votre avis en vue de notre prochaine publication Peoplesphere, \u00e9dition imprim\u00e9e \u00e0 para\u00eetre \u00e0 la fin de ce mois de septembre. Pour nous contacter : redaction@peoplesphere.be<\/p>\n<p>&nbsp;<\/p>\n","protected":false},"excerpt":{"rendered":"<p>Essayons de poser la question simplement. La rentr\u00e9e des classes et des auditoires a \u00e9t\u00e9 plac\u00e9e par les politiques francophones sous le signe de l&rsquo;entrepreneuriat. Et le statut d&rsquo;\u00e9tudiant-entrepreneur semble prendre une ampleur nouvelle&#8230; Nos entreprises doivent-elles craindre d\u00e9sormais une [&hellip;]<\/p>\n","protected":false},"author":2,"featured_media":0,"comment_status":"closed","ping_status":"open","sticky":false,"template":"","format":"standard","meta":[],"categories":[65,10],"tags":[238,279,48,218,280],"yoast_head":"<!-- This site is optimized with the Yoast SEO plugin v21.0 - https:\/\/yoast.com\/wordpress\/plugins\/seo\/ -->\n<title>D\u00e9bat : l&#039;entrepreneuriat va-t-il jouer un r\u00f4le dans la guerre des talents? - Peoplesphere<\/title>\n<meta name=\"robots\" content=\"index, follow, max-snippet:-1, max-image-preview:large, max-video-preview:-1\" \/>\n<link rel=\"canonical\" href=\"https:\/\/peoplesphere.be\/fr\/debat-lentrepreneuriat-va-t-il-jouer-un-role-dans-la-guerre-des-talents\/\" \/>\n<meta property=\"og:locale\" content=\"fr_FR\" \/>\n<meta property=\"og:type\" content=\"article\" \/>\n<meta property=\"og:title\" content=\"D\u00e9bat : l&#039;entrepreneuriat va-t-il jouer un r\u00f4le dans la guerre des talents? - Peoplesphere\" \/>\n<meta property=\"og:description\" content=\"Essayons de poser la question simplement. La rentr\u00e9e des classes et des auditoires a \u00e9t\u00e9 plac\u00e9e par les politiques francophones sous le signe de l&rsquo;entrepreneuriat. Et le statut d&rsquo;\u00e9tudiant-entrepreneur semble prendre une ampleur nouvelle&#8230; Nos entreprises doivent-elles craindre d\u00e9sormais une [&hellip;]\" \/>\n<meta property=\"og:url\" content=\"https:\/\/peoplesphere.be\/fr\/debat-lentrepreneuriat-va-t-il-jouer-un-role-dans-la-guerre-des-talents\/\" \/>\n<meta property=\"og:site_name\" content=\"Peoplesphere\" \/>\n<meta property=\"article:publisher\" content=\"https:\/\/www.facebook.com\/peoplesphere\" \/>\n<meta property=\"article:published_time\" content=\"2015-09-16T06:31:22+00:00\" \/>\n<meta property=\"og:image\" content=\"http:\/\/www.peoplesphere.be\/fr\/wp-content\/uploads\/2016\/07\/facebook-default-posting-1200x628px.jpg\" \/>\n<meta name=\"author\" content=\"Jean-Paul Erhard\" \/>\n<meta name=\"twitter:card\" content=\"summary_large_image\" \/>\n<meta name=\"twitter:creator\" content=\"@PeoplesphereMag\" \/>\n<meta name=\"twitter:site\" content=\"@PeoplesphereMag\" \/>\n<meta name=\"twitter:label1\" content=\"\u00c9crit par\" \/>\n\t<meta name=\"twitter:data1\" content=\"Jean-Paul Erhard\" \/>\n\t<meta name=\"twitter:label2\" content=\"Dur\u00e9e de lecture estim\u00e9e\" \/>\n\t<meta name=\"twitter:data2\" content=\"4 minutes\" \/>\n<script type=\"application\/ld+json\" class=\"yoast-schema-graph\">{\"@context\":\"https:\/\/schema.org\",\"@graph\":[{\"@type\":\"Article\",\"@id\":\"https:\/\/peoplesphere.be\/fr\/debat-lentrepreneuriat-va-t-il-jouer-un-role-dans-la-guerre-des-talents\/#article\",\"isPartOf\":{\"@id\":\"https:\/\/peoplesphere.be\/fr\/debat-lentrepreneuriat-va-t-il-jouer-un-role-dans-la-guerre-des-talents\/\"},\"author\":{\"name\":\"Jean-Paul Erhard\",\"@id\":\"https:\/\/peoplesphere.be\/fr\/#\/schema\/person\/7976225ff17988604334abb7b3536a7e\"},\"headline\":\"D\u00e9bat : l&rsquo;entrepreneuriat va-t-il jouer un r\u00f4le dans la guerre des talents?\",\"datePublished\":\"2015-09-16T06:31:22+00:00\",\"dateModified\":\"2015-09-16T06:31:22+00:00\",\"mainEntityOfPage\":{\"@id\":\"https:\/\/peoplesphere.be\/fr\/debat-lentrepreneuriat-va-t-il-jouer-un-role-dans-la-guerre-des-talents\/\"},\"wordCount\":742,\"publisher\":{\"@id\":\"https:\/\/peoplesphere.be\/fr\/#organization\"},\"keywords\":[\"d\u00e9bat\",\"entrepreneuriat\",\"Formation\",\"guerre des talents\",\"uberisation\"],\"articleSection\":[\"Actualit\u00e9s\",\"Digital\"],\"inLanguage\":\"fr-FR\"},{\"@type\":\"WebPage\",\"@id\":\"https:\/\/peoplesphere.be\/fr\/debat-lentrepreneuriat-va-t-il-jouer-un-role-dans-la-guerre-des-talents\/\",\"url\":\"https:\/\/peoplesphere.be\/fr\/debat-lentrepreneuriat-va-t-il-jouer-un-role-dans-la-guerre-des-talents\/\",\"name\":\"D\u00e9bat : l'entrepreneuriat va-t-il jouer un r\u00f4le dans la guerre des talents? - Peoplesphere\",\"isPartOf\":{\"@id\":\"https:\/\/peoplesphere.be\/fr\/#website\"},\"datePublished\":\"2015-09-16T06:31:22+00:00\",\"dateModified\":\"2015-09-16T06:31:22+00:00\",\"breadcrumb\":{\"@id\":\"https:\/\/peoplesphere.be\/fr\/debat-lentrepreneuriat-va-t-il-jouer-un-role-dans-la-guerre-des-talents\/#breadcrumb\"},\"inLanguage\":\"fr-FR\",\"potentialAction\":[{\"@type\":\"ReadAction\",\"target\":[\"https:\/\/peoplesphere.be\/fr\/debat-lentrepreneuriat-va-t-il-jouer-un-role-dans-la-guerre-des-talents\/\"]}]},{\"@type\":\"BreadcrumbList\",\"@id\":\"https:\/\/peoplesphere.be\/fr\/debat-lentrepreneuriat-va-t-il-jouer-un-role-dans-la-guerre-des-talents\/#breadcrumb\",\"itemListElement\":[{\"@type\":\"ListItem\",\"position\":1,\"name\":\"Accueil\",\"item\":\"https:\/\/peoplesphere.be\/fr\/\"},{\"@type\":\"ListItem\",\"position\":2,\"name\":\"D\u00e9bat : l&rsquo;entrepreneuriat va-t-il jouer un r\u00f4le dans la guerre des talents?\"}]},{\"@type\":\"WebSite\",\"@id\":\"https:\/\/peoplesphere.be\/fr\/#website\",\"url\":\"https:\/\/peoplesphere.be\/fr\/\",\"name\":\"Peoplesphere\",\"description\":\"The People Managers Magazine\",\"publisher\":{\"@id\":\"https:\/\/peoplesphere.be\/fr\/#organization\"},\"potentialAction\":[{\"@type\":\"SearchAction\",\"target\":{\"@type\":\"EntryPoint\",\"urlTemplate\":\"https:\/\/peoplesphere.be\/fr\/?s={search_term_string}\"},\"query-input\":\"required name=search_term_string\"}],\"inLanguage\":\"fr-FR\"},{\"@type\":\"Organization\",\"@id\":\"https:\/\/peoplesphere.be\/fr\/#organization\",\"name\":\"Peoplesphere Company srl\",\"url\":\"https:\/\/peoplesphere.be\/fr\/\",\"logo\":{\"@type\":\"ImageObject\",\"inLanguage\":\"fr-FR\",\"@id\":\"https:\/\/peoplesphere.be\/fr\/#\/schema\/logo\/image\/\",\"url\":\"https:\/\/peoplesphere.be\/fr\/wp-content\/uploads\/2023\/07\/peoplesphere-lgo-new-generik.jpg\",\"contentUrl\":\"https:\/\/peoplesphere.be\/fr\/wp-content\/uploads\/2023\/07\/peoplesphere-lgo-new-generik.jpg\",\"width\":1031,\"height\":1479,\"caption\":\"Peoplesphere Company srl\"},\"image\":{\"@id\":\"https:\/\/peoplesphere.be\/fr\/#\/schema\/logo\/image\/\"},\"sameAs\":[\"https:\/\/www.facebook.com\/peoplesphere\",\"https:\/\/twitter.com\/PeoplesphereMag\",\"https:\/\/www.linkedin.com\/company\/7587361?trk\",\"http:\/\/youtube.com\/peoplesphere\"]},{\"@type\":\"Person\",\"@id\":\"https:\/\/peoplesphere.be\/fr\/#\/schema\/person\/7976225ff17988604334abb7b3536a7e\",\"name\":\"Jean-Paul Erhard\",\"image\":{\"@type\":\"ImageObject\",\"inLanguage\":\"fr-FR\",\"@id\":\"https:\/\/peoplesphere.be\/fr\/#\/schema\/person\/image\/\",\"url\":\"https:\/\/secure.gravatar.com\/avatar\/f941e681460179738071629a51574930?s=96&d=mm&r=g\",\"contentUrl\":\"https:\/\/secure.gravatar.com\/avatar\/f941e681460179738071629a51574930?s=96&d=mm&r=g\",\"caption\":\"Jean-Paul Erhard\"},\"url\":\"https:\/\/peoplesphere.be\/fr\/author\/jpe\/\"}]}<\/script>\n<!-- \/ Yoast SEO plugin. -->","yoast_head_json":{"title":"D\u00e9bat : l'entrepreneuriat va-t-il jouer un r\u00f4le dans la guerre des talents? - Peoplesphere","robots":{"index":"index","follow":"follow","max-snippet":"max-snippet:-1","max-image-preview":"max-image-preview:large","max-video-preview":"max-video-preview:-1"},"canonical":"https:\/\/peoplesphere.be\/fr\/debat-lentrepreneuriat-va-t-il-jouer-un-role-dans-la-guerre-des-talents\/","og_locale":"fr_FR","og_type":"article","og_title":"D\u00e9bat : l'entrepreneuriat va-t-il jouer un r\u00f4le dans la guerre des talents? - Peoplesphere","og_description":"Essayons de poser la question simplement. La rentr\u00e9e des classes et des auditoires a \u00e9t\u00e9 plac\u00e9e par les politiques francophones sous le signe de l&rsquo;entrepreneuriat. Et le statut d&rsquo;\u00e9tudiant-entrepreneur semble prendre une ampleur nouvelle&#8230; Nos entreprises doivent-elles craindre d\u00e9sormais une [&hellip;]","og_url":"https:\/\/peoplesphere.be\/fr\/debat-lentrepreneuriat-va-t-il-jouer-un-role-dans-la-guerre-des-talents\/","og_site_name":"Peoplesphere","article_publisher":"https:\/\/www.facebook.com\/peoplesphere","article_published_time":"2015-09-16T06:31:22+00:00","og_image":[{"url":"http:\/\/www.peoplesphere.be\/fr\/wp-content\/uploads\/2016\/07\/facebook-default-posting-1200x628px.jpg"}],"author":"Jean-Paul Erhard","twitter_card":"summary_large_image","twitter_creator":"@PeoplesphereMag","twitter_site":"@PeoplesphereMag","twitter_misc":{"\u00c9crit par":"Jean-Paul Erhard","Dur\u00e9e de lecture estim\u00e9e":"4 minutes"},"schema":{"@context":"https:\/\/schema.org","@graph":[{"@type":"Article","@id":"https:\/\/peoplesphere.be\/fr\/debat-lentrepreneuriat-va-t-il-jouer-un-role-dans-la-guerre-des-talents\/#article","isPartOf":{"@id":"https:\/\/peoplesphere.be\/fr\/debat-lentrepreneuriat-va-t-il-jouer-un-role-dans-la-guerre-des-talents\/"},"author":{"name":"Jean-Paul Erhard","@id":"https:\/\/peoplesphere.be\/fr\/#\/schema\/person\/7976225ff17988604334abb7b3536a7e"},"headline":"D\u00e9bat : l&rsquo;entrepreneuriat va-t-il jouer un r\u00f4le dans la guerre des talents?","datePublished":"2015-09-16T06:31:22+00:00","dateModified":"2015-09-16T06:31:22+00:00","mainEntityOfPage":{"@id":"https:\/\/peoplesphere.be\/fr\/debat-lentrepreneuriat-va-t-il-jouer-un-role-dans-la-guerre-des-talents\/"},"wordCount":742,"publisher":{"@id":"https:\/\/peoplesphere.be\/fr\/#organization"},"keywords":["d\u00e9bat","entrepreneuriat","Formation","guerre des talents","uberisation"],"articleSection":["Actualit\u00e9s","Digital"],"inLanguage":"fr-FR"},{"@type":"WebPage","@id":"https:\/\/peoplesphere.be\/fr\/debat-lentrepreneuriat-va-t-il-jouer-un-role-dans-la-guerre-des-talents\/","url":"https:\/\/peoplesphere.be\/fr\/debat-lentrepreneuriat-va-t-il-jouer-un-role-dans-la-guerre-des-talents\/","name":"D\u00e9bat : l'entrepreneuriat va-t-il jouer un r\u00f4le dans la guerre des talents? - Peoplesphere","isPartOf":{"@id":"https:\/\/peoplesphere.be\/fr\/#website"},"datePublished":"2015-09-16T06:31:22+00:00","dateModified":"2015-09-16T06:31:22+00:00","breadcrumb":{"@id":"https:\/\/peoplesphere.be\/fr\/debat-lentrepreneuriat-va-t-il-jouer-un-role-dans-la-guerre-des-talents\/#breadcrumb"},"inLanguage":"fr-FR","potentialAction":[{"@type":"ReadAction","target":["https:\/\/peoplesphere.be\/fr\/debat-lentrepreneuriat-va-t-il-jouer-un-role-dans-la-guerre-des-talents\/"]}]},{"@type":"BreadcrumbList","@id":"https:\/\/peoplesphere.be\/fr\/debat-lentrepreneuriat-va-t-il-jouer-un-role-dans-la-guerre-des-talents\/#breadcrumb","itemListElement":[{"@type":"ListItem","position":1,"name":"Accueil","item":"https:\/\/peoplesphere.be\/fr\/"},{"@type":"ListItem","position":2,"name":"D\u00e9bat : l&rsquo;entrepreneuriat va-t-il jouer un r\u00f4le dans la guerre des talents?"}]},{"@type":"WebSite","@id":"https:\/\/peoplesphere.be\/fr\/#website","url":"https:\/\/peoplesphere.be\/fr\/","name":"Peoplesphere","description":"The People Managers Magazine","publisher":{"@id":"https:\/\/peoplesphere.be\/fr\/#organization"},"potentialAction":[{"@type":"SearchAction","target":{"@type":"EntryPoint","urlTemplate":"https:\/\/peoplesphere.be\/fr\/?s={search_term_string}"},"query-input":"required name=search_term_string"}],"inLanguage":"fr-FR"},{"@type":"Organization","@id":"https:\/\/peoplesphere.be\/fr\/#organization","name":"Peoplesphere Company srl","url":"https:\/\/peoplesphere.be\/fr\/","logo":{"@type":"ImageObject","inLanguage":"fr-FR","@id":"https:\/\/peoplesphere.be\/fr\/#\/schema\/logo\/image\/","url":"https:\/\/peoplesphere.be\/fr\/wp-content\/uploads\/2023\/07\/peoplesphere-lgo-new-generik.jpg","contentUrl":"https:\/\/peoplesphere.be\/fr\/wp-content\/uploads\/2023\/07\/peoplesphere-lgo-new-generik.jpg","width":1031,"height":1479,"caption":"Peoplesphere Company srl"},"image":{"@id":"https:\/\/peoplesphere.be\/fr\/#\/schema\/logo\/image\/"},"sameAs":["https:\/\/www.facebook.com\/peoplesphere","https:\/\/twitter.com\/PeoplesphereMag","https:\/\/www.linkedin.com\/company\/7587361?trk","http:\/\/youtube.com\/peoplesphere"]},{"@type":"Person","@id":"https:\/\/peoplesphere.be\/fr\/#\/schema\/person\/7976225ff17988604334abb7b3536a7e","name":"Jean-Paul Erhard","image":{"@type":"ImageObject","inLanguage":"fr-FR","@id":"https:\/\/peoplesphere.be\/fr\/#\/schema\/person\/image\/","url":"https:\/\/secure.gravatar.com\/avatar\/f941e681460179738071629a51574930?s=96&d=mm&r=g","contentUrl":"https:\/\/secure.gravatar.com\/avatar\/f941e681460179738071629a51574930?s=96&d=mm&r=g","caption":"Jean-Paul Erhard"},"url":"https:\/\/peoplesphere.be\/fr\/author\/jpe\/"}]}},"_links":{"self":[{"href":"https:\/\/peoplesphere.be\/fr\/wp-json\/wp\/v2\/posts\/1913"}],"collection":[{"href":"https:\/\/peoplesphere.be\/fr\/wp-json\/wp\/v2\/posts"}],"about":[{"href":"https:\/\/peoplesphere.be\/fr\/wp-json\/wp\/v2\/types\/post"}],"author":[{"embeddable":true,"href":"https:\/\/peoplesphere.be\/fr\/wp-json\/wp\/v2\/users\/2"}],"replies":[{"embeddable":true,"href":"https:\/\/peoplesphere.be\/fr\/wp-json\/wp\/v2\/comments?post=1913"}],"version-history":[{"count":1,"href":"https:\/\/peoplesphere.be\/fr\/wp-json\/wp\/v2\/posts\/1913\/revisions"}],"predecessor-version":[{"id":1914,"href":"https:\/\/peoplesphere.be\/fr\/wp-json\/wp\/v2\/posts\/1913\/revisions\/1914"}],"wp:attachment":[{"href":"https:\/\/peoplesphere.be\/fr\/wp-json\/wp\/v2\/media?parent=1913"}],"wp:term":[{"taxonomy":"category","embeddable":true,"href":"https:\/\/peoplesphere.be\/fr\/wp-json\/wp\/v2\/categories?post=1913"},{"taxonomy":"post_tag","embeddable":true,"href":"https:\/\/peoplesphere.be\/fr\/wp-json\/wp\/v2\/tags?post=1913"}],"curies":[{"name":"wp","href":"https:\/\/api.w.org\/{rel}","templated":true}]}}