









{"id":1915,"date":"2015-09-17T00:05:41","date_gmt":"2015-09-16T22:05:41","guid":{"rendered":"http:\/\/www.peoplesphere.be\/fr\/?p=1915"},"modified":"2015-09-17T00:05:41","modified_gmt":"2015-09-16T22:05:41","slug":"record-du-nombre-de-jours-de-greve-en-2014-une-fausse-alerte","status":"publish","type":"post","link":"https:\/\/peoplesphere.be\/fr\/record-du-nombre-de-jours-de-greve-en-2014-une-fausse-alerte\/","title":{"rendered":"Record du nombre de jours de gr\u00e8ve en 2014: une fausse alerte?"},"content":{"rendered":"<p>Selon les statistiques publi\u00e9es par l&rsquo;ONSS, la Belgique a totalis\u00e9 760.297 jours de gr\u00e8ve sur l&rsquo;ann\u00e9e 2014, soit une moyenne de 196 jours par 1000 travailleurs. Un niveau record depuis 1993, o\u00f9 le pays avait comptabilis\u00e9 pas moins de 916.874 jours.La faute au gouvernement et \u00e0 sa volont\u00e9 de r\u00e9former \u00e0 tout prix?<!--more--><\/p>\n<p><span style=\"color: #42647d;\">P<\/span><span style=\"color: #42647d;\">r\u00e9cisons avant tout que ces chiffres correspondent aux journ\u00e9es d\u00e9clar\u00e9es par les employeurs sous le code &lsquo;gr\u00e8ve&rsquo; et sont issus des d\u00e9clarations trimestrielles des employeurs \u00e0 la s\u00e9curit\u00e9 sociale. <\/span><\/p>\n<p><span style=\"color: #42647d;\">Place aux commentaires!\u00a0<\/span>Que veut dire la statistique? Bien s\u00fbr, les organisations syndicales &#8211; par l&rsquo;interm\u00e9diaire du patron de la FGTB, Marc Goblet &#8211; se r\u00e9jouissent de la participation des travailleurs aux mouvements qu&rsquo;elles ont d\u00e9cr\u00e9t\u00e9s : <em>\u00ab\u00a0Ce record est tout sauf surprenant. Grande manifestation du 6 novembre, gr\u00e8ves tournantes et gr\u00e8ve g\u00e9n\u00e9rale du 15 d\u00e9cembre: toutes les actions ont \u00e9t\u00e9 bien suivies.\u00a0\u00bb <\/em><\/p>\n<p>La f\u00e9d\u00e9ration des patrons rappelle qu&rsquo;elle conteste la validit\u00e9 des donn\u00e9es publi\u00e9es par l&rsquo;ONSS, et regrette forc\u00e9ment l&rsquo;impact n\u00e9gatif de ces actions sur l&rsquo;activit\u00e9 \u00e9conomique: \u00ab\u00a0<em>Nous comptabilisons 661.810 pour le seul 4e trimestre. Ainsi, ce 4e trimestre a m\u00eame largement d\u00e9pass\u00e9 le 4e trimestre 2005, marqu\u00e9 par les gr\u00e8ves contre le &lsquo;Pacte des g\u00e9n\u00e9rations&rsquo; (504.592). Il faut remonter \u00e0 1993, ann\u00e9e de fortes contestations sociales contre le &lsquo;Plan global&rsquo;, pour retrouver un nombre de jours de gr\u00e8ve plus \u00e9lev\u00e9 qu&rsquo;en 2014. Par ailleurs, ces donn\u00e9es sont cependant sous-estim\u00e9es par rapport \u00e0 l&rsquo;ampleur r\u00e9elle des jours d&rsquo;arr\u00eat de travail pour cause d&rsquo;actions syndicales. Il est d&rsquo;ailleurs regrettable que la Belgique ne dispose pas de sources statistiques plus fiables en la mati\u00e8re.\u00a0\u00bb<\/em><\/p>\n<p>L&rsquo;augmentation abrupte du nombre de jours de gr\u00e8ve (presque multipli\u00e9 par 4 de 2013 \u00e0 2014) pourrait susciter l&rsquo;inqui\u00e9tude. Interrogeons-nous cependant : s&rsquo;agit-il simplement d&rsquo;un mouvement ponctuel de rejet du plan de gouvernement install\u00e9 en octobre 2014 ou d&rsquo;une tendance plus lourde? Les neuf premiers mois nous semblent avoir \u00e9t\u00e9 plut\u00f4t &lsquo;calmes&rsquo; en la mati\u00e8re&#8230; Peut-\u00eatre n&rsquo;y a-t-il tout simplement pas lieu de s&rsquo;alarmer? Qu&rsquo;en pensez-vous? N&rsquo;h\u00e9sitez pas \u00e0 partager votre avis via email \u00e0 l&rsquo;adresse: redaction@peoplesphere.be<\/p>\n<p>&nbsp;<\/p>\n","protected":false},"excerpt":{"rendered":"<p>Selon les statistiques publi\u00e9es par l&rsquo;ONSS, la Belgique a totalis\u00e9 760.297 jours de gr\u00e8ve sur l&rsquo;ann\u00e9e 2014, soit une moyenne de 196 jours par 1000 travailleurs. Un niveau record depuis 1993, o\u00f9 le pays avait comptabilis\u00e9 pas moins de 916.874 [&hellip;]<\/p>\n","protected":false},"author":2,"featured_media":0,"comment_status":"closed","ping_status":"open","sticky":false,"template":"","format":"standard","meta":[],"categories":[65,10],"tags":[281,282,44,110],"yoast_head":"<!-- This site is optimized with the Yoast SEO plugin v21.0 - https:\/\/yoast.com\/wordpress\/plugins\/seo\/ -->\n<title>Record du nombre de jours de gr\u00e8ve en 2014: une fausse alerte? - Peoplesphere<\/title>\n<meta name=\"robots\" content=\"index, follow, max-snippet:-1, max-image-preview:large, max-video-preview:-1\" \/>\n<link rel=\"canonical\" href=\"https:\/\/peoplesphere.be\/fr\/record-du-nombre-de-jours-de-greve-en-2014-une-fausse-alerte\/\" \/>\n<meta property=\"og:locale\" content=\"fr_FR\" \/>\n<meta property=\"og:type\" content=\"article\" \/>\n<meta property=\"og:title\" content=\"Record du nombre de jours de gr\u00e8ve en 2014: une fausse alerte? - Peoplesphere\" \/>\n<meta property=\"og:description\" content=\"Selon les statistiques publi\u00e9es par l&rsquo;ONSS, la Belgique a totalis\u00e9 760.297 jours de gr\u00e8ve sur l&rsquo;ann\u00e9e 2014, soit une moyenne de 196 jours par 1000 travailleurs. Un niveau record depuis 1993, o\u00f9 le pays avait comptabilis\u00e9 pas moins de 916.874 [&hellip;]\" \/>\n<meta property=\"og:url\" content=\"https:\/\/peoplesphere.be\/fr\/record-du-nombre-de-jours-de-greve-en-2014-une-fausse-alerte\/\" \/>\n<meta property=\"og:site_name\" content=\"Peoplesphere\" \/>\n<meta property=\"article:publisher\" content=\"https:\/\/www.facebook.com\/peoplesphere\" \/>\n<meta property=\"article:published_time\" content=\"2015-09-16T22:05:41+00:00\" \/>\n<meta property=\"og:image\" content=\"http:\/\/www.peoplesphere.be\/fr\/wp-content\/uploads\/2016\/07\/facebook-default-posting-1200x628px.jpg\" \/>\n<meta name=\"author\" content=\"Jean-Paul Erhard\" \/>\n<meta name=\"twitter:card\" content=\"summary_large_image\" \/>\n<meta name=\"twitter:creator\" content=\"@PeoplesphereMag\" \/>\n<meta name=\"twitter:site\" content=\"@PeoplesphereMag\" \/>\n<meta name=\"twitter:label1\" content=\"\u00c9crit par\" \/>\n\t<meta name=\"twitter:data1\" content=\"Jean-Paul Erhard\" \/>\n\t<meta name=\"twitter:label2\" content=\"Dur\u00e9e de lecture estim\u00e9e\" \/>\n\t<meta name=\"twitter:data2\" content=\"2 minutes\" \/>\n<script type=\"application\/ld+json\" class=\"yoast-schema-graph\">{\"@context\":\"https:\/\/schema.org\",\"@graph\":[{\"@type\":\"Article\",\"@id\":\"https:\/\/peoplesphere.be\/fr\/record-du-nombre-de-jours-de-greve-en-2014-une-fausse-alerte\/#article\",\"isPartOf\":{\"@id\":\"https:\/\/peoplesphere.be\/fr\/record-du-nombre-de-jours-de-greve-en-2014-une-fausse-alerte\/\"},\"author\":{\"name\":\"Jean-Paul Erhard\",\"@id\":\"https:\/\/peoplesphere.be\/fr\/#\/schema\/person\/7976225ff17988604334abb7b3536a7e\"},\"headline\":\"Record du nombre de jours de gr\u00e8ve en 2014: une fausse alerte?\",\"datePublished\":\"2015-09-16T22:05:41+00:00\",\"dateModified\":\"2015-09-16T22:05:41+00:00\",\"mainEntityOfPage\":{\"@id\":\"https:\/\/peoplesphere.be\/fr\/record-du-nombre-de-jours-de-greve-en-2014-une-fausse-alerte\/\"},\"wordCount\":378,\"publisher\":{\"@id\":\"https:\/\/peoplesphere.be\/fr\/#organization\"},\"keywords\":[\"gr\u00e8ve\",\"onss\",\"Statistiques\",\"syndicats\"],\"articleSection\":[\"Actualit\u00e9s\",\"Digital\"],\"inLanguage\":\"fr-FR\"},{\"@type\":\"WebPage\",\"@id\":\"https:\/\/peoplesphere.be\/fr\/record-du-nombre-de-jours-de-greve-en-2014-une-fausse-alerte\/\",\"url\":\"https:\/\/peoplesphere.be\/fr\/record-du-nombre-de-jours-de-greve-en-2014-une-fausse-alerte\/\",\"name\":\"Record du nombre de jours de gr\u00e8ve en 2014: une fausse alerte? - Peoplesphere\",\"isPartOf\":{\"@id\":\"https:\/\/peoplesphere.be\/fr\/#website\"},\"datePublished\":\"2015-09-16T22:05:41+00:00\",\"dateModified\":\"2015-09-16T22:05:41+00:00\",\"breadcrumb\":{\"@id\":\"https:\/\/peoplesphere.be\/fr\/record-du-nombre-de-jours-de-greve-en-2014-une-fausse-alerte\/#breadcrumb\"},\"inLanguage\":\"fr-FR\",\"potentialAction\":[{\"@type\":\"ReadAction\",\"target\":[\"https:\/\/peoplesphere.be\/fr\/record-du-nombre-de-jours-de-greve-en-2014-une-fausse-alerte\/\"]}]},{\"@type\":\"BreadcrumbList\",\"@id\":\"https:\/\/peoplesphere.be\/fr\/record-du-nombre-de-jours-de-greve-en-2014-une-fausse-alerte\/#breadcrumb\",\"itemListElement\":[{\"@type\":\"ListItem\",\"position\":1,\"name\":\"Accueil\",\"item\":\"https:\/\/peoplesphere.be\/fr\/\"},{\"@type\":\"ListItem\",\"position\":2,\"name\":\"Record du nombre de jours de gr\u00e8ve en 2014: une fausse alerte?\"}]},{\"@type\":\"WebSite\",\"@id\":\"https:\/\/peoplesphere.be\/fr\/#website\",\"url\":\"https:\/\/peoplesphere.be\/fr\/\",\"name\":\"Peoplesphere\",\"description\":\"The People Managers Magazine\",\"publisher\":{\"@id\":\"https:\/\/peoplesphere.be\/fr\/#organization\"},\"potentialAction\":[{\"@type\":\"SearchAction\",\"target\":{\"@type\":\"EntryPoint\",\"urlTemplate\":\"https:\/\/peoplesphere.be\/fr\/?s={search_term_string}\"},\"query-input\":\"required name=search_term_string\"}],\"inLanguage\":\"fr-FR\"},{\"@type\":\"Organization\",\"@id\":\"https:\/\/peoplesphere.be\/fr\/#organization\",\"name\":\"Peoplesphere Company srl\",\"url\":\"https:\/\/peoplesphere.be\/fr\/\",\"logo\":{\"@type\":\"ImageObject\",\"inLanguage\":\"fr-FR\",\"@id\":\"https:\/\/peoplesphere.be\/fr\/#\/schema\/logo\/image\/\",\"url\":\"https:\/\/peoplesphere.be\/fr\/wp-content\/uploads\/2023\/07\/peoplesphere-lgo-new-generik.jpg\",\"contentUrl\":\"https:\/\/peoplesphere.be\/fr\/wp-content\/uploads\/2023\/07\/peoplesphere-lgo-new-generik.jpg\",\"width\":1031,\"height\":1479,\"caption\":\"Peoplesphere Company srl\"},\"image\":{\"@id\":\"https:\/\/peoplesphere.be\/fr\/#\/schema\/logo\/image\/\"},\"sameAs\":[\"https:\/\/www.facebook.com\/peoplesphere\",\"https:\/\/twitter.com\/PeoplesphereMag\",\"https:\/\/www.linkedin.com\/company\/7587361?trk\",\"http:\/\/youtube.com\/peoplesphere\"]},{\"@type\":\"Person\",\"@id\":\"https:\/\/peoplesphere.be\/fr\/#\/schema\/person\/7976225ff17988604334abb7b3536a7e\",\"name\":\"Jean-Paul Erhard\",\"image\":{\"@type\":\"ImageObject\",\"inLanguage\":\"fr-FR\",\"@id\":\"https:\/\/peoplesphere.be\/fr\/#\/schema\/person\/image\/\",\"url\":\"https:\/\/secure.gravatar.com\/avatar\/f941e681460179738071629a51574930?s=96&d=mm&r=g\",\"contentUrl\":\"https:\/\/secure.gravatar.com\/avatar\/f941e681460179738071629a51574930?s=96&d=mm&r=g\",\"caption\":\"Jean-Paul Erhard\"},\"url\":\"https:\/\/peoplesphere.be\/fr\/author\/jpe\/\"}]}<\/script>\n<!-- \/ Yoast SEO plugin. -->","yoast_head_json":{"title":"Record du nombre de jours de gr\u00e8ve en 2014: une fausse alerte? - Peoplesphere","robots":{"index":"index","follow":"follow","max-snippet":"max-snippet:-1","max-image-preview":"max-image-preview:large","max-video-preview":"max-video-preview:-1"},"canonical":"https:\/\/peoplesphere.be\/fr\/record-du-nombre-de-jours-de-greve-en-2014-une-fausse-alerte\/","og_locale":"fr_FR","og_type":"article","og_title":"Record du nombre de jours de gr\u00e8ve en 2014: une fausse alerte? - Peoplesphere","og_description":"Selon les statistiques publi\u00e9es par l&rsquo;ONSS, la Belgique a totalis\u00e9 760.297 jours de gr\u00e8ve sur l&rsquo;ann\u00e9e 2014, soit une moyenne de 196 jours par 1000 travailleurs. Un niveau record depuis 1993, o\u00f9 le pays avait comptabilis\u00e9 pas moins de 916.874 [&hellip;]","og_url":"https:\/\/peoplesphere.be\/fr\/record-du-nombre-de-jours-de-greve-en-2014-une-fausse-alerte\/","og_site_name":"Peoplesphere","article_publisher":"https:\/\/www.facebook.com\/peoplesphere","article_published_time":"2015-09-16T22:05:41+00:00","og_image":[{"url":"http:\/\/www.peoplesphere.be\/fr\/wp-content\/uploads\/2016\/07\/facebook-default-posting-1200x628px.jpg"}],"author":"Jean-Paul Erhard","twitter_card":"summary_large_image","twitter_creator":"@PeoplesphereMag","twitter_site":"@PeoplesphereMag","twitter_misc":{"\u00c9crit par":"Jean-Paul Erhard","Dur\u00e9e de lecture estim\u00e9e":"2 minutes"},"schema":{"@context":"https:\/\/schema.org","@graph":[{"@type":"Article","@id":"https:\/\/peoplesphere.be\/fr\/record-du-nombre-de-jours-de-greve-en-2014-une-fausse-alerte\/#article","isPartOf":{"@id":"https:\/\/peoplesphere.be\/fr\/record-du-nombre-de-jours-de-greve-en-2014-une-fausse-alerte\/"},"author":{"name":"Jean-Paul Erhard","@id":"https:\/\/peoplesphere.be\/fr\/#\/schema\/person\/7976225ff17988604334abb7b3536a7e"},"headline":"Record du nombre de jours de gr\u00e8ve en 2014: une fausse alerte?","datePublished":"2015-09-16T22:05:41+00:00","dateModified":"2015-09-16T22:05:41+00:00","mainEntityOfPage":{"@id":"https:\/\/peoplesphere.be\/fr\/record-du-nombre-de-jours-de-greve-en-2014-une-fausse-alerte\/"},"wordCount":378,"publisher":{"@id":"https:\/\/peoplesphere.be\/fr\/#organization"},"keywords":["gr\u00e8ve","onss","Statistiques","syndicats"],"articleSection":["Actualit\u00e9s","Digital"],"inLanguage":"fr-FR"},{"@type":"WebPage","@id":"https:\/\/peoplesphere.be\/fr\/record-du-nombre-de-jours-de-greve-en-2014-une-fausse-alerte\/","url":"https:\/\/peoplesphere.be\/fr\/record-du-nombre-de-jours-de-greve-en-2014-une-fausse-alerte\/","name":"Record du nombre de jours de gr\u00e8ve en 2014: une fausse alerte? - Peoplesphere","isPartOf":{"@id":"https:\/\/peoplesphere.be\/fr\/#website"},"datePublished":"2015-09-16T22:05:41+00:00","dateModified":"2015-09-16T22:05:41+00:00","breadcrumb":{"@id":"https:\/\/peoplesphere.be\/fr\/record-du-nombre-de-jours-de-greve-en-2014-une-fausse-alerte\/#breadcrumb"},"inLanguage":"fr-FR","potentialAction":[{"@type":"ReadAction","target":["https:\/\/peoplesphere.be\/fr\/record-du-nombre-de-jours-de-greve-en-2014-une-fausse-alerte\/"]}]},{"@type":"BreadcrumbList","@id":"https:\/\/peoplesphere.be\/fr\/record-du-nombre-de-jours-de-greve-en-2014-une-fausse-alerte\/#breadcrumb","itemListElement":[{"@type":"ListItem","position":1,"name":"Accueil","item":"https:\/\/peoplesphere.be\/fr\/"},{"@type":"ListItem","position":2,"name":"Record du nombre de jours de gr\u00e8ve en 2014: une fausse alerte?"}]},{"@type":"WebSite","@id":"https:\/\/peoplesphere.be\/fr\/#website","url":"https:\/\/peoplesphere.be\/fr\/","name":"Peoplesphere","description":"The People Managers Magazine","publisher":{"@id":"https:\/\/peoplesphere.be\/fr\/#organization"},"potentialAction":[{"@type":"SearchAction","target":{"@type":"EntryPoint","urlTemplate":"https:\/\/peoplesphere.be\/fr\/?s={search_term_string}"},"query-input":"required name=search_term_string"}],"inLanguage":"fr-FR"},{"@type":"Organization","@id":"https:\/\/peoplesphere.be\/fr\/#organization","name":"Peoplesphere Company srl","url":"https:\/\/peoplesphere.be\/fr\/","logo":{"@type":"ImageObject","inLanguage":"fr-FR","@id":"https:\/\/peoplesphere.be\/fr\/#\/schema\/logo\/image\/","url":"https:\/\/peoplesphere.be\/fr\/wp-content\/uploads\/2023\/07\/peoplesphere-lgo-new-generik.jpg","contentUrl":"https:\/\/peoplesphere.be\/fr\/wp-content\/uploads\/2023\/07\/peoplesphere-lgo-new-generik.jpg","width":1031,"height":1479,"caption":"Peoplesphere Company srl"},"image":{"@id":"https:\/\/peoplesphere.be\/fr\/#\/schema\/logo\/image\/"},"sameAs":["https:\/\/www.facebook.com\/peoplesphere","https:\/\/twitter.com\/PeoplesphereMag","https:\/\/www.linkedin.com\/company\/7587361?trk","http:\/\/youtube.com\/peoplesphere"]},{"@type":"Person","@id":"https:\/\/peoplesphere.be\/fr\/#\/schema\/person\/7976225ff17988604334abb7b3536a7e","name":"Jean-Paul Erhard","image":{"@type":"ImageObject","inLanguage":"fr-FR","@id":"https:\/\/peoplesphere.be\/fr\/#\/schema\/person\/image\/","url":"https:\/\/secure.gravatar.com\/avatar\/f941e681460179738071629a51574930?s=96&d=mm&r=g","contentUrl":"https:\/\/secure.gravatar.com\/avatar\/f941e681460179738071629a51574930?s=96&d=mm&r=g","caption":"Jean-Paul Erhard"},"url":"https:\/\/peoplesphere.be\/fr\/author\/jpe\/"}]}},"_links":{"self":[{"href":"https:\/\/peoplesphere.be\/fr\/wp-json\/wp\/v2\/posts\/1915"}],"collection":[{"href":"https:\/\/peoplesphere.be\/fr\/wp-json\/wp\/v2\/posts"}],"about":[{"href":"https:\/\/peoplesphere.be\/fr\/wp-json\/wp\/v2\/types\/post"}],"author":[{"embeddable":true,"href":"https:\/\/peoplesphere.be\/fr\/wp-json\/wp\/v2\/users\/2"}],"replies":[{"embeddable":true,"href":"https:\/\/peoplesphere.be\/fr\/wp-json\/wp\/v2\/comments?post=1915"}],"version-history":[{"count":1,"href":"https:\/\/peoplesphere.be\/fr\/wp-json\/wp\/v2\/posts\/1915\/revisions"}],"predecessor-version":[{"id":1916,"href":"https:\/\/peoplesphere.be\/fr\/wp-json\/wp\/v2\/posts\/1915\/revisions\/1916"}],"wp:attachment":[{"href":"https:\/\/peoplesphere.be\/fr\/wp-json\/wp\/v2\/media?parent=1915"}],"wp:term":[{"taxonomy":"category","embeddable":true,"href":"https:\/\/peoplesphere.be\/fr\/wp-json\/wp\/v2\/categories?post=1915"},{"taxonomy":"post_tag","embeddable":true,"href":"https:\/\/peoplesphere.be\/fr\/wp-json\/wp\/v2\/tags?post=1915"}],"curies":[{"name":"wp","href":"https:\/\/api.w.org\/{rel}","templated":true}]}}